{"id":47855,"date":"2024-10-28T13:12:47","date_gmt":"2024-10-28T12:12:47","guid":{"rendered":"https:\/\/poblenouurbandistrict.com\/?p=47855"},"modified":"2024-10-31T14:40:02","modified_gmt":"2024-10-31T13:40:02","slug":"la-sala-razzmatazz-esta-daniversari-24-anys-de-musica-i-diversio","status":"publish","type":"post","link":"https:\/\/poblenouurbandistrict.com\/es\/la-sala-razzmatazz-esta-daniversari-24-anys-de-musica-i-diversio\/","title":{"rendered":"\u00a1La Sala Razzmatazz est\u00e1 de cumplea\u00f1os! 24 a\u00f1os de m\u00fasica y diversi\u00f3n"},"content":{"rendered":"<p>El pr\u00f3ximo martes 5 de noviembre el concierto de The Ghost Inside ser\u00e1 el pistoletazo de salida de las celebraciones de la fiesta de cumplea\u00f1os que se alargar\u00e1 hasta el pr\u00f3ximo 31 de diciembre. Durante estos dos meses pasar\u00e1n por <a href=\"https:\/\/www.salarazzmatazz.com\/agenda\">Razzmatazz<\/a> artistas ya consagrados junto con nuevos talentos para celebrar 24 a\u00f1os de m\u00fasica y cultura:<\/p>\n<p>Alcal\u00e1 Norte, Ambkor, Angara, Blues Pills, Brothers in Band, Ca7riel &amp; Paco Amoroso, Chelsea Wolfe, Dani Flaco, Dorian, Frank Carter &amp; The Rattlesnakes, Hazlett, La \u00c9lite y muchos, muchos m\u00e1s.<\/p>\n<p>Este ha sido un a\u00f1o lleno de proyectos y experiencias muy gratificantes para Razzmatazz. Como la campa\u00f1a \u00abAll Together Razz\u00bb alrededor de la idea de la diversidad, que los ha llevado a colaborar con otros espacios del Poblenou como DHUB, BAU, Poblenou Urban District o The Hoxton. Diversidad cultural desde la inclusi\u00f3n, el respeto, el baile y la diversi\u00f3n. Razzmatazz siempre ha trabajado en esta direcci\u00f3n con un equipo profesional volcado en la creaci\u00f3n de un espacio diverso y atractivo.<\/p>\n<p>Brindamos por los 24 a\u00f1os y por todos los que vendr\u00e1n!<\/p>","protected":false},"excerpt":{"rendered":"<p>El pr\u00f3ximo martes 5 de noviembre el concierto de The Ghost Inside ser\u00e1 el pistoletazo de salida de las celebraciones&#8230; <a href=\"https:\/\/poblenouurbandistrict.com\/es\/la-sala-razzmatazz-esta-daniversari-24-anys-de-musica-i-diversio\/\">M\u00e1s  \u2192<\/a><\/p>\n","protected":false},"author":5,"featured_media":47036,"comment_status":"closed","ping_status":"closed","sticky":false,"template":"","format":"standard","meta":{"_acf_changed":false,"footnotes":""},"categories":[3348],"tags":[],"class_list":["post-47855","post","type-post","status-publish","format-standard","has-post-thumbnail","hentry","category-musica"],"acf":[],"yoast_head":"<!-- This site is optimized with the Yoast SEO plugin v27.5 - https:\/\/yoast.com\/product\/yoast-seo-wordpress\/ -->\n<title>\u00a1La Sala Razzmatazz est\u00e1 de cumplea\u00f1os! 24 a\u00f1os de m\u00fasica y diversi\u00f3n &#8211; Poblenou Urban District<\/title>\n<meta name=\"robots\" content=\"index, follow, max-snippet:-1, max-image-preview:large, max-video-preview:-1\" \/>\n<link rel=\"canonical\" href=\"https:\/\/poblenouurbandistrict.com\/es\/la-sala-razzmatazz-esta-daniversari-24-anys-de-musica-i-diversio\/\" \/>\n<meta property=\"og:locale\" content=\"es_ES\" \/>\n<meta property=\"og:type\" content=\"article\" \/>\n<meta property=\"og:title\" content=\"\u00a1La Sala Razzmatazz est\u00e1 de cumplea\u00f1os! 24 a\u00f1os de m\u00fasica y diversi\u00f3n &#8211; Poblenou Urban District\" \/>\n<meta property=\"og:description\" content=\"El pr\u00f3ximo martes 5 de noviembre el concierto de The Ghost Inside ser\u00e1 el pistoletazo de salida de las celebraciones... M\u00e1s \u2192\" \/>\n<meta property=\"og:url\" content=\"https:\/\/poblenouurbandistrict.com\/es\/la-sala-razzmatazz-esta-daniversari-24-anys-de-musica-i-diversio\/\" \/>\n<meta property=\"og:site_name\" content=\"Poblenou Urban District\" \/>\n<meta property=\"article:published_time\" content=\"2024-10-28T12:12:47+00:00\" \/>\n<meta property=\"article:modified_time\" content=\"2024-10-31T13:40:02+00:00\" \/>\n<meta property=\"og:image\" content=\"https:\/\/poblenouurbandistrict.com\/wp-content\/uploads\/2024\/09\/razzmatazz.jpg\" \/>\n\t<meta property=\"og:image:width\" content=\"1677\" \/>\n\t<meta property=\"og:image:height\" content=\"1085\" \/>\n\t<meta property=\"og:image:type\" content=\"image\/jpeg\" \/>\n<meta name=\"author\" content=\"pnud\" \/>\n<meta name=\"twitter:card\" content=\"summary_large_image\" \/>\n<meta name=\"twitter:label1\" content=\"Escrito por\" \/>\n\t<meta name=\"twitter:data1\" content=\"pnud\" \/>\n\t<meta name=\"twitter:label2\" content=\"Tiempo de lectura\" \/>\n\t<meta name=\"twitter:data2\" content=\"2 minutos\" \/>\n<script type=\"application\/ld+json\" class=\"yoast-schema-graph\">{\"@context\":\"https:\\\/\\\/schema.org\",\"@graph\":[{\"@type\":\"Article\",\"@id\":\"https:\\\/\\\/poblenouurbandistrict.com\\\/la-sala-razzmatazz-esta-daniversari-24-anys-de-musica-i-diversio\\\/#article\",\"isPartOf\":{\"@id\":\"https:\\\/\\\/poblenouurbandistrict.com\\\/la-sala-razzmatazz-esta-daniversari-24-anys-de-musica-i-diversio\\\/\"},\"author\":{\"name\":\"pnud\",\"@id\":\"https:\\\/\\\/poblenouurbandistrict.com\\\/#\\\/schema\\\/person\\\/980a2cf34b399d5218205730acd54a7e\"},\"headline\":\"\u00a1La Sala Razzmatazz est\u00e1 de cumplea\u00f1os! 24 a\u00f1os de m\u00fasica y diversi\u00f3n\",\"datePublished\":\"2024-10-28T12:12:47+00:00\",\"dateModified\":\"2024-10-31T13:40:02+00:00\",\"mainEntityOfPage\":{\"@id\":\"https:\\\/\\\/poblenouurbandistrict.com\\\/la-sala-razzmatazz-esta-daniversari-24-anys-de-musica-i-diversio\\\/\"},\"wordCount\":568,\"image\":{\"@id\":\"https:\\\/\\\/poblenouurbandistrict.com\\\/la-sala-razzmatazz-esta-daniversari-24-anys-de-musica-i-diversio\\\/#primaryimage\"},\"thumbnailUrl\":\"https:\\\/\\\/media.poblenouurbandistrict.com\\\/2024\\\/09\\\/25075447\\\/razzmatazz.jpg\",\"articleSection\":[\"M\u00fasica\"],\"inLanguage\":\"es\"},{\"@type\":\"WebPage\",\"@id\":\"https:\\\/\\\/poblenouurbandistrict.com\\\/es\\\/la-sala-razzmatazz-esta-daniversari-24-anys-de-musica-i-diversio\\\/\",\"url\":\"https:\\\/\\\/poblenouurbandistrict.com\\\/es\\\/la-sala-razzmatazz-esta-daniversari-24-anys-de-musica-i-diversio\\\/\",\"name\":\"\u00a1La Sala Razzmatazz est\u00e1 de cumplea\u00f1os! 24 a\u00f1os de m\u00fasica y diversi\u00f3n &#8211; Poblenou Urban District\",\"isPartOf\":{\"@id\":\"https:\\\/\\\/poblenouurbandistrict.com\\\/es\\\/#website\"},\"primaryImageOfPage\":{\"@id\":\"https:\\\/\\\/poblenouurbandistrict.com\\\/es\\\/la-sala-razzmatazz-esta-daniversari-24-anys-de-musica-i-diversio\\\/#primaryimage\"},\"image\":{\"@id\":\"https:\\\/\\\/poblenouurbandistrict.com\\\/la-sala-razzmatazz-esta-daniversari-24-anys-de-musica-i-diversio\\\/#primaryimage\"},\"thumbnailUrl\":\"https:\\\/\\\/media.poblenouurbandistrict.com\\\/2024\\\/09\\\/25075447\\\/razzmatazz.jpg\",\"datePublished\":\"2024-10-28T12:12:47+00:00\",\"dateModified\":\"2024-10-31T13:40:02+00:00\",\"author\":{\"@id\":\"https:\\\/\\\/poblenouurbandistrict.com\\\/#\\\/schema\\\/person\\\/980a2cf34b399d5218205730acd54a7e\"},\"breadcrumb\":{\"@id\":\"https:\\\/\\\/poblenouurbandistrict.com\\\/es\\\/la-sala-razzmatazz-esta-daniversari-24-anys-de-musica-i-diversio\\\/#breadcrumb\"},\"inLanguage\":\"es\",\"potentialAction\":[{\"@type\":\"ReadAction\",\"target\":[[\"https:\\\/\\\/poblenouurbandistrict.com\\\/es\\\/la-sala-razzmatazz-esta-daniversari-24-anys-de-musica-i-diversio\\\/\"]]}]},{\"@type\":\"ImageObject\",\"inLanguage\":\"es\",\"@id\":\"https:\\\/\\\/poblenouurbandistrict.com\\\/es\\\/la-sala-razzmatazz-esta-daniversari-24-anys-de-musica-i-diversio\\\/#primaryimage\",\"url\":\"https:\\\/\\\/media.poblenouurbandistrict.com\\\/2024\\\/09\\\/25075447\\\/razzmatazz.jpg\",\"contentUrl\":\"https:\\\/\\\/media.poblenouurbandistrict.com\\\/2024\\\/09\\\/25075447\\\/razzmatazz.jpg\",\"width\":1677,\"height\":1085},{\"@type\":\"BreadcrumbList\",\"@id\":\"https:\\\/\\\/poblenouurbandistrict.com\\\/es\\\/la-sala-razzmatazz-esta-daniversari-24-anys-de-musica-i-diversio\\\/#breadcrumb\",\"itemListElement\":[{\"@type\":\"ListItem\",\"position\":1,\"name\":\"Home\",\"item\":\"https:\\\/\\\/poblenouurbandistrict.com\\\/es\\\/\"},{\"@type\":\"ListItem\",\"position\":2,\"name\":\"La Sala Razzmatazz est\u00e0 d&#8217;aniversari! 24 anys de m\u00fasica i diversi\u00f3!\"}]},{\"@type\":\"WebSite\",\"@id\":\"https:\\\/\\\/poblenouurbandistrict.com\\\/es\\\/#website\",\"url\":\"https:\\\/\\\/poblenouurbandistrict.com\\\/es\\\/\",\"name\":\"Poblenou Urban District\",\"description\":\"Comunidad Creativa\",\"potentialAction\":[{\"@type\":\"SearchAction\",\"target\":{\"@type\":\"EntryPoint\",\"urlTemplate\":\"https:\\\/\\\/poblenouurbandistrict.com\\\/es\\\/?s={search_term_string}\"},\"query-input\":{\"@type\":\"PropertyValueSpecification\",\"valueRequired\":true,\"valueName\":\"search_term_string\"}}],\"inLanguage\":\"es\"},{\"@type\":\"Person\",\"@id\":\"https:\\\/\\\/poblenouurbandistrict.com\\\/#\\\/schema\\\/person\\\/980a2cf34b399d5218205730acd54a7e\",\"name\":\"pnud\",\"image\":{\"@type\":\"ImageObject\",\"inLanguage\":\"es\",\"@id\":\"https:\\\/\\\/secure.gravatar.com\\\/avatar\\\/67146597b405ee077a24e519f75c3e2031736596d6ce35af3a34c122c93d0d7b?s=96&d=retro&r=g\",\"url\":\"https:\\\/\\\/secure.gravatar.com\\\/avatar\\\/67146597b405ee077a24e519f75c3e2031736596d6ce35af3a34c122c93d0d7b?s=96&d=retro&r=g\",\"contentUrl\":\"https:\\\/\\\/secure.gravatar.com\\\/avatar\\\/67146597b405ee077a24e519f75c3e2031736596d6ce35af3a34c122c93d0d7b?s=96&d=retro&r=g\",\"caption\":\"pnud\"}}]}<\/script>\n<!-- \/ Yoast SEO plugin. -->","yoast_head_json":{"title":"\u00a1La Sala Razzmatazz est\u00e1 de cumplea\u00f1os! 24 a\u00f1os de m\u00fasica y diversi\u00f3n &#8211; Poblenou Urban District","robots":{"index":"index","follow":"follow","max-snippet":"max-snippet:-1","max-image-preview":"max-image-preview:large","max-video-preview":"max-video-preview:-1"},"canonical":"https:\/\/poblenouurbandistrict.com\/es\/la-sala-razzmatazz-esta-daniversari-24-anys-de-musica-i-diversio\/","og_locale":"es_ES","og_type":"article","og_title":"\u00a1La Sala Razzmatazz est\u00e1 de cumplea\u00f1os! 24 a\u00f1os de m\u00fasica y diversi\u00f3n &#8211; Poblenou Urban District","og_description":"El pr\u00f3ximo martes 5 de noviembre el concierto de The Ghost Inside ser\u00e1 el pistoletazo de salida de las celebraciones... M\u00e1s \u2192","og_url":"https:\/\/poblenouurbandistrict.com\/es\/la-sala-razzmatazz-esta-daniversari-24-anys-de-musica-i-diversio\/","og_site_name":"Poblenou Urban District","article_published_time":"2024-10-28T12:12:47+00:00","article_modified_time":"2024-10-31T13:40:02+00:00","og_image":[{"width":1677,"height":1085,"url":"https:\/\/poblenouurbandistrict.com\/wp-content\/uploads\/2024\/09\/razzmatazz.jpg","type":"image\/jpeg"}],"author":"pnud","twitter_card":"summary_large_image","twitter_misc":{"Escrito por":"pnud","Tiempo de lectura":"2 minutos"},"schema":{"@context":"https:\/\/schema.org","@graph":[{"@type":"Article","@id":"https:\/\/poblenouurbandistrict.com\/la-sala-razzmatazz-esta-daniversari-24-anys-de-musica-i-diversio\/#article","isPartOf":{"@id":"https:\/\/poblenouurbandistrict.com\/la-sala-razzmatazz-esta-daniversari-24-anys-de-musica-i-diversio\/"},"author":{"name":"pnud","@id":"https:\/\/poblenouurbandistrict.com\/#\/schema\/person\/980a2cf34b399d5218205730acd54a7e"},"headline":"\u00a1La Sala Razzmatazz est\u00e1 de cumplea\u00f1os! 24 a\u00f1os de m\u00fasica y diversi\u00f3n","datePublished":"2024-10-28T12:12:47+00:00","dateModified":"2024-10-31T13:40:02+00:00","mainEntityOfPage":{"@id":"https:\/\/poblenouurbandistrict.com\/la-sala-razzmatazz-esta-daniversari-24-anys-de-musica-i-diversio\/"},"wordCount":568,"image":{"@id":"https:\/\/poblenouurbandistrict.com\/la-sala-razzmatazz-esta-daniversari-24-anys-de-musica-i-diversio\/#primaryimage"},"thumbnailUrl":"https:\/\/media.poblenouurbandistrict.com\/2024\/09\/25075447\/razzmatazz.jpg","articleSection":["M\u00fasica"],"inLanguage":"es"},{"@type":"WebPage","@id":"https:\/\/poblenouurbandistrict.com\/es\/la-sala-razzmatazz-esta-daniversari-24-anys-de-musica-i-diversio\/","url":"https:\/\/poblenouurbandistrict.com\/es\/la-sala-razzmatazz-esta-daniversari-24-anys-de-musica-i-diversio\/","name":"\u00a1La Sala Razzmatazz est\u00e1 de cumplea\u00f1os! 24 a\u00f1os de m\u00fasica y diversi\u00f3n &#8211; Poblenou Urban District","isPartOf":{"@id":"https:\/\/poblenouurbandistrict.com\/es\/#website"},"primaryImageOfPage":{"@id":"https:\/\/poblenouurbandistrict.com\/es\/la-sala-razzmatazz-esta-daniversari-24-anys-de-musica-i-diversio\/#primaryimage"},"image":{"@id":"https:\/\/poblenouurbandistrict.com\/la-sala-razzmatazz-esta-daniversari-24-anys-de-musica-i-diversio\/#primaryimage"},"thumbnailUrl":"https:\/\/media.poblenouurbandistrict.com\/2024\/09\/25075447\/razzmatazz.jpg","datePublished":"2024-10-28T12:12:47+00:00","dateModified":"2024-10-31T13:40:02+00:00","author":{"@id":"https:\/\/poblenouurbandistrict.com\/#\/schema\/person\/980a2cf34b399d5218205730acd54a7e"},"breadcrumb":{"@id":"https:\/\/poblenouurbandistrict.com\/es\/la-sala-razzmatazz-esta-daniversari-24-anys-de-musica-i-diversio\/#breadcrumb"},"inLanguage":"es","potentialAction":[{"@type":"ReadAction","target":[["https:\/\/poblenouurbandistrict.com\/es\/la-sala-razzmatazz-esta-daniversari-24-anys-de-musica-i-diversio\/"]]}]},{"@type":"ImageObject","inLanguage":"es","@id":"https:\/\/poblenouurbandistrict.com\/es\/la-sala-razzmatazz-esta-daniversari-24-anys-de-musica-i-diversio\/#primaryimage","url":"https:\/\/media.poblenouurbandistrict.com\/2024\/09\/25075447\/razzmatazz.jpg","contentUrl":"https:\/\/media.poblenouurbandistrict.com\/2024\/09\/25075447\/razzmatazz.jpg","width":1677,"height":1085},{"@type":"BreadcrumbList","@id":"https:\/\/poblenouurbandistrict.com\/es\/la-sala-razzmatazz-esta-daniversari-24-anys-de-musica-i-diversio\/#breadcrumb","itemListElement":[{"@type":"ListItem","position":1,"name":"Home","item":"https:\/\/poblenouurbandistrict.com\/es\/"},{"@type":"ListItem","position":2,"name":"La Sala Razzmatazz est\u00e0 d&#8217;aniversari! 24 anys de m\u00fasica i diversi\u00f3!"}]},{"@type":"WebSite","@id":"https:\/\/poblenouurbandistrict.com\/es\/#website","url":"https:\/\/poblenouurbandistrict.com\/es\/","name":"Poblenou Urban District","description":"Comunidad Creativa","potentialAction":[{"@type":"SearchAction","target":{"@type":"EntryPoint","urlTemplate":"https:\/\/poblenouurbandistrict.com\/es\/?s={search_term_string}"},"query-input":{"@type":"PropertyValueSpecification","valueRequired":true,"valueName":"search_term_string"}}],"inLanguage":"es"},{"@type":"Person","@id":"https:\/\/poblenouurbandistrict.com\/#\/schema\/person\/980a2cf34b399d5218205730acd54a7e","name":"pnud","image":{"@type":"ImageObject","inLanguage":"es","@id":"https:\/\/secure.gravatar.com\/avatar\/67146597b405ee077a24e519f75c3e2031736596d6ce35af3a34c122c93d0d7b?s=96&d=retro&r=g","url":"https:\/\/secure.gravatar.com\/avatar\/67146597b405ee077a24e519f75c3e2031736596d6ce35af3a34c122c93d0d7b?s=96&d=retro&r=g","contentUrl":"https:\/\/secure.gravatar.com\/avatar\/67146597b405ee077a24e519f75c3e2031736596d6ce35af3a34c122c93d0d7b?s=96&d=retro&r=g","caption":"pnud"}}]}},"_links":{"self":[{"href":"https:\/\/poblenouurbandistrict.com\/es\/wp-json\/wp\/v2\/posts\/47855","targetHints":{"allow":["GET"]}}],"collection":[{"href":"https:\/\/poblenouurbandistrict.com\/es\/wp-json\/wp\/v2\/posts"}],"about":[{"href":"https:\/\/poblenouurbandistrict.com\/es\/wp-json\/wp\/v2\/types\/post"}],"author":[{"embeddable":true,"href":"https:\/\/poblenouurbandistrict.com\/es\/wp-json\/wp\/v2\/users\/5"}],"replies":[{"embeddable":true,"href":"https:\/\/poblenouurbandistrict.com\/es\/wp-json\/wp\/v2\/comments?post=47855"}],"version-history":[{"count":6,"href":"https:\/\/poblenouurbandistrict.com\/es\/wp-json\/wp\/v2\/posts\/47855\/revisions"}],"predecessor-version":[{"id":47995,"href":"https:\/\/poblenouurbandistrict.com\/es\/wp-json\/wp\/v2\/posts\/47855\/revisions\/47995"}],"wp:featuredmedia":[{"embeddable":true,"href":"https:\/\/poblenouurbandistrict.com\/es\/wp-json\/wp\/v2\/media\/47036"}],"wp:attachment":[{"href":"https:\/\/poblenouurbandistrict.com\/es\/wp-json\/wp\/v2\/media?parent=47855"}],"wp:term":[{"taxonomy":"category","embeddable":true,"href":"https:\/\/poblenouurbandistrict.com\/es\/wp-json\/wp\/v2\/categories?post=47855"},{"taxonomy":"post_tag","embeddable":true,"href":"https:\/\/poblenouurbandistrict.com\/es\/wp-json\/wp\/v2\/tags?post=47855"}],"curies":[{"name":"wp","href":"https:\/\/api.w.org\/{rel}","templated":true}]}}