{"id":47907,"date":"2024-10-29T11:38:45","date_gmt":"2024-10-29T10:38:45","guid":{"rendered":"https:\/\/poblenouurbandistrict.com\/?p=47907"},"modified":"2024-10-31T14:47:09","modified_gmt":"2024-10-31T13:47:09","slug":"arriba-una-nova-edicio-del-palo-market-fest","status":"publish","type":"post","link":"https:\/\/poblenouurbandistrict.com\/es\/arriba-una-nova-edicio-del-palo-market-fest\/","title":{"rendered":"Llega una nueva edici\u00f3n del Palo Market Fest"},"content":{"rendered":"<p>El pr\u00f3ximo fin de semana, los d\u00edas 2 y 3 de noviembre, vuelve el <a href=\"https:\/\/palomarketfest.com\/es\">Palo Market Fest.<\/a> El mejor ambiente para disfrutar de m\u00fasica, comida y dise\u00f1o.<\/p>\n<p><strong>M\u00fasica en directo: Latin Street Music by Aperol<\/strong><\/p>\n<p>Un formato de calle e innovador que rodea de m\u00fasica todo Palo Market Fest. Bases r\u00edtmicas, cantantes, guitarras, pianos y vientos suenan como una gran banda que ocupa la calle entera. El STREET MUSIC EXPERIENCE se viste de ritmos latinos para celebrar la m\u00fasica en directo. Tito Bonacera como maestro de ceremonias estar\u00e1 esta vez acompa\u00f1ado de Lenin \u00abG\u00fciro Loco\u00bb y otros grandes m\u00fasicos latinos que nos propondr\u00e1n un repertorio con mucha salsa. Son, bachata, merengue y, no hay que decirlo, cl\u00e1sicos muy conocidos de Ruben Blades, Buena Vista Social Club o Marc Anthony.<\/p>\n<p><strong>VERMUTS MUSICALES BY MORITZ<\/strong><br \/>\nConciertos de H\u00e9roes Locales en peque\u00f1o formato que nos dan un color especial por las ma\u00f1anas de Palo Market Fest. Una apuesta decidida por estos H\u00e9roes creativos que forman parte de las nuevas generaciones de m\u00fasicos de Barcelona. Un peque\u00f1o escenario donde se mezclan los estilos y g\u00e9neros m\u00e1s actuales de la ciudad.<\/p>\n<p><strong>DJ SESIONS<\/strong><br \/>\nSesiones con los vinilos m\u00e1s aut\u00e9nticos. Sofisticados Djs que nos descubren las m\u00fasicas m\u00e1s bailables. Desde los nuevos sonidos del jazz m\u00e1s moderno o la m\u00fasica disco m\u00e1s avanzada, a los ritmos latinos.<\/p>\n<p>&nbsp;<\/p>\n<h3><strong>ACTIVIDADES<\/strong><\/h3>\n<p><strong>CALIOPIAA WORKSHOPS<\/strong><br \/>\nCada edici\u00f3n ofrece una propuesta creativa \u00fanica que permite dejar volar la imaginaci\u00f3n, aprender nuevas t\u00e9cnicas y llenarse de vida. Los talleres se suelen centraron el papel y las t\u00e9cnicas de estampaci\u00f3n. Siempre llevamos moodboards, libros u otros materiales de inspiraci\u00f3n! Los talleres son gratuitos por todos los visitantes, con materiales incluidos. No hace falta inscripci\u00f3n, y podr\u00e1s llevarte tus creaciones a casa!<\/p>\n<p>No es solo para ni\u00f1os! Todo el mundo a partir de los 5 a\u00f1os es bienvenido.<\/p>\n<p>M\u00e1s informaci\u00f3n y entradas <a href=\"https:\/\/palomarketfest.com\/es\">aqu\u00ed.<\/a><\/p>","protected":false},"excerpt":{"rendered":"<p>El pr\u00f3ximo fin de semana, los d\u00edas 2 y 3 de noviembre, vuelve el Palo Market Fest. El mejor ambiente&#8230; <a href=\"https:\/\/poblenouurbandistrict.com\/es\/arriba-una-nova-edicio-del-palo-market-fest\/\">M\u00e1s  \u2192<\/a><\/p>\n","protected":false},"author":5,"featured_media":47155,"comment_status":"closed","ping_status":"closed","sticky":false,"template":"","format":"standard","meta":{"_acf_changed":false,"footnotes":""},"categories":[1,3348],"tags":[],"class_list":["post-47907","post","type-post","status-publish","format-standard","has-post-thumbnail","hentry","category-noticias","category-musica"],"acf":[],"yoast_head":"<!-- This site is optimized with the Yoast SEO plugin v27.5 - https:\/\/yoast.com\/product\/yoast-seo-wordpress\/ -->\n<title>Llega una nueva edici\u00f3n del Palo Market Fest &#8211; Poblenou Urban District<\/title>\n<meta name=\"robots\" content=\"index, follow, max-snippet:-1, max-image-preview:large, max-video-preview:-1\" \/>\n<link rel=\"canonical\" href=\"https:\/\/poblenouurbandistrict.com\/es\/arriba-una-nova-edicio-del-palo-market-fest\/\" \/>\n<meta property=\"og:locale\" content=\"es_ES\" \/>\n<meta property=\"og:type\" content=\"article\" \/>\n<meta property=\"og:title\" content=\"Llega una nueva edici\u00f3n del Palo Market Fest &#8211; Poblenou Urban District\" \/>\n<meta property=\"og:description\" content=\"El pr\u00f3ximo fin de semana, los d\u00edas 2 y 3 de noviembre, vuelve el Palo Market Fest. El mejor ambiente... M\u00e1s \u2192\" \/>\n<meta property=\"og:url\" content=\"https:\/\/poblenouurbandistrict.com\/es\/arriba-una-nova-edicio-del-palo-market-fest\/\" \/>\n<meta property=\"og:site_name\" content=\"Poblenou Urban District\" \/>\n<meta property=\"article:published_time\" content=\"2024-10-29T10:38:45+00:00\" \/>\n<meta property=\"article:modified_time\" content=\"2024-10-31T13:47:09+00:00\" \/>\n<meta property=\"og:image\" content=\"https:\/\/poblenouurbandistrict.com\/wp-content\/uploads\/2024\/10\/slide-bcn-new-web-4.jpg\" \/>\n\t<meta property=\"og:image:width\" content=\"1239\" \/>\n\t<meta property=\"og:image:height\" content=\"924\" \/>\n\t<meta property=\"og:image:type\" content=\"image\/jpeg\" \/>\n<meta name=\"author\" content=\"pnud\" \/>\n<meta name=\"twitter:card\" content=\"summary_large_image\" \/>\n<meta name=\"twitter:label1\" content=\"Escrito por\" \/>\n\t<meta name=\"twitter:data1\" content=\"pnud\" \/>\n\t<meta name=\"twitter:label2\" content=\"Tiempo de lectura\" \/>\n\t<meta name=\"twitter:data2\" content=\"2 minutos\" \/>\n<script type=\"application\/ld+json\" class=\"yoast-schema-graph\">{\"@context\":\"https:\\\/\\\/schema.org\",\"@graph\":[{\"@type\":\"Article\",\"@id\":\"https:\\\/\\\/poblenouurbandistrict.com\\\/arriba-una-nova-edicio-del-palo-market-fest\\\/#article\",\"isPartOf\":{\"@id\":\"https:\\\/\\\/poblenouurbandistrict.com\\\/arriba-una-nova-edicio-del-palo-market-fest\\\/\"},\"author\":{\"name\":\"pnud\",\"@id\":\"https:\\\/\\\/poblenouurbandistrict.com\\\/#\\\/schema\\\/person\\\/980a2cf34b399d5218205730acd54a7e\"},\"headline\":\"Llega una nueva edici\u00f3n del Palo Market Fest\",\"datePublished\":\"2024-10-29T10:38:45+00:00\",\"dateModified\":\"2024-10-31T13:47:09+00:00\",\"mainEntityOfPage\":{\"@id\":\"https:\\\/\\\/poblenouurbandistrict.com\\\/arriba-una-nova-edicio-del-palo-market-fest\\\/\"},\"wordCount\":983,\"image\":{\"@id\":\"https:\\\/\\\/poblenouurbandistrict.com\\\/arriba-una-nova-edicio-del-palo-market-fest\\\/#primaryimage\"},\"thumbnailUrl\":\"https:\\\/\\\/media.poblenouurbandistrict.com\\\/2024\\\/10\\\/25075627\\\/slide-bcn-new-web-4.jpg\",\"articleSection\":[\"Est\u00e1 pasando\",\"M\u00fasica\"],\"inLanguage\":\"es\"},{\"@type\":\"WebPage\",\"@id\":\"https:\\\/\\\/poblenouurbandistrict.com\\\/es\\\/arriba-una-nova-edicio-del-palo-market-fest\\\/\",\"url\":\"https:\\\/\\\/poblenouurbandistrict.com\\\/es\\\/arriba-una-nova-edicio-del-palo-market-fest\\\/\",\"name\":\"Llega una nueva edici\u00f3n del Palo Market Fest &#8211; Poblenou Urban District\",\"isPartOf\":{\"@id\":\"https:\\\/\\\/poblenouurbandistrict.com\\\/es\\\/#website\"},\"primaryImageOfPage\":{\"@id\":\"https:\\\/\\\/poblenouurbandistrict.com\\\/es\\\/arriba-una-nova-edicio-del-palo-market-fest\\\/#primaryimage\"},\"image\":{\"@id\":\"https:\\\/\\\/poblenouurbandistrict.com\\\/arriba-una-nova-edicio-del-palo-market-fest\\\/#primaryimage\"},\"thumbnailUrl\":\"https:\\\/\\\/media.poblenouurbandistrict.com\\\/2024\\\/10\\\/25075627\\\/slide-bcn-new-web-4.jpg\",\"datePublished\":\"2024-10-29T10:38:45+00:00\",\"dateModified\":\"2024-10-31T13:47:09+00:00\",\"author\":{\"@id\":\"https:\\\/\\\/poblenouurbandistrict.com\\\/#\\\/schema\\\/person\\\/980a2cf34b399d5218205730acd54a7e\"},\"breadcrumb\":{\"@id\":\"https:\\\/\\\/poblenouurbandistrict.com\\\/es\\\/arriba-una-nova-edicio-del-palo-market-fest\\\/#breadcrumb\"},\"inLanguage\":\"es\",\"potentialAction\":[{\"@type\":\"ReadAction\",\"target\":[[\"https:\\\/\\\/poblenouurbandistrict.com\\\/es\\\/arriba-una-nova-edicio-del-palo-market-fest\\\/\"]]}]},{\"@type\":\"ImageObject\",\"inLanguage\":\"es\",\"@id\":\"https:\\\/\\\/poblenouurbandistrict.com\\\/es\\\/arriba-una-nova-edicio-del-palo-market-fest\\\/#primaryimage\",\"url\":\"https:\\\/\\\/media.poblenouurbandistrict.com\\\/2024\\\/10\\\/25075627\\\/slide-bcn-new-web-4.jpg\",\"contentUrl\":\"https:\\\/\\\/media.poblenouurbandistrict.com\\\/2024\\\/10\\\/25075627\\\/slide-bcn-new-web-4.jpg\",\"width\":1239,\"height\":924,\"caption\":\"info_volvemos\"},{\"@type\":\"BreadcrumbList\",\"@id\":\"https:\\\/\\\/poblenouurbandistrict.com\\\/es\\\/arriba-una-nova-edicio-del-palo-market-fest\\\/#breadcrumb\",\"itemListElement\":[{\"@type\":\"ListItem\",\"position\":1,\"name\":\"Home\",\"item\":\"https:\\\/\\\/poblenouurbandistrict.com\\\/es\\\/\"},{\"@type\":\"ListItem\",\"position\":2,\"name\":\"Arriba una nova edici\u00f3 del Palo Market Fest\"}]},{\"@type\":\"WebSite\",\"@id\":\"https:\\\/\\\/poblenouurbandistrict.com\\\/es\\\/#website\",\"url\":\"https:\\\/\\\/poblenouurbandistrict.com\\\/es\\\/\",\"name\":\"Poblenou Urban District\",\"description\":\"Comunidad Creativa\",\"potentialAction\":[{\"@type\":\"SearchAction\",\"target\":{\"@type\":\"EntryPoint\",\"urlTemplate\":\"https:\\\/\\\/poblenouurbandistrict.com\\\/es\\\/?s={search_term_string}\"},\"query-input\":{\"@type\":\"PropertyValueSpecification\",\"valueRequired\":true,\"valueName\":\"search_term_string\"}}],\"inLanguage\":\"es\"},{\"@type\":\"Person\",\"@id\":\"https:\\\/\\\/poblenouurbandistrict.com\\\/#\\\/schema\\\/person\\\/980a2cf34b399d5218205730acd54a7e\",\"name\":\"pnud\",\"image\":{\"@type\":\"ImageObject\",\"inLanguage\":\"es\",\"@id\":\"https:\\\/\\\/secure.gravatar.com\\\/avatar\\\/67146597b405ee077a24e519f75c3e2031736596d6ce35af3a34c122c93d0d7b?s=96&d=retro&r=g\",\"url\":\"https:\\\/\\\/secure.gravatar.com\\\/avatar\\\/67146597b405ee077a24e519f75c3e2031736596d6ce35af3a34c122c93d0d7b?s=96&d=retro&r=g\",\"contentUrl\":\"https:\\\/\\\/secure.gravatar.com\\\/avatar\\\/67146597b405ee077a24e519f75c3e2031736596d6ce35af3a34c122c93d0d7b?s=96&d=retro&r=g\",\"caption\":\"pnud\"}}]}<\/script>\n<!-- \/ Yoast SEO plugin. -->","yoast_head_json":{"title":"Llega una nueva edici\u00f3n del Palo Market Fest &#8211; Poblenou Urban District","robots":{"index":"index","follow":"follow","max-snippet":"max-snippet:-1","max-image-preview":"max-image-preview:large","max-video-preview":"max-video-preview:-1"},"canonical":"https:\/\/poblenouurbandistrict.com\/es\/arriba-una-nova-edicio-del-palo-market-fest\/","og_locale":"es_ES","og_type":"article","og_title":"Llega una nueva edici\u00f3n del Palo Market Fest &#8211; Poblenou Urban District","og_description":"El pr\u00f3ximo fin de semana, los d\u00edas 2 y 3 de noviembre, vuelve el Palo Market Fest. El mejor ambiente... M\u00e1s \u2192","og_url":"https:\/\/poblenouurbandistrict.com\/es\/arriba-una-nova-edicio-del-palo-market-fest\/","og_site_name":"Poblenou Urban District","article_published_time":"2024-10-29T10:38:45+00:00","article_modified_time":"2024-10-31T13:47:09+00:00","og_image":[{"width":1239,"height":924,"url":"https:\/\/poblenouurbandistrict.com\/wp-content\/uploads\/2024\/10\/slide-bcn-new-web-4.jpg","type":"image\/jpeg"}],"author":"pnud","twitter_card":"summary_large_image","twitter_misc":{"Escrito por":"pnud","Tiempo de lectura":"2 minutos"},"schema":{"@context":"https:\/\/schema.org","@graph":[{"@type":"Article","@id":"https:\/\/poblenouurbandistrict.com\/arriba-una-nova-edicio-del-palo-market-fest\/#article","isPartOf":{"@id":"https:\/\/poblenouurbandistrict.com\/arriba-una-nova-edicio-del-palo-market-fest\/"},"author":{"name":"pnud","@id":"https:\/\/poblenouurbandistrict.com\/#\/schema\/person\/980a2cf34b399d5218205730acd54a7e"},"headline":"Llega una nueva edici\u00f3n del Palo Market Fest","datePublished":"2024-10-29T10:38:45+00:00","dateModified":"2024-10-31T13:47:09+00:00","mainEntityOfPage":{"@id":"https:\/\/poblenouurbandistrict.com\/arriba-una-nova-edicio-del-palo-market-fest\/"},"wordCount":983,"image":{"@id":"https:\/\/poblenouurbandistrict.com\/arriba-una-nova-edicio-del-palo-market-fest\/#primaryimage"},"thumbnailUrl":"https:\/\/media.poblenouurbandistrict.com\/2024\/10\/25075627\/slide-bcn-new-web-4.jpg","articleSection":["Est\u00e1 pasando","M\u00fasica"],"inLanguage":"es"},{"@type":"WebPage","@id":"https:\/\/poblenouurbandistrict.com\/es\/arriba-una-nova-edicio-del-palo-market-fest\/","url":"https:\/\/poblenouurbandistrict.com\/es\/arriba-una-nova-edicio-del-palo-market-fest\/","name":"Llega una nueva edici\u00f3n del Palo Market Fest &#8211; Poblenou Urban District","isPartOf":{"@id":"https:\/\/poblenouurbandistrict.com\/es\/#website"},"primaryImageOfPage":{"@id":"https:\/\/poblenouurbandistrict.com\/es\/arriba-una-nova-edicio-del-palo-market-fest\/#primaryimage"},"image":{"@id":"https:\/\/poblenouurbandistrict.com\/arriba-una-nova-edicio-del-palo-market-fest\/#primaryimage"},"thumbnailUrl":"https:\/\/media.poblenouurbandistrict.com\/2024\/10\/25075627\/slide-bcn-new-web-4.jpg","datePublished":"2024-10-29T10:38:45+00:00","dateModified":"2024-10-31T13:47:09+00:00","author":{"@id":"https:\/\/poblenouurbandistrict.com\/#\/schema\/person\/980a2cf34b399d5218205730acd54a7e"},"breadcrumb":{"@id":"https:\/\/poblenouurbandistrict.com\/es\/arriba-una-nova-edicio-del-palo-market-fest\/#breadcrumb"},"inLanguage":"es","potentialAction":[{"@type":"ReadAction","target":[["https:\/\/poblenouurbandistrict.com\/es\/arriba-una-nova-edicio-del-palo-market-fest\/"]]}]},{"@type":"ImageObject","inLanguage":"es","@id":"https:\/\/poblenouurbandistrict.com\/es\/arriba-una-nova-edicio-del-palo-market-fest\/#primaryimage","url":"https:\/\/media.poblenouurbandistrict.com\/2024\/10\/25075627\/slide-bcn-new-web-4.jpg","contentUrl":"https:\/\/media.poblenouurbandistrict.com\/2024\/10\/25075627\/slide-bcn-new-web-4.jpg","width":1239,"height":924,"caption":"info_volvemos"},{"@type":"BreadcrumbList","@id":"https:\/\/poblenouurbandistrict.com\/es\/arriba-una-nova-edicio-del-palo-market-fest\/#breadcrumb","itemListElement":[{"@type":"ListItem","position":1,"name":"Home","item":"https:\/\/poblenouurbandistrict.com\/es\/"},{"@type":"ListItem","position":2,"name":"Arriba una nova edici\u00f3 del Palo Market Fest"}]},{"@type":"WebSite","@id":"https:\/\/poblenouurbandistrict.com\/es\/#website","url":"https:\/\/poblenouurbandistrict.com\/es\/","name":"Poblenou Urban District","description":"Comunidad Creativa","potentialAction":[{"@type":"SearchAction","target":{"@type":"EntryPoint","urlTemplate":"https:\/\/poblenouurbandistrict.com\/es\/?s={search_term_string}"},"query-input":{"@type":"PropertyValueSpecification","valueRequired":true,"valueName":"search_term_string"}}],"inLanguage":"es"},{"@type":"Person","@id":"https:\/\/poblenouurbandistrict.com\/#\/schema\/person\/980a2cf34b399d5218205730acd54a7e","name":"pnud","image":{"@type":"ImageObject","inLanguage":"es","@id":"https:\/\/secure.gravatar.com\/avatar\/67146597b405ee077a24e519f75c3e2031736596d6ce35af3a34c122c93d0d7b?s=96&d=retro&r=g","url":"https:\/\/secure.gravatar.com\/avatar\/67146597b405ee077a24e519f75c3e2031736596d6ce35af3a34c122c93d0d7b?s=96&d=retro&r=g","contentUrl":"https:\/\/secure.gravatar.com\/avatar\/67146597b405ee077a24e519f75c3e2031736596d6ce35af3a34c122c93d0d7b?s=96&d=retro&r=g","caption":"pnud"}}]}},"_links":{"self":[{"href":"https:\/\/poblenouurbandistrict.com\/es\/wp-json\/wp\/v2\/posts\/47907","targetHints":{"allow":["GET"]}}],"collection":[{"href":"https:\/\/poblenouurbandistrict.com\/es\/wp-json\/wp\/v2\/posts"}],"about":[{"href":"https:\/\/poblenouurbandistrict.com\/es\/wp-json\/wp\/v2\/types\/post"}],"author":[{"embeddable":true,"href":"https:\/\/poblenouurbandistrict.com\/es\/wp-json\/wp\/v2\/users\/5"}],"replies":[{"embeddable":true,"href":"https:\/\/poblenouurbandistrict.com\/es\/wp-json\/wp\/v2\/comments?post=47907"}],"version-history":[{"count":7,"href":"https:\/\/poblenouurbandistrict.com\/es\/wp-json\/wp\/v2\/posts\/47907\/revisions"}],"predecessor-version":[{"id":47997,"href":"https:\/\/poblenouurbandistrict.com\/es\/wp-json\/wp\/v2\/posts\/47907\/revisions\/47997"}],"wp:featuredmedia":[{"embeddable":true,"href":"https:\/\/poblenouurbandistrict.com\/es\/wp-json\/wp\/v2\/media\/47155"}],"wp:attachment":[{"href":"https:\/\/poblenouurbandistrict.com\/es\/wp-json\/wp\/v2\/media?parent=47907"}],"wp:term":[{"taxonomy":"category","embeddable":true,"href":"https:\/\/poblenouurbandistrict.com\/es\/wp-json\/wp\/v2\/categories?post=47907"},{"taxonomy":"post_tag","embeddable":true,"href":"https:\/\/poblenouurbandistrict.com\/es\/wp-json\/wp\/v2\/tags?post=47907"}],"curies":[{"name":"wp","href":"https:\/\/api.w.org\/{rel}","templated":true}]}}