{"id":4811,"date":"2015-02-02T13:27:07","date_gmt":"2015-02-02T11:27:07","guid":{"rendered":"https:\/\/poblenouurbandistrict.com\/new\/?p=4811"},"modified":"2015-02-02T13:53:17","modified_gmt":"2015-02-02T11:53:17","slug":"jornada-de-portes-obertes-artidi","status":"publish","type":"post","link":"https:\/\/poblenouurbandistrict.com\/es\/jornada-de-portes-obertes-artidi\/","title":{"rendered":"Jornada de Puertas Abiertas en \u00c1rtidi"},"content":{"rendered":"<p><img loading=\"lazy\" decoding=\"async\" class=\"alignnone size-full wp-image-4812\" alt=\"Jornada de Puertas Abiertas en \u00c1rtidi\" src=\"https:\/\/media.poblenouurbandistrict.com\/2015\/02\/25004642\/10339692_728861423895010_1234216658253373829_n.jpg\" width=\"468\" height=\"702\" \/><\/p>\n<p>\u00a0<\/p>\n<p><strong>Jornada de Puertas Abiertas en \u00c1rtidi\u00a0<\/strong><\/p>\n<p>Con motivo del 10mo aniversario, <b>\u00c1rtidi<\/b> ha renovado cada cent\u00edmetro de sus instalaciones para poder impartir la mejor formaci\u00f3n a nivel europeo. Te invita el 4 de Febrero de 18.30h a 20.30h a la Jornada de Puertas Abiertas dedicada a los cursos de Escaparatismo y Visual Merchandising.<\/p>\n<p>En esta tarde tendr\u00e1s la ocasi\u00f3n de: Conocer la profesi\u00f3n de escaparatista y <i>visual<\/i> <i>merchandiser<\/i> a trav\u00e9s de un mini curso impartido por el Director General de <b>\u00c1rtidi<\/b>. Recibir informaci\u00f3n de todos sus cursos relacionados con el escapartismo y <i>visual merchandising<\/i> y podr\u00e1s consultar tus inquietudes sobre esta formaci\u00f3n.<\/p>\n<p>Realizar una visita guiada y conocer las nuevas instalaciones a estrenar para el pr\u00f3ximo curso 2015 como: nuevos talleres, aula de cocina \u201cla nevera creativa\u201d, aula polivalente \u201cel congelador de la imagen\u201d, adem\u00e1s de nuevos servicios al alumno: parking de bicis, taquillas, zona de trabajo y much\u00edsimo m\u00e1s.<\/p>\n<p>Para m\u00e1s informaci\u00f3n visita la <a href=\"http:\/\/www.artidi.com\/\">p\u00e1gina web<\/a> de <b>\u00c1rtidi<\/b>.<\/p>\n<p>Escuela Superior\u00a0<strong><a href=\"http:\/\/www.artidi.com\/\">\u00c1RTIDI<\/a><\/strong>, referente como escaparate global formativo, es una instituci\u00f3n orientada a impartir cursos de escaparatismo, visual merchandising, asesor\u00eda de imagen, personal shopper, interiorismo y escenograf\u00eda comercial y otras especialidades a nivel profesional. Orientada a la formaci\u00f3n de profesionales directamente relacionados con el comercio y con la moda, con una proyecci\u00f3n profesional y un concepto de educaci\u00f3n basada en la oferta del mercado.<\/p>\n<hr \/>\n<h3>Jornada de Puertas Abiertas<br \/>\n\u00c1rtidi (c\/ Llacuna 50)<br \/>\nMi\u00e9rcoles 4 de febrero de 18.30h a 20.30h<\/h3>\n<p>\u00a0<\/p>","protected":false},"excerpt":{"rendered":"<p>\u00a0 Jornada de Puertas Abiertas en \u00c1rtidi\u00a0 Con motivo del 10mo aniversario, \u00c1rtidi ha renovado cada cent\u00edmetro de sus instalaciones&#8230; <a href=\"https:\/\/poblenouurbandistrict.com\/es\/jornada-de-portes-obertes-artidi\/\">M\u00e1s  \u2192<\/a><\/p>\n","protected":false},"author":5,"featured_media":4815,"comment_status":"closed","ping_status":"closed","sticky":false,"template":"","format":"standard","meta":{"_acf_changed":false,"footnotes":""},"categories":[1],"tags":[35,38,1072,668,221],"class_list":["post-4811","post","type-post","status-publish","format-standard","has-post-thumbnail","hentry","category-noticias","tag-artidi","tag-escaparatismo","tag-estudios-superiores","tag-sesion-de-puertas-abiertas","tag-visual-merchandising"],"acf":[],"yoast_head":"<!-- This site is optimized with the Yoast SEO plugin v27.5 - https:\/\/yoast.com\/product\/yoast-seo-wordpress\/ -->\n<title>Jornada de Puertas Abiertas en \u00c1rtidi<\/title>\n<meta name=\"description\" content=\"Por el 10mo aniversario, \u00c1rtidi ha renovado sus instalaciones y te invita a la Jornada de Puertas Abiertas dedicada al Escaparatismo y Visual Merchandising.\" \/>\n<meta name=\"robots\" content=\"index, follow, max-snippet:-1, max-image-preview:large, max-video-preview:-1\" \/>\n<link rel=\"canonical\" href=\"https:\/\/poblenouurbandistrict.com\/es\/jornada-de-portes-obertes-artidi\/\" \/>\n<meta property=\"og:locale\" content=\"es_ES\" \/>\n<meta property=\"og:type\" content=\"article\" \/>\n<meta property=\"og:title\" content=\"Jornada de Puertas Abiertas en \u00c1rtidi\" \/>\n<meta property=\"og:description\" content=\"Por el 10mo aniversario, \u00c1rtidi ha renovado sus instalaciones y te invita a la Jornada de Puertas Abiertas dedicada al Escaparatismo y Visual Merchandising.\" \/>\n<meta property=\"og:url\" content=\"https:\/\/poblenouurbandistrict.com\/es\/jornada-de-portes-obertes-artidi\/\" \/>\n<meta property=\"og:site_name\" content=\"Poblenou Urban District\" \/>\n<meta property=\"article:published_time\" content=\"2015-02-02T11:27:07+00:00\" \/>\n<meta property=\"article:modified_time\" content=\"2015-02-02T11:53:17+00:00\" \/>\n<meta property=\"og:image\" content=\"https:\/\/media.poblenouurbandistrict.com\/2015\/02\/25004644\/PuertasAbiertas.jpg\" \/>\n\t<meta property=\"og:image:width\" content=\"468\" \/>\n\t<meta property=\"og:image:height\" content=\"384\" \/>\n\t<meta property=\"og:image:type\" content=\"image\/jpeg\" \/>\n<meta name=\"author\" content=\"pnud\" \/>\n<meta name=\"twitter:card\" content=\"summary_large_image\" \/>\n<meta name=\"twitter:label1\" content=\"Escrito por\" \/>\n\t<meta name=\"twitter:data1\" content=\"pnud\" \/>\n\t<meta name=\"twitter:label2\" content=\"Tiempo de lectura\" \/>\n\t<meta name=\"twitter:data2\" content=\"3 minutos\" \/>\n<script type=\"application\/ld+json\" class=\"yoast-schema-graph\">{\"@context\":\"https:\\\/\\\/schema.org\",\"@graph\":[{\"@type\":\"Article\",\"@id\":\"https:\\\/\\\/poblenouurbandistrict.com\\\/es\\\/jornada-de-portes-obertes-artidi\\\/#article\",\"isPartOf\":{\"@id\":\"https:\\\/\\\/poblenouurbandistrict.com\\\/es\\\/jornada-de-portes-obertes-artidi\\\/\"},\"author\":{\"name\":\"pnud\",\"@id\":\"https:\\\/\\\/poblenouurbandistrict.com\\\/#\\\/schema\\\/person\\\/980a2cf34b399d5218205730acd54a7e\"},\"headline\":\"Jornada de Puertas Abiertas en \u00c1rtidi\",\"datePublished\":\"2015-02-02T11:27:07+00:00\",\"dateModified\":\"2015-02-02T11:53:17+00:00\",\"mainEntityOfPage\":{\"@id\":\"https:\\\/\\\/poblenouurbandistrict.com\\\/es\\\/jornada-de-portes-obertes-artidi\\\/\"},\"wordCount\":524,\"image\":{\"@id\":\"https:\\\/\\\/poblenouurbandistrict.com\\\/es\\\/jornada-de-portes-obertes-artidi\\\/#primaryimage\"},\"thumbnailUrl\":\"https:\\\/\\\/media.poblenouurbandistrict.com\\\/2015\\\/02\\\/25004644\\\/PuertasAbiertas.jpg\",\"keywords\":[\"Artidi\",\"Escaparatismo\",\"estudios superiores\",\"sesi\u00f3n de puertas abiertas\",\"Visual Merchandising\"],\"articleSection\":[\"Est\u00e1 pasando\"],\"inLanguage\":\"es\"},{\"@type\":\"WebPage\",\"@id\":\"https:\\\/\\\/poblenouurbandistrict.com\\\/es\\\/jornada-de-portes-obertes-artidi\\\/\",\"url\":\"https:\\\/\\\/poblenouurbandistrict.com\\\/es\\\/jornada-de-portes-obertes-artidi\\\/\",\"name\":\"Jornada de Puertas Abiertas en \u00c1rtidi\",\"isPartOf\":{\"@id\":\"https:\\\/\\\/poblenouurbandistrict.com\\\/es\\\/#website\"},\"primaryImageOfPage\":{\"@id\":\"https:\\\/\\\/poblenouurbandistrict.com\\\/es\\\/jornada-de-portes-obertes-artidi\\\/#primaryimage\"},\"image\":{\"@id\":\"https:\\\/\\\/poblenouurbandistrict.com\\\/es\\\/jornada-de-portes-obertes-artidi\\\/#primaryimage\"},\"thumbnailUrl\":\"https:\\\/\\\/media.poblenouurbandistrict.com\\\/2015\\\/02\\\/25004644\\\/PuertasAbiertas.jpg\",\"datePublished\":\"2015-02-02T11:27:07+00:00\",\"dateModified\":\"2015-02-02T11:53:17+00:00\",\"author\":{\"@id\":\"https:\\\/\\\/poblenouurbandistrict.com\\\/#\\\/schema\\\/person\\\/980a2cf34b399d5218205730acd54a7e\"},\"description\":\"Por el 10mo aniversario, \u00c1rtidi ha renovado sus instalaciones y te invita a la Jornada de Puertas Abiertas dedicada al Escaparatismo y Visual Merchandising.\",\"breadcrumb\":{\"@id\":\"https:\\\/\\\/poblenouurbandistrict.com\\\/es\\\/jornada-de-portes-obertes-artidi\\\/#breadcrumb\"},\"inLanguage\":\"es\",\"potentialAction\":[{\"@type\":\"ReadAction\",\"target\":[[\"https:\\\/\\\/poblenouurbandistrict.com\\\/es\\\/jornada-de-portes-obertes-artidi\\\/\"]]}]},{\"@type\":\"ImageObject\",\"inLanguage\":\"es\",\"@id\":\"https:\\\/\\\/poblenouurbandistrict.com\\\/es\\\/jornada-de-portes-obertes-artidi\\\/#primaryimage\",\"url\":\"https:\\\/\\\/media.poblenouurbandistrict.com\\\/2015\\\/02\\\/25004644\\\/PuertasAbiertas.jpg\",\"contentUrl\":\"https:\\\/\\\/media.poblenouurbandistrict.com\\\/2015\\\/02\\\/25004644\\\/PuertasAbiertas.jpg\",\"width\":468,\"height\":384},{\"@type\":\"BreadcrumbList\",\"@id\":\"https:\\\/\\\/poblenouurbandistrict.com\\\/es\\\/jornada-de-portes-obertes-artidi\\\/#breadcrumb\",\"itemListElement\":[{\"@type\":\"ListItem\",\"position\":1,\"name\":\"Home\",\"item\":\"https:\\\/\\\/poblenouurbandistrict.com\\\/es\\\/\"},{\"@type\":\"ListItem\",\"position\":2,\"name\":\"Jornada de Puertas Abiertas en \u00c1rtidi\"}]},{\"@type\":\"WebSite\",\"@id\":\"https:\\\/\\\/poblenouurbandistrict.com\\\/es\\\/#website\",\"url\":\"https:\\\/\\\/poblenouurbandistrict.com\\\/es\\\/\",\"name\":\"Poblenou Urban District\",\"description\":\"Comunidad Creativa\",\"potentialAction\":[{\"@type\":\"SearchAction\",\"target\":{\"@type\":\"EntryPoint\",\"urlTemplate\":\"https:\\\/\\\/poblenouurbandistrict.com\\\/es\\\/?s={search_term_string}\"},\"query-input\":{\"@type\":\"PropertyValueSpecification\",\"valueRequired\":true,\"valueName\":\"search_term_string\"}}],\"inLanguage\":\"es\"},{\"@type\":\"Person\",\"@id\":\"https:\\\/\\\/poblenouurbandistrict.com\\\/#\\\/schema\\\/person\\\/980a2cf34b399d5218205730acd54a7e\",\"name\":\"pnud\",\"image\":{\"@type\":\"ImageObject\",\"inLanguage\":\"es\",\"@id\":\"https:\\\/\\\/secure.gravatar.com\\\/avatar\\\/67146597b405ee077a24e519f75c3e2031736596d6ce35af3a34c122c93d0d7b?s=96&d=retro&r=g\",\"url\":\"https:\\\/\\\/secure.gravatar.com\\\/avatar\\\/67146597b405ee077a24e519f75c3e2031736596d6ce35af3a34c122c93d0d7b?s=96&d=retro&r=g\",\"contentUrl\":\"https:\\\/\\\/secure.gravatar.com\\\/avatar\\\/67146597b405ee077a24e519f75c3e2031736596d6ce35af3a34c122c93d0d7b?s=96&d=retro&r=g\",\"caption\":\"pnud\"}}]}<\/script>\n<!-- \/ Yoast SEO plugin. -->","yoast_head_json":{"title":"Jornada de Puertas Abiertas en \u00c1rtidi","description":"Por el 10mo aniversario, \u00c1rtidi ha renovado sus instalaciones y te invita a la Jornada de Puertas Abiertas dedicada al Escaparatismo y Visual Merchandising.","robots":{"index":"index","follow":"follow","max-snippet":"max-snippet:-1","max-image-preview":"max-image-preview:large","max-video-preview":"max-video-preview:-1"},"canonical":"https:\/\/poblenouurbandistrict.com\/es\/jornada-de-portes-obertes-artidi\/","og_locale":"es_ES","og_type":"article","og_title":"Jornada de Puertas Abiertas en \u00c1rtidi","og_description":"Por el 10mo aniversario, \u00c1rtidi ha renovado sus instalaciones y te invita a la Jornada de Puertas Abiertas dedicada al Escaparatismo y Visual Merchandising.","og_url":"https:\/\/poblenouurbandistrict.com\/es\/jornada-de-portes-obertes-artidi\/","og_site_name":"Poblenou Urban District","article_published_time":"2015-02-02T11:27:07+00:00","article_modified_time":"2015-02-02T11:53:17+00:00","og_image":[{"width":468,"height":384,"url":"https:\/\/media.poblenouurbandistrict.com\/2015\/02\/25004644\/PuertasAbiertas.jpg","type":"image\/jpeg"}],"author":"pnud","twitter_card":"summary_large_image","twitter_misc":{"Escrito por":"pnud","Tiempo de lectura":"3 minutos"},"schema":{"@context":"https:\/\/schema.org","@graph":[{"@type":"Article","@id":"https:\/\/poblenouurbandistrict.com\/es\/jornada-de-portes-obertes-artidi\/#article","isPartOf":{"@id":"https:\/\/poblenouurbandistrict.com\/es\/jornada-de-portes-obertes-artidi\/"},"author":{"name":"pnud","@id":"https:\/\/poblenouurbandistrict.com\/#\/schema\/person\/980a2cf34b399d5218205730acd54a7e"},"headline":"Jornada de Puertas Abiertas en \u00c1rtidi","datePublished":"2015-02-02T11:27:07+00:00","dateModified":"2015-02-02T11:53:17+00:00","mainEntityOfPage":{"@id":"https:\/\/poblenouurbandistrict.com\/es\/jornada-de-portes-obertes-artidi\/"},"wordCount":524,"image":{"@id":"https:\/\/poblenouurbandistrict.com\/es\/jornada-de-portes-obertes-artidi\/#primaryimage"},"thumbnailUrl":"https:\/\/media.poblenouurbandistrict.com\/2015\/02\/25004644\/PuertasAbiertas.jpg","keywords":["Artidi","Escaparatismo","estudios superiores","sesi\u00f3n de puertas abiertas","Visual Merchandising"],"articleSection":["Est\u00e1 pasando"],"inLanguage":"es"},{"@type":"WebPage","@id":"https:\/\/poblenouurbandistrict.com\/es\/jornada-de-portes-obertes-artidi\/","url":"https:\/\/poblenouurbandistrict.com\/es\/jornada-de-portes-obertes-artidi\/","name":"Jornada de Puertas Abiertas en \u00c1rtidi","isPartOf":{"@id":"https:\/\/poblenouurbandistrict.com\/es\/#website"},"primaryImageOfPage":{"@id":"https:\/\/poblenouurbandistrict.com\/es\/jornada-de-portes-obertes-artidi\/#primaryimage"},"image":{"@id":"https:\/\/poblenouurbandistrict.com\/es\/jornada-de-portes-obertes-artidi\/#primaryimage"},"thumbnailUrl":"https:\/\/media.poblenouurbandistrict.com\/2015\/02\/25004644\/PuertasAbiertas.jpg","datePublished":"2015-02-02T11:27:07+00:00","dateModified":"2015-02-02T11:53:17+00:00","author":{"@id":"https:\/\/poblenouurbandistrict.com\/#\/schema\/person\/980a2cf34b399d5218205730acd54a7e"},"description":"Por el 10mo aniversario, \u00c1rtidi ha renovado sus instalaciones y te invita a la Jornada de Puertas Abiertas dedicada al Escaparatismo y Visual Merchandising.","breadcrumb":{"@id":"https:\/\/poblenouurbandistrict.com\/es\/jornada-de-portes-obertes-artidi\/#breadcrumb"},"inLanguage":"es","potentialAction":[{"@type":"ReadAction","target":[["https:\/\/poblenouurbandistrict.com\/es\/jornada-de-portes-obertes-artidi\/"]]}]},{"@type":"ImageObject","inLanguage":"es","@id":"https:\/\/poblenouurbandistrict.com\/es\/jornada-de-portes-obertes-artidi\/#primaryimage","url":"https:\/\/media.poblenouurbandistrict.com\/2015\/02\/25004644\/PuertasAbiertas.jpg","contentUrl":"https:\/\/media.poblenouurbandistrict.com\/2015\/02\/25004644\/PuertasAbiertas.jpg","width":468,"height":384},{"@type":"BreadcrumbList","@id":"https:\/\/poblenouurbandistrict.com\/es\/jornada-de-portes-obertes-artidi\/#breadcrumb","itemListElement":[{"@type":"ListItem","position":1,"name":"Home","item":"https:\/\/poblenouurbandistrict.com\/es\/"},{"@type":"ListItem","position":2,"name":"Jornada de Puertas Abiertas en \u00c1rtidi"}]},{"@type":"WebSite","@id":"https:\/\/poblenouurbandistrict.com\/es\/#website","url":"https:\/\/poblenouurbandistrict.com\/es\/","name":"Poblenou Urban District","description":"Comunidad Creativa","potentialAction":[{"@type":"SearchAction","target":{"@type":"EntryPoint","urlTemplate":"https:\/\/poblenouurbandistrict.com\/es\/?s={search_term_string}"},"query-input":{"@type":"PropertyValueSpecification","valueRequired":true,"valueName":"search_term_string"}}],"inLanguage":"es"},{"@type":"Person","@id":"https:\/\/poblenouurbandistrict.com\/#\/schema\/person\/980a2cf34b399d5218205730acd54a7e","name":"pnud","image":{"@type":"ImageObject","inLanguage":"es","@id":"https:\/\/secure.gravatar.com\/avatar\/67146597b405ee077a24e519f75c3e2031736596d6ce35af3a34c122c93d0d7b?s=96&d=retro&r=g","url":"https:\/\/secure.gravatar.com\/avatar\/67146597b405ee077a24e519f75c3e2031736596d6ce35af3a34c122c93d0d7b?s=96&d=retro&r=g","contentUrl":"https:\/\/secure.gravatar.com\/avatar\/67146597b405ee077a24e519f75c3e2031736596d6ce35af3a34c122c93d0d7b?s=96&d=retro&r=g","caption":"pnud"}}]}},"_links":{"self":[{"href":"https:\/\/poblenouurbandistrict.com\/es\/wp-json\/wp\/v2\/posts\/4811","targetHints":{"allow":["GET"]}}],"collection":[{"href":"https:\/\/poblenouurbandistrict.com\/es\/wp-json\/wp\/v2\/posts"}],"about":[{"href":"https:\/\/poblenouurbandistrict.com\/es\/wp-json\/wp\/v2\/types\/post"}],"author":[{"embeddable":true,"href":"https:\/\/poblenouurbandistrict.com\/es\/wp-json\/wp\/v2\/users\/5"}],"replies":[{"embeddable":true,"href":"https:\/\/poblenouurbandistrict.com\/es\/wp-json\/wp\/v2\/comments?post=4811"}],"version-history":[{"count":5,"href":"https:\/\/poblenouurbandistrict.com\/es\/wp-json\/wp\/v2\/posts\/4811\/revisions"}],"predecessor-version":[{"id":4818,"href":"https:\/\/poblenouurbandistrict.com\/es\/wp-json\/wp\/v2\/posts\/4811\/revisions\/4818"}],"wp:featuredmedia":[{"embeddable":true,"href":"https:\/\/poblenouurbandistrict.com\/es\/wp-json\/wp\/v2\/media\/4815"}],"wp:attachment":[{"href":"https:\/\/poblenouurbandistrict.com\/es\/wp-json\/wp\/v2\/media?parent=4811"}],"wp:term":[{"taxonomy":"category","embeddable":true,"href":"https:\/\/poblenouurbandistrict.com\/es\/wp-json\/wp\/v2\/categories?post=4811"},{"taxonomy":"post_tag","embeddable":true,"href":"https:\/\/poblenouurbandistrict.com\/es\/wp-json\/wp\/v2\/tags?post=4811"}],"curies":[{"name":"wp","href":"https:\/\/api.w.org\/{rel}","templated":true}]}}