{"id":48399,"date":"2024-11-18T17:09:32","date_gmt":"2024-11-18T16:09:32","guid":{"rendered":"https:\/\/poblenouurbandistrict.com\/?p=48399"},"modified":"2024-11-25T16:07:44","modified_gmt":"2024-11-25T15:07:44","slug":"no-et-perdis-la-urban-block-party-amb-the-sound-society","status":"publish","type":"post","link":"https:\/\/poblenouurbandistrict.com\/es\/no-et-perdis-la-urban-block-party-amb-the-sound-society\/","title":{"rendered":"No te pierdas la Urban Block Party con The Sound Society en el Parc del Poblenou"},"content":{"rendered":"<p>Llega la <strong>Urban Block Party<\/strong> para el\u00a0<strong>Poblenou Open Night<\/strong>,\u00a0una propuesta que celebra la m\u00fasica de baile y la cultura de club des de sus ra\u00edces mas aut\u00e9nticas, con el objetivo de retornar al momento en que la m\u00fasica era el centro de todo.<\/p>\n<p><strong>The Sound Society<\/strong>\u00a0y\u00a0<strong>Poblenou Urban District<\/strong> promueven este espacio en el\u00a0<strong>Parc del Poblenou (Carmen Amaya, 18) <\/strong>alej\u00e1ndose de los acontecimientos superficiales dominados por las redes sociales o por los DJ&#8217;s superestrellas en cabinas abarrotadas. La experiencia se basar\u00e1 en escuchar y sentir una conexi\u00f3n profunda con el sonido sin distracciones. Inspirado por el m\u00edtico Sound System del Paradise Garage y el Studio 54, The Sound Society hereda el esp\u00edritu de la escena de la m\u00fasica de baile emergente en Nueva York de finales de los 70 y inicios de los 80.<\/p>\n<p>The Sound Society es una iniciativa nacida en el coraz\u00f3n del Poblenou, un viaje que conecta el pasado con el futuro. Es una celebraci\u00f3n de la comunidad, de la libertad de expresi\u00f3n y del amor por la m\u00fasica en un espacio donde el sonido es el \u00fanico protagonista. Te esperamos para disfrutarlo juntos el pr\u00f3ximo <strong>29 de noviembre de 18h a 23h en el Parc del Poblenou<\/strong>!<\/p>\n<hr \/>\n<h4 style=\"text-align: center;\"><strong>LINE UP<\/strong><\/h4>\n<p><strong>REPE<\/strong><\/p>\n<p>REPE \u00e9s un DJ i productor musical originari d\u2019Argentina i afincat a Barcelona, conegut per la\u00a0seva passi\u00f3 per la m\u00fasica electr\u00f2nica i la seva capacitat per fusionar diversos estils en les\u00a0seves sessions. Amb una traject\u00f2ria que l&#8217;ha portat a actuar en diversos esdeveniments i\u00a0clubs de la ciutat, REPE ha anat consolidant la seva pres\u00e8ncia en l&#8217;escena local.<\/p>\n<p>Les seves sessions es caracteritzen per una selecci\u00f3 ecl\u00e8ctica que abasta des de sons Disco\u00a0i Boggie fins al House, sempre amb un accent en la qualitat de la m\u00fasica que selecciona.<\/p>\n<p><strong>PAYFONE<\/strong><\/p>\n<p>PAYFONE \u00e9s un projecte de producci\u00f3 musical amb seu a Londres, format el 2013 per Phil\u00a0Passera i Jimmy Day. El seu estil combina elements de R&amp;B cl\u00e0ssic, disco c\u00f2smic i acid\u00a0house, creant un so \u00fanic que uneix la calidesa del soul amb ritmes electr\u00f2nics contemporanis.<\/p>\n<p>Al llarg de la seva traject\u00f2ria, han publicat m\u00e9s de 16 temes, destacant \u00abDay &amp; Night\u00bb, \u00abParadise\u00bb, \u00abSofian\u00bb i \u00abLast Night in Sant Celoni\u00bb. Les seves produccions han estat llan\u00e7ades per segells com Golf Channel Recordings de Nova York i els londinencs Leng, Defected i Otis Records. En els ultims mesos han publicat un remix de la gran Roisin Murphy i esta preparant un \u00e1lbum per l\u2019inici del 2025.\u00a0PAYFONE ha actuat com a DJ en ciutats com Nova York, Londres, Par\u00eds, S\u00e3o Paulo, Rio de\u00a0Janeiro, Barcelona, Madrid i Berl\u00edn.<\/p>\n<p><strong>TROYA MODET<\/strong><\/p>\n<p>TROYA MODET, nascuda a Sevilla el 1985, ha cultivat una profunda connexi\u00f3 amb la m\u00fasica des de ben jove, inspirada en un ampli ventall de g\u00e8neres que van des del flamenc i el folk fins al new wave i el rock.<\/p>\n<p>Aquesta diversitat d&#8217;influ\u00e8ncies es reflecteix en la versatilitat dels seus sets, sempre ecl\u00e8ctics i amb una constant recerca de profunditat. El seu estil combina registres que conviden a una immersi\u00f3 gradual, comen\u00e7ant amb tons c\u00e0lids i lents que evolucionen cap a ritmes m\u00e9s intensos i atrevits.<\/p>\n<p>Al llarg de la seva carrera, T.MODET ha explorat territoris sonors variats, des del tech break\u00a0i l&#8217;old school fins al breakbeat, house, acid&#8230; i ha consolidat la seva pres\u00e8ncia a l&#8217;escena\u00a0musical de Barcelona, participant en festivals com el MIRA, la Mostra i el Sonar+D.<\/p>\n<p><strong>WILL DELUXE<\/strong><\/p>\n<p>Will Deluxe \u00e9s un DJ i productor musical amb seu a Barcelona, reconegut per la seva passi\u00f3\u00a0pel house i la seva traject\u00f2ria de m\u00e9s de 20 anys en l&#8217;escena electr\u00f2nica. Al llarg de la seva\u00a0carrera, ha treballat en botigues de discos com Discos Verdes i Scifi, i ha actuat en nombrosos\u00a0clubs, esdeveniments de moda i festivals a Espanya i Europa.<\/p>\n<p>Amb un gust obert i ecl\u00e8ctic, les seves sessions abracen estils que van des del cosmic afro\u00a0disco boogie fins a l&#8217;electro funk, italo, chicago acid, ghetto i detroit, sempre amb un\u00a0enfocament en la m\u00fasica house original.<\/p>\n<p><strong>FACE-TIC<\/strong><\/p>\n<p>La seva carrera va comen\u00e7ar a Xile fa m\u00e9s de 27 anys, guiada per grans mentors que el van introduir en l\u2019apassionant aventura del Turntablism. Des de llavors, ha perfeccionat la seva habilitat per fusionar pr\u00e0cticament qualsevol g\u00e8nere musical, sense importar l\u2019\u00e8poca ni l\u2019estil. El seu enfocament no t\u00e9 l\u00edmits; \u00e9s capa\u00e7 de moure\u2019s amb mestria des dels cl\u00e0ssics fins a l\u2019avantguarda, alliberant-se de qualsevol f\u00f3rmula preestablerta.<\/p>\n<p>Una aut\u00e8ntica caixa de sorpreses, sin\u00f2nim de la seva \u00e0mplia experi\u00e8ncia als escenaris, on\u00a0demostra que el 4&#215;4 \u00e9s nom\u00e9s una pe\u00e7a m\u00e9s del past\u00eds.<\/p>\n<hr \/>\n<div class=\"page\" title=\"Page 2\">\n<div class=\"section\">\n<div class=\"layoutArea\">\n<div class=\"column\">\n<p>Con el patrocinio de <a href=\"https:\/\/cervezaelaguila.es\/producto\">El \u00c1guila<\/a>\u00a0y la colaboracio\u0301n de <a href=\"https:\/\/www.dissenyhub.barcelona\">Disseny Hub Barcelona<\/a>, <a href=\"https:\/\/ajuntament.barcelona.cat\/santmarti\/ca\">Districte de Sant Marti\u0301<\/a>\u00a0y\u00a0<a href=\"https:\/\/beteve.cat\/\">Betev\u00e9<\/a>.<\/p>\n<p>Con el apoyo de <a href=\"https:\/\/atim.cat\">A\u0300TIM Enginyeria<\/a>, <a href=\"https:\/\/www.instagram.com\/tropico_prod\">Tropico<\/a>, <a href=\"https:\/\/leilaeisenmann.com\">Leila Eisenmann<\/a>, <a href=\"https:\/\/www.instagram.com\/backline_prodj\/\">Backline<\/a>, <a href=\"https:\/\/froch.cc\">Froch.cc<\/a>, <a href=\"https:\/\/www.infralect.es\">Roig Infralect<\/a>, <a href=\"http:\/\/codigosound.com\/projects\/\">Codigo Sound<\/a>, <a href=\"https:\/\/auxifoc.com\">Auxifoc<\/a>, <a href=\"https:\/\/www.instagram.com\/soartpratsl\/?igsh=eWtoajA1ZjliM2Z0\" target=\"_blank\" rel=\"noopener\" data-saferedirecturl=\"https:\/\/www.google.com\/url?q=https:\/\/www.instagram.com\/soartpratsl\/?igsh%3DeWtoajA1ZjliM2Z0&amp;source=gmail&amp;ust=1732632628607000&amp;usg=AOvVaw13lAANGMY9O2MdgdfrdFyi\">SOARTPRAT<\/a>\u00a0y\u00a0<a href=\"https:\/\/www.wcloc.com\/es\">WC Loc<\/a>.<\/p>\n<\/div>\n<\/div>\n<\/div>\n<\/div>\n<p><\/p>","protected":false},"excerpt":{"rendered":"<p>Llega la Urban Block Party para el\u00a0Poblenou Open Night,\u00a0una propuesta que celebra la m\u00fasica de baile y la cultura de&#8230; <a href=\"https:\/\/poblenouurbandistrict.com\/es\/no-et-perdis-la-urban-block-party-amb-the-sound-society\/\">M\u00e1s  \u2192<\/a><\/p>\n","protected":false},"author":5,"featured_media":48501,"comment_status":"closed","ping_status":"closed","sticky":false,"template":"","format":"standard","meta":{"_acf_changed":false,"footnotes":""},"categories":[3526],"tags":[],"class_list":["post-48399","post","type-post","status-publish","format-standard","has-post-thumbnail","hentry","category-open-night"],"acf":[],"yoast_head":"<!-- This site is optimized with the Yoast SEO plugin v27.4 - https:\/\/yoast.com\/product\/yoast-seo-wordpress\/ -->\n<title>No te pierdas la Urban Block Party con The Sound Society en el Parc del Poblenou &#8211; Poblenou Urban District<\/title>\n<meta name=\"robots\" content=\"index, follow, max-snippet:-1, max-image-preview:large, max-video-preview:-1\" \/>\n<link rel=\"canonical\" href=\"https:\/\/poblenouurbandistrict.com\/es\/no-et-perdis-la-urban-block-party-amb-the-sound-society\/\" \/>\n<meta property=\"og:locale\" content=\"es_ES\" \/>\n<meta property=\"og:type\" content=\"article\" \/>\n<meta property=\"og:title\" content=\"No te pierdas la Urban Block Party con The Sound Society en el Parc del Poblenou &#8211; Poblenou Urban District\" \/>\n<meta property=\"og:description\" content=\"Llega la Urban Block Party para el\u00a0Poblenou Open Night,\u00a0una propuesta que celebra la m\u00fasica de baile y la cultura de... M\u00e1s \u2192\" \/>\n<meta property=\"og:url\" content=\"https:\/\/poblenouurbandistrict.com\/es\/no-et-perdis-la-urban-block-party-amb-the-sound-society\/\" \/>\n<meta property=\"og:site_name\" content=\"Poblenou Urban District\" \/>\n<meta property=\"article:published_time\" content=\"2024-11-18T16:09:32+00:00\" \/>\n<meta property=\"article:modified_time\" content=\"2024-11-25T15:07:44+00:00\" \/>\n<meta property=\"og:image\" content=\"https:\/\/poblenouurbandistrict.com\/wp-content\/uploads\/2024\/11\/httpspoblenouurbandistrictcomnewsletternewsletter-21-novembre-1.png\" \/>\n\t<meta property=\"og:image:width\" content=\"1920\" \/>\n\t<meta property=\"og:image:height\" content=\"1080\" \/>\n\t<meta property=\"og:image:type\" content=\"image\/png\" \/>\n<meta name=\"author\" content=\"pnud\" \/>\n<meta name=\"twitter:card\" content=\"summary_large_image\" \/>\n<meta name=\"twitter:label1\" content=\"Escrito por\" \/>\n\t<meta name=\"twitter:data1\" content=\"pnud\" \/>\n\t<meta name=\"twitter:label2\" content=\"Tiempo de lectura\" \/>\n\t<meta name=\"twitter:data2\" content=\"5 minutos\" \/>\n<script type=\"application\/ld+json\" class=\"yoast-schema-graph\">{\"@context\":\"https:\\\/\\\/schema.org\",\"@graph\":[{\"@type\":\"Article\",\"@id\":\"https:\\\/\\\/poblenouurbandistrict.com\\\/no-et-perdis-la-urban-block-party-amb-the-sound-society\\\/#article\",\"isPartOf\":{\"@id\":\"https:\\\/\\\/poblenouurbandistrict.com\\\/no-et-perdis-la-urban-block-party-amb-the-sound-society\\\/\"},\"author\":{\"name\":\"pnud\",\"@id\":\"https:\\\/\\\/poblenouurbandistrict.com\\\/#\\\/schema\\\/person\\\/980a2cf34b399d5218205730acd54a7e\"},\"headline\":\"No te pierdas la Urban Block Party con The Sound Society en el Parc del Poblenou\",\"datePublished\":\"2024-11-18T16:09:32+00:00\",\"dateModified\":\"2024-11-25T15:07:44+00:00\",\"mainEntityOfPage\":{\"@id\":\"https:\\\/\\\/poblenouurbandistrict.com\\\/no-et-perdis-la-urban-block-party-amb-the-sound-society\\\/\"},\"wordCount\":1774,\"image\":{\"@id\":\"https:\\\/\\\/poblenouurbandistrict.com\\\/no-et-perdis-la-urban-block-party-amb-the-sound-society\\\/#primaryimage\"},\"thumbnailUrl\":\"https:\\\/\\\/media.poblenouurbandistrict.com\\\/2024\\\/11\\\/25081943\\\/httpspoblenouurbandistrictcomnewsletternewsletter-21-novembre-1.png\",\"articleSection\":[\"Open Night\"],\"inLanguage\":\"es\"},{\"@type\":\"WebPage\",\"@id\":\"https:\\\/\\\/poblenouurbandistrict.com\\\/es\\\/no-et-perdis-la-urban-block-party-amb-the-sound-society\\\/\",\"url\":\"https:\\\/\\\/poblenouurbandistrict.com\\\/es\\\/no-et-perdis-la-urban-block-party-amb-the-sound-society\\\/\",\"name\":\"No te pierdas la Urban Block Party con The Sound Society en el Parc del Poblenou &#8211; Poblenou Urban District\",\"isPartOf\":{\"@id\":\"https:\\\/\\\/poblenouurbandistrict.com\\\/es\\\/#website\"},\"primaryImageOfPage\":{\"@id\":\"https:\\\/\\\/poblenouurbandistrict.com\\\/es\\\/no-et-perdis-la-urban-block-party-amb-the-sound-society\\\/#primaryimage\"},\"image\":{\"@id\":\"https:\\\/\\\/poblenouurbandistrict.com\\\/no-et-perdis-la-urban-block-party-amb-the-sound-society\\\/#primaryimage\"},\"thumbnailUrl\":\"https:\\\/\\\/media.poblenouurbandistrict.com\\\/2024\\\/11\\\/25081943\\\/httpspoblenouurbandistrictcomnewsletternewsletter-21-novembre-1.png\",\"datePublished\":\"2024-11-18T16:09:32+00:00\",\"dateModified\":\"2024-11-25T15:07:44+00:00\",\"author\":{\"@id\":\"https:\\\/\\\/poblenouurbandistrict.com\\\/#\\\/schema\\\/person\\\/980a2cf34b399d5218205730acd54a7e\"},\"breadcrumb\":{\"@id\":\"https:\\\/\\\/poblenouurbandistrict.com\\\/es\\\/no-et-perdis-la-urban-block-party-amb-the-sound-society\\\/#breadcrumb\"},\"inLanguage\":\"es\",\"potentialAction\":[{\"@type\":\"ReadAction\",\"target\":[[\"https:\\\/\\\/poblenouurbandistrict.com\\\/es\\\/no-et-perdis-la-urban-block-party-amb-the-sound-society\\\/\"]]}]},{\"@type\":\"ImageObject\",\"inLanguage\":\"es\",\"@id\":\"https:\\\/\\\/poblenouurbandistrict.com\\\/es\\\/no-et-perdis-la-urban-block-party-amb-the-sound-society\\\/#primaryimage\",\"url\":\"https:\\\/\\\/media.poblenouurbandistrict.com\\\/2024\\\/11\\\/25081943\\\/httpspoblenouurbandistrictcomnewsletternewsletter-21-novembre-1.png\",\"contentUrl\":\"https:\\\/\\\/media.poblenouurbandistrict.com\\\/2024\\\/11\\\/25081943\\\/httpspoblenouurbandistrictcomnewsletternewsletter-21-novembre-1.png\",\"width\":1920,\"height\":1080},{\"@type\":\"BreadcrumbList\",\"@id\":\"https:\\\/\\\/poblenouurbandistrict.com\\\/es\\\/no-et-perdis-la-urban-block-party-amb-the-sound-society\\\/#breadcrumb\",\"itemListElement\":[{\"@type\":\"ListItem\",\"position\":1,\"name\":\"Home\",\"item\":\"https:\\\/\\\/poblenouurbandistrict.com\\\/es\\\/\"},{\"@type\":\"ListItem\",\"position\":2,\"name\":\"No et perdis la Urban Block Party amb The Sound Society al Parc del Poblenou\"}]},{\"@type\":\"WebSite\",\"@id\":\"https:\\\/\\\/poblenouurbandistrict.com\\\/es\\\/#website\",\"url\":\"https:\\\/\\\/poblenouurbandistrict.com\\\/es\\\/\",\"name\":\"Poblenou Urban District\",\"description\":\"Comunidad Creativa\",\"potentialAction\":[{\"@type\":\"SearchAction\",\"target\":{\"@type\":\"EntryPoint\",\"urlTemplate\":\"https:\\\/\\\/poblenouurbandistrict.com\\\/es\\\/?s={search_term_string}\"},\"query-input\":{\"@type\":\"PropertyValueSpecification\",\"valueRequired\":true,\"valueName\":\"search_term_string\"}}],\"inLanguage\":\"es\"},{\"@type\":\"Person\",\"@id\":\"https:\\\/\\\/poblenouurbandistrict.com\\\/#\\\/schema\\\/person\\\/980a2cf34b399d5218205730acd54a7e\",\"name\":\"pnud\",\"image\":{\"@type\":\"ImageObject\",\"inLanguage\":\"es\",\"@id\":\"https:\\\/\\\/secure.gravatar.com\\\/avatar\\\/67146597b405ee077a24e519f75c3e2031736596d6ce35af3a34c122c93d0d7b?s=96&d=retro&r=g\",\"url\":\"https:\\\/\\\/secure.gravatar.com\\\/avatar\\\/67146597b405ee077a24e519f75c3e2031736596d6ce35af3a34c122c93d0d7b?s=96&d=retro&r=g\",\"contentUrl\":\"https:\\\/\\\/secure.gravatar.com\\\/avatar\\\/67146597b405ee077a24e519f75c3e2031736596d6ce35af3a34c122c93d0d7b?s=96&d=retro&r=g\",\"caption\":\"pnud\"}}]}<\/script>\n<!-- \/ Yoast SEO plugin. -->","yoast_head_json":{"title":"No te pierdas la Urban Block Party con The Sound Society en el Parc del Poblenou &#8211; Poblenou Urban District","robots":{"index":"index","follow":"follow","max-snippet":"max-snippet:-1","max-image-preview":"max-image-preview:large","max-video-preview":"max-video-preview:-1"},"canonical":"https:\/\/poblenouurbandistrict.com\/es\/no-et-perdis-la-urban-block-party-amb-the-sound-society\/","og_locale":"es_ES","og_type":"article","og_title":"No te pierdas la Urban Block Party con The Sound Society en el Parc del Poblenou &#8211; Poblenou Urban District","og_description":"Llega la Urban Block Party para el\u00a0Poblenou Open Night,\u00a0una propuesta que celebra la m\u00fasica de baile y la cultura de... M\u00e1s \u2192","og_url":"https:\/\/poblenouurbandistrict.com\/es\/no-et-perdis-la-urban-block-party-amb-the-sound-society\/","og_site_name":"Poblenou Urban District","article_published_time":"2024-11-18T16:09:32+00:00","article_modified_time":"2024-11-25T15:07:44+00:00","og_image":[{"width":1920,"height":1080,"url":"https:\/\/poblenouurbandistrict.com\/wp-content\/uploads\/2024\/11\/httpspoblenouurbandistrictcomnewsletternewsletter-21-novembre-1.png","type":"image\/png"}],"author":"pnud","twitter_card":"summary_large_image","twitter_misc":{"Escrito por":"pnud","Tiempo de lectura":"5 minutos"},"schema":{"@context":"https:\/\/schema.org","@graph":[{"@type":"Article","@id":"https:\/\/poblenouurbandistrict.com\/no-et-perdis-la-urban-block-party-amb-the-sound-society\/#article","isPartOf":{"@id":"https:\/\/poblenouurbandistrict.com\/no-et-perdis-la-urban-block-party-amb-the-sound-society\/"},"author":{"name":"pnud","@id":"https:\/\/poblenouurbandistrict.com\/#\/schema\/person\/980a2cf34b399d5218205730acd54a7e"},"headline":"No te pierdas la Urban Block Party con The Sound Society en el Parc del Poblenou","datePublished":"2024-11-18T16:09:32+00:00","dateModified":"2024-11-25T15:07:44+00:00","mainEntityOfPage":{"@id":"https:\/\/poblenouurbandistrict.com\/no-et-perdis-la-urban-block-party-amb-the-sound-society\/"},"wordCount":1774,"image":{"@id":"https:\/\/poblenouurbandistrict.com\/no-et-perdis-la-urban-block-party-amb-the-sound-society\/#primaryimage"},"thumbnailUrl":"https:\/\/media.poblenouurbandistrict.com\/2024\/11\/25081943\/httpspoblenouurbandistrictcomnewsletternewsletter-21-novembre-1.png","articleSection":["Open Night"],"inLanguage":"es"},{"@type":"WebPage","@id":"https:\/\/poblenouurbandistrict.com\/es\/no-et-perdis-la-urban-block-party-amb-the-sound-society\/","url":"https:\/\/poblenouurbandistrict.com\/es\/no-et-perdis-la-urban-block-party-amb-the-sound-society\/","name":"No te pierdas la Urban Block Party con The Sound Society en el Parc del Poblenou &#8211; Poblenou Urban District","isPartOf":{"@id":"https:\/\/poblenouurbandistrict.com\/es\/#website"},"primaryImageOfPage":{"@id":"https:\/\/poblenouurbandistrict.com\/es\/no-et-perdis-la-urban-block-party-amb-the-sound-society\/#primaryimage"},"image":{"@id":"https:\/\/poblenouurbandistrict.com\/no-et-perdis-la-urban-block-party-amb-the-sound-society\/#primaryimage"},"thumbnailUrl":"https:\/\/media.poblenouurbandistrict.com\/2024\/11\/25081943\/httpspoblenouurbandistrictcomnewsletternewsletter-21-novembre-1.png","datePublished":"2024-11-18T16:09:32+00:00","dateModified":"2024-11-25T15:07:44+00:00","author":{"@id":"https:\/\/poblenouurbandistrict.com\/#\/schema\/person\/980a2cf34b399d5218205730acd54a7e"},"breadcrumb":{"@id":"https:\/\/poblenouurbandistrict.com\/es\/no-et-perdis-la-urban-block-party-amb-the-sound-society\/#breadcrumb"},"inLanguage":"es","potentialAction":[{"@type":"ReadAction","target":[["https:\/\/poblenouurbandistrict.com\/es\/no-et-perdis-la-urban-block-party-amb-the-sound-society\/"]]}]},{"@type":"ImageObject","inLanguage":"es","@id":"https:\/\/poblenouurbandistrict.com\/es\/no-et-perdis-la-urban-block-party-amb-the-sound-society\/#primaryimage","url":"https:\/\/media.poblenouurbandistrict.com\/2024\/11\/25081943\/httpspoblenouurbandistrictcomnewsletternewsletter-21-novembre-1.png","contentUrl":"https:\/\/media.poblenouurbandistrict.com\/2024\/11\/25081943\/httpspoblenouurbandistrictcomnewsletternewsletter-21-novembre-1.png","width":1920,"height":1080},{"@type":"BreadcrumbList","@id":"https:\/\/poblenouurbandistrict.com\/es\/no-et-perdis-la-urban-block-party-amb-the-sound-society\/#breadcrumb","itemListElement":[{"@type":"ListItem","position":1,"name":"Home","item":"https:\/\/poblenouurbandistrict.com\/es\/"},{"@type":"ListItem","position":2,"name":"No et perdis la Urban Block Party amb The Sound Society al Parc del Poblenou"}]},{"@type":"WebSite","@id":"https:\/\/poblenouurbandistrict.com\/es\/#website","url":"https:\/\/poblenouurbandistrict.com\/es\/","name":"Poblenou Urban District","description":"Comunidad Creativa","potentialAction":[{"@type":"SearchAction","target":{"@type":"EntryPoint","urlTemplate":"https:\/\/poblenouurbandistrict.com\/es\/?s={search_term_string}"},"query-input":{"@type":"PropertyValueSpecification","valueRequired":true,"valueName":"search_term_string"}}],"inLanguage":"es"},{"@type":"Person","@id":"https:\/\/poblenouurbandistrict.com\/#\/schema\/person\/980a2cf34b399d5218205730acd54a7e","name":"pnud","image":{"@type":"ImageObject","inLanguage":"es","@id":"https:\/\/secure.gravatar.com\/avatar\/67146597b405ee077a24e519f75c3e2031736596d6ce35af3a34c122c93d0d7b?s=96&d=retro&r=g","url":"https:\/\/secure.gravatar.com\/avatar\/67146597b405ee077a24e519f75c3e2031736596d6ce35af3a34c122c93d0d7b?s=96&d=retro&r=g","contentUrl":"https:\/\/secure.gravatar.com\/avatar\/67146597b405ee077a24e519f75c3e2031736596d6ce35af3a34c122c93d0d7b?s=96&d=retro&r=g","caption":"pnud"}}]}},"_links":{"self":[{"href":"https:\/\/poblenouurbandistrict.com\/es\/wp-json\/wp\/v2\/posts\/48399","targetHints":{"allow":["GET"]}}],"collection":[{"href":"https:\/\/poblenouurbandistrict.com\/es\/wp-json\/wp\/v2\/posts"}],"about":[{"href":"https:\/\/poblenouurbandistrict.com\/es\/wp-json\/wp\/v2\/types\/post"}],"author":[{"embeddable":true,"href":"https:\/\/poblenouurbandistrict.com\/es\/wp-json\/wp\/v2\/users\/5"}],"replies":[{"embeddable":true,"href":"https:\/\/poblenouurbandistrict.com\/es\/wp-json\/wp\/v2\/comments?post=48399"}],"version-history":[{"count":13,"href":"https:\/\/poblenouurbandistrict.com\/es\/wp-json\/wp\/v2\/posts\/48399\/revisions"}],"predecessor-version":[{"id":48532,"href":"https:\/\/poblenouurbandistrict.com\/es\/wp-json\/wp\/v2\/posts\/48399\/revisions\/48532"}],"wp:featuredmedia":[{"embeddable":true,"href":"https:\/\/poblenouurbandistrict.com\/es\/wp-json\/wp\/v2\/media\/48501"}],"wp:attachment":[{"href":"https:\/\/poblenouurbandistrict.com\/es\/wp-json\/wp\/v2\/media?parent=48399"}],"wp:term":[{"taxonomy":"category","embeddable":true,"href":"https:\/\/poblenouurbandistrict.com\/es\/wp-json\/wp\/v2\/categories?post=48399"},{"taxonomy":"post_tag","embeddable":true,"href":"https:\/\/poblenouurbandistrict.com\/es\/wp-json\/wp\/v2\/tags?post=48399"}],"curies":[{"name":"wp","href":"https:\/\/api.w.org\/{rel}","templated":true}]}}