{"id":48630,"date":"2024-12-05T17:33:16","date_gmt":"2024-12-05T16:33:16","guid":{"rendered":"https:\/\/poblenouurbandistrict.com\/?p=48630"},"modified":"2024-12-05T18:29:55","modified_gmt":"2024-12-05T17:29:55","slug":"el-poblenou-open-night-va-brillar-un-any-mes-en-la-seva-11a-edicio","status":"publish","type":"post","link":"https:\/\/poblenouurbandistrict.com\/es\/el-poblenou-open-night-va-brillar-un-any-mes-en-la-seva-11a-edicio\/","title":{"rendered":"El Poblenou Open Night brill\u00f3 un a\u00f1o m\u00e1s en su 11.\u00aa edici\u00f3n"},"content":{"rendered":"<p><strong>Ya han pasado once a\u00f1os<\/strong> desde que empezamos a celebrar el <strong>Poblenou Open Night<\/strong> en Poblenou, uno de los acontecimientos vertebradores de <strong>Poblenou Urban District<\/strong>. Gracias a todos los que os acercasteis el \u00faltimo viernes de noviembre para disfrutar de toda la programaci\u00f3n que ofrece el Distrito Creativo de Barcelona y disfrutar de la noche m\u00e1s creativa del a\u00f1o.<\/p>\n<p>El pasado 29 de noviembre, durante seis horas ininterrumpidas, m\u00e1s de cincuenta espacios del <strong>Distrito Creativo<\/strong> abrieron sus puertas: museos, showrooms, galer\u00edas de arte, centros de formaci\u00f3n en dise\u00f1o y arquitectura, agencias de comunicaci\u00f3n y publicidad, centros de cotrabajo y hubs, salas de conciertos, teatros, concept stores, showrooms, espacios gastron\u00f3micos y hoteles.<\/p>\n<p>Los espacios del <strong>Distrito Creativo<\/strong> ofrecieron un amplio programa de actividades culturales relacionadas con el arte, el dise\u00f1o, la m\u00fasica, el interiorismo, la fotograf\u00eda, la tecnolog\u00eda, la ilustraci\u00f3n y la gastronom\u00eda. El <strong>Distrito Creativo<\/strong> se ha convertido en un gran ejemplo de proyecto de ciudad, as\u00ed como un referente internacional de dinamizaci\u00f3n cultural que abre sus puertas para celebrar el <strong>Poblenou Open Night<\/strong>.<\/p>\n<p>Adem\u00e1s el <strong>Music Urban Circuit<\/strong> lleg\u00f3 con su 4.\u00aa edici\u00f3n con m\u00e1s de 30 actuaciones en diferentes espacios de la Comunidad Creativa, donde se pudo disfrutar de los proyectos de la nueva generaci\u00f3n de m\u00fasicos de la ciudad. Fue la ocasi\u00f3n perfecta para descubrir y bailar al ritmo del mejor talento musical de Barcelona.<\/p>\n<h3><strong>Urban Hub<\/strong><\/h3>\n<p>Poblenou Urban District activ\u00f3 la nave de la calle Badajoz, 87-89 y la convirti\u00f3 en el <strong>Urban Hub<\/strong>, un espacio creativo que fusion\u00f3 arte, m\u00fasica y gastronom\u00eda con el objetivo de ofrecer una experiencia cultural diferente: con las actuaciones musicales de una selecci\u00f3n de artistas del <strong>Music Urban Circuit \/ MUC<\/strong> con Ren\u00e9 Andrade-Martina, Departed b2b Tacchi, BOFIRAX y Raul Naro a trav\u00e9s de una silent disco. Una intervenci\u00f3n art\u00edstica en directo de Marina Salazar (No queda tinte) y el paste-up de Rockaxon. La obra de gran formato de Medianeras y un market de arte con obras de Maestro y Margarita, MEDIANERAS, El Dios de los Tres, Asis Percales y Marina Salazar.<\/p>\n<p>Todo esto, maridado con los helados y los cocteles de <strong>Oatly<\/strong> y la gastronom\u00eda y dulces de <strong>The W\u00f6nder Crew<\/strong>.<\/p>\n<h3><strong>Urban Block Party<\/strong><\/h3>\n<p>La mejor m\u00fasica solo puede sonar a trav\u00e9s del mejor sound system, por eso, la <strong>Urban Block Party<\/strong> celebrada en el Parque del Poblenou fue un exito. <strong>The Sound Society<\/strong> junto con <strong>Poblenou Urban District<\/strong> proporcion\u00f3 emociones auditivas inmejorables, baile y la cultura de club.<\/p>\n<hr \/>\n<p>Queremos dar las gracias a nuestra <strong>comunidad creativa<\/strong> por vincularse con el territorio y promover la cultura con una programaci\u00f3n que se supera cada a\u00f1o! Tambi\u00e9n, a los artistas del <strong>Music Urban Circuit<\/strong> por animar la fiesta con sus espectaculares propuestas.<\/p>\n<p>Como siempre, queremos enviar un agradecimiento especial a nuestro patrocinador <strong>El \u00c1guila<\/strong> para confiar en el proyecto.<\/p>\n<p>Un agradecimiento especial al<strong>\u00a0Ajuntament de Barcelona, Districte de Sant Mart\u00ed y Betev\u00e9.<\/strong><\/p>\n<p>Nos vemos el pr\u00f3ximo a\u00f1o, nosotros ya tenemos muchas ganas!<\/p>","protected":false},"excerpt":{"rendered":"<p>Ya han pasado once a\u00f1os desde que empezamos a celebrar el Poblenou Open Night en Poblenou, uno de los acontecimientos&#8230; <a href=\"https:\/\/poblenouurbandistrict.com\/es\/el-poblenou-open-night-va-brillar-un-any-mes-en-la-seva-11a-edicio\/\">M\u00e1s  \u2192<\/a><\/p>\n","protected":false},"author":5,"featured_media":48653,"comment_status":"closed","ping_status":"closed","sticky":false,"template":"","format":"standard","meta":{"_acf_changed":false,"footnotes":""},"categories":[3526],"tags":[],"class_list":["post-48630","post","type-post","status-publish","format-standard","has-post-thumbnail","hentry","category-open-night"],"acf":[],"yoast_head":"<!-- This site is optimized with the Yoast SEO plugin v27.4 - https:\/\/yoast.com\/product\/yoast-seo-wordpress\/ -->\n<title>El Poblenou Open Night brill\u00f3 un a\u00f1o m\u00e1s en su 11.\u00aa edici\u00f3n &#8211; Poblenou Urban District<\/title>\n<meta name=\"robots\" content=\"index, follow, max-snippet:-1, max-image-preview:large, max-video-preview:-1\" \/>\n<link rel=\"canonical\" href=\"https:\/\/poblenouurbandistrict.com\/es\/el-poblenou-open-night-va-brillar-un-any-mes-en-la-seva-11a-edicio\/\" \/>\n<meta property=\"og:locale\" content=\"es_ES\" \/>\n<meta property=\"og:type\" content=\"article\" \/>\n<meta property=\"og:title\" content=\"El Poblenou Open Night brill\u00f3 un a\u00f1o m\u00e1s en su 11.\u00aa edici\u00f3n &#8211; Poblenou Urban District\" \/>\n<meta property=\"og:description\" content=\"Ya han pasado once a\u00f1os desde que empezamos a celebrar el Poblenou Open Night en Poblenou, uno de los acontecimientos... M\u00e1s \u2192\" \/>\n<meta property=\"og:url\" content=\"https:\/\/poblenouurbandistrict.com\/es\/el-poblenou-open-night-va-brillar-un-any-mes-en-la-seva-11a-edicio\/\" \/>\n<meta property=\"og:site_name\" content=\"Poblenou Urban District\" \/>\n<meta property=\"article:published_time\" content=\"2024-12-05T16:33:16+00:00\" \/>\n<meta property=\"article:modified_time\" content=\"2024-12-05T17:29:55+00:00\" \/>\n<meta property=\"og:image\" content=\"https:\/\/poblenouurbandistrict.com\/wp-content\/uploads\/2024\/12\/img-6574-1.jpg\" \/>\n\t<meta property=\"og:image:width\" content=\"2560\" \/>\n\t<meta property=\"og:image:height\" content=\"1707\" \/>\n\t<meta property=\"og:image:type\" content=\"image\/jpeg\" \/>\n<meta name=\"author\" content=\"pnud\" \/>\n<meta name=\"twitter:card\" content=\"summary_large_image\" \/>\n<meta name=\"twitter:label1\" content=\"Escrito por\" \/>\n\t<meta name=\"twitter:data1\" content=\"pnud\" \/>\n\t<meta name=\"twitter:label2\" content=\"Tiempo de lectura\" \/>\n\t<meta name=\"twitter:data2\" content=\"3 minutos\" \/>\n<script type=\"application\/ld+json\" class=\"yoast-schema-graph\">{\"@context\":\"https:\\\/\\\/schema.org\",\"@graph\":[{\"@type\":\"Article\",\"@id\":\"https:\\\/\\\/poblenouurbandistrict.com\\\/el-poblenou-open-night-va-brillar-un-any-mes-en-la-seva-11a-edicio\\\/#article\",\"isPartOf\":{\"@id\":\"https:\\\/\\\/poblenouurbandistrict.com\\\/el-poblenou-open-night-va-brillar-un-any-mes-en-la-seva-11a-edicio\\\/\"},\"author\":{\"name\":\"pnud\",\"@id\":\"https:\\\/\\\/poblenouurbandistrict.com\\\/#\\\/schema\\\/person\\\/980a2cf34b399d5218205730acd54a7e\"},\"headline\":\"El Poblenou Open Night brill\u00f3 un a\u00f1o m\u00e1s en su 11.\u00aa edici\u00f3n\",\"datePublished\":\"2024-12-05T16:33:16+00:00\",\"dateModified\":\"2024-12-05T17:29:55+00:00\",\"mainEntityOfPage\":{\"@id\":\"https:\\\/\\\/poblenouurbandistrict.com\\\/el-poblenou-open-night-va-brillar-un-any-mes-en-la-seva-11a-edicio\\\/\"},\"wordCount\":1088,\"image\":{\"@id\":\"https:\\\/\\\/poblenouurbandistrict.com\\\/el-poblenou-open-night-va-brillar-un-any-mes-en-la-seva-11a-edicio\\\/#primaryimage\"},\"thumbnailUrl\":\"https:\\\/\\\/media.poblenouurbandistrict.com\\\/2024\\\/12\\\/25082146\\\/img-6574-1.jpg\",\"articleSection\":[\"Open Night\"],\"inLanguage\":\"es\"},{\"@type\":\"WebPage\",\"@id\":\"https:\\\/\\\/poblenouurbandistrict.com\\\/es\\\/el-poblenou-open-night-va-brillar-un-any-mes-en-la-seva-11a-edicio\\\/\",\"url\":\"https:\\\/\\\/poblenouurbandistrict.com\\\/es\\\/el-poblenou-open-night-va-brillar-un-any-mes-en-la-seva-11a-edicio\\\/\",\"name\":\"El Poblenou Open Night brill\u00f3 un a\u00f1o m\u00e1s en su 11.\u00aa edici\u00f3n &#8211; Poblenou Urban District\",\"isPartOf\":{\"@id\":\"https:\\\/\\\/poblenouurbandistrict.com\\\/es\\\/#website\"},\"primaryImageOfPage\":{\"@id\":\"https:\\\/\\\/poblenouurbandistrict.com\\\/es\\\/el-poblenou-open-night-va-brillar-un-any-mes-en-la-seva-11a-edicio\\\/#primaryimage\"},\"image\":{\"@id\":\"https:\\\/\\\/poblenouurbandistrict.com\\\/el-poblenou-open-night-va-brillar-un-any-mes-en-la-seva-11a-edicio\\\/#primaryimage\"},\"thumbnailUrl\":\"https:\\\/\\\/media.poblenouurbandistrict.com\\\/2024\\\/12\\\/25082146\\\/img-6574-1.jpg\",\"datePublished\":\"2024-12-05T16:33:16+00:00\",\"dateModified\":\"2024-12-05T17:29:55+00:00\",\"author\":{\"@id\":\"https:\\\/\\\/poblenouurbandistrict.com\\\/#\\\/schema\\\/person\\\/980a2cf34b399d5218205730acd54a7e\"},\"breadcrumb\":{\"@id\":\"https:\\\/\\\/poblenouurbandistrict.com\\\/es\\\/el-poblenou-open-night-va-brillar-un-any-mes-en-la-seva-11a-edicio\\\/#breadcrumb\"},\"inLanguage\":\"es\",\"potentialAction\":[{\"@type\":\"ReadAction\",\"target\":[[\"https:\\\/\\\/poblenouurbandistrict.com\\\/es\\\/el-poblenou-open-night-va-brillar-un-any-mes-en-la-seva-11a-edicio\\\/\"]]}]},{\"@type\":\"ImageObject\",\"inLanguage\":\"es\",\"@id\":\"https:\\\/\\\/poblenouurbandistrict.com\\\/es\\\/el-poblenou-open-night-va-brillar-un-any-mes-en-la-seva-11a-edicio\\\/#primaryimage\",\"url\":\"https:\\\/\\\/media.poblenouurbandistrict.com\\\/2024\\\/12\\\/25082146\\\/img-6574-1.jpg\",\"contentUrl\":\"https:\\\/\\\/media.poblenouurbandistrict.com\\\/2024\\\/12\\\/25082146\\\/img-6574-1.jpg\",\"width\":2560,\"height\":1707},{\"@type\":\"BreadcrumbList\",\"@id\":\"https:\\\/\\\/poblenouurbandistrict.com\\\/es\\\/el-poblenou-open-night-va-brillar-un-any-mes-en-la-seva-11a-edicio\\\/#breadcrumb\",\"itemListElement\":[{\"@type\":\"ListItem\",\"position\":1,\"name\":\"Home\",\"item\":\"https:\\\/\\\/poblenouurbandistrict.com\\\/es\\\/\"},{\"@type\":\"ListItem\",\"position\":2,\"name\":\"El Poblenou Open Night va brillar un any m\u00e9s en la seva 11a edici\u00f3\"}]},{\"@type\":\"WebSite\",\"@id\":\"https:\\\/\\\/poblenouurbandistrict.com\\\/es\\\/#website\",\"url\":\"https:\\\/\\\/poblenouurbandistrict.com\\\/es\\\/\",\"name\":\"Poblenou Urban District\",\"description\":\"Comunidad Creativa\",\"potentialAction\":[{\"@type\":\"SearchAction\",\"target\":{\"@type\":\"EntryPoint\",\"urlTemplate\":\"https:\\\/\\\/poblenouurbandistrict.com\\\/es\\\/?s={search_term_string}\"},\"query-input\":{\"@type\":\"PropertyValueSpecification\",\"valueRequired\":true,\"valueName\":\"search_term_string\"}}],\"inLanguage\":\"es\"},{\"@type\":\"Person\",\"@id\":\"https:\\\/\\\/poblenouurbandistrict.com\\\/#\\\/schema\\\/person\\\/980a2cf34b399d5218205730acd54a7e\",\"name\":\"pnud\",\"image\":{\"@type\":\"ImageObject\",\"inLanguage\":\"es\",\"@id\":\"https:\\\/\\\/secure.gravatar.com\\\/avatar\\\/67146597b405ee077a24e519f75c3e2031736596d6ce35af3a34c122c93d0d7b?s=96&d=retro&r=g\",\"url\":\"https:\\\/\\\/secure.gravatar.com\\\/avatar\\\/67146597b405ee077a24e519f75c3e2031736596d6ce35af3a34c122c93d0d7b?s=96&d=retro&r=g\",\"contentUrl\":\"https:\\\/\\\/secure.gravatar.com\\\/avatar\\\/67146597b405ee077a24e519f75c3e2031736596d6ce35af3a34c122c93d0d7b?s=96&d=retro&r=g\",\"caption\":\"pnud\"}}]}<\/script>\n<!-- \/ Yoast SEO plugin. -->","yoast_head_json":{"title":"El Poblenou Open Night brill\u00f3 un a\u00f1o m\u00e1s en su 11.\u00aa edici\u00f3n &#8211; Poblenou Urban District","robots":{"index":"index","follow":"follow","max-snippet":"max-snippet:-1","max-image-preview":"max-image-preview:large","max-video-preview":"max-video-preview:-1"},"canonical":"https:\/\/poblenouurbandistrict.com\/es\/el-poblenou-open-night-va-brillar-un-any-mes-en-la-seva-11a-edicio\/","og_locale":"es_ES","og_type":"article","og_title":"El Poblenou Open Night brill\u00f3 un a\u00f1o m\u00e1s en su 11.\u00aa edici\u00f3n &#8211; Poblenou Urban District","og_description":"Ya han pasado once a\u00f1os desde que empezamos a celebrar el Poblenou Open Night en Poblenou, uno de los acontecimientos... M\u00e1s \u2192","og_url":"https:\/\/poblenouurbandistrict.com\/es\/el-poblenou-open-night-va-brillar-un-any-mes-en-la-seva-11a-edicio\/","og_site_name":"Poblenou Urban District","article_published_time":"2024-12-05T16:33:16+00:00","article_modified_time":"2024-12-05T17:29:55+00:00","og_image":[{"width":2560,"height":1707,"url":"https:\/\/poblenouurbandistrict.com\/wp-content\/uploads\/2024\/12\/img-6574-1.jpg","type":"image\/jpeg"}],"author":"pnud","twitter_card":"summary_large_image","twitter_misc":{"Escrito por":"pnud","Tiempo de lectura":"3 minutos"},"schema":{"@context":"https:\/\/schema.org","@graph":[{"@type":"Article","@id":"https:\/\/poblenouurbandistrict.com\/el-poblenou-open-night-va-brillar-un-any-mes-en-la-seva-11a-edicio\/#article","isPartOf":{"@id":"https:\/\/poblenouurbandistrict.com\/el-poblenou-open-night-va-brillar-un-any-mes-en-la-seva-11a-edicio\/"},"author":{"name":"pnud","@id":"https:\/\/poblenouurbandistrict.com\/#\/schema\/person\/980a2cf34b399d5218205730acd54a7e"},"headline":"El Poblenou Open Night brill\u00f3 un a\u00f1o m\u00e1s en su 11.\u00aa edici\u00f3n","datePublished":"2024-12-05T16:33:16+00:00","dateModified":"2024-12-05T17:29:55+00:00","mainEntityOfPage":{"@id":"https:\/\/poblenouurbandistrict.com\/el-poblenou-open-night-va-brillar-un-any-mes-en-la-seva-11a-edicio\/"},"wordCount":1088,"image":{"@id":"https:\/\/poblenouurbandistrict.com\/el-poblenou-open-night-va-brillar-un-any-mes-en-la-seva-11a-edicio\/#primaryimage"},"thumbnailUrl":"https:\/\/media.poblenouurbandistrict.com\/2024\/12\/25082146\/img-6574-1.jpg","articleSection":["Open Night"],"inLanguage":"es"},{"@type":"WebPage","@id":"https:\/\/poblenouurbandistrict.com\/es\/el-poblenou-open-night-va-brillar-un-any-mes-en-la-seva-11a-edicio\/","url":"https:\/\/poblenouurbandistrict.com\/es\/el-poblenou-open-night-va-brillar-un-any-mes-en-la-seva-11a-edicio\/","name":"El Poblenou Open Night brill\u00f3 un a\u00f1o m\u00e1s en su 11.\u00aa edici\u00f3n &#8211; Poblenou Urban District","isPartOf":{"@id":"https:\/\/poblenouurbandistrict.com\/es\/#website"},"primaryImageOfPage":{"@id":"https:\/\/poblenouurbandistrict.com\/es\/el-poblenou-open-night-va-brillar-un-any-mes-en-la-seva-11a-edicio\/#primaryimage"},"image":{"@id":"https:\/\/poblenouurbandistrict.com\/el-poblenou-open-night-va-brillar-un-any-mes-en-la-seva-11a-edicio\/#primaryimage"},"thumbnailUrl":"https:\/\/media.poblenouurbandistrict.com\/2024\/12\/25082146\/img-6574-1.jpg","datePublished":"2024-12-05T16:33:16+00:00","dateModified":"2024-12-05T17:29:55+00:00","author":{"@id":"https:\/\/poblenouurbandistrict.com\/#\/schema\/person\/980a2cf34b399d5218205730acd54a7e"},"breadcrumb":{"@id":"https:\/\/poblenouurbandistrict.com\/es\/el-poblenou-open-night-va-brillar-un-any-mes-en-la-seva-11a-edicio\/#breadcrumb"},"inLanguage":"es","potentialAction":[{"@type":"ReadAction","target":[["https:\/\/poblenouurbandistrict.com\/es\/el-poblenou-open-night-va-brillar-un-any-mes-en-la-seva-11a-edicio\/"]]}]},{"@type":"ImageObject","inLanguage":"es","@id":"https:\/\/poblenouurbandistrict.com\/es\/el-poblenou-open-night-va-brillar-un-any-mes-en-la-seva-11a-edicio\/#primaryimage","url":"https:\/\/media.poblenouurbandistrict.com\/2024\/12\/25082146\/img-6574-1.jpg","contentUrl":"https:\/\/media.poblenouurbandistrict.com\/2024\/12\/25082146\/img-6574-1.jpg","width":2560,"height":1707},{"@type":"BreadcrumbList","@id":"https:\/\/poblenouurbandistrict.com\/es\/el-poblenou-open-night-va-brillar-un-any-mes-en-la-seva-11a-edicio\/#breadcrumb","itemListElement":[{"@type":"ListItem","position":1,"name":"Home","item":"https:\/\/poblenouurbandistrict.com\/es\/"},{"@type":"ListItem","position":2,"name":"El Poblenou Open Night va brillar un any m\u00e9s en la seva 11a edici\u00f3"}]},{"@type":"WebSite","@id":"https:\/\/poblenouurbandistrict.com\/es\/#website","url":"https:\/\/poblenouurbandistrict.com\/es\/","name":"Poblenou Urban District","description":"Comunidad Creativa","potentialAction":[{"@type":"SearchAction","target":{"@type":"EntryPoint","urlTemplate":"https:\/\/poblenouurbandistrict.com\/es\/?s={search_term_string}"},"query-input":{"@type":"PropertyValueSpecification","valueRequired":true,"valueName":"search_term_string"}}],"inLanguage":"es"},{"@type":"Person","@id":"https:\/\/poblenouurbandistrict.com\/#\/schema\/person\/980a2cf34b399d5218205730acd54a7e","name":"pnud","image":{"@type":"ImageObject","inLanguage":"es","@id":"https:\/\/secure.gravatar.com\/avatar\/67146597b405ee077a24e519f75c3e2031736596d6ce35af3a34c122c93d0d7b?s=96&d=retro&r=g","url":"https:\/\/secure.gravatar.com\/avatar\/67146597b405ee077a24e519f75c3e2031736596d6ce35af3a34c122c93d0d7b?s=96&d=retro&r=g","contentUrl":"https:\/\/secure.gravatar.com\/avatar\/67146597b405ee077a24e519f75c3e2031736596d6ce35af3a34c122c93d0d7b?s=96&d=retro&r=g","caption":"pnud"}}]}},"_links":{"self":[{"href":"https:\/\/poblenouurbandistrict.com\/es\/wp-json\/wp\/v2\/posts\/48630","targetHints":{"allow":["GET"]}}],"collection":[{"href":"https:\/\/poblenouurbandistrict.com\/es\/wp-json\/wp\/v2\/posts"}],"about":[{"href":"https:\/\/poblenouurbandistrict.com\/es\/wp-json\/wp\/v2\/types\/post"}],"author":[{"embeddable":true,"href":"https:\/\/poblenouurbandistrict.com\/es\/wp-json\/wp\/v2\/users\/5"}],"replies":[{"embeddable":true,"href":"https:\/\/poblenouurbandistrict.com\/es\/wp-json\/wp\/v2\/comments?post=48630"}],"version-history":[{"count":7,"href":"https:\/\/poblenouurbandistrict.com\/es\/wp-json\/wp\/v2\/posts\/48630\/revisions"}],"predecessor-version":[{"id":48669,"href":"https:\/\/poblenouurbandistrict.com\/es\/wp-json\/wp\/v2\/posts\/48630\/revisions\/48669"}],"wp:featuredmedia":[{"embeddable":true,"href":"https:\/\/poblenouurbandistrict.com\/es\/wp-json\/wp\/v2\/media\/48653"}],"wp:attachment":[{"href":"https:\/\/poblenouurbandistrict.com\/es\/wp-json\/wp\/v2\/media?parent=48630"}],"wp:term":[{"taxonomy":"category","embeddable":true,"href":"https:\/\/poblenouurbandistrict.com\/es\/wp-json\/wp\/v2\/categories?post=48630"},{"taxonomy":"post_tag","embeddable":true,"href":"https:\/\/poblenouurbandistrict.com\/es\/wp-json\/wp\/v2\/tags?post=48630"}],"curies":[{"name":"wp","href":"https:\/\/api.w.org\/{rel}","templated":true}]}}