{"id":48772,"date":"2024-12-12T15:28:44","date_gmt":"2024-12-12T14:28:44","guid":{"rendered":"https:\/\/poblenouurbandistrict.com\/?p=48772"},"modified":"2024-12-12T15:29:04","modified_gmt":"2024-12-12T14:29:04","slug":"no-et-pots-perdre-la-proxima-bau-talks-el-19-de-desembre","status":"publish","type":"post","link":"https:\/\/poblenouurbandistrict.com\/es\/no-et-pots-perdre-la-proxima-bau-talks-el-19-de-desembre\/","title":{"rendered":"\u00a1No te puedes perder la pr\u00f3xima BAU Talks el 19 de diciembre!"},"content":{"rendered":"<p>El artista alem\u00e1n <strong><a href=\"https:\/\/news.baued.es\/ca\/index.php\/2024\/12\/11\/niklas-roy-i-les-maquines-col%c2%b7laboratives-a-la-bau-talks-vectors-pixels-plotters-and-public-participation\/\">Niklas Roy<\/a><\/strong>, especializado en m\u00e1quinas y arte p\u00fablico, expondr\u00e1 su trabajo a las pr\u00f3ximas BAU Talks del 19 de diciembre: impresiones y referentes, adem\u00e1s de explicar c\u00f3mo fue su paso por el M\u00e1ster en Innovaci\u00f3n Audiovisual y Entornos Interactivos.<\/p>\n<p>En su charla, Roy destacar\u00e1 algunos de sus \u00faltimos proyectos que utilizan m\u00e1quinas hechas a medida para <strong>involucrar en las comunidades en la creaci\u00f3n de arte p\u00fablico<\/strong>, tanto ef\u00edmero como permanente. Desde un robot de grafiti hasta un gigantesco mosaico dise\u00f1ado con una m\u00e1quina arcade m\u00f3vil, compartir\u00e1 las historias detr\u00e1s de sus invenciones. Discutir\u00e1 sus fuentes de inspiraci\u00f3n, el proceso creativo que gu\u00eda el desarrollo de las m\u00e1quinas y la alegr\u00eda de ver en varias comunidades interactuar y contribuir a estas piezas de arte no convencionales.<\/p>\n<p>Adem\u00e1s, se presentar\u00e1n los resultados del taller de hackeo de luces de Navidad que el artista realiz\u00f3 al m\u00e1ster que organiza este encuentro.<\/p>\n<p><strong>Jueves 19 de diciembre, 18:30h.<\/strong><\/p>","protected":false},"excerpt":{"rendered":"<p>El artista alem\u00e1n Niklas Roy, especializado en m\u00e1quinas y arte p\u00fablico, expondr\u00e1 su trabajo a las pr\u00f3ximas BAU Talks del&#8230; <a href=\"https:\/\/poblenouurbandistrict.com\/es\/no-et-pots-perdre-la-proxima-bau-talks-el-19-de-desembre\/\">M\u00e1s  \u2192<\/a><\/p>\n","protected":false},"author":5,"featured_media":48773,"comment_status":"closed","ping_status":"closed","sticky":false,"template":"","format":"standard","meta":{"_acf_changed":false,"footnotes":""},"categories":[3345],"tags":[],"class_list":["post-48772","post","type-post","status-publish","format-standard","has-post-thumbnail","hentry","category-formacion"],"acf":[],"yoast_head":"<!-- This site is optimized with the Yoast SEO plugin v27.5 - https:\/\/yoast.com\/product\/yoast-seo-wordpress\/ -->\n<title>\u00a1No te puedes perder la pr\u00f3xima BAU Talks el 19 de diciembre! &#8211; Poblenou Urban District<\/title>\n<meta name=\"robots\" content=\"index, follow, max-snippet:-1, max-image-preview:large, max-video-preview:-1\" \/>\n<link rel=\"canonical\" href=\"https:\/\/poblenouurbandistrict.com\/es\/no-et-pots-perdre-la-proxima-bau-talks-el-19-de-desembre\/\" \/>\n<meta property=\"og:locale\" content=\"es_ES\" \/>\n<meta property=\"og:type\" content=\"article\" \/>\n<meta property=\"og:title\" content=\"\u00a1No te puedes perder la pr\u00f3xima BAU Talks el 19 de diciembre! &#8211; Poblenou Urban District\" \/>\n<meta property=\"og:description\" content=\"El artista alem\u00e1n Niklas Roy, especializado en m\u00e1quinas y arte p\u00fablico, expondr\u00e1 su trabajo a las pr\u00f3ximas BAU Talks del... M\u00e1s \u2192\" \/>\n<meta property=\"og:url\" content=\"https:\/\/poblenouurbandistrict.com\/es\/no-et-pots-perdre-la-proxima-bau-talks-el-19-de-desembre\/\" \/>\n<meta property=\"og:site_name\" content=\"Poblenou Urban District\" \/>\n<meta property=\"article:published_time\" content=\"2024-12-12T14:28:44+00:00\" \/>\n<meta property=\"article:modified_time\" content=\"2024-12-12T14:29:04+00:00\" \/>\n<meta property=\"og:image\" content=\"https:\/\/poblenouurbandistrict.com\/wp-content\/uploads\/2024\/12\/captura-de-pantalla-2024-12-12-152812.jpg\" \/>\n\t<meta property=\"og:image:width\" content=\"1042\" \/>\n\t<meta property=\"og:image:height\" content=\"736\" \/>\n\t<meta property=\"og:image:type\" content=\"image\/jpeg\" \/>\n<meta name=\"author\" content=\"pnud\" \/>\n<meta name=\"twitter:card\" content=\"summary_large_image\" \/>\n<meta name=\"twitter:label1\" content=\"Escrito por\" \/>\n\t<meta name=\"twitter:data1\" content=\"pnud\" \/>\n\t<meta name=\"twitter:label2\" content=\"Tiempo de lectura\" \/>\n\t<meta name=\"twitter:data2\" content=\"2 minutos\" \/>\n<script type=\"application\/ld+json\" class=\"yoast-schema-graph\">{\"@context\":\"https:\\\/\\\/schema.org\",\"@graph\":[{\"@type\":\"Article\",\"@id\":\"https:\\\/\\\/poblenouurbandistrict.com\\\/no-et-pots-perdre-la-proxima-bau-talks-el-19-de-desembre\\\/#article\",\"isPartOf\":{\"@id\":\"https:\\\/\\\/poblenouurbandistrict.com\\\/no-et-pots-perdre-la-proxima-bau-talks-el-19-de-desembre\\\/\"},\"author\":{\"name\":\"pnud\",\"@id\":\"https:\\\/\\\/poblenouurbandistrict.com\\\/#\\\/schema\\\/person\\\/980a2cf34b399d5218205730acd54a7e\"},\"headline\":\"\u00a1No te puedes perder la pr\u00f3xima BAU Talks el 19 de diciembre!\",\"datePublished\":\"2024-12-12T14:28:44+00:00\",\"dateModified\":\"2024-12-12T14:29:04+00:00\",\"mainEntityOfPage\":{\"@id\":\"https:\\\/\\\/poblenouurbandistrict.com\\\/no-et-pots-perdre-la-proxima-bau-talks-el-19-de-desembre\\\/\"},\"wordCount\":384,\"image\":{\"@id\":\"https:\\\/\\\/poblenouurbandistrict.com\\\/no-et-pots-perdre-la-proxima-bau-talks-el-19-de-desembre\\\/#primaryimage\"},\"thumbnailUrl\":\"https:\\\/\\\/media.poblenouurbandistrict.com\\\/2024\\\/12\\\/25082425\\\/captura-de-pantalla-2024-12-12-152812.jpg\",\"articleSection\":[\"Formaci\u00f3n\"],\"inLanguage\":\"es\"},{\"@type\":\"WebPage\",\"@id\":\"https:\\\/\\\/poblenouurbandistrict.com\\\/es\\\/no-et-pots-perdre-la-proxima-bau-talks-el-19-de-desembre\\\/\",\"url\":\"https:\\\/\\\/poblenouurbandistrict.com\\\/es\\\/no-et-pots-perdre-la-proxima-bau-talks-el-19-de-desembre\\\/\",\"name\":\"\u00a1No te puedes perder la pr\u00f3xima BAU Talks el 19 de diciembre! &#8211; Poblenou Urban District\",\"isPartOf\":{\"@id\":\"https:\\\/\\\/poblenouurbandistrict.com\\\/es\\\/#website\"},\"primaryImageOfPage\":{\"@id\":\"https:\\\/\\\/poblenouurbandistrict.com\\\/es\\\/no-et-pots-perdre-la-proxima-bau-talks-el-19-de-desembre\\\/#primaryimage\"},\"image\":{\"@id\":\"https:\\\/\\\/poblenouurbandistrict.com\\\/no-et-pots-perdre-la-proxima-bau-talks-el-19-de-desembre\\\/#primaryimage\"},\"thumbnailUrl\":\"https:\\\/\\\/media.poblenouurbandistrict.com\\\/2024\\\/12\\\/25082425\\\/captura-de-pantalla-2024-12-12-152812.jpg\",\"datePublished\":\"2024-12-12T14:28:44+00:00\",\"dateModified\":\"2024-12-12T14:29:04+00:00\",\"author\":{\"@id\":\"https:\\\/\\\/poblenouurbandistrict.com\\\/#\\\/schema\\\/person\\\/980a2cf34b399d5218205730acd54a7e\"},\"breadcrumb\":{\"@id\":\"https:\\\/\\\/poblenouurbandistrict.com\\\/es\\\/no-et-pots-perdre-la-proxima-bau-talks-el-19-de-desembre\\\/#breadcrumb\"},\"inLanguage\":\"es\",\"potentialAction\":[{\"@type\":\"ReadAction\",\"target\":[[\"https:\\\/\\\/poblenouurbandistrict.com\\\/es\\\/no-et-pots-perdre-la-proxima-bau-talks-el-19-de-desembre\\\/\"]]}]},{\"@type\":\"ImageObject\",\"inLanguage\":\"es\",\"@id\":\"https:\\\/\\\/poblenouurbandistrict.com\\\/es\\\/no-et-pots-perdre-la-proxima-bau-talks-el-19-de-desembre\\\/#primaryimage\",\"url\":\"https:\\\/\\\/media.poblenouurbandistrict.com\\\/2024\\\/12\\\/25082425\\\/captura-de-pantalla-2024-12-12-152812.jpg\",\"contentUrl\":\"https:\\\/\\\/media.poblenouurbandistrict.com\\\/2024\\\/12\\\/25082425\\\/captura-de-pantalla-2024-12-12-152812.jpg\",\"width\":1042,\"height\":736},{\"@type\":\"BreadcrumbList\",\"@id\":\"https:\\\/\\\/poblenouurbandistrict.com\\\/es\\\/no-et-pots-perdre-la-proxima-bau-talks-el-19-de-desembre\\\/#breadcrumb\",\"itemListElement\":[{\"@type\":\"ListItem\",\"position\":1,\"name\":\"Home\",\"item\":\"https:\\\/\\\/poblenouurbandistrict.com\\\/es\\\/\"},{\"@type\":\"ListItem\",\"position\":2,\"name\":\"No et pots perdre la pr\u00f3xima BAU Talks del 19 de desembre!\"}]},{\"@type\":\"WebSite\",\"@id\":\"https:\\\/\\\/poblenouurbandistrict.com\\\/es\\\/#website\",\"url\":\"https:\\\/\\\/poblenouurbandistrict.com\\\/es\\\/\",\"name\":\"Poblenou Urban District\",\"description\":\"Comunidad Creativa\",\"potentialAction\":[{\"@type\":\"SearchAction\",\"target\":{\"@type\":\"EntryPoint\",\"urlTemplate\":\"https:\\\/\\\/poblenouurbandistrict.com\\\/es\\\/?s={search_term_string}\"},\"query-input\":{\"@type\":\"PropertyValueSpecification\",\"valueRequired\":true,\"valueName\":\"search_term_string\"}}],\"inLanguage\":\"es\"},{\"@type\":\"Person\",\"@id\":\"https:\\\/\\\/poblenouurbandistrict.com\\\/#\\\/schema\\\/person\\\/980a2cf34b399d5218205730acd54a7e\",\"name\":\"pnud\",\"image\":{\"@type\":\"ImageObject\",\"inLanguage\":\"es\",\"@id\":\"https:\\\/\\\/secure.gravatar.com\\\/avatar\\\/67146597b405ee077a24e519f75c3e2031736596d6ce35af3a34c122c93d0d7b?s=96&d=retro&r=g\",\"url\":\"https:\\\/\\\/secure.gravatar.com\\\/avatar\\\/67146597b405ee077a24e519f75c3e2031736596d6ce35af3a34c122c93d0d7b?s=96&d=retro&r=g\",\"contentUrl\":\"https:\\\/\\\/secure.gravatar.com\\\/avatar\\\/67146597b405ee077a24e519f75c3e2031736596d6ce35af3a34c122c93d0d7b?s=96&d=retro&r=g\",\"caption\":\"pnud\"}}]}<\/script>\n<!-- \/ Yoast SEO plugin. -->","yoast_head_json":{"title":"\u00a1No te puedes perder la pr\u00f3xima BAU Talks el 19 de diciembre! &#8211; Poblenou Urban District","robots":{"index":"index","follow":"follow","max-snippet":"max-snippet:-1","max-image-preview":"max-image-preview:large","max-video-preview":"max-video-preview:-1"},"canonical":"https:\/\/poblenouurbandistrict.com\/es\/no-et-pots-perdre-la-proxima-bau-talks-el-19-de-desembre\/","og_locale":"es_ES","og_type":"article","og_title":"\u00a1No te puedes perder la pr\u00f3xima BAU Talks el 19 de diciembre! &#8211; Poblenou Urban District","og_description":"El artista alem\u00e1n Niklas Roy, especializado en m\u00e1quinas y arte p\u00fablico, expondr\u00e1 su trabajo a las pr\u00f3ximas BAU Talks del... M\u00e1s \u2192","og_url":"https:\/\/poblenouurbandistrict.com\/es\/no-et-pots-perdre-la-proxima-bau-talks-el-19-de-desembre\/","og_site_name":"Poblenou Urban District","article_published_time":"2024-12-12T14:28:44+00:00","article_modified_time":"2024-12-12T14:29:04+00:00","og_image":[{"width":1042,"height":736,"url":"https:\/\/poblenouurbandistrict.com\/wp-content\/uploads\/2024\/12\/captura-de-pantalla-2024-12-12-152812.jpg","type":"image\/jpeg"}],"author":"pnud","twitter_card":"summary_large_image","twitter_misc":{"Escrito por":"pnud","Tiempo de lectura":"2 minutos"},"schema":{"@context":"https:\/\/schema.org","@graph":[{"@type":"Article","@id":"https:\/\/poblenouurbandistrict.com\/no-et-pots-perdre-la-proxima-bau-talks-el-19-de-desembre\/#article","isPartOf":{"@id":"https:\/\/poblenouurbandistrict.com\/no-et-pots-perdre-la-proxima-bau-talks-el-19-de-desembre\/"},"author":{"name":"pnud","@id":"https:\/\/poblenouurbandistrict.com\/#\/schema\/person\/980a2cf34b399d5218205730acd54a7e"},"headline":"\u00a1No te puedes perder la pr\u00f3xima BAU Talks el 19 de diciembre!","datePublished":"2024-12-12T14:28:44+00:00","dateModified":"2024-12-12T14:29:04+00:00","mainEntityOfPage":{"@id":"https:\/\/poblenouurbandistrict.com\/no-et-pots-perdre-la-proxima-bau-talks-el-19-de-desembre\/"},"wordCount":384,"image":{"@id":"https:\/\/poblenouurbandistrict.com\/no-et-pots-perdre-la-proxima-bau-talks-el-19-de-desembre\/#primaryimage"},"thumbnailUrl":"https:\/\/media.poblenouurbandistrict.com\/2024\/12\/25082425\/captura-de-pantalla-2024-12-12-152812.jpg","articleSection":["Formaci\u00f3n"],"inLanguage":"es"},{"@type":"WebPage","@id":"https:\/\/poblenouurbandistrict.com\/es\/no-et-pots-perdre-la-proxima-bau-talks-el-19-de-desembre\/","url":"https:\/\/poblenouurbandistrict.com\/es\/no-et-pots-perdre-la-proxima-bau-talks-el-19-de-desembre\/","name":"\u00a1No te puedes perder la pr\u00f3xima BAU Talks el 19 de diciembre! &#8211; Poblenou Urban District","isPartOf":{"@id":"https:\/\/poblenouurbandistrict.com\/es\/#website"},"primaryImageOfPage":{"@id":"https:\/\/poblenouurbandistrict.com\/es\/no-et-pots-perdre-la-proxima-bau-talks-el-19-de-desembre\/#primaryimage"},"image":{"@id":"https:\/\/poblenouurbandistrict.com\/no-et-pots-perdre-la-proxima-bau-talks-el-19-de-desembre\/#primaryimage"},"thumbnailUrl":"https:\/\/media.poblenouurbandistrict.com\/2024\/12\/25082425\/captura-de-pantalla-2024-12-12-152812.jpg","datePublished":"2024-12-12T14:28:44+00:00","dateModified":"2024-12-12T14:29:04+00:00","author":{"@id":"https:\/\/poblenouurbandistrict.com\/#\/schema\/person\/980a2cf34b399d5218205730acd54a7e"},"breadcrumb":{"@id":"https:\/\/poblenouurbandistrict.com\/es\/no-et-pots-perdre-la-proxima-bau-talks-el-19-de-desembre\/#breadcrumb"},"inLanguage":"es","potentialAction":[{"@type":"ReadAction","target":[["https:\/\/poblenouurbandistrict.com\/es\/no-et-pots-perdre-la-proxima-bau-talks-el-19-de-desembre\/"]]}]},{"@type":"ImageObject","inLanguage":"es","@id":"https:\/\/poblenouurbandistrict.com\/es\/no-et-pots-perdre-la-proxima-bau-talks-el-19-de-desembre\/#primaryimage","url":"https:\/\/media.poblenouurbandistrict.com\/2024\/12\/25082425\/captura-de-pantalla-2024-12-12-152812.jpg","contentUrl":"https:\/\/media.poblenouurbandistrict.com\/2024\/12\/25082425\/captura-de-pantalla-2024-12-12-152812.jpg","width":1042,"height":736},{"@type":"BreadcrumbList","@id":"https:\/\/poblenouurbandistrict.com\/es\/no-et-pots-perdre-la-proxima-bau-talks-el-19-de-desembre\/#breadcrumb","itemListElement":[{"@type":"ListItem","position":1,"name":"Home","item":"https:\/\/poblenouurbandistrict.com\/es\/"},{"@type":"ListItem","position":2,"name":"No et pots perdre la pr\u00f3xima BAU Talks del 19 de desembre!"}]},{"@type":"WebSite","@id":"https:\/\/poblenouurbandistrict.com\/es\/#website","url":"https:\/\/poblenouurbandistrict.com\/es\/","name":"Poblenou Urban District","description":"Comunidad Creativa","potentialAction":[{"@type":"SearchAction","target":{"@type":"EntryPoint","urlTemplate":"https:\/\/poblenouurbandistrict.com\/es\/?s={search_term_string}"},"query-input":{"@type":"PropertyValueSpecification","valueRequired":true,"valueName":"search_term_string"}}],"inLanguage":"es"},{"@type":"Person","@id":"https:\/\/poblenouurbandistrict.com\/#\/schema\/person\/980a2cf34b399d5218205730acd54a7e","name":"pnud","image":{"@type":"ImageObject","inLanguage":"es","@id":"https:\/\/secure.gravatar.com\/avatar\/67146597b405ee077a24e519f75c3e2031736596d6ce35af3a34c122c93d0d7b?s=96&d=retro&r=g","url":"https:\/\/secure.gravatar.com\/avatar\/67146597b405ee077a24e519f75c3e2031736596d6ce35af3a34c122c93d0d7b?s=96&d=retro&r=g","contentUrl":"https:\/\/secure.gravatar.com\/avatar\/67146597b405ee077a24e519f75c3e2031736596d6ce35af3a34c122c93d0d7b?s=96&d=retro&r=g","caption":"pnud"}}]}},"_links":{"self":[{"href":"https:\/\/poblenouurbandistrict.com\/es\/wp-json\/wp\/v2\/posts\/48772","targetHints":{"allow":["GET"]}}],"collection":[{"href":"https:\/\/poblenouurbandistrict.com\/es\/wp-json\/wp\/v2\/posts"}],"about":[{"href":"https:\/\/poblenouurbandistrict.com\/es\/wp-json\/wp\/v2\/types\/post"}],"author":[{"embeddable":true,"href":"https:\/\/poblenouurbandistrict.com\/es\/wp-json\/wp\/v2\/users\/5"}],"replies":[{"embeddable":true,"href":"https:\/\/poblenouurbandistrict.com\/es\/wp-json\/wp\/v2\/comments?post=48772"}],"version-history":[{"count":2,"href":"https:\/\/poblenouurbandistrict.com\/es\/wp-json\/wp\/v2\/posts\/48772\/revisions"}],"predecessor-version":[{"id":48775,"href":"https:\/\/poblenouurbandistrict.com\/es\/wp-json\/wp\/v2\/posts\/48772\/revisions\/48775"}],"wp:featuredmedia":[{"embeddable":true,"href":"https:\/\/poblenouurbandistrict.com\/es\/wp-json\/wp\/v2\/media\/48773"}],"wp:attachment":[{"href":"https:\/\/poblenouurbandistrict.com\/es\/wp-json\/wp\/v2\/media?parent=48772"}],"wp:term":[{"taxonomy":"category","embeddable":true,"href":"https:\/\/poblenouurbandistrict.com\/es\/wp-json\/wp\/v2\/categories?post=48772"},{"taxonomy":"post_tag","embeddable":true,"href":"https:\/\/poblenouurbandistrict.com\/es\/wp-json\/wp\/v2\/tags?post=48772"}],"curies":[{"name":"wp","href":"https:\/\/api.w.org\/{rel}","templated":true}]}}