{"id":48803,"date":"2024-12-19T14:11:20","date_gmt":"2024-12-19T13:11:20","guid":{"rendered":"https:\/\/poblenouurbandistrict.com\/?p=48803"},"modified":"2024-12-19T14:12:53","modified_gmt":"2024-12-19T13:12:53","slug":"dinars-de-nadal-i-sopars-de-cap-dany-al-districte-creatiu","status":"publish","type":"post","link":"https:\/\/poblenouurbandistrict.com\/es\/dinars-de-nadal-i-sopars-de-cap-dany-al-districte-creatiu\/","title":{"rendered":"Comidas de Navidad y cenas de Nochevieja en el Distrito Creativo"},"content":{"rendered":"<p><\/p>\n<p data-pm-slice=\"1 1 []\">Las fiestas son la ocasi\u00f3n perfecta para rodearte de tus seres queridos, y donde mejor que alrededor duna mesa llena de platos deliciosos? Aqu\u00ed tenso una compilaci\u00f3n de las propuestas gastron\u00f3micas de la comunidad de socios de Poblenou\u00a0Urban\u00a0District\u00a0para Navidad y Fin de a\u00f1o:<\/p>\n<h3><a href=\"https:\/\/www.instagram.com\/cuadrobcn\/?hl=es\"><strong>CUADRO<\/strong><\/a><\/h3>\n<p>El restaurante especializado en vinos y quesos ha preparado un delicioso men\u00fa de Navidad. Podr\u00e9is disfrutarlo las noches del 24, 25 y 26 de diciembre.<\/p>\n<p>\u00a1Y eso no es todo! La noche del 31 har\u00e1n una fiesta con un men\u00fa para dar la bienvenida al nuevo a\u00f1o de la mejor manera.<\/p>\n<p>Imprescindible reserva previa.<\/p>\n<hr \/>\n<div class=\"markdown prose w-full break-words dark:prose-invert dark\">\n<h3><a href=\"http:\/\/hotelbarcelonaprincess.com\/\"><strong>Hotel Barcelona Princess<\/strong><\/a><\/h3>\n<p>Disfruta de la fusi\u00f3n de gastronom\u00eda y m\u00fasica esta noche de fin de a\u00f1o en Dagma.<\/p>\n<p>Los chefs Pedro Montolio y David Bourg nos deleitar\u00e1n con un men\u00fa muy especial que amalgama sabores tradicionales de la Navidad con sorprendentes toques de vanguardia e influencia de cocinas internacionales. Para abrir boca se ofrecer\u00e1n cuatro peque\u00f1os aperitivos acompa\u00f1ados de un cava Brut Gran Reserva de burbuja fina.<\/p>\n<p>Despu\u00e9s de estos aperitivos comenzar\u00e1 una degustaci\u00f3n compuesta por seis platos espectaculares que iniciar\u00e1n con un Tartar de Buey de mar con mermelada de tomate y terminar\u00e1n con un contundente Lomo de ciervo con higos en papillote.<\/p>\n<p>El men\u00fa finalizar\u00e1 con unas pre postres digestivas: un Sorbete de apio y lima con fresas seguido del postre de la noche, el inolvidable Manzana-canela-vainilla.<\/p>\n<p>Durante la degustaci\u00f3n se servir\u00e1n tres vinos seleccionados cuidadosamente por Miquel Molina, director y sumiller de Dagma.<\/p>\n<p>A partir de las 23:30, los comensales disfrutar\u00e1n de m\u00fasica en vivo del d\u00fao formado por Suzanna &amp; Vittersweet, que har\u00e1 una breve pausa para que todos puedan seguir las campanadas y tomar las uvas de la suerte antes de continuar la fiesta hasta las 2:00 h al ritmo de sus propuestas funk, urban y pop.<\/p>\n<hr \/>\n<\/div>\n<h3><a href=\"https:\/\/www.melia.com\/es\/hoteles\/espana\/barcelona\/melia-barcelona-sky?esl-k=sem-google%7Cng%7Cc675418135668%7Cmp%7Ckmelia%20barcelona%20sky%7Cp%7Ct%7Cdc%7Ca134023297572%7Cg14891489977&amp;&amp;gad_source=1&amp;gclid=Cj0KCQiAsOq6BhDuARIsAGQ4-zgAGLTQvSwgqKu_NBbCZwbOnnQA3ZcPc9ST_x1HLkB4QajSpoZ_Xv4aApIGEALw_wcB&amp;gclsrc=aw.ds\">Meli\u00e1 Barcelona Sky<\/a><\/h3>\n<p>Celebra la melod\u00eda y el sabor de la Navidad en Meli\u00e1 con los men\u00fas especiales que han preparado. Difruta con familiares y amigos de la Cena de Nochebuena, la Comida de Navidad, la Comida de San Esteban y la Cena de Nochevieja, con la deliciosa comida de Meli\u00e1.<\/p>\n<hr \/>\n<h3><a href=\"https:\/\/www.thesocialhub.co\/es\/barcelona-poblenou\/\">Four Corners<\/a><\/h3>\n<p>Los especiales de temporada de Four Corners, inspirados en las tradiciones pero con su twist italoamericano. Y te\u00a0 invitan una copa de champ\u00e1n Veuve Clicquot!<\/p>\n<ul>\n<li><strong>Del 23 de diciembre al 5 de enero: <\/strong>Pollo relleno al estilo de la abuela de Don Davide, coles de Bruselas, salsa gravy y compota de grosella; Chocolate Hox, nubes, espuma de tiramis\u00fa; Cheescake de calabaza estilo NY.<\/li>\n<li><strong>Especial de Navidad \u2013 25 de diciembre: <\/strong>Escudella Italoamericana<\/li>\n<li><strong>D\u00eda de Sant Esteve \u2013 26 de diciembre: <\/strong>Canelones de rostit al estilo italoamericano.<\/li>\n<\/ul>\n<h3><a href=\"https:\/\/www.eventbrite.es\/e\/1098775118959?aff=oddtdtcreator\">Cena de Fin de A\u00f1o en Four Corners<\/a><\/h3>\n<p>Dale la bienvenida al 2025 con un fest\u00edn inolvidable. Contar\u00e1n con una propuesta italoamericana muy especial y dos turnos \u2013 a las 18h y a las 20:30h \u2013 para que disfrutes de un men\u00fa deli, deli.<\/p>\n<p>Y despu\u00e9s de la cena, \u00a1llegan las campanadas! Come las uvas en Hoxton para atraer la mejor suerte para el 2025.<\/p>\n<p><a href=\"https:\/\/www.eventbrite.es\/e\/1098775118959?aff=oddtdtcreator\">\u00a1Reserva tu spot antes de que se agoten!<\/a><\/p>","protected":false},"excerpt":{"rendered":"<p>Las fiestas son la ocasi\u00f3n perfecta para rodearte de tus seres queridos, y donde mejor que alrededor duna mesa llena&#8230; <a href=\"https:\/\/poblenouurbandistrict.com\/es\/dinars-de-nadal-i-sopars-de-cap-dany-al-districte-creatiu\/\">M\u00e1s  \u2192<\/a><\/p>\n","protected":false},"author":5,"featured_media":48759,"comment_status":"closed","ping_status":"closed","sticky":false,"template":"","format":"standard","meta":{"_acf_changed":false,"footnotes":""},"categories":[3353],"tags":[],"class_list":["post-48803","post","type-post","status-publish","format-standard","has-post-thumbnail","hentry","category-gastronomia"],"acf":[],"yoast_head":"<!-- This site is optimized with the Yoast SEO plugin v27.4 - https:\/\/yoast.com\/product\/yoast-seo-wordpress\/ -->\n<title>Comidas de Navidad y cenas de Nochevieja en el Distrito Creativo &#8211; Poblenou Urban District<\/title>\n<meta name=\"robots\" content=\"index, follow, max-snippet:-1, max-image-preview:large, max-video-preview:-1\" \/>\n<link rel=\"canonical\" href=\"https:\/\/poblenouurbandistrict.com\/es\/dinars-de-nadal-i-sopars-de-cap-dany-al-districte-creatiu\/\" \/>\n<meta property=\"og:locale\" content=\"es_ES\" \/>\n<meta property=\"og:type\" content=\"article\" \/>\n<meta property=\"og:title\" content=\"Comidas de Navidad y cenas de Nochevieja en el Distrito Creativo &#8211; Poblenou Urban District\" \/>\n<meta property=\"og:description\" content=\"Las fiestas son la ocasi\u00f3n perfecta para rodearte de tus seres queridos, y donde mejor que alrededor duna mesa llena... M\u00e1s \u2192\" \/>\n<meta property=\"og:url\" content=\"https:\/\/poblenouurbandistrict.com\/es\/dinars-de-nadal-i-sopars-de-cap-dany-al-districte-creatiu\/\" \/>\n<meta property=\"og:site_name\" content=\"Poblenou Urban District\" \/>\n<meta property=\"article:published_time\" content=\"2024-12-19T13:11:20+00:00\" \/>\n<meta property=\"article:modified_time\" content=\"2024-12-19T13:12:53+00:00\" \/>\n<meta property=\"og:image\" content=\"https:\/\/poblenouurbandistrict.com\/wp-content\/uploads\/2024\/12\/469816616-1015062573982397-377309426046176703-n-e1734000882211.jpg\" \/>\n\t<meta property=\"og:image:width\" content=\"1080\" \/>\n\t<meta property=\"og:image:height\" content=\"783\" \/>\n\t<meta property=\"og:image:type\" content=\"image\/jpeg\" \/>\n<meta name=\"author\" content=\"pnud\" \/>\n<meta name=\"twitter:card\" content=\"summary_large_image\" \/>\n<meta name=\"twitter:label1\" content=\"Escrito por\" \/>\n\t<meta name=\"twitter:data1\" content=\"pnud\" \/>\n\t<meta name=\"twitter:label2\" content=\"Tiempo de lectura\" \/>\n\t<meta name=\"twitter:data2\" content=\"3 minutos\" \/>\n<script type=\"application\/ld+json\" class=\"yoast-schema-graph\">{\"@context\":\"https:\\\/\\\/schema.org\",\"@graph\":[{\"@type\":\"Article\",\"@id\":\"https:\\\/\\\/poblenouurbandistrict.com\\\/dinars-de-nadal-i-sopars-de-cap-dany-al-districte-creatiu\\\/#article\",\"isPartOf\":{\"@id\":\"https:\\\/\\\/poblenouurbandistrict.com\\\/dinars-de-nadal-i-sopars-de-cap-dany-al-districte-creatiu\\\/\"},\"author\":{\"name\":\"pnud\",\"@id\":\"https:\\\/\\\/poblenouurbandistrict.com\\\/#\\\/schema\\\/person\\\/980a2cf34b399d5218205730acd54a7e\"},\"headline\":\"Comidas de Navidad y cenas de Nochevieja en el Distrito Creativo\",\"datePublished\":\"2024-12-19T13:11:20+00:00\",\"dateModified\":\"2024-12-19T13:12:53+00:00\",\"mainEntityOfPage\":{\"@id\":\"https:\\\/\\\/poblenouurbandistrict.com\\\/dinars-de-nadal-i-sopars-de-cap-dany-al-districte-creatiu\\\/\"},\"wordCount\":1090,\"image\":{\"@id\":\"https:\\\/\\\/poblenouurbandistrict.com\\\/dinars-de-nadal-i-sopars-de-cap-dany-al-districte-creatiu\\\/#primaryimage\"},\"thumbnailUrl\":\"https:\\\/\\\/media.poblenouurbandistrict.com\\\/2024\\\/12\\\/25082420\\\/469816616-1015062573982397-377309426046176703-n-e1734000882211.jpg\",\"articleSection\":[\"Gastronom\u00eda\"],\"inLanguage\":\"es\"},{\"@type\":\"WebPage\",\"@id\":\"https:\\\/\\\/poblenouurbandistrict.com\\\/es\\\/dinars-de-nadal-i-sopars-de-cap-dany-al-districte-creatiu\\\/\",\"url\":\"https:\\\/\\\/poblenouurbandistrict.com\\\/es\\\/dinars-de-nadal-i-sopars-de-cap-dany-al-districte-creatiu\\\/\",\"name\":\"Comidas de Navidad y cenas de Nochevieja en el Distrito Creativo &#8211; Poblenou Urban District\",\"isPartOf\":{\"@id\":\"https:\\\/\\\/poblenouurbandistrict.com\\\/es\\\/#website\"},\"primaryImageOfPage\":{\"@id\":\"https:\\\/\\\/poblenouurbandistrict.com\\\/es\\\/dinars-de-nadal-i-sopars-de-cap-dany-al-districte-creatiu\\\/#primaryimage\"},\"image\":{\"@id\":\"https:\\\/\\\/poblenouurbandistrict.com\\\/dinars-de-nadal-i-sopars-de-cap-dany-al-districte-creatiu\\\/#primaryimage\"},\"thumbnailUrl\":\"https:\\\/\\\/media.poblenouurbandistrict.com\\\/2024\\\/12\\\/25082420\\\/469816616-1015062573982397-377309426046176703-n-e1734000882211.jpg\",\"datePublished\":\"2024-12-19T13:11:20+00:00\",\"dateModified\":\"2024-12-19T13:12:53+00:00\",\"author\":{\"@id\":\"https:\\\/\\\/poblenouurbandistrict.com\\\/#\\\/schema\\\/person\\\/980a2cf34b399d5218205730acd54a7e\"},\"breadcrumb\":{\"@id\":\"https:\\\/\\\/poblenouurbandistrict.com\\\/es\\\/dinars-de-nadal-i-sopars-de-cap-dany-al-districte-creatiu\\\/#breadcrumb\"},\"inLanguage\":\"es\",\"potentialAction\":[{\"@type\":\"ReadAction\",\"target\":[[\"https:\\\/\\\/poblenouurbandistrict.com\\\/es\\\/dinars-de-nadal-i-sopars-de-cap-dany-al-districte-creatiu\\\/\"]]}]},{\"@type\":\"ImageObject\",\"inLanguage\":\"es\",\"@id\":\"https:\\\/\\\/poblenouurbandistrict.com\\\/es\\\/dinars-de-nadal-i-sopars-de-cap-dany-al-districte-creatiu\\\/#primaryimage\",\"url\":\"https:\\\/\\\/media.poblenouurbandistrict.com\\\/2024\\\/12\\\/25082420\\\/469816616-1015062573982397-377309426046176703-n-e1734000882211.jpg\",\"contentUrl\":\"https:\\\/\\\/media.poblenouurbandistrict.com\\\/2024\\\/12\\\/25082420\\\/469816616-1015062573982397-377309426046176703-n-e1734000882211.jpg\",\"width\":1080,\"height\":783},{\"@type\":\"BreadcrumbList\",\"@id\":\"https:\\\/\\\/poblenouurbandistrict.com\\\/es\\\/dinars-de-nadal-i-sopars-de-cap-dany-al-districte-creatiu\\\/#breadcrumb\",\"itemListElement\":[{\"@type\":\"ListItem\",\"position\":1,\"name\":\"Home\",\"item\":\"https:\\\/\\\/poblenouurbandistrict.com\\\/es\\\/\"},{\"@type\":\"ListItem\",\"position\":2,\"name\":\"Dinars de Nadal i sopars de Cap d&#8217;Any al Districte Creatiu\"}]},{\"@type\":\"WebSite\",\"@id\":\"https:\\\/\\\/poblenouurbandistrict.com\\\/es\\\/#website\",\"url\":\"https:\\\/\\\/poblenouurbandistrict.com\\\/es\\\/\",\"name\":\"Poblenou Urban District\",\"description\":\"Comunidad Creativa\",\"potentialAction\":[{\"@type\":\"SearchAction\",\"target\":{\"@type\":\"EntryPoint\",\"urlTemplate\":\"https:\\\/\\\/poblenouurbandistrict.com\\\/es\\\/?s={search_term_string}\"},\"query-input\":{\"@type\":\"PropertyValueSpecification\",\"valueRequired\":true,\"valueName\":\"search_term_string\"}}],\"inLanguage\":\"es\"},{\"@type\":\"Person\",\"@id\":\"https:\\\/\\\/poblenouurbandistrict.com\\\/#\\\/schema\\\/person\\\/980a2cf34b399d5218205730acd54a7e\",\"name\":\"pnud\",\"image\":{\"@type\":\"ImageObject\",\"inLanguage\":\"es\",\"@id\":\"https:\\\/\\\/secure.gravatar.com\\\/avatar\\\/67146597b405ee077a24e519f75c3e2031736596d6ce35af3a34c122c93d0d7b?s=96&d=retro&r=g\",\"url\":\"https:\\\/\\\/secure.gravatar.com\\\/avatar\\\/67146597b405ee077a24e519f75c3e2031736596d6ce35af3a34c122c93d0d7b?s=96&d=retro&r=g\",\"contentUrl\":\"https:\\\/\\\/secure.gravatar.com\\\/avatar\\\/67146597b405ee077a24e519f75c3e2031736596d6ce35af3a34c122c93d0d7b?s=96&d=retro&r=g\",\"caption\":\"pnud\"}}]}<\/script>\n<!-- \/ Yoast SEO plugin. -->","yoast_head_json":{"title":"Comidas de Navidad y cenas de Nochevieja en el Distrito Creativo &#8211; Poblenou Urban District","robots":{"index":"index","follow":"follow","max-snippet":"max-snippet:-1","max-image-preview":"max-image-preview:large","max-video-preview":"max-video-preview:-1"},"canonical":"https:\/\/poblenouurbandistrict.com\/es\/dinars-de-nadal-i-sopars-de-cap-dany-al-districte-creatiu\/","og_locale":"es_ES","og_type":"article","og_title":"Comidas de Navidad y cenas de Nochevieja en el Distrito Creativo &#8211; Poblenou Urban District","og_description":"Las fiestas son la ocasi\u00f3n perfecta para rodearte de tus seres queridos, y donde mejor que alrededor duna mesa llena... M\u00e1s \u2192","og_url":"https:\/\/poblenouurbandistrict.com\/es\/dinars-de-nadal-i-sopars-de-cap-dany-al-districte-creatiu\/","og_site_name":"Poblenou Urban District","article_published_time":"2024-12-19T13:11:20+00:00","article_modified_time":"2024-12-19T13:12:53+00:00","og_image":[{"width":1080,"height":783,"url":"https:\/\/poblenouurbandistrict.com\/wp-content\/uploads\/2024\/12\/469816616-1015062573982397-377309426046176703-n-e1734000882211.jpg","type":"image\/jpeg"}],"author":"pnud","twitter_card":"summary_large_image","twitter_misc":{"Escrito por":"pnud","Tiempo de lectura":"3 minutos"},"schema":{"@context":"https:\/\/schema.org","@graph":[{"@type":"Article","@id":"https:\/\/poblenouurbandistrict.com\/dinars-de-nadal-i-sopars-de-cap-dany-al-districte-creatiu\/#article","isPartOf":{"@id":"https:\/\/poblenouurbandistrict.com\/dinars-de-nadal-i-sopars-de-cap-dany-al-districte-creatiu\/"},"author":{"name":"pnud","@id":"https:\/\/poblenouurbandistrict.com\/#\/schema\/person\/980a2cf34b399d5218205730acd54a7e"},"headline":"Comidas de Navidad y cenas de Nochevieja en el Distrito Creativo","datePublished":"2024-12-19T13:11:20+00:00","dateModified":"2024-12-19T13:12:53+00:00","mainEntityOfPage":{"@id":"https:\/\/poblenouurbandistrict.com\/dinars-de-nadal-i-sopars-de-cap-dany-al-districte-creatiu\/"},"wordCount":1090,"image":{"@id":"https:\/\/poblenouurbandistrict.com\/dinars-de-nadal-i-sopars-de-cap-dany-al-districte-creatiu\/#primaryimage"},"thumbnailUrl":"https:\/\/media.poblenouurbandistrict.com\/2024\/12\/25082420\/469816616-1015062573982397-377309426046176703-n-e1734000882211.jpg","articleSection":["Gastronom\u00eda"],"inLanguage":"es"},{"@type":"WebPage","@id":"https:\/\/poblenouurbandistrict.com\/es\/dinars-de-nadal-i-sopars-de-cap-dany-al-districte-creatiu\/","url":"https:\/\/poblenouurbandistrict.com\/es\/dinars-de-nadal-i-sopars-de-cap-dany-al-districte-creatiu\/","name":"Comidas de Navidad y cenas de Nochevieja en el Distrito Creativo &#8211; Poblenou Urban District","isPartOf":{"@id":"https:\/\/poblenouurbandistrict.com\/es\/#website"},"primaryImageOfPage":{"@id":"https:\/\/poblenouurbandistrict.com\/es\/dinars-de-nadal-i-sopars-de-cap-dany-al-districte-creatiu\/#primaryimage"},"image":{"@id":"https:\/\/poblenouurbandistrict.com\/dinars-de-nadal-i-sopars-de-cap-dany-al-districte-creatiu\/#primaryimage"},"thumbnailUrl":"https:\/\/media.poblenouurbandistrict.com\/2024\/12\/25082420\/469816616-1015062573982397-377309426046176703-n-e1734000882211.jpg","datePublished":"2024-12-19T13:11:20+00:00","dateModified":"2024-12-19T13:12:53+00:00","author":{"@id":"https:\/\/poblenouurbandistrict.com\/#\/schema\/person\/980a2cf34b399d5218205730acd54a7e"},"breadcrumb":{"@id":"https:\/\/poblenouurbandistrict.com\/es\/dinars-de-nadal-i-sopars-de-cap-dany-al-districte-creatiu\/#breadcrumb"},"inLanguage":"es","potentialAction":[{"@type":"ReadAction","target":[["https:\/\/poblenouurbandistrict.com\/es\/dinars-de-nadal-i-sopars-de-cap-dany-al-districte-creatiu\/"]]}]},{"@type":"ImageObject","inLanguage":"es","@id":"https:\/\/poblenouurbandistrict.com\/es\/dinars-de-nadal-i-sopars-de-cap-dany-al-districte-creatiu\/#primaryimage","url":"https:\/\/media.poblenouurbandistrict.com\/2024\/12\/25082420\/469816616-1015062573982397-377309426046176703-n-e1734000882211.jpg","contentUrl":"https:\/\/media.poblenouurbandistrict.com\/2024\/12\/25082420\/469816616-1015062573982397-377309426046176703-n-e1734000882211.jpg","width":1080,"height":783},{"@type":"BreadcrumbList","@id":"https:\/\/poblenouurbandistrict.com\/es\/dinars-de-nadal-i-sopars-de-cap-dany-al-districte-creatiu\/#breadcrumb","itemListElement":[{"@type":"ListItem","position":1,"name":"Home","item":"https:\/\/poblenouurbandistrict.com\/es\/"},{"@type":"ListItem","position":2,"name":"Dinars de Nadal i sopars de Cap d&#8217;Any al Districte Creatiu"}]},{"@type":"WebSite","@id":"https:\/\/poblenouurbandistrict.com\/es\/#website","url":"https:\/\/poblenouurbandistrict.com\/es\/","name":"Poblenou Urban District","description":"Comunidad Creativa","potentialAction":[{"@type":"SearchAction","target":{"@type":"EntryPoint","urlTemplate":"https:\/\/poblenouurbandistrict.com\/es\/?s={search_term_string}"},"query-input":{"@type":"PropertyValueSpecification","valueRequired":true,"valueName":"search_term_string"}}],"inLanguage":"es"},{"@type":"Person","@id":"https:\/\/poblenouurbandistrict.com\/#\/schema\/person\/980a2cf34b399d5218205730acd54a7e","name":"pnud","image":{"@type":"ImageObject","inLanguage":"es","@id":"https:\/\/secure.gravatar.com\/avatar\/67146597b405ee077a24e519f75c3e2031736596d6ce35af3a34c122c93d0d7b?s=96&d=retro&r=g","url":"https:\/\/secure.gravatar.com\/avatar\/67146597b405ee077a24e519f75c3e2031736596d6ce35af3a34c122c93d0d7b?s=96&d=retro&r=g","contentUrl":"https:\/\/secure.gravatar.com\/avatar\/67146597b405ee077a24e519f75c3e2031736596d6ce35af3a34c122c93d0d7b?s=96&d=retro&r=g","caption":"pnud"}}]}},"_links":{"self":[{"href":"https:\/\/poblenouurbandistrict.com\/es\/wp-json\/wp\/v2\/posts\/48803","targetHints":{"allow":["GET"]}}],"collection":[{"href":"https:\/\/poblenouurbandistrict.com\/es\/wp-json\/wp\/v2\/posts"}],"about":[{"href":"https:\/\/poblenouurbandistrict.com\/es\/wp-json\/wp\/v2\/types\/post"}],"author":[{"embeddable":true,"href":"https:\/\/poblenouurbandistrict.com\/es\/wp-json\/wp\/v2\/users\/5"}],"replies":[{"embeddable":true,"href":"https:\/\/poblenouurbandistrict.com\/es\/wp-json\/wp\/v2\/comments?post=48803"}],"version-history":[{"count":2,"href":"https:\/\/poblenouurbandistrict.com\/es\/wp-json\/wp\/v2\/posts\/48803\/revisions"}],"predecessor-version":[{"id":48806,"href":"https:\/\/poblenouurbandistrict.com\/es\/wp-json\/wp\/v2\/posts\/48803\/revisions\/48806"}],"wp:featuredmedia":[{"embeddable":true,"href":"https:\/\/poblenouurbandistrict.com\/es\/wp-json\/wp\/v2\/media\/48759"}],"wp:attachment":[{"href":"https:\/\/poblenouurbandistrict.com\/es\/wp-json\/wp\/v2\/media?parent=48803"}],"wp:term":[{"taxonomy":"category","embeddable":true,"href":"https:\/\/poblenouurbandistrict.com\/es\/wp-json\/wp\/v2\/categories?post=48803"},{"taxonomy":"post_tag","embeddable":true,"href":"https:\/\/poblenouurbandistrict.com\/es\/wp-json\/wp\/v2\/tags?post=48803"}],"curies":[{"name":"wp","href":"https:\/\/api.w.org\/{rel}","templated":true}]}}