{"id":49092,"date":"2025-01-16T11:58:32","date_gmt":"2025-01-16T10:58:32","guid":{"rendered":"https:\/\/poblenouurbandistrict.com\/?p=49092"},"modified":"2025-01-20T19:34:36","modified_gmt":"2025-01-20T18:34:36","slug":"no-et-perdis-les-activitats-de-gener-a-can-framis","status":"publish","type":"post","link":"https:\/\/poblenouurbandistrict.com\/es\/no-et-perdis-les-activitats-de-gener-a-can-framis\/","title":{"rendered":"No te pierdas las actividades de enero en Can Framis"},"content":{"rendered":"<p>En el<a href=\"https:\/\/www.fundaciovilacasas.com\/ca\/museu\/museu-can-framis-barcelona\"> Museu Can Framis<\/a> siempre hay alguna actividad en marcha. Estas son las actividades que han preparado para el mes de enero:<\/p>\n<ul>\n<li><a href=\"https:\/\/www.fundaciovilacasas.com\/ca\/a\/jornada-i-de-formacio-per-a-professorat-secundaria-i-batxillerat\"><strong>I Jornada de Formaci\u00f3n para el Profesorado: Secundaria y Bachillerato<\/strong><\/a><\/li>\n<\/ul>\n<p><strong>18 de enero, de 10:00 a 14:00 h<\/strong><\/p>\n<p>Herramientas para integrar la pr\u00e1ctica art\u00edstica en la ense\u00f1anza de manera transversal.<\/p>\n<p>Sensibilizar y equipar al personal docente con las herramientas necesarias para integrar el arte en su pr\u00e1ctica educativa, fomentando un ambiente de aprendizaje creativo y enriquecedor. Ser\u00e1 un espacio para analizar, debatir y explorar c\u00f3mo los lenguajes art\u00edsticos pueden impulsar el aprendizaje competencial y el crecimiento personal del alumnado.<\/p>\n<p>Esta jornada estar\u00e1 impartida por <strong>#3Art<\/strong> con <strong>Toni Vila, Dimas F\u00e0bregas y Marco Fragoso<\/strong>.<\/p>\n<p><strong>Informaci\u00f3n pr\u00e1ctica:<\/strong><\/p>\n<ul>\n<li><strong>P\u00fablico:<\/strong> Docentes de Secundaria y Bachillerato de todas las \u00e1reas.<\/li>\n<li><strong>Fecha:<\/strong> 18 de enero, de 10:00 a 14:00 h.<\/li>\n<li><strong>Lugar:<\/strong> Museu Can Framis.<\/li>\n<li><strong>Duraci\u00f3n:<\/strong> 4 horas.<\/li>\n<\/ul>\n<p>Para poder participar en estas jornadas, es imprescindible presentar el carnet de docente.<\/p>\n<p><a href=\"https:\/\/www.fundaciovilacasas.com\/es\/a\/jornada-i-de-formacion-para-profesorado-secundaria-y-bachillerato\"><strong>Reserva previa obligatoria<\/strong>.<\/a><\/p>\n<hr \/>\n<ul>\n<li><a href=\"https:\/\/www.fundaciovilacasas.com\/ca\/a\/activitat-familiar-transportem-lart\"><strong>Actividad familiar: \u00a1Transportemos el arte!<\/strong><\/a><\/li>\n<\/ul>\n<p><strong>S\u00e1bado 25 de enero, 11:30 h<\/strong><\/p>\n<p>Un objeto de uso cotidiano est\u00e1 escondido en algunas obras del museo. Para descubrirlo, las familias deber\u00e1n dejarse llevar por los colores, las formas y las texturas de las piezas y explorar lugares insospechados. Tras el recorrido guiado por la exposici\u00f3n permanente, adultos y ni\u00f1os pondr\u00e1n en pr\u00e1ctica sus descubrimientos creando su propia obra.<\/p>\n<p><strong><a href=\"https:\/\/www.fundaciovilacasas.com\/es\/a\/actividad-familiar-transportamos-el-arte\">Reserva tu entrada.<\/a><\/strong><\/p>","protected":false},"excerpt":{"rendered":"<p>En el Museu Can Framis siempre hay alguna actividad en marcha. Estas son las actividades que han preparado para el&#8230; <a href=\"https:\/\/poblenouurbandistrict.com\/es\/no-et-perdis-les-activitats-de-gener-a-can-framis\/\">M\u00e1s  \u2192<\/a><\/p>\n","protected":false},"author":5,"featured_media":49097,"comment_status":"closed","ping_status":"closed","sticky":false,"template":"","format":"standard","meta":{"_acf_changed":false,"footnotes":""},"categories":[3342],"tags":[],"class_list":["post-49092","post","type-post","status-publish","format-standard","has-post-thumbnail","hentry","category-art"],"acf":[],"yoast_head":"<!-- This site is optimized with the Yoast SEO plugin v27.5 - https:\/\/yoast.com\/product\/yoast-seo-wordpress\/ -->\n<title>No te pierdas las actividades de enero en Can Framis &#8211; Poblenou Urban District<\/title>\n<meta name=\"robots\" content=\"index, follow, max-snippet:-1, max-image-preview:large, max-video-preview:-1\" \/>\n<link rel=\"canonical\" href=\"https:\/\/poblenouurbandistrict.com\/es\/no-et-perdis-les-activitats-de-gener-a-can-framis\/\" \/>\n<meta property=\"og:locale\" content=\"es_ES\" \/>\n<meta property=\"og:type\" content=\"article\" \/>\n<meta property=\"og:title\" content=\"No te pierdas las actividades de enero en Can Framis &#8211; Poblenou Urban District\" \/>\n<meta property=\"og:description\" content=\"En el Museu Can Framis siempre hay alguna actividad en marcha. Estas son las actividades que han preparado para el... M\u00e1s \u2192\" \/>\n<meta property=\"og:url\" content=\"https:\/\/poblenouurbandistrict.com\/es\/no-et-perdis-les-activitats-de-gener-a-can-framis\/\" \/>\n<meta property=\"og:site_name\" content=\"Poblenou Urban District\" \/>\n<meta property=\"article:published_time\" content=\"2025-01-16T10:58:32+00:00\" \/>\n<meta property=\"article:modified_time\" content=\"2025-01-20T18:34:36+00:00\" \/>\n<meta property=\"og:image\" content=\"https:\/\/poblenouurbandistrict.com\/wp-content\/uploads\/2025\/01\/arde-oct-203.jpg\" \/>\n\t<meta property=\"og:image:width\" content=\"2560\" \/>\n\t<meta property=\"og:image:height\" content=\"1703\" \/>\n\t<meta property=\"og:image:type\" content=\"image\/jpeg\" \/>\n<meta name=\"author\" content=\"pnud\" \/>\n<meta name=\"twitter:card\" content=\"summary_large_image\" \/>\n<meta name=\"twitter:label1\" content=\"Escrito por\" \/>\n\t<meta name=\"twitter:data1\" content=\"pnud\" \/>\n\t<meta name=\"twitter:label2\" content=\"Tiempo de lectura\" \/>\n\t<meta name=\"twitter:data2\" content=\"2 minutos\" \/>\n<script type=\"application\/ld+json\" class=\"yoast-schema-graph\">{\"@context\":\"https:\\\/\\\/schema.org\",\"@graph\":[{\"@type\":\"Article\",\"@id\":\"https:\\\/\\\/poblenouurbandistrict.com\\\/no-et-perdis-les-activitats-de-gener-a-can-framis\\\/#article\",\"isPartOf\":{\"@id\":\"https:\\\/\\\/poblenouurbandistrict.com\\\/no-et-perdis-les-activitats-de-gener-a-can-framis\\\/\"},\"author\":{\"name\":\"pnud\",\"@id\":\"https:\\\/\\\/poblenouurbandistrict.com\\\/#\\\/schema\\\/person\\\/980a2cf34b399d5218205730acd54a7e\"},\"headline\":\"No te pierdas las actividades de enero en Can Framis\",\"datePublished\":\"2025-01-16T10:58:32+00:00\",\"dateModified\":\"2025-01-20T18:34:36+00:00\",\"mainEntityOfPage\":{\"@id\":\"https:\\\/\\\/poblenouurbandistrict.com\\\/no-et-perdis-les-activitats-de-gener-a-can-framis\\\/\"},\"wordCount\":718,\"image\":{\"@id\":\"https:\\\/\\\/poblenouurbandistrict.com\\\/no-et-perdis-les-activitats-de-gener-a-can-framis\\\/#primaryimage\"},\"thumbnailUrl\":\"https:\\\/\\\/media.poblenouurbandistrict.com\\\/2025\\\/01\\\/25083016\\\/arde-oct-203.jpg\",\"articleSection\":[\"Arte\"],\"inLanguage\":\"es\"},{\"@type\":\"WebPage\",\"@id\":\"https:\\\/\\\/poblenouurbandistrict.com\\\/es\\\/no-et-perdis-les-activitats-de-gener-a-can-framis\\\/\",\"url\":\"https:\\\/\\\/poblenouurbandistrict.com\\\/es\\\/no-et-perdis-les-activitats-de-gener-a-can-framis\\\/\",\"name\":\"No te pierdas las actividades de enero en Can Framis &#8211; Poblenou Urban District\",\"isPartOf\":{\"@id\":\"https:\\\/\\\/poblenouurbandistrict.com\\\/es\\\/#website\"},\"primaryImageOfPage\":{\"@id\":\"https:\\\/\\\/poblenouurbandistrict.com\\\/es\\\/no-et-perdis-les-activitats-de-gener-a-can-framis\\\/#primaryimage\"},\"image\":{\"@id\":\"https:\\\/\\\/poblenouurbandistrict.com\\\/no-et-perdis-les-activitats-de-gener-a-can-framis\\\/#primaryimage\"},\"thumbnailUrl\":\"https:\\\/\\\/media.poblenouurbandistrict.com\\\/2025\\\/01\\\/25083016\\\/arde-oct-203.jpg\",\"datePublished\":\"2025-01-16T10:58:32+00:00\",\"dateModified\":\"2025-01-20T18:34:36+00:00\",\"author\":{\"@id\":\"https:\\\/\\\/poblenouurbandistrict.com\\\/#\\\/schema\\\/person\\\/980a2cf34b399d5218205730acd54a7e\"},\"breadcrumb\":{\"@id\":\"https:\\\/\\\/poblenouurbandistrict.com\\\/es\\\/no-et-perdis-les-activitats-de-gener-a-can-framis\\\/#breadcrumb\"},\"inLanguage\":\"es\",\"potentialAction\":[{\"@type\":\"ReadAction\",\"target\":[[\"https:\\\/\\\/poblenouurbandistrict.com\\\/es\\\/no-et-perdis-les-activitats-de-gener-a-can-framis\\\/\"]]}]},{\"@type\":\"ImageObject\",\"inLanguage\":\"es\",\"@id\":\"https:\\\/\\\/poblenouurbandistrict.com\\\/es\\\/no-et-perdis-les-activitats-de-gener-a-can-framis\\\/#primaryimage\",\"url\":\"https:\\\/\\\/media.poblenouurbandistrict.com\\\/2025\\\/01\\\/25083016\\\/arde-oct-203.jpg\",\"contentUrl\":\"https:\\\/\\\/media.poblenouurbandistrict.com\\\/2025\\\/01\\\/25083016\\\/arde-oct-203.jpg\",\"width\":2560,\"height\":1703},{\"@type\":\"BreadcrumbList\",\"@id\":\"https:\\\/\\\/poblenouurbandistrict.com\\\/es\\\/no-et-perdis-les-activitats-de-gener-a-can-framis\\\/#breadcrumb\",\"itemListElement\":[{\"@type\":\"ListItem\",\"position\":1,\"name\":\"Home\",\"item\":\"https:\\\/\\\/poblenouurbandistrict.com\\\/es\\\/\"},{\"@type\":\"ListItem\",\"position\":2,\"name\":\"No et perdis les activitats de gener a Can Framis\"}]},{\"@type\":\"WebSite\",\"@id\":\"https:\\\/\\\/poblenouurbandistrict.com\\\/es\\\/#website\",\"url\":\"https:\\\/\\\/poblenouurbandistrict.com\\\/es\\\/\",\"name\":\"Poblenou Urban District\",\"description\":\"Comunidad Creativa\",\"potentialAction\":[{\"@type\":\"SearchAction\",\"target\":{\"@type\":\"EntryPoint\",\"urlTemplate\":\"https:\\\/\\\/poblenouurbandistrict.com\\\/es\\\/?s={search_term_string}\"},\"query-input\":{\"@type\":\"PropertyValueSpecification\",\"valueRequired\":true,\"valueName\":\"search_term_string\"}}],\"inLanguage\":\"es\"},{\"@type\":\"Person\",\"@id\":\"https:\\\/\\\/poblenouurbandistrict.com\\\/#\\\/schema\\\/person\\\/980a2cf34b399d5218205730acd54a7e\",\"name\":\"pnud\",\"image\":{\"@type\":\"ImageObject\",\"inLanguage\":\"es\",\"@id\":\"https:\\\/\\\/secure.gravatar.com\\\/avatar\\\/67146597b405ee077a24e519f75c3e2031736596d6ce35af3a34c122c93d0d7b?s=96&d=retro&r=g\",\"url\":\"https:\\\/\\\/secure.gravatar.com\\\/avatar\\\/67146597b405ee077a24e519f75c3e2031736596d6ce35af3a34c122c93d0d7b?s=96&d=retro&r=g\",\"contentUrl\":\"https:\\\/\\\/secure.gravatar.com\\\/avatar\\\/67146597b405ee077a24e519f75c3e2031736596d6ce35af3a34c122c93d0d7b?s=96&d=retro&r=g\",\"caption\":\"pnud\"}}]}<\/script>\n<!-- \/ Yoast SEO plugin. -->","yoast_head_json":{"title":"No te pierdas las actividades de enero en Can Framis &#8211; Poblenou Urban District","robots":{"index":"index","follow":"follow","max-snippet":"max-snippet:-1","max-image-preview":"max-image-preview:large","max-video-preview":"max-video-preview:-1"},"canonical":"https:\/\/poblenouurbandistrict.com\/es\/no-et-perdis-les-activitats-de-gener-a-can-framis\/","og_locale":"es_ES","og_type":"article","og_title":"No te pierdas las actividades de enero en Can Framis &#8211; Poblenou Urban District","og_description":"En el Museu Can Framis siempre hay alguna actividad en marcha. Estas son las actividades que han preparado para el... M\u00e1s \u2192","og_url":"https:\/\/poblenouurbandistrict.com\/es\/no-et-perdis-les-activitats-de-gener-a-can-framis\/","og_site_name":"Poblenou Urban District","article_published_time":"2025-01-16T10:58:32+00:00","article_modified_time":"2025-01-20T18:34:36+00:00","og_image":[{"width":2560,"height":1703,"url":"https:\/\/poblenouurbandistrict.com\/wp-content\/uploads\/2025\/01\/arde-oct-203.jpg","type":"image\/jpeg"}],"author":"pnud","twitter_card":"summary_large_image","twitter_misc":{"Escrito por":"pnud","Tiempo de lectura":"2 minutos"},"schema":{"@context":"https:\/\/schema.org","@graph":[{"@type":"Article","@id":"https:\/\/poblenouurbandistrict.com\/no-et-perdis-les-activitats-de-gener-a-can-framis\/#article","isPartOf":{"@id":"https:\/\/poblenouurbandistrict.com\/no-et-perdis-les-activitats-de-gener-a-can-framis\/"},"author":{"name":"pnud","@id":"https:\/\/poblenouurbandistrict.com\/#\/schema\/person\/980a2cf34b399d5218205730acd54a7e"},"headline":"No te pierdas las actividades de enero en Can Framis","datePublished":"2025-01-16T10:58:32+00:00","dateModified":"2025-01-20T18:34:36+00:00","mainEntityOfPage":{"@id":"https:\/\/poblenouurbandistrict.com\/no-et-perdis-les-activitats-de-gener-a-can-framis\/"},"wordCount":718,"image":{"@id":"https:\/\/poblenouurbandistrict.com\/no-et-perdis-les-activitats-de-gener-a-can-framis\/#primaryimage"},"thumbnailUrl":"https:\/\/media.poblenouurbandistrict.com\/2025\/01\/25083016\/arde-oct-203.jpg","articleSection":["Arte"],"inLanguage":"es"},{"@type":"WebPage","@id":"https:\/\/poblenouurbandistrict.com\/es\/no-et-perdis-les-activitats-de-gener-a-can-framis\/","url":"https:\/\/poblenouurbandistrict.com\/es\/no-et-perdis-les-activitats-de-gener-a-can-framis\/","name":"No te pierdas las actividades de enero en Can Framis &#8211; Poblenou Urban District","isPartOf":{"@id":"https:\/\/poblenouurbandistrict.com\/es\/#website"},"primaryImageOfPage":{"@id":"https:\/\/poblenouurbandistrict.com\/es\/no-et-perdis-les-activitats-de-gener-a-can-framis\/#primaryimage"},"image":{"@id":"https:\/\/poblenouurbandistrict.com\/no-et-perdis-les-activitats-de-gener-a-can-framis\/#primaryimage"},"thumbnailUrl":"https:\/\/media.poblenouurbandistrict.com\/2025\/01\/25083016\/arde-oct-203.jpg","datePublished":"2025-01-16T10:58:32+00:00","dateModified":"2025-01-20T18:34:36+00:00","author":{"@id":"https:\/\/poblenouurbandistrict.com\/#\/schema\/person\/980a2cf34b399d5218205730acd54a7e"},"breadcrumb":{"@id":"https:\/\/poblenouurbandistrict.com\/es\/no-et-perdis-les-activitats-de-gener-a-can-framis\/#breadcrumb"},"inLanguage":"es","potentialAction":[{"@type":"ReadAction","target":[["https:\/\/poblenouurbandistrict.com\/es\/no-et-perdis-les-activitats-de-gener-a-can-framis\/"]]}]},{"@type":"ImageObject","inLanguage":"es","@id":"https:\/\/poblenouurbandistrict.com\/es\/no-et-perdis-les-activitats-de-gener-a-can-framis\/#primaryimage","url":"https:\/\/media.poblenouurbandistrict.com\/2025\/01\/25083016\/arde-oct-203.jpg","contentUrl":"https:\/\/media.poblenouurbandistrict.com\/2025\/01\/25083016\/arde-oct-203.jpg","width":2560,"height":1703},{"@type":"BreadcrumbList","@id":"https:\/\/poblenouurbandistrict.com\/es\/no-et-perdis-les-activitats-de-gener-a-can-framis\/#breadcrumb","itemListElement":[{"@type":"ListItem","position":1,"name":"Home","item":"https:\/\/poblenouurbandistrict.com\/es\/"},{"@type":"ListItem","position":2,"name":"No et perdis les activitats de gener a Can Framis"}]},{"@type":"WebSite","@id":"https:\/\/poblenouurbandistrict.com\/es\/#website","url":"https:\/\/poblenouurbandistrict.com\/es\/","name":"Poblenou Urban District","description":"Comunidad Creativa","potentialAction":[{"@type":"SearchAction","target":{"@type":"EntryPoint","urlTemplate":"https:\/\/poblenouurbandistrict.com\/es\/?s={search_term_string}"},"query-input":{"@type":"PropertyValueSpecification","valueRequired":true,"valueName":"search_term_string"}}],"inLanguage":"es"},{"@type":"Person","@id":"https:\/\/poblenouurbandistrict.com\/#\/schema\/person\/980a2cf34b399d5218205730acd54a7e","name":"pnud","image":{"@type":"ImageObject","inLanguage":"es","@id":"https:\/\/secure.gravatar.com\/avatar\/67146597b405ee077a24e519f75c3e2031736596d6ce35af3a34c122c93d0d7b?s=96&d=retro&r=g","url":"https:\/\/secure.gravatar.com\/avatar\/67146597b405ee077a24e519f75c3e2031736596d6ce35af3a34c122c93d0d7b?s=96&d=retro&r=g","contentUrl":"https:\/\/secure.gravatar.com\/avatar\/67146597b405ee077a24e519f75c3e2031736596d6ce35af3a34c122c93d0d7b?s=96&d=retro&r=g","caption":"pnud"}}]}},"_links":{"self":[{"href":"https:\/\/poblenouurbandistrict.com\/es\/wp-json\/wp\/v2\/posts\/49092","targetHints":{"allow":["GET"]}}],"collection":[{"href":"https:\/\/poblenouurbandistrict.com\/es\/wp-json\/wp\/v2\/posts"}],"about":[{"href":"https:\/\/poblenouurbandistrict.com\/es\/wp-json\/wp\/v2\/types\/post"}],"author":[{"embeddable":true,"href":"https:\/\/poblenouurbandistrict.com\/es\/wp-json\/wp\/v2\/users\/5"}],"replies":[{"embeddable":true,"href":"https:\/\/poblenouurbandistrict.com\/es\/wp-json\/wp\/v2\/comments?post=49092"}],"version-history":[{"count":2,"href":"https:\/\/poblenouurbandistrict.com\/es\/wp-json\/wp\/v2\/posts\/49092\/revisions"}],"predecessor-version":[{"id":49099,"href":"https:\/\/poblenouurbandistrict.com\/es\/wp-json\/wp\/v2\/posts\/49092\/revisions\/49099"}],"wp:featuredmedia":[{"embeddable":true,"href":"https:\/\/poblenouurbandistrict.com\/es\/wp-json\/wp\/v2\/media\/49097"}],"wp:attachment":[{"href":"https:\/\/poblenouurbandistrict.com\/es\/wp-json\/wp\/v2\/media?parent=49092"}],"wp:term":[{"taxonomy":"category","embeddable":true,"href":"https:\/\/poblenouurbandistrict.com\/es\/wp-json\/wp\/v2\/categories?post=49092"},{"taxonomy":"post_tag","embeddable":true,"href":"https:\/\/poblenouurbandistrict.com\/es\/wp-json\/wp\/v2\/tags?post=49092"}],"curies":[{"name":"wp","href":"https:\/\/api.w.org\/{rel}","templated":true}]}}