{"id":49680,"date":"2025-02-13T15:59:33","date_gmt":"2025-02-13T14:59:33","guid":{"rendered":"https:\/\/poblenouurbandistrict.com\/?p=49680"},"modified":"2025-02-13T16:00:03","modified_gmt":"2025-02-13T15:00:03","slug":"inauguracio-de-narrativa-abstracta-de-rosanna-casano-a-piramidon","status":"publish","type":"post","link":"https:\/\/poblenouurbandistrict.com\/es\/inauguracio-de-narrativa-abstracta-de-rosanna-casano-a-piramidon\/","title":{"rendered":"Inauguraci\u00f3n de \u00abNarrativa Abstracta\u00bb de Rosanna Casano en Piramid\u00f3n"},"content":{"rendered":"<p><\/p>\n<p data-start=\"33\" data-end=\"284\">El pr\u00f3ximo s\u00e1bado 15 de febrero, de 11h a 14h, Piramid\u00f3n te invita a la inauguraci\u00f3n de <em data-start=\"121\" data-end=\"144\">\u00abNarrativa Abstracta\u00bb<\/em>, la nueva exposici\u00f3n individual de Rosanna Casano. Un encuentro con su obra en el marco del ya tradicional s\u00e1bado de vermut de Piramid\u00f3n.<\/p>\n<p data-start=\"286\" data-end=\"662\">Con <em data-start=\"290\" data-end=\"311\">Narrativa abstracta<\/em>, Rosanna Casano busca sumergirnos en un universo pict\u00f3rico que aborda la impermanencia como concepto central. A trav\u00e9s de una serie de pinturas realizadas con una t\u00e9cnica desarrollada en los a\u00f1os 90, la artista investiga la relaci\u00f3n entre la materia, el tiempo y la memoria, invit\u00e1ndonos a reflexionar sobre c\u00f3mo lo ef\u00edmero se convierte en visible.<\/p>\n<p data-start=\"664\" data-end=\"1183\">Las obras surgen de un proceso creativo guiado por la intuici\u00f3n, en el que el azar y el gesto se entrelazan para formar im\u00e1genes que no son fijas ni definitivas, sino fluidas y cambiantes, como una puesta en escena que se desintegra mientras la observamos. Cada obra refleja esta impermanencia, sugiriendo historias en los l\u00edmites de lo visible. Es la memoria y la mirada del observador las que construyen el relato, encontrando significados en la ambig\u00fcedad; lo invisible se vuelve visible y lo definido se disuelve.<\/p>\n<p data-start=\"1185\" data-end=\"1337\">El s\u00e1bado 15 de febrero, a las 13h, la artista ofrecer\u00e1 una visita guiada para profundizar en su proceso creativo y compartir los detalles de la obra.<\/p>\n<p><\/p>","protected":false},"excerpt":{"rendered":"<p>El pr\u00f3ximo s\u00e1bado 15 de febrero, de 11h a 14h, Piramid\u00f3n te invita a la inauguraci\u00f3n de \u00abNarrativa Abstracta\u00bb, la&#8230; <a href=\"https:\/\/poblenouurbandistrict.com\/es\/inauguracio-de-narrativa-abstracta-de-rosanna-casano-a-piramidon\/\">M\u00e1s  \u2192<\/a><\/p>\n","protected":false},"author":5,"featured_media":49716,"comment_status":"closed","ping_status":"closed","sticky":false,"template":"","format":"standard","meta":{"_acf_changed":false,"footnotes":""},"categories":[1],"tags":[],"class_list":["post-49680","post","type-post","status-publish","format-standard","has-post-thumbnail","hentry","category-noticias"],"acf":[],"yoast_head":"<!-- This site is optimized with the Yoast SEO plugin v27.5 - https:\/\/yoast.com\/product\/yoast-seo-wordpress\/ -->\n<title>Inauguraci\u00f3n de &quot;Narrativa Abstracta&quot; de Rosanna Casano en Piramid\u00f3n &#8211; Poblenou Urban District<\/title>\n<meta name=\"robots\" content=\"index, follow, max-snippet:-1, max-image-preview:large, max-video-preview:-1\" \/>\n<link rel=\"canonical\" href=\"https:\/\/poblenouurbandistrict.com\/es\/inauguracio-de-narrativa-abstracta-de-rosanna-casano-a-piramidon\/\" \/>\n<meta property=\"og:locale\" content=\"es_ES\" \/>\n<meta property=\"og:type\" content=\"article\" \/>\n<meta property=\"og:title\" content=\"Inauguraci\u00f3n de &quot;Narrativa Abstracta&quot; de Rosanna Casano en Piramid\u00f3n &#8211; Poblenou Urban District\" \/>\n<meta property=\"og:description\" content=\"El pr\u00f3ximo s\u00e1bado 15 de febrero, de 11h a 14h, Piramid\u00f3n te invita a la inauguraci\u00f3n de \u00abNarrativa Abstracta\u00bb, la... M\u00e1s \u2192\" \/>\n<meta property=\"og:url\" content=\"https:\/\/poblenouurbandistrict.com\/es\/inauguracio-de-narrativa-abstracta-de-rosanna-casano-a-piramidon\/\" \/>\n<meta property=\"og:site_name\" content=\"Poblenou Urban District\" \/>\n<meta property=\"article:published_time\" content=\"2025-02-13T14:59:33+00:00\" \/>\n<meta property=\"article:modified_time\" content=\"2025-02-13T15:00:03+00:00\" \/>\n<meta property=\"og:image\" content=\"https:\/\/poblenouurbandistrict.com\/wp-content\/uploads\/2025\/02\/arde-x-emidelpiccolo-129.jpg\" \/>\n\t<meta property=\"og:image:width\" content=\"2560\" \/>\n\t<meta property=\"og:image:height\" content=\"1703\" \/>\n\t<meta property=\"og:image:type\" content=\"image\/jpeg\" \/>\n<meta name=\"author\" content=\"pnud\" \/>\n<meta name=\"twitter:card\" content=\"summary_large_image\" \/>\n<meta name=\"twitter:label1\" content=\"Escrito por\" \/>\n\t<meta name=\"twitter:data1\" content=\"pnud\" \/>\n\t<meta name=\"twitter:label2\" content=\"Tiempo de lectura\" \/>\n\t<meta name=\"twitter:data2\" content=\"2 minutos\" \/>\n<script type=\"application\/ld+json\" class=\"yoast-schema-graph\">{\"@context\":\"https:\\\/\\\/schema.org\",\"@graph\":[{\"@type\":\"Article\",\"@id\":\"https:\\\/\\\/poblenouurbandistrict.com\\\/inauguracio-de-narrativa-abstracta-de-rosanna-casano-a-piramidon\\\/#article\",\"isPartOf\":{\"@id\":\"https:\\\/\\\/poblenouurbandistrict.com\\\/inauguracio-de-narrativa-abstracta-de-rosanna-casano-a-piramidon\\\/\"},\"author\":{\"name\":\"pnud\",\"@id\":\"https:\\\/\\\/poblenouurbandistrict.com\\\/#\\\/schema\\\/person\\\/980a2cf34b399d5218205730acd54a7e\"},\"headline\":\"Inauguraci\u00f3n de \u00abNarrativa Abstracta\u00bb de Rosanna Casano en Piramid\u00f3n\",\"datePublished\":\"2025-02-13T14:59:33+00:00\",\"dateModified\":\"2025-02-13T15:00:03+00:00\",\"mainEntityOfPage\":{\"@id\":\"https:\\\/\\\/poblenouurbandistrict.com\\\/inauguracio-de-narrativa-abstracta-de-rosanna-casano-a-piramidon\\\/\"},\"wordCount\":692,\"image\":{\"@id\":\"https:\\\/\\\/poblenouurbandistrict.com\\\/inauguracio-de-narrativa-abstracta-de-rosanna-casano-a-piramidon\\\/#primaryimage\"},\"thumbnailUrl\":\"https:\\\/\\\/media.poblenouurbandistrict.com\\\/2025\\\/02\\\/25083842\\\/arde-x-emidelpiccolo-129.jpg\",\"articleSection\":[\"Est\u00e1 pasando\"],\"inLanguage\":\"es\"},{\"@type\":\"WebPage\",\"@id\":\"https:\\\/\\\/poblenouurbandistrict.com\\\/es\\\/inauguracio-de-narrativa-abstracta-de-rosanna-casano-a-piramidon\\\/\",\"url\":\"https:\\\/\\\/poblenouurbandistrict.com\\\/es\\\/inauguracio-de-narrativa-abstracta-de-rosanna-casano-a-piramidon\\\/\",\"name\":\"Inauguraci\u00f3n de \\\"Narrativa Abstracta\\\" de Rosanna Casano en Piramid\u00f3n &#8211; Poblenou Urban District\",\"isPartOf\":{\"@id\":\"https:\\\/\\\/poblenouurbandistrict.com\\\/es\\\/#website\"},\"primaryImageOfPage\":{\"@id\":\"https:\\\/\\\/poblenouurbandistrict.com\\\/es\\\/inauguracio-de-narrativa-abstracta-de-rosanna-casano-a-piramidon\\\/#primaryimage\"},\"image\":{\"@id\":\"https:\\\/\\\/poblenouurbandistrict.com\\\/inauguracio-de-narrativa-abstracta-de-rosanna-casano-a-piramidon\\\/#primaryimage\"},\"thumbnailUrl\":\"https:\\\/\\\/media.poblenouurbandistrict.com\\\/2025\\\/02\\\/25083842\\\/arde-x-emidelpiccolo-129.jpg\",\"datePublished\":\"2025-02-13T14:59:33+00:00\",\"dateModified\":\"2025-02-13T15:00:03+00:00\",\"author\":{\"@id\":\"https:\\\/\\\/poblenouurbandistrict.com\\\/#\\\/schema\\\/person\\\/980a2cf34b399d5218205730acd54a7e\"},\"breadcrumb\":{\"@id\":\"https:\\\/\\\/poblenouurbandistrict.com\\\/es\\\/inauguracio-de-narrativa-abstracta-de-rosanna-casano-a-piramidon\\\/#breadcrumb\"},\"inLanguage\":\"es\",\"potentialAction\":[{\"@type\":\"ReadAction\",\"target\":[[\"https:\\\/\\\/poblenouurbandistrict.com\\\/es\\\/inauguracio-de-narrativa-abstracta-de-rosanna-casano-a-piramidon\\\/\"]]}]},{\"@type\":\"ImageObject\",\"inLanguage\":\"es\",\"@id\":\"https:\\\/\\\/poblenouurbandistrict.com\\\/es\\\/inauguracio-de-narrativa-abstracta-de-rosanna-casano-a-piramidon\\\/#primaryimage\",\"url\":\"https:\\\/\\\/media.poblenouurbandistrict.com\\\/2025\\\/02\\\/25083842\\\/arde-x-emidelpiccolo-129.jpg\",\"contentUrl\":\"https:\\\/\\\/media.poblenouurbandistrict.com\\\/2025\\\/02\\\/25083842\\\/arde-x-emidelpiccolo-129.jpg\",\"width\":2560,\"height\":1703},{\"@type\":\"BreadcrumbList\",\"@id\":\"https:\\\/\\\/poblenouurbandistrict.com\\\/es\\\/inauguracio-de-narrativa-abstracta-de-rosanna-casano-a-piramidon\\\/#breadcrumb\",\"itemListElement\":[{\"@type\":\"ListItem\",\"position\":1,\"name\":\"Home\",\"item\":\"https:\\\/\\\/poblenouurbandistrict.com\\\/es\\\/\"},{\"@type\":\"ListItem\",\"position\":2,\"name\":\"Inauguraci\u00f3 de &#8220;Narrativa Abstracta&#8221; de Rosanna Casano a Piramid\u00f3n\"}]},{\"@type\":\"WebSite\",\"@id\":\"https:\\\/\\\/poblenouurbandistrict.com\\\/es\\\/#website\",\"url\":\"https:\\\/\\\/poblenouurbandistrict.com\\\/es\\\/\",\"name\":\"Poblenou Urban District\",\"description\":\"Comunidad Creativa\",\"potentialAction\":[{\"@type\":\"SearchAction\",\"target\":{\"@type\":\"EntryPoint\",\"urlTemplate\":\"https:\\\/\\\/poblenouurbandistrict.com\\\/es\\\/?s={search_term_string}\"},\"query-input\":{\"@type\":\"PropertyValueSpecification\",\"valueRequired\":true,\"valueName\":\"search_term_string\"}}],\"inLanguage\":\"es\"},{\"@type\":\"Person\",\"@id\":\"https:\\\/\\\/poblenouurbandistrict.com\\\/#\\\/schema\\\/person\\\/980a2cf34b399d5218205730acd54a7e\",\"name\":\"pnud\",\"image\":{\"@type\":\"ImageObject\",\"inLanguage\":\"es\",\"@id\":\"https:\\\/\\\/secure.gravatar.com\\\/avatar\\\/67146597b405ee077a24e519f75c3e2031736596d6ce35af3a34c122c93d0d7b?s=96&d=retro&r=g\",\"url\":\"https:\\\/\\\/secure.gravatar.com\\\/avatar\\\/67146597b405ee077a24e519f75c3e2031736596d6ce35af3a34c122c93d0d7b?s=96&d=retro&r=g\",\"contentUrl\":\"https:\\\/\\\/secure.gravatar.com\\\/avatar\\\/67146597b405ee077a24e519f75c3e2031736596d6ce35af3a34c122c93d0d7b?s=96&d=retro&r=g\",\"caption\":\"pnud\"}}]}<\/script>\n<!-- \/ Yoast SEO plugin. -->","yoast_head_json":{"title":"Inauguraci\u00f3n de \"Narrativa Abstracta\" de Rosanna Casano en Piramid\u00f3n &#8211; Poblenou Urban District","robots":{"index":"index","follow":"follow","max-snippet":"max-snippet:-1","max-image-preview":"max-image-preview:large","max-video-preview":"max-video-preview:-1"},"canonical":"https:\/\/poblenouurbandistrict.com\/es\/inauguracio-de-narrativa-abstracta-de-rosanna-casano-a-piramidon\/","og_locale":"es_ES","og_type":"article","og_title":"Inauguraci\u00f3n de \"Narrativa Abstracta\" de Rosanna Casano en Piramid\u00f3n &#8211; Poblenou Urban District","og_description":"El pr\u00f3ximo s\u00e1bado 15 de febrero, de 11h a 14h, Piramid\u00f3n te invita a la inauguraci\u00f3n de \u00abNarrativa Abstracta\u00bb, la... M\u00e1s \u2192","og_url":"https:\/\/poblenouurbandistrict.com\/es\/inauguracio-de-narrativa-abstracta-de-rosanna-casano-a-piramidon\/","og_site_name":"Poblenou Urban District","article_published_time":"2025-02-13T14:59:33+00:00","article_modified_time":"2025-02-13T15:00:03+00:00","og_image":[{"width":2560,"height":1703,"url":"https:\/\/poblenouurbandistrict.com\/wp-content\/uploads\/2025\/02\/arde-x-emidelpiccolo-129.jpg","type":"image\/jpeg"}],"author":"pnud","twitter_card":"summary_large_image","twitter_misc":{"Escrito por":"pnud","Tiempo de lectura":"2 minutos"},"schema":{"@context":"https:\/\/schema.org","@graph":[{"@type":"Article","@id":"https:\/\/poblenouurbandistrict.com\/inauguracio-de-narrativa-abstracta-de-rosanna-casano-a-piramidon\/#article","isPartOf":{"@id":"https:\/\/poblenouurbandistrict.com\/inauguracio-de-narrativa-abstracta-de-rosanna-casano-a-piramidon\/"},"author":{"name":"pnud","@id":"https:\/\/poblenouurbandistrict.com\/#\/schema\/person\/980a2cf34b399d5218205730acd54a7e"},"headline":"Inauguraci\u00f3n de \u00abNarrativa Abstracta\u00bb de Rosanna Casano en Piramid\u00f3n","datePublished":"2025-02-13T14:59:33+00:00","dateModified":"2025-02-13T15:00:03+00:00","mainEntityOfPage":{"@id":"https:\/\/poblenouurbandistrict.com\/inauguracio-de-narrativa-abstracta-de-rosanna-casano-a-piramidon\/"},"wordCount":692,"image":{"@id":"https:\/\/poblenouurbandistrict.com\/inauguracio-de-narrativa-abstracta-de-rosanna-casano-a-piramidon\/#primaryimage"},"thumbnailUrl":"https:\/\/media.poblenouurbandistrict.com\/2025\/02\/25083842\/arde-x-emidelpiccolo-129.jpg","articleSection":["Est\u00e1 pasando"],"inLanguage":"es"},{"@type":"WebPage","@id":"https:\/\/poblenouurbandistrict.com\/es\/inauguracio-de-narrativa-abstracta-de-rosanna-casano-a-piramidon\/","url":"https:\/\/poblenouurbandistrict.com\/es\/inauguracio-de-narrativa-abstracta-de-rosanna-casano-a-piramidon\/","name":"Inauguraci\u00f3n de \"Narrativa Abstracta\" de Rosanna Casano en Piramid\u00f3n &#8211; Poblenou Urban District","isPartOf":{"@id":"https:\/\/poblenouurbandistrict.com\/es\/#website"},"primaryImageOfPage":{"@id":"https:\/\/poblenouurbandistrict.com\/es\/inauguracio-de-narrativa-abstracta-de-rosanna-casano-a-piramidon\/#primaryimage"},"image":{"@id":"https:\/\/poblenouurbandistrict.com\/inauguracio-de-narrativa-abstracta-de-rosanna-casano-a-piramidon\/#primaryimage"},"thumbnailUrl":"https:\/\/media.poblenouurbandistrict.com\/2025\/02\/25083842\/arde-x-emidelpiccolo-129.jpg","datePublished":"2025-02-13T14:59:33+00:00","dateModified":"2025-02-13T15:00:03+00:00","author":{"@id":"https:\/\/poblenouurbandistrict.com\/#\/schema\/person\/980a2cf34b399d5218205730acd54a7e"},"breadcrumb":{"@id":"https:\/\/poblenouurbandistrict.com\/es\/inauguracio-de-narrativa-abstracta-de-rosanna-casano-a-piramidon\/#breadcrumb"},"inLanguage":"es","potentialAction":[{"@type":"ReadAction","target":[["https:\/\/poblenouurbandistrict.com\/es\/inauguracio-de-narrativa-abstracta-de-rosanna-casano-a-piramidon\/"]]}]},{"@type":"ImageObject","inLanguage":"es","@id":"https:\/\/poblenouurbandistrict.com\/es\/inauguracio-de-narrativa-abstracta-de-rosanna-casano-a-piramidon\/#primaryimage","url":"https:\/\/media.poblenouurbandistrict.com\/2025\/02\/25083842\/arde-x-emidelpiccolo-129.jpg","contentUrl":"https:\/\/media.poblenouurbandistrict.com\/2025\/02\/25083842\/arde-x-emidelpiccolo-129.jpg","width":2560,"height":1703},{"@type":"BreadcrumbList","@id":"https:\/\/poblenouurbandistrict.com\/es\/inauguracio-de-narrativa-abstracta-de-rosanna-casano-a-piramidon\/#breadcrumb","itemListElement":[{"@type":"ListItem","position":1,"name":"Home","item":"https:\/\/poblenouurbandistrict.com\/es\/"},{"@type":"ListItem","position":2,"name":"Inauguraci\u00f3 de &#8220;Narrativa Abstracta&#8221; de Rosanna Casano a Piramid\u00f3n"}]},{"@type":"WebSite","@id":"https:\/\/poblenouurbandistrict.com\/es\/#website","url":"https:\/\/poblenouurbandistrict.com\/es\/","name":"Poblenou Urban District","description":"Comunidad Creativa","potentialAction":[{"@type":"SearchAction","target":{"@type":"EntryPoint","urlTemplate":"https:\/\/poblenouurbandistrict.com\/es\/?s={search_term_string}"},"query-input":{"@type":"PropertyValueSpecification","valueRequired":true,"valueName":"search_term_string"}}],"inLanguage":"es"},{"@type":"Person","@id":"https:\/\/poblenouurbandistrict.com\/#\/schema\/person\/980a2cf34b399d5218205730acd54a7e","name":"pnud","image":{"@type":"ImageObject","inLanguage":"es","@id":"https:\/\/secure.gravatar.com\/avatar\/67146597b405ee077a24e519f75c3e2031736596d6ce35af3a34c122c93d0d7b?s=96&d=retro&r=g","url":"https:\/\/secure.gravatar.com\/avatar\/67146597b405ee077a24e519f75c3e2031736596d6ce35af3a34c122c93d0d7b?s=96&d=retro&r=g","contentUrl":"https:\/\/secure.gravatar.com\/avatar\/67146597b405ee077a24e519f75c3e2031736596d6ce35af3a34c122c93d0d7b?s=96&d=retro&r=g","caption":"pnud"}}]}},"_links":{"self":[{"href":"https:\/\/poblenouurbandistrict.com\/es\/wp-json\/wp\/v2\/posts\/49680","targetHints":{"allow":["GET"]}}],"collection":[{"href":"https:\/\/poblenouurbandistrict.com\/es\/wp-json\/wp\/v2\/posts"}],"about":[{"href":"https:\/\/poblenouurbandistrict.com\/es\/wp-json\/wp\/v2\/types\/post"}],"author":[{"embeddable":true,"href":"https:\/\/poblenouurbandistrict.com\/es\/wp-json\/wp\/v2\/users\/5"}],"replies":[{"embeddable":true,"href":"https:\/\/poblenouurbandistrict.com\/es\/wp-json\/wp\/v2\/comments?post=49680"}],"version-history":[{"count":4,"href":"https:\/\/poblenouurbandistrict.com\/es\/wp-json\/wp\/v2\/posts\/49680\/revisions"}],"predecessor-version":[{"id":49717,"href":"https:\/\/poblenouurbandistrict.com\/es\/wp-json\/wp\/v2\/posts\/49680\/revisions\/49717"}],"wp:featuredmedia":[{"embeddable":true,"href":"https:\/\/poblenouurbandistrict.com\/es\/wp-json\/wp\/v2\/media\/49716"}],"wp:attachment":[{"href":"https:\/\/poblenouurbandistrict.com\/es\/wp-json\/wp\/v2\/media?parent=49680"}],"wp:term":[{"taxonomy":"category","embeddable":true,"href":"https:\/\/poblenouurbandistrict.com\/es\/wp-json\/wp\/v2\/categories?post=49680"},{"taxonomy":"post_tag","embeddable":true,"href":"https:\/\/poblenouurbandistrict.com\/es\/wp-json\/wp\/v2\/tags?post=49680"}],"curies":[{"name":"wp","href":"https:\/\/api.w.org\/{rel}","templated":true}]}}