{"id":49807,"date":"2025-02-20T13:37:12","date_gmt":"2025-02-20T12:37:12","guid":{"rendered":"https:\/\/poblenouurbandistrict.com\/?p=49807"},"modified":"2025-02-20T13:38:54","modified_gmt":"2025-02-20T12:38:54","slug":"ultims-dies-per-visitar-arteventa-14-a-la-plataforma","status":"publish","type":"post","link":"https:\/\/poblenouurbandistrict.com\/es\/ultims-dies-per-visitar-arteventa-14-a-la-plataforma\/","title":{"rendered":"\u00daltimos dias para visitar ARTE&#038;VENTA 14 en La Plataforma"},"content":{"rendered":"<p><\/p>\n<p data-start=\"136\" data-end=\"554\"><strong>Si siempre has querido empezar tu propia colecci\u00f3n de arte, esta es tu oportunidad<\/strong>. La exposici\u00f3n colectiva <strong data-start=\"244\" data-end=\"260\">ARTE &amp; VENTA<\/strong> llega a sus \u00faltimos d\u00edas en <strong data-start=\"289\" data-end=\"306\">La Plataforma<\/strong> y ofrece una selecci\u00f3n de obras \u00fanicas en disciplinas como escultura, pintura, ilustraci\u00f3n y serigraf\u00eda. Con la participaci\u00f3n de m\u00e1s de veinte artistas, esta muestra anual busca incentivar el coleccionismo con propuestas accesibles y originales.<\/p>\n<p data-start=\"556\" data-end=\"904\">No dejes pasar la oportunidad de descubrir y adquirir piezas exclusivas de talentos como:\u00a0<u>Ainize Tzopitea, Aleix Font, Alejandro Tob\u00f3n,\u00a0Alexander Grahovsky, Amalia Caputo, Asis Percales, Blanca Haddad, Carlos Anzola,\u00a0Eva Alonso, Jancie Sloane, Jon Errazu, Jorge Stasny, Juan Pablo Quintero, Marina Salazar [No Queda Tinte], Michelle Weinberg, Mykola Kornilov,<\/u><u> Patrick Thomas, Penique Productions, Per Henrik Adolfsson, Ram\u00f3n Par\u00eds, Ricard Aymar, Riccardo Nannini [Cane], Xavier Rosales Ico, Sasha Sime, Simbiontes, Stephanie Herr, Ken Umehara, Yoshihito Suzuki, entre otros.<\/u><\/p>\n<p data-start=\"556\" data-end=\"904\">Visita la exposici\u00f3n antes del <strong data-start=\"784\" data-end=\"801\">28 de febrero<\/strong> en <strong data-start=\"805\" data-end=\"843\">La Plataforma (Carrer Pujades, 99)<\/strong> y ll\u00e9vate una obra especial a casa. \u00a1No te lo pierdas!<\/p>\n<p><\/p>","protected":false},"excerpt":{"rendered":"<p>Si siempre has querido empezar tu propia colecci\u00f3n de arte, esta es tu oportunidad. La exposici\u00f3n colectiva ARTE &amp; VENTA&#8230; <a href=\"https:\/\/poblenouurbandistrict.com\/es\/ultims-dies-per-visitar-arteventa-14-a-la-plataforma\/\">M\u00e1s  \u2192<\/a><\/p>\n","protected":false},"author":5,"featured_media":49844,"comment_status":"closed","ping_status":"closed","sticky":false,"template":"","format":"standard","meta":{"_acf_changed":false,"footnotes":""},"categories":[1,3342],"tags":[],"class_list":["post-49807","post","type-post","status-publish","format-standard","has-post-thumbnail","hentry","category-noticias","category-art"],"acf":[],"yoast_head":"<!-- This site is optimized with the Yoast SEO plugin v27.5 - https:\/\/yoast.com\/product\/yoast-seo-wordpress\/ -->\n<title>\u00daltimos dias para visitar ARTE&amp;VENTA 14 en La Plataforma &#8211; Poblenou Urban District<\/title>\n<meta name=\"robots\" content=\"index, follow, max-snippet:-1, max-image-preview:large, max-video-preview:-1\" \/>\n<link rel=\"canonical\" href=\"https:\/\/poblenouurbandistrict.com\/es\/ultims-dies-per-visitar-arteventa-14-a-la-plataforma\/\" \/>\n<meta property=\"og:locale\" content=\"es_ES\" \/>\n<meta property=\"og:type\" content=\"article\" \/>\n<meta property=\"og:title\" content=\"\u00daltimos dias para visitar ARTE&amp;VENTA 14 en La Plataforma &#8211; Poblenou Urban District\" \/>\n<meta property=\"og:description\" content=\"Si siempre has querido empezar tu propia colecci\u00f3n de arte, esta es tu oportunidad. La exposici\u00f3n colectiva ARTE &amp; VENTA... M\u00e1s \u2192\" \/>\n<meta property=\"og:url\" content=\"https:\/\/poblenouurbandistrict.com\/es\/ultims-dies-per-visitar-arteventa-14-a-la-plataforma\/\" \/>\n<meta property=\"og:site_name\" content=\"Poblenou Urban District\" \/>\n<meta property=\"article:published_time\" content=\"2025-02-20T12:37:12+00:00\" \/>\n<meta property=\"article:modified_time\" content=\"2025-02-20T12:38:54+00:00\" \/>\n<meta property=\"og:image\" content=\"https:\/\/poblenouurbandistrict.com\/wp-content\/uploads\/2025\/02\/juicio-bajo-el-arbol-mudo-web-640x503.jpg\" \/>\n\t<meta property=\"og:image:width\" content=\"640\" \/>\n\t<meta property=\"og:image:height\" content=\"503\" \/>\n\t<meta property=\"og:image:type\" content=\"image\/jpeg\" \/>\n<meta name=\"author\" content=\"pnud\" \/>\n<meta name=\"twitter:card\" content=\"summary_large_image\" \/>\n<meta name=\"twitter:label1\" content=\"Escrito por\" \/>\n\t<meta name=\"twitter:data1\" content=\"pnud\" \/>\n\t<meta name=\"twitter:label2\" content=\"Tiempo de lectura\" \/>\n\t<meta name=\"twitter:data2\" content=\"2 minutos\" \/>\n<script type=\"application\/ld+json\" class=\"yoast-schema-graph\">{\"@context\":\"https:\\\/\\\/schema.org\",\"@graph\":[{\"@type\":\"Article\",\"@id\":\"https:\\\/\\\/poblenouurbandistrict.com\\\/ultims-dies-per-visitar-arteventa-14-a-la-plataforma\\\/#article\",\"isPartOf\":{\"@id\":\"https:\\\/\\\/poblenouurbandistrict.com\\\/ultims-dies-per-visitar-arteventa-14-a-la-plataforma\\\/\"},\"author\":{\"name\":\"pnud\",\"@id\":\"https:\\\/\\\/poblenouurbandistrict.com\\\/#\\\/schema\\\/person\\\/980a2cf34b399d5218205730acd54a7e\"},\"headline\":\"\u00daltimos dias para visitar ARTE&#038;VENTA 14 en La Plataforma\",\"datePublished\":\"2025-02-20T12:37:12+00:00\",\"dateModified\":\"2025-02-20T12:38:54+00:00\",\"mainEntityOfPage\":{\"@id\":\"https:\\\/\\\/poblenouurbandistrict.com\\\/ultims-dies-per-visitar-arteventa-14-a-la-plataforma\\\/\"},\"wordCount\":382,\"image\":{\"@id\":\"https:\\\/\\\/poblenouurbandistrict.com\\\/ultims-dies-per-visitar-arteventa-14-a-la-plataforma\\\/#primaryimage\"},\"thumbnailUrl\":\"https:\\\/\\\/media.poblenouurbandistrict.com\\\/2025\\\/02\\\/25083944\\\/juicio-bajo-el-arbol-mudo-web-e1744302945931.jpg\",\"articleSection\":[\"Est\u00e1 pasando\",\"Arte\"],\"inLanguage\":\"es\"},{\"@type\":\"WebPage\",\"@id\":\"https:\\\/\\\/poblenouurbandistrict.com\\\/es\\\/ultims-dies-per-visitar-arteventa-14-a-la-plataforma\\\/\",\"url\":\"https:\\\/\\\/poblenouurbandistrict.com\\\/es\\\/ultims-dies-per-visitar-arteventa-14-a-la-plataforma\\\/\",\"name\":\"\u00daltimos dias para visitar ARTE&VENTA 14 en La Plataforma &#8211; Poblenou Urban District\",\"isPartOf\":{\"@id\":\"https:\\\/\\\/poblenouurbandistrict.com\\\/es\\\/#website\"},\"primaryImageOfPage\":{\"@id\":\"https:\\\/\\\/poblenouurbandistrict.com\\\/es\\\/ultims-dies-per-visitar-arteventa-14-a-la-plataforma\\\/#primaryimage\"},\"image\":{\"@id\":\"https:\\\/\\\/poblenouurbandistrict.com\\\/ultims-dies-per-visitar-arteventa-14-a-la-plataforma\\\/#primaryimage\"},\"thumbnailUrl\":\"https:\\\/\\\/media.poblenouurbandistrict.com\\\/2025\\\/02\\\/25083944\\\/juicio-bajo-el-arbol-mudo-web-e1744302945931.jpg\",\"datePublished\":\"2025-02-20T12:37:12+00:00\",\"dateModified\":\"2025-02-20T12:38:54+00:00\",\"author\":{\"@id\":\"https:\\\/\\\/poblenouurbandistrict.com\\\/#\\\/schema\\\/person\\\/980a2cf34b399d5218205730acd54a7e\"},\"breadcrumb\":{\"@id\":\"https:\\\/\\\/poblenouurbandistrict.com\\\/es\\\/ultims-dies-per-visitar-arteventa-14-a-la-plataforma\\\/#breadcrumb\"},\"inLanguage\":\"es\",\"potentialAction\":[{\"@type\":\"ReadAction\",\"target\":[[\"https:\\\/\\\/poblenouurbandistrict.com\\\/es\\\/ultims-dies-per-visitar-arteventa-14-a-la-plataforma\\\/\"]]}]},{\"@type\":\"ImageObject\",\"inLanguage\":\"es\",\"@id\":\"https:\\\/\\\/poblenouurbandistrict.com\\\/es\\\/ultims-dies-per-visitar-arteventa-14-a-la-plataforma\\\/#primaryimage\",\"url\":\"https:\\\/\\\/media.poblenouurbandistrict.com\\\/2025\\\/02\\\/25083944\\\/juicio-bajo-el-arbol-mudo-web-e1744302945931.jpg\",\"contentUrl\":\"https:\\\/\\\/media.poblenouurbandistrict.com\\\/2025\\\/02\\\/25083944\\\/juicio-bajo-el-arbol-mudo-web-e1744302945931.jpg\",\"width\":1719,\"height\":1028},{\"@type\":\"BreadcrumbList\",\"@id\":\"https:\\\/\\\/poblenouurbandistrict.com\\\/es\\\/ultims-dies-per-visitar-arteventa-14-a-la-plataforma\\\/#breadcrumb\",\"itemListElement\":[{\"@type\":\"ListItem\",\"position\":1,\"name\":\"Home\",\"item\":\"https:\\\/\\\/poblenouurbandistrict.com\\\/es\\\/\"},{\"@type\":\"ListItem\",\"position\":2,\"name\":\"\u00daltims dies per visitar ARTE&#038;VENTA 14 a La Plataforma\"}]},{\"@type\":\"WebSite\",\"@id\":\"https:\\\/\\\/poblenouurbandistrict.com\\\/es\\\/#website\",\"url\":\"https:\\\/\\\/poblenouurbandistrict.com\\\/es\\\/\",\"name\":\"Poblenou Urban District\",\"description\":\"Comunidad Creativa\",\"potentialAction\":[{\"@type\":\"SearchAction\",\"target\":{\"@type\":\"EntryPoint\",\"urlTemplate\":\"https:\\\/\\\/poblenouurbandistrict.com\\\/es\\\/?s={search_term_string}\"},\"query-input\":{\"@type\":\"PropertyValueSpecification\",\"valueRequired\":true,\"valueName\":\"search_term_string\"}}],\"inLanguage\":\"es\"},{\"@type\":\"Person\",\"@id\":\"https:\\\/\\\/poblenouurbandistrict.com\\\/#\\\/schema\\\/person\\\/980a2cf34b399d5218205730acd54a7e\",\"name\":\"pnud\",\"image\":{\"@type\":\"ImageObject\",\"inLanguage\":\"es\",\"@id\":\"https:\\\/\\\/secure.gravatar.com\\\/avatar\\\/67146597b405ee077a24e519f75c3e2031736596d6ce35af3a34c122c93d0d7b?s=96&d=retro&r=g\",\"url\":\"https:\\\/\\\/secure.gravatar.com\\\/avatar\\\/67146597b405ee077a24e519f75c3e2031736596d6ce35af3a34c122c93d0d7b?s=96&d=retro&r=g\",\"contentUrl\":\"https:\\\/\\\/secure.gravatar.com\\\/avatar\\\/67146597b405ee077a24e519f75c3e2031736596d6ce35af3a34c122c93d0d7b?s=96&d=retro&r=g\",\"caption\":\"pnud\"}}]}<\/script>\n<!-- \/ Yoast SEO plugin. -->","yoast_head_json":{"title":"\u00daltimos dias para visitar ARTE&VENTA 14 en La Plataforma &#8211; Poblenou Urban District","robots":{"index":"index","follow":"follow","max-snippet":"max-snippet:-1","max-image-preview":"max-image-preview:large","max-video-preview":"max-video-preview:-1"},"canonical":"https:\/\/poblenouurbandistrict.com\/es\/ultims-dies-per-visitar-arteventa-14-a-la-plataforma\/","og_locale":"es_ES","og_type":"article","og_title":"\u00daltimos dias para visitar ARTE&VENTA 14 en La Plataforma &#8211; Poblenou Urban District","og_description":"Si siempre has querido empezar tu propia colecci\u00f3n de arte, esta es tu oportunidad. La exposici\u00f3n colectiva ARTE &amp; VENTA... M\u00e1s \u2192","og_url":"https:\/\/poblenouurbandistrict.com\/es\/ultims-dies-per-visitar-arteventa-14-a-la-plataforma\/","og_site_name":"Poblenou Urban District","article_published_time":"2025-02-20T12:37:12+00:00","article_modified_time":"2025-02-20T12:38:54+00:00","og_image":[{"width":640,"height":503,"url":"https:\/\/poblenouurbandistrict.com\/wp-content\/uploads\/2025\/02\/juicio-bajo-el-arbol-mudo-web-640x503.jpg","type":"image\/jpeg"}],"author":"pnud","twitter_card":"summary_large_image","twitter_misc":{"Escrito por":"pnud","Tiempo de lectura":"2 minutos"},"schema":{"@context":"https:\/\/schema.org","@graph":[{"@type":"Article","@id":"https:\/\/poblenouurbandistrict.com\/ultims-dies-per-visitar-arteventa-14-a-la-plataforma\/#article","isPartOf":{"@id":"https:\/\/poblenouurbandistrict.com\/ultims-dies-per-visitar-arteventa-14-a-la-plataforma\/"},"author":{"name":"pnud","@id":"https:\/\/poblenouurbandistrict.com\/#\/schema\/person\/980a2cf34b399d5218205730acd54a7e"},"headline":"\u00daltimos dias para visitar ARTE&#038;VENTA 14 en La Plataforma","datePublished":"2025-02-20T12:37:12+00:00","dateModified":"2025-02-20T12:38:54+00:00","mainEntityOfPage":{"@id":"https:\/\/poblenouurbandistrict.com\/ultims-dies-per-visitar-arteventa-14-a-la-plataforma\/"},"wordCount":382,"image":{"@id":"https:\/\/poblenouurbandistrict.com\/ultims-dies-per-visitar-arteventa-14-a-la-plataforma\/#primaryimage"},"thumbnailUrl":"https:\/\/media.poblenouurbandistrict.com\/2025\/02\/25083944\/juicio-bajo-el-arbol-mudo-web-e1744302945931.jpg","articleSection":["Est\u00e1 pasando","Arte"],"inLanguage":"es"},{"@type":"WebPage","@id":"https:\/\/poblenouurbandistrict.com\/es\/ultims-dies-per-visitar-arteventa-14-a-la-plataforma\/","url":"https:\/\/poblenouurbandistrict.com\/es\/ultims-dies-per-visitar-arteventa-14-a-la-plataforma\/","name":"\u00daltimos dias para visitar ARTE&VENTA 14 en La Plataforma &#8211; Poblenou Urban District","isPartOf":{"@id":"https:\/\/poblenouurbandistrict.com\/es\/#website"},"primaryImageOfPage":{"@id":"https:\/\/poblenouurbandistrict.com\/es\/ultims-dies-per-visitar-arteventa-14-a-la-plataforma\/#primaryimage"},"image":{"@id":"https:\/\/poblenouurbandistrict.com\/ultims-dies-per-visitar-arteventa-14-a-la-plataforma\/#primaryimage"},"thumbnailUrl":"https:\/\/media.poblenouurbandistrict.com\/2025\/02\/25083944\/juicio-bajo-el-arbol-mudo-web-e1744302945931.jpg","datePublished":"2025-02-20T12:37:12+00:00","dateModified":"2025-02-20T12:38:54+00:00","author":{"@id":"https:\/\/poblenouurbandistrict.com\/#\/schema\/person\/980a2cf34b399d5218205730acd54a7e"},"breadcrumb":{"@id":"https:\/\/poblenouurbandistrict.com\/es\/ultims-dies-per-visitar-arteventa-14-a-la-plataforma\/#breadcrumb"},"inLanguage":"es","potentialAction":[{"@type":"ReadAction","target":[["https:\/\/poblenouurbandistrict.com\/es\/ultims-dies-per-visitar-arteventa-14-a-la-plataforma\/"]]}]},{"@type":"ImageObject","inLanguage":"es","@id":"https:\/\/poblenouurbandistrict.com\/es\/ultims-dies-per-visitar-arteventa-14-a-la-plataforma\/#primaryimage","url":"https:\/\/media.poblenouurbandistrict.com\/2025\/02\/25083944\/juicio-bajo-el-arbol-mudo-web-e1744302945931.jpg","contentUrl":"https:\/\/media.poblenouurbandistrict.com\/2025\/02\/25083944\/juicio-bajo-el-arbol-mudo-web-e1744302945931.jpg","width":1719,"height":1028},{"@type":"BreadcrumbList","@id":"https:\/\/poblenouurbandistrict.com\/es\/ultims-dies-per-visitar-arteventa-14-a-la-plataforma\/#breadcrumb","itemListElement":[{"@type":"ListItem","position":1,"name":"Home","item":"https:\/\/poblenouurbandistrict.com\/es\/"},{"@type":"ListItem","position":2,"name":"\u00daltims dies per visitar ARTE&#038;VENTA 14 a La Plataforma"}]},{"@type":"WebSite","@id":"https:\/\/poblenouurbandistrict.com\/es\/#website","url":"https:\/\/poblenouurbandistrict.com\/es\/","name":"Poblenou Urban District","description":"Comunidad Creativa","potentialAction":[{"@type":"SearchAction","target":{"@type":"EntryPoint","urlTemplate":"https:\/\/poblenouurbandistrict.com\/es\/?s={search_term_string}"},"query-input":{"@type":"PropertyValueSpecification","valueRequired":true,"valueName":"search_term_string"}}],"inLanguage":"es"},{"@type":"Person","@id":"https:\/\/poblenouurbandistrict.com\/#\/schema\/person\/980a2cf34b399d5218205730acd54a7e","name":"pnud","image":{"@type":"ImageObject","inLanguage":"es","@id":"https:\/\/secure.gravatar.com\/avatar\/67146597b405ee077a24e519f75c3e2031736596d6ce35af3a34c122c93d0d7b?s=96&d=retro&r=g","url":"https:\/\/secure.gravatar.com\/avatar\/67146597b405ee077a24e519f75c3e2031736596d6ce35af3a34c122c93d0d7b?s=96&d=retro&r=g","contentUrl":"https:\/\/secure.gravatar.com\/avatar\/67146597b405ee077a24e519f75c3e2031736596d6ce35af3a34c122c93d0d7b?s=96&d=retro&r=g","caption":"pnud"}}]}},"_links":{"self":[{"href":"https:\/\/poblenouurbandistrict.com\/es\/wp-json\/wp\/v2\/posts\/49807","targetHints":{"allow":["GET"]}}],"collection":[{"href":"https:\/\/poblenouurbandistrict.com\/es\/wp-json\/wp\/v2\/posts"}],"about":[{"href":"https:\/\/poblenouurbandistrict.com\/es\/wp-json\/wp\/v2\/types\/post"}],"author":[{"embeddable":true,"href":"https:\/\/poblenouurbandistrict.com\/es\/wp-json\/wp\/v2\/users\/5"}],"replies":[{"embeddable":true,"href":"https:\/\/poblenouurbandistrict.com\/es\/wp-json\/wp\/v2\/comments?post=49807"}],"version-history":[{"count":2,"href":"https:\/\/poblenouurbandistrict.com\/es\/wp-json\/wp\/v2\/posts\/49807\/revisions"}],"predecessor-version":[{"id":49845,"href":"https:\/\/poblenouurbandistrict.com\/es\/wp-json\/wp\/v2\/posts\/49807\/revisions\/49845"}],"wp:featuredmedia":[{"embeddable":true,"href":"https:\/\/poblenouurbandistrict.com\/es\/wp-json\/wp\/v2\/media\/49844"}],"wp:attachment":[{"href":"https:\/\/poblenouurbandistrict.com\/es\/wp-json\/wp\/v2\/media?parent=49807"}],"wp:term":[{"taxonomy":"category","embeddable":true,"href":"https:\/\/poblenouurbandistrict.com\/es\/wp-json\/wp\/v2\/categories?post=49807"},{"taxonomy":"post_tag","embeddable":true,"href":"https:\/\/poblenouurbandistrict.com\/es\/wp-json\/wp\/v2\/tags?post=49807"}],"curies":[{"name":"wp","href":"https:\/\/api.w.org\/{rel}","templated":true}]}}