{"id":49830,"date":"2025-02-20T13:14:18","date_gmt":"2025-02-20T12:14:18","guid":{"rendered":"https:\/\/poblenouurbandistrict.com\/?p=49830"},"modified":"2025-02-21T10:37:57","modified_gmt":"2025-02-21T09:37:57","slug":"matter-matters-dissenyar-amb-el-mon-nova-exposicio-al-dhub","status":"publish","type":"post","link":"https:\/\/poblenouurbandistrict.com\/es\/matter-matters-dissenyar-amb-el-mon-nova-exposicio-al-dhub\/","title":{"rendered":"Nueva exposici\u00f3n permanente en el DHub: Matter Matters. Dissenyar amb el m\u00f3n."},"content":{"rendered":"<p><\/p>\n<h3 data-start=\"2645\" data-end=\"2754\"><strong><em><a href=\"https:\/\/www.dissenyhub.barcelona\/ca\/exposicio\/matter-matters-dissenyar-amb-el-mon?fbclid=PAZXh0bgNhZW0CMTEAAaZbUKlFBa5R0BvMRTCkqxslKZqlCDAbEnI4A7P5HB1OIxKPL-2BCDQ7S38_aem_8lIm9Pbr_5jxNXEYANSOBw\">Matter Matters. Dissenyar amb el m\u00f3n<\/a> <\/em>es la nueva exposici\u00f3n permanente del <a href=\"https:\/\/www.dissenyhub.barcelona\/ca\">Museu del Disseny &#8211; DHub<\/a><\/strong><\/h3>\n<p data-start=\"2756\" data-end=\"3169\">A trav\u00e9s de la materialidad de las piezas de la colecci\u00f3n del Museu del Disseny y de obras contempor\u00e1neas innovadoras, la exposici\u00f3n cuestiona el modelo extractivista y propone buscar alternativas regenerativas. Reflexiona sobre los grandes retos del dise\u00f1o actual y futuro en un momento cr\u00edtico marcado por la escasez de materias primas y la necesidad urgente de alcanzar la neutralidad de carbono en 2050.<\/p>\n<p data-start=\"3171\" data-end=\"3541\">Matter Matters examina la colecci\u00f3n y la yuxtapone con los sistemas que organizan el mundo a trav\u00e9s de su materialidad. Utilizando la instalaci\u00f3n, la exposici\u00f3n explorar\u00e1 los l\u00edmites superpuestos entre el dise\u00f1o, la ecolog\u00eda y la geopol\u00edtica. Es una reflexi\u00f3n sobre el estado del mundo hoy en d\u00eda y un recorrido por la historia del dise\u00f1o en todas sus disciplinas.<\/p>\n<p data-start=\"3543\" data-end=\"3583\"><strong data-start=\"3543\" data-end=\"3581\">A partir del 21 de febrero de 2025<\/strong><\/p>\n<hr \/>\n<h3 data-start=\"3585\" data-end=\"3664\"><a href=\"https:\/\/www.dissenyhub.barcelona\/ca\/activitat\/presentacio-publicacio-matter-matters-dissenyar-amb-el-mon?utm_content=C5508-I40&amp;utm_source=ecoms&amp;utm_medium=email&amp;utm_term=Agenda-contingut\"><strong data-start=\"3589\" data-end=\"3662\">Presentaci\u00f3n de la publicaci\u00f3n <em data-start=\"3622\" data-end=\"3660\">Matter Matters. Dissenyar amb el m\u00f3n<\/em><\/strong><\/a><\/h3>\n<p data-start=\"3666\" data-end=\"3978\">Con motivo de la apertura de la nueva exposici\u00f3n, el <strong data-start=\"3719\" data-end=\"3752\">martes 4 de marzo a las 18:00<\/strong>, el DHub presentar\u00e1 la publicaci\u00f3n de t\u00edtulo hom\u00f3nimo con la presencia de Olga Subir\u00f3s, comisaria de la exposici\u00f3n, Jose Luis de Vicente, director del Museu del Disseny, y algunos de los coautores del libro.<\/p>\n<p data-start=\"3980\" data-end=\"4316\">Con la colaboraci\u00f3n de 54 autores provenientes de diversas disciplinas\u2014filosof\u00eda, dise\u00f1o, arquitectura, sociolog\u00eda, geolog\u00eda, antropolog\u00eda, qu\u00edmica, entre otras\u2014esta obra explora y conecta l\u00edneas de pensamiento que convergen en una cuesti\u00f3n urgente: redefinir nuestra relaci\u00f3n con los materiales en un momento de cambio hist\u00f3rico.<\/p>\n<hr \/>\n<h3 data-start=\"4318\" data-end=\"4395\"><a href=\"https:\/\/www.dissenyhub.barcelona\/ca\/activitat\/jornada-dissenyar-amb-el-mon-els-camins-cap-la-sostenibilitat?utm_content=C5508-I40&amp;utm_source=ecoms&amp;utm_medium=email&amp;utm_term=Agenda-contingut\"><strong data-start=\"4322\" data-end=\"4393\">Jornada <em data-start=\"4332\" data-end=\"4391\">Dissenyar amb el m\u00f3n. Los caminos hacia la sostenibilidad<\/em><\/strong><\/a><\/h3>\n<p data-start=\"4397\" data-end=\"4719\">Para acompa\u00f1ar la apertura de la exposici\u00f3n Matter Matters. Dissenyar amb el m\u00f3n, el DHub invita a unas jornadas dedicadas a la sostenibilidad, el dise\u00f1o y los materiales innovadores. Un espacio de encuentro para reflexionar sobre el futuro del dise\u00f1o y su impacto en el medio ambiente y la sociedad.<\/p>\n<h4 data-start=\"4721\" data-end=\"4753\"><a href=\"https:\/\/www.eventbrite.com\/e\/1245062839469?aff=oddtdtcreator\"><strong data-start=\"4726\" data-end=\"4751\">Mi\u00e9rcoles 5 de marzo:<\/strong><\/a><\/h4>\n<ul data-start=\"4754\" data-end=\"5082\">\n<li data-start=\"4754\" data-end=\"4879\">Presentaci\u00f3n del libro <em data-start=\"4781\" data-end=\"4838\">Los caminos hacia la sostenibilidad a trav\u00e9s del dise\u00f1o<\/em>, con Ram\u00f3n \u00dabeda y Curro Claret.<\/li>\n<li data-start=\"4880\" data-end=\"4998\">Conferencia: <em data-start=\"4899\" data-end=\"4959\">Procesos de reintegraci\u00f3n material en los espacios urbanos<\/em>, a cargo de Joan Vellv\u00e9 Rafecas.<\/li>\n<li data-start=\"4999\" data-end=\"5082\">Presentaci\u00f3n de proyectos de <em data-start=\"5032\" data-end=\"5048\">Matter Matters<\/em>, a cargo de Olga Subir\u00f3s.<\/li>\n<\/ul>\n<h4 data-start=\"5084\" data-end=\"5113\"><a href=\"https:\/\/www.eventbrite.com\/e\/1254627597919?aff=oddtdtcreator\"><strong data-start=\"5089\" data-end=\"5111\">Jueves 6 de marzo:<\/strong><\/a><\/h4>\n<ul data-start=\"5114\" data-end=\"5356\" data-is-last-node=\"\" data-is-only-node=\"\">\n<li data-start=\"5114\" data-end=\"5212\">Conferencia: <em data-start=\"5133\" data-end=\"5170\">Dise\u00f1o protesta y objeto manifiesto<\/em>, a cargo de \u00c1lvaro Catal\u00e1n de Oc\u00f3n.<\/li>\n<li data-start=\"5213\" data-end=\"5293\">Presentaci\u00f3n del <em data-start=\"5234\" data-end=\"5262\">Circular Design\u00ae Challenge<\/em>, a cargo de Eloy Ruiz.<\/li>\n<li data-start=\"5294\" data-end=\"5356\" data-is-last-node=\"\">Mesa redonda: <em data-start=\"5314\" data-end=\"5353\">B Corp, m\u00e1s all\u00e1 de la sostenibilidad<\/em>.<\/li>\n<\/ul>\n<p><\/p>","protected":false},"excerpt":{"rendered":"<p>Matter Matters. Dissenyar amb el m\u00f3n es la nueva exposici\u00f3n permanente del Museu del Disseny &#8211; DHub A trav\u00e9s de&#8230; <a href=\"https:\/\/poblenouurbandistrict.com\/es\/matter-matters-dissenyar-amb-el-mon-nova-exposicio-al-dhub\/\">M\u00e1s  \u2192<\/a><\/p>\n","protected":false},"author":5,"featured_media":49851,"comment_status":"closed","ping_status":"closed","sticky":false,"template":"","format":"standard","meta":{"_acf_changed":false,"footnotes":""},"categories":[3342],"tags":[],"class_list":["post-49830","post","type-post","status-publish","format-standard","has-post-thumbnail","hentry","category-art"],"acf":[],"yoast_head":"<!-- This site is optimized with the Yoast SEO plugin v27.5 - https:\/\/yoast.com\/product\/yoast-seo-wordpress\/ -->\n<title>Nueva exposici\u00f3n permanente en el DHub: Matter Matters. Dissenyar amb el m\u00f3n. &#8211; Poblenou Urban District<\/title>\n<meta name=\"robots\" content=\"index, follow, max-snippet:-1, max-image-preview:large, max-video-preview:-1\" \/>\n<link rel=\"canonical\" href=\"https:\/\/poblenouurbandistrict.com\/es\/matter-matters-dissenyar-amb-el-mon-nova-exposicio-al-dhub\/\" \/>\n<meta property=\"og:locale\" content=\"es_ES\" \/>\n<meta property=\"og:type\" content=\"article\" \/>\n<meta property=\"og:title\" content=\"Nueva exposici\u00f3n permanente en el DHub: Matter Matters. Dissenyar amb el m\u00f3n. &#8211; Poblenou Urban District\" \/>\n<meta property=\"og:description\" content=\"Matter Matters. Dissenyar amb el m\u00f3n es la nueva exposici\u00f3n permanente del Museu del Disseny &#8211; DHub A trav\u00e9s de... M\u00e1s \u2192\" \/>\n<meta property=\"og:url\" content=\"https:\/\/poblenouurbandistrict.com\/es\/matter-matters-dissenyar-amb-el-mon-nova-exposicio-al-dhub\/\" \/>\n<meta property=\"og:site_name\" content=\"Poblenou Urban District\" \/>\n<meta property=\"article:published_time\" content=\"2025-02-20T12:14:18+00:00\" \/>\n<meta property=\"article:modified_time\" content=\"2025-02-21T09:37:57+00:00\" \/>\n<meta property=\"og:image\" content=\"https:\/\/poblenouurbandistrict.com\/wp-content\/uploads\/2025\/02\/copia-de-dhub-matter-matters-altares-1.jpg\" \/>\n\t<meta property=\"og:image:width\" content=\"2560\" \/>\n\t<meta property=\"og:image:height\" content=\"1691\" \/>\n\t<meta property=\"og:image:type\" content=\"image\/jpeg\" \/>\n<meta name=\"author\" content=\"pnud\" \/>\n<meta name=\"twitter:card\" content=\"summary_large_image\" \/>\n<meta name=\"twitter:label1\" content=\"Escrito por\" \/>\n\t<meta name=\"twitter:data1\" content=\"pnud\" \/>\n\t<meta name=\"twitter:label2\" content=\"Tiempo de lectura\" \/>\n\t<meta name=\"twitter:data2\" content=\"3 minutos\" \/>\n<script type=\"application\/ld+json\" class=\"yoast-schema-graph\">{\"@context\":\"https:\\\/\\\/schema.org\",\"@graph\":[{\"@type\":\"Article\",\"@id\":\"https:\\\/\\\/poblenouurbandistrict.com\\\/matter-matters-dissenyar-amb-el-mon-nova-exposicio-al-dhub\\\/#article\",\"isPartOf\":{\"@id\":\"https:\\\/\\\/poblenouurbandistrict.com\\\/matter-matters-dissenyar-amb-el-mon-nova-exposicio-al-dhub\\\/\"},\"author\":{\"name\":\"pnud\",\"@id\":\"https:\\\/\\\/poblenouurbandistrict.com\\\/#\\\/schema\\\/person\\\/980a2cf34b399d5218205730acd54a7e\"},\"headline\":\"Nueva exposici\u00f3n permanente en el DHub: Matter Matters. Dissenyar amb el m\u00f3n.\",\"datePublished\":\"2025-02-20T12:14:18+00:00\",\"dateModified\":\"2025-02-21T09:37:57+00:00\",\"mainEntityOfPage\":{\"@id\":\"https:\\\/\\\/poblenouurbandistrict.com\\\/matter-matters-dissenyar-amb-el-mon-nova-exposicio-al-dhub\\\/\"},\"wordCount\":1292,\"image\":{\"@id\":\"https:\\\/\\\/poblenouurbandistrict.com\\\/matter-matters-dissenyar-amb-el-mon-nova-exposicio-al-dhub\\\/#primaryimage\"},\"thumbnailUrl\":\"https:\\\/\\\/media.poblenouurbandistrict.com\\\/2025\\\/02\\\/25083946\\\/copia-de-dhub-matter-matters-altares-1.jpg\",\"articleSection\":[\"Arte\"],\"inLanguage\":\"es\"},{\"@type\":\"WebPage\",\"@id\":\"https:\\\/\\\/poblenouurbandistrict.com\\\/es\\\/matter-matters-dissenyar-amb-el-mon-nova-exposicio-al-dhub\\\/\",\"url\":\"https:\\\/\\\/poblenouurbandistrict.com\\\/es\\\/matter-matters-dissenyar-amb-el-mon-nova-exposicio-al-dhub\\\/\",\"name\":\"Nueva exposici\u00f3n permanente en el DHub: Matter Matters. Dissenyar amb el m\u00f3n. &#8211; Poblenou Urban District\",\"isPartOf\":{\"@id\":\"https:\\\/\\\/poblenouurbandistrict.com\\\/es\\\/#website\"},\"primaryImageOfPage\":{\"@id\":\"https:\\\/\\\/poblenouurbandistrict.com\\\/es\\\/matter-matters-dissenyar-amb-el-mon-nova-exposicio-al-dhub\\\/#primaryimage\"},\"image\":{\"@id\":\"https:\\\/\\\/poblenouurbandistrict.com\\\/matter-matters-dissenyar-amb-el-mon-nova-exposicio-al-dhub\\\/#primaryimage\"},\"thumbnailUrl\":\"https:\\\/\\\/media.poblenouurbandistrict.com\\\/2025\\\/02\\\/25083946\\\/copia-de-dhub-matter-matters-altares-1.jpg\",\"datePublished\":\"2025-02-20T12:14:18+00:00\",\"dateModified\":\"2025-02-21T09:37:57+00:00\",\"author\":{\"@id\":\"https:\\\/\\\/poblenouurbandistrict.com\\\/#\\\/schema\\\/person\\\/980a2cf34b399d5218205730acd54a7e\"},\"breadcrumb\":{\"@id\":\"https:\\\/\\\/poblenouurbandistrict.com\\\/es\\\/matter-matters-dissenyar-amb-el-mon-nova-exposicio-al-dhub\\\/#breadcrumb\"},\"inLanguage\":\"es\",\"potentialAction\":[{\"@type\":\"ReadAction\",\"target\":[[\"https:\\\/\\\/poblenouurbandistrict.com\\\/es\\\/matter-matters-dissenyar-amb-el-mon-nova-exposicio-al-dhub\\\/\"]]}]},{\"@type\":\"ImageObject\",\"inLanguage\":\"es\",\"@id\":\"https:\\\/\\\/poblenouurbandistrict.com\\\/es\\\/matter-matters-dissenyar-amb-el-mon-nova-exposicio-al-dhub\\\/#primaryimage\",\"url\":\"https:\\\/\\\/media.poblenouurbandistrict.com\\\/2025\\\/02\\\/25083946\\\/copia-de-dhub-matter-matters-altares-1.jpg\",\"contentUrl\":\"https:\\\/\\\/media.poblenouurbandistrict.com\\\/2025\\\/02\\\/25083946\\\/copia-de-dhub-matter-matters-altares-1.jpg\",\"width\":2560,\"height\":1691,\"caption\":\"Exposici\u00f3n Matter Matters. Dise\u00f1ar con el mundo, Museu del Disseny-DHub Barcelona. Calculating Empires: A Genealogy of Technology and Power Since 1500, Kate Crawford and Vladan Joler, 2023\"},{\"@type\":\"BreadcrumbList\",\"@id\":\"https:\\\/\\\/poblenouurbandistrict.com\\\/es\\\/matter-matters-dissenyar-amb-el-mon-nova-exposicio-al-dhub\\\/#breadcrumb\",\"itemListElement\":[{\"@type\":\"ListItem\",\"position\":1,\"name\":\"Home\",\"item\":\"https:\\\/\\\/poblenouurbandistrict.com\\\/es\\\/\"},{\"@type\":\"ListItem\",\"position\":2,\"name\":\"Nova exposici\u00f3 permanent al DHub: Matter Matters. Dissenyar amb el m\u00f3n.\"}]},{\"@type\":\"WebSite\",\"@id\":\"https:\\\/\\\/poblenouurbandistrict.com\\\/es\\\/#website\",\"url\":\"https:\\\/\\\/poblenouurbandistrict.com\\\/es\\\/\",\"name\":\"Poblenou Urban District\",\"description\":\"Comunidad Creativa\",\"potentialAction\":[{\"@type\":\"SearchAction\",\"target\":{\"@type\":\"EntryPoint\",\"urlTemplate\":\"https:\\\/\\\/poblenouurbandistrict.com\\\/es\\\/?s={search_term_string}\"},\"query-input\":{\"@type\":\"PropertyValueSpecification\",\"valueRequired\":true,\"valueName\":\"search_term_string\"}}],\"inLanguage\":\"es\"},{\"@type\":\"Person\",\"@id\":\"https:\\\/\\\/poblenouurbandistrict.com\\\/#\\\/schema\\\/person\\\/980a2cf34b399d5218205730acd54a7e\",\"name\":\"pnud\",\"image\":{\"@type\":\"ImageObject\",\"inLanguage\":\"es\",\"@id\":\"https:\\\/\\\/secure.gravatar.com\\\/avatar\\\/67146597b405ee077a24e519f75c3e2031736596d6ce35af3a34c122c93d0d7b?s=96&d=retro&r=g\",\"url\":\"https:\\\/\\\/secure.gravatar.com\\\/avatar\\\/67146597b405ee077a24e519f75c3e2031736596d6ce35af3a34c122c93d0d7b?s=96&d=retro&r=g\",\"contentUrl\":\"https:\\\/\\\/secure.gravatar.com\\\/avatar\\\/67146597b405ee077a24e519f75c3e2031736596d6ce35af3a34c122c93d0d7b?s=96&d=retro&r=g\",\"caption\":\"pnud\"}}]}<\/script>\n<!-- \/ Yoast SEO plugin. -->","yoast_head_json":{"title":"Nueva exposici\u00f3n permanente en el DHub: Matter Matters. Dissenyar amb el m\u00f3n. &#8211; Poblenou Urban District","robots":{"index":"index","follow":"follow","max-snippet":"max-snippet:-1","max-image-preview":"max-image-preview:large","max-video-preview":"max-video-preview:-1"},"canonical":"https:\/\/poblenouurbandistrict.com\/es\/matter-matters-dissenyar-amb-el-mon-nova-exposicio-al-dhub\/","og_locale":"es_ES","og_type":"article","og_title":"Nueva exposici\u00f3n permanente en el DHub: Matter Matters. Dissenyar amb el m\u00f3n. &#8211; Poblenou Urban District","og_description":"Matter Matters. Dissenyar amb el m\u00f3n es la nueva exposici\u00f3n permanente del Museu del Disseny &#8211; DHub A trav\u00e9s de... M\u00e1s \u2192","og_url":"https:\/\/poblenouurbandistrict.com\/es\/matter-matters-dissenyar-amb-el-mon-nova-exposicio-al-dhub\/","og_site_name":"Poblenou Urban District","article_published_time":"2025-02-20T12:14:18+00:00","article_modified_time":"2025-02-21T09:37:57+00:00","og_image":[{"width":2560,"height":1691,"url":"https:\/\/poblenouurbandistrict.com\/wp-content\/uploads\/2025\/02\/copia-de-dhub-matter-matters-altares-1.jpg","type":"image\/jpeg"}],"author":"pnud","twitter_card":"summary_large_image","twitter_misc":{"Escrito por":"pnud","Tiempo de lectura":"3 minutos"},"schema":{"@context":"https:\/\/schema.org","@graph":[{"@type":"Article","@id":"https:\/\/poblenouurbandistrict.com\/matter-matters-dissenyar-amb-el-mon-nova-exposicio-al-dhub\/#article","isPartOf":{"@id":"https:\/\/poblenouurbandistrict.com\/matter-matters-dissenyar-amb-el-mon-nova-exposicio-al-dhub\/"},"author":{"name":"pnud","@id":"https:\/\/poblenouurbandistrict.com\/#\/schema\/person\/980a2cf34b399d5218205730acd54a7e"},"headline":"Nueva exposici\u00f3n permanente en el DHub: Matter Matters. Dissenyar amb el m\u00f3n.","datePublished":"2025-02-20T12:14:18+00:00","dateModified":"2025-02-21T09:37:57+00:00","mainEntityOfPage":{"@id":"https:\/\/poblenouurbandistrict.com\/matter-matters-dissenyar-amb-el-mon-nova-exposicio-al-dhub\/"},"wordCount":1292,"image":{"@id":"https:\/\/poblenouurbandistrict.com\/matter-matters-dissenyar-amb-el-mon-nova-exposicio-al-dhub\/#primaryimage"},"thumbnailUrl":"https:\/\/media.poblenouurbandistrict.com\/2025\/02\/25083946\/copia-de-dhub-matter-matters-altares-1.jpg","articleSection":["Arte"],"inLanguage":"es"},{"@type":"WebPage","@id":"https:\/\/poblenouurbandistrict.com\/es\/matter-matters-dissenyar-amb-el-mon-nova-exposicio-al-dhub\/","url":"https:\/\/poblenouurbandistrict.com\/es\/matter-matters-dissenyar-amb-el-mon-nova-exposicio-al-dhub\/","name":"Nueva exposici\u00f3n permanente en el DHub: Matter Matters. Dissenyar amb el m\u00f3n. &#8211; Poblenou Urban District","isPartOf":{"@id":"https:\/\/poblenouurbandistrict.com\/es\/#website"},"primaryImageOfPage":{"@id":"https:\/\/poblenouurbandistrict.com\/es\/matter-matters-dissenyar-amb-el-mon-nova-exposicio-al-dhub\/#primaryimage"},"image":{"@id":"https:\/\/poblenouurbandistrict.com\/matter-matters-dissenyar-amb-el-mon-nova-exposicio-al-dhub\/#primaryimage"},"thumbnailUrl":"https:\/\/media.poblenouurbandistrict.com\/2025\/02\/25083946\/copia-de-dhub-matter-matters-altares-1.jpg","datePublished":"2025-02-20T12:14:18+00:00","dateModified":"2025-02-21T09:37:57+00:00","author":{"@id":"https:\/\/poblenouurbandistrict.com\/#\/schema\/person\/980a2cf34b399d5218205730acd54a7e"},"breadcrumb":{"@id":"https:\/\/poblenouurbandistrict.com\/es\/matter-matters-dissenyar-amb-el-mon-nova-exposicio-al-dhub\/#breadcrumb"},"inLanguage":"es","potentialAction":[{"@type":"ReadAction","target":[["https:\/\/poblenouurbandistrict.com\/es\/matter-matters-dissenyar-amb-el-mon-nova-exposicio-al-dhub\/"]]}]},{"@type":"ImageObject","inLanguage":"es","@id":"https:\/\/poblenouurbandistrict.com\/es\/matter-matters-dissenyar-amb-el-mon-nova-exposicio-al-dhub\/#primaryimage","url":"https:\/\/media.poblenouurbandistrict.com\/2025\/02\/25083946\/copia-de-dhub-matter-matters-altares-1.jpg","contentUrl":"https:\/\/media.poblenouurbandistrict.com\/2025\/02\/25083946\/copia-de-dhub-matter-matters-altares-1.jpg","width":2560,"height":1691,"caption":"Exposici\u00f3n Matter Matters. Dise\u00f1ar con el mundo, Museu del Disseny-DHub Barcelona. Calculating Empires: A Genealogy of Technology and Power Since 1500, Kate Crawford and Vladan Joler, 2023"},{"@type":"BreadcrumbList","@id":"https:\/\/poblenouurbandistrict.com\/es\/matter-matters-dissenyar-amb-el-mon-nova-exposicio-al-dhub\/#breadcrumb","itemListElement":[{"@type":"ListItem","position":1,"name":"Home","item":"https:\/\/poblenouurbandistrict.com\/es\/"},{"@type":"ListItem","position":2,"name":"Nova exposici\u00f3 permanent al DHub: Matter Matters. Dissenyar amb el m\u00f3n."}]},{"@type":"WebSite","@id":"https:\/\/poblenouurbandistrict.com\/es\/#website","url":"https:\/\/poblenouurbandistrict.com\/es\/","name":"Poblenou Urban District","description":"Comunidad Creativa","potentialAction":[{"@type":"SearchAction","target":{"@type":"EntryPoint","urlTemplate":"https:\/\/poblenouurbandistrict.com\/es\/?s={search_term_string}"},"query-input":{"@type":"PropertyValueSpecification","valueRequired":true,"valueName":"search_term_string"}}],"inLanguage":"es"},{"@type":"Person","@id":"https:\/\/poblenouurbandistrict.com\/#\/schema\/person\/980a2cf34b399d5218205730acd54a7e","name":"pnud","image":{"@type":"ImageObject","inLanguage":"es","@id":"https:\/\/secure.gravatar.com\/avatar\/67146597b405ee077a24e519f75c3e2031736596d6ce35af3a34c122c93d0d7b?s=96&d=retro&r=g","url":"https:\/\/secure.gravatar.com\/avatar\/67146597b405ee077a24e519f75c3e2031736596d6ce35af3a34c122c93d0d7b?s=96&d=retro&r=g","contentUrl":"https:\/\/secure.gravatar.com\/avatar\/67146597b405ee077a24e519f75c3e2031736596d6ce35af3a34c122c93d0d7b?s=96&d=retro&r=g","caption":"pnud"}}]}},"_links":{"self":[{"href":"https:\/\/poblenouurbandistrict.com\/es\/wp-json\/wp\/v2\/posts\/49830","targetHints":{"allow":["GET"]}}],"collection":[{"href":"https:\/\/poblenouurbandistrict.com\/es\/wp-json\/wp\/v2\/posts"}],"about":[{"href":"https:\/\/poblenouurbandistrict.com\/es\/wp-json\/wp\/v2\/types\/post"}],"author":[{"embeddable":true,"href":"https:\/\/poblenouurbandistrict.com\/es\/wp-json\/wp\/v2\/users\/5"}],"replies":[{"embeddable":true,"href":"https:\/\/poblenouurbandistrict.com\/es\/wp-json\/wp\/v2\/comments?post=49830"}],"version-history":[{"count":15,"href":"https:\/\/poblenouurbandistrict.com\/es\/wp-json\/wp\/v2\/posts\/49830\/revisions"}],"predecessor-version":[{"id":49839,"href":"https:\/\/poblenouurbandistrict.com\/es\/wp-json\/wp\/v2\/posts\/49830\/revisions\/49839"}],"wp:featuredmedia":[{"embeddable":true,"href":"https:\/\/poblenouurbandistrict.com\/es\/wp-json\/wp\/v2\/media\/49851"}],"wp:attachment":[{"href":"https:\/\/poblenouurbandistrict.com\/es\/wp-json\/wp\/v2\/media?parent=49830"}],"wp:term":[{"taxonomy":"category","embeddable":true,"href":"https:\/\/poblenouurbandistrict.com\/es\/wp-json\/wp\/v2\/categories?post=49830"},{"taxonomy":"post_tag","embeddable":true,"href":"https:\/\/poblenouurbandistrict.com\/es\/wp-json\/wp\/v2\/tags?post=49830"}],"curies":[{"name":"wp","href":"https:\/\/api.w.org\/{rel}","templated":true}]}}