{"id":49872,"date":"2025-02-24T16:32:22","date_gmt":"2025-02-24T15:32:22","guid":{"rendered":"https:\/\/poblenouurbandistrict.com\/?p=49872"},"modified":"2025-02-25T16:02:12","modified_gmt":"2025-02-25T15:02:12","slug":"llega-la-tercera-edicion-del-creative-market-a-lemuria-continente-cultural","status":"publish","type":"post","link":"https:\/\/poblenouurbandistrict.com\/es\/llega-la-tercera-edicion-del-creative-market-a-lemuria-continente-cultural\/","title":{"rendered":"Llega la tercera edici\u00f3n del Creative Market a LeMURia Continente Cultural"},"content":{"rendered":"<p><\/p>\n<p data-start=\"198\" data-end=\"362\">En el coraz\u00f3n de Poblenou, donde la creatividad cobra vida, regresa el <strong data-start=\"269\" data-end=\"288\">Creative Market<\/strong>, un encuentro vibrante que fusiona arte, dise\u00f1o y cultura emergente organizado por <a href=\"https:\/\/lemuriacontinente.com\">LeMURia Continente Cultural<\/a> y <a href=\"https:\/\/www.instagram.com\/elementscoffee.we\/\">Elements Coffe<\/a>.<\/p>\n<p data-start=\"364\" data-end=\"687\">Sum\u00e9rgete en un espacio donde cada detalle cuenta una historia: desde ilustraciones cautivadoras hasta joyer\u00eda artesanal, pasando por experiencias sensoriales. Durante la jornada, los asistentes podr\u00e1n disfrutar de una amplia variedad de propuestas art\u00edsticas y sensoriales, que incluyen <strong data-start=\"890\" data-end=\"992\">arte en 3D, pintura en vivo, fotograf\u00eda anal\u00f3gica, joyer\u00eda con flores naturales y lectura de tarot<\/strong>, entre otras disciplinas. Adem\u00e1s, quienes busquen un momento de relajaci\u00f3n podr\u00e1n experimentar el <strong data-start=\"1091\" data-end=\"1110\">masaje ayurveda<\/strong>, mientras que los amantes del buen vino tendr\u00e1n la oportunidad de degustar <strong data-start=\"1186\" data-end=\"1213\">vinos org\u00e1nicos locales<\/strong>. Todo mientras el aroma del <strong data-start=\"642\" data-end=\"663\">caf\u00e9 reci\u00e9n hecho<\/strong> envuelve el ambiente.<\/p>\n<p data-start=\"1218\" data-end=\"1540\">El evento se desarrollar\u00e1 en dos horarios: <strong data-start=\"1261\" data-end=\"1331\">de 10:00h a 14:00h por la ma\u00f1ana y de 17:00h a 20:00h por la tarde<\/strong>, permitiendo que m\u00e1s personas puedan acercarse a descubrir las propuestas de los creadores participantes. <strong data-start=\"1438\" data-end=\"1461\">La entrada es libre<\/strong>, aunque es recomendable reservar plaza a trav\u00e9s del enlace oficial del evento.<\/p>\n<p data-start=\"1542\" data-end=\"1964\">M\u00e1s all\u00e1 de la exhibici\u00f3n de talento y creatividad, el Creative Market se presenta como una oportunidad para generar conexiones aut\u00e9nticas entre artistas, emprendedores y el p\u00fablico. Cada edici\u00f3n se convierte en un espacio de intercambio y colaboraci\u00f3n, donde los asistentes pueden conocer de cerca el proceso creativo detr\u00e1s de cada obra, apoyar el talento local y llevarse a casa piezas \u00fanicas con historia propia.<\/p>\n<p data-start=\"1966\" data-end=\"2164\">Quienes deseen formar parte como expositores en futuras ediciones pueden escribir a trav\u00e9s del perfil de Instagram de los organizadores:\u00a0<strong data-start=\"2105\" data-end=\"2136\">@lemuria.continentecultural<\/strong> y <strong data-start=\"2139\" data-end=\"2161\">@elementscoffee.we<\/strong>.<\/p>\n<p>La cita tendr\u00e1 lugar el pr\u00f3ximo <strong data-start=\"431\" data-end=\"452\">s\u00e1bado 1 de marzo<\/strong> en <strong data-start=\"456\" data-end=\"486\">Elements Coffee by LeMURia<\/strong>, un punto de encuentro donde el arte y el caf\u00e9 se fusionan para ofrecer una experiencia \u00fanica. Inscr\u00edbete y reserva tu <a href=\"https:\/\/lu.ma\/gzgi4d4e\">entrada gratuita aqu\u00ed<\/a>.<\/p>","protected":false},"excerpt":{"rendered":"<p>En el coraz\u00f3n de Poblenou, donde la creatividad cobra vida, regresa el Creative Market, un encuentro vibrante que fusiona arte,&#8230; <a href=\"https:\/\/poblenouurbandistrict.com\/es\/llega-la-tercera-edicion-del-creative-market-a-lemuria-continente-cultural\/\">M\u00e1s  \u2192<\/a><\/p>\n","protected":false},"author":5,"featured_media":49879,"comment_status":"closed","ping_status":"closed","sticky":false,"template":"","format":"standard","meta":{"_acf_changed":false,"footnotes":""},"categories":[3342],"tags":[],"class_list":["post-49872","post","type-post","status-publish","format-standard","has-post-thumbnail","hentry","category-art"],"acf":[],"yoast_head":"<!-- This site is optimized with the Yoast SEO plugin v27.5 - https:\/\/yoast.com\/product\/yoast-seo-wordpress\/ -->\n<title>Llega la tercera edici\u00f3n del Creative Market a LeMURia Continente Cultural &#8211; Poblenou Urban District<\/title>\n<meta name=\"robots\" content=\"index, follow, max-snippet:-1, max-image-preview:large, max-video-preview:-1\" \/>\n<link rel=\"canonical\" href=\"https:\/\/poblenouurbandistrict.com\/es\/llega-la-tercera-edicion-del-creative-market-a-lemuria-continente-cultural\/\" \/>\n<meta property=\"og:locale\" content=\"es_ES\" \/>\n<meta property=\"og:type\" content=\"article\" \/>\n<meta property=\"og:title\" content=\"Llega la tercera edici\u00f3n del Creative Market a LeMURia Continente Cultural &#8211; Poblenou Urban District\" \/>\n<meta property=\"og:description\" content=\"En el coraz\u00f3n de Poblenou, donde la creatividad cobra vida, regresa el Creative Market, un encuentro vibrante que fusiona arte,... M\u00e1s \u2192\" \/>\n<meta property=\"og:url\" content=\"https:\/\/poblenouurbandistrict.com\/es\/llega-la-tercera-edicion-del-creative-market-a-lemuria-continente-cultural\/\" \/>\n<meta property=\"og:site_name\" content=\"Poblenou Urban District\" \/>\n<meta property=\"article:published_time\" content=\"2025-02-24T15:32:22+00:00\" \/>\n<meta property=\"article:modified_time\" content=\"2025-02-25T15:02:12+00:00\" \/>\n<meta property=\"og:image\" content=\"https:\/\/poblenouurbandistrict.com\/wp-content\/uploads\/2025\/02\/img-8699.jpg\" \/>\n\t<meta property=\"og:image:width\" content=\"2560\" \/>\n\t<meta property=\"og:image:height\" content=\"1707\" \/>\n\t<meta property=\"og:image:type\" content=\"image\/jpeg\" \/>\n<meta name=\"author\" content=\"pnud\" \/>\n<meta name=\"twitter:card\" content=\"summary_large_image\" \/>\n<meta name=\"twitter:label1\" content=\"Escrito por\" \/>\n\t<meta name=\"twitter:data1\" content=\"pnud\" \/>\n\t<meta name=\"twitter:label2\" content=\"Tiempo de lectura\" \/>\n\t<meta name=\"twitter:data2\" content=\"2 minutos\" \/>\n<script type=\"application\/ld+json\" class=\"yoast-schema-graph\">{\"@context\":\"https:\\\/\\\/schema.org\",\"@graph\":[{\"@type\":\"Article\",\"@id\":\"https:\\\/\\\/poblenouurbandistrict.com\\\/llega-la-tercera-edicion-del-creative-market-a-lemuria-continente-cultural\\\/#article\",\"isPartOf\":{\"@id\":\"https:\\\/\\\/poblenouurbandistrict.com\\\/llega-la-tercera-edicion-del-creative-market-a-lemuria-continente-cultural\\\/\"},\"author\":{\"name\":\"pnud\",\"@id\":\"https:\\\/\\\/poblenouurbandistrict.com\\\/#\\\/schema\\\/person\\\/980a2cf34b399d5218205730acd54a7e\"},\"headline\":\"Llega la tercera edici\u00f3n del Creative Market a LeMURia Continente Cultural\",\"datePublished\":\"2025-02-24T15:32:22+00:00\",\"dateModified\":\"2025-02-25T15:02:12+00:00\",\"mainEntityOfPage\":{\"@id\":\"https:\\\/\\\/poblenouurbandistrict.com\\\/llega-la-tercera-edicion-del-creative-market-a-lemuria-continente-cultural\\\/\"},\"wordCount\":700,\"image\":{\"@id\":\"https:\\\/\\\/poblenouurbandistrict.com\\\/llega-la-tercera-edicion-del-creative-market-a-lemuria-continente-cultural\\\/#primaryimage\"},\"thumbnailUrl\":\"https:\\\/\\\/media.poblenouurbandistrict.com\\\/2025\\\/02\\\/25084013\\\/img-8699.jpg\",\"articleSection\":[\"Arte\"],\"inLanguage\":\"es\"},{\"@type\":\"WebPage\",\"@id\":\"https:\\\/\\\/poblenouurbandistrict.com\\\/es\\\/llega-la-tercera-edicion-del-creative-market-a-lemuria-continente-cultural\\\/\",\"url\":\"https:\\\/\\\/poblenouurbandistrict.com\\\/es\\\/llega-la-tercera-edicion-del-creative-market-a-lemuria-continente-cultural\\\/\",\"name\":\"Llega la tercera edici\u00f3n del Creative Market a LeMURia Continente Cultural &#8211; Poblenou Urban District\",\"isPartOf\":{\"@id\":\"https:\\\/\\\/poblenouurbandistrict.com\\\/es\\\/#website\"},\"primaryImageOfPage\":{\"@id\":\"https:\\\/\\\/poblenouurbandistrict.com\\\/es\\\/llega-la-tercera-edicion-del-creative-market-a-lemuria-continente-cultural\\\/#primaryimage\"},\"image\":{\"@id\":\"https:\\\/\\\/poblenouurbandistrict.com\\\/llega-la-tercera-edicion-del-creative-market-a-lemuria-continente-cultural\\\/#primaryimage\"},\"thumbnailUrl\":\"https:\\\/\\\/media.poblenouurbandistrict.com\\\/2025\\\/02\\\/25084013\\\/img-8699.jpg\",\"datePublished\":\"2025-02-24T15:32:22+00:00\",\"dateModified\":\"2025-02-25T15:02:12+00:00\",\"author\":{\"@id\":\"https:\\\/\\\/poblenouurbandistrict.com\\\/#\\\/schema\\\/person\\\/980a2cf34b399d5218205730acd54a7e\"},\"breadcrumb\":{\"@id\":\"https:\\\/\\\/poblenouurbandistrict.com\\\/es\\\/llega-la-tercera-edicion-del-creative-market-a-lemuria-continente-cultural\\\/#breadcrumb\"},\"inLanguage\":\"es\",\"potentialAction\":[{\"@type\":\"ReadAction\",\"target\":[[\"https:\\\/\\\/poblenouurbandistrict.com\\\/es\\\/llega-la-tercera-edicion-del-creative-market-a-lemuria-continente-cultural\\\/\"]]}]},{\"@type\":\"ImageObject\",\"inLanguage\":\"es\",\"@id\":\"https:\\\/\\\/poblenouurbandistrict.com\\\/es\\\/llega-la-tercera-edicion-del-creative-market-a-lemuria-continente-cultural\\\/#primaryimage\",\"url\":\"https:\\\/\\\/media.poblenouurbandistrict.com\\\/2025\\\/02\\\/25084013\\\/img-8699.jpg\",\"contentUrl\":\"https:\\\/\\\/media.poblenouurbandistrict.com\\\/2025\\\/02\\\/25084013\\\/img-8699.jpg\",\"width\":2560,\"height\":1707},{\"@type\":\"BreadcrumbList\",\"@id\":\"https:\\\/\\\/poblenouurbandistrict.com\\\/es\\\/llega-la-tercera-edicion-del-creative-market-a-lemuria-continente-cultural\\\/#breadcrumb\",\"itemListElement\":[{\"@type\":\"ListItem\",\"position\":1,\"name\":\"Home\",\"item\":\"https:\\\/\\\/poblenouurbandistrict.com\\\/es\\\/\"},{\"@type\":\"ListItem\",\"position\":2,\"name\":\"Arriba la tercera edici\u00f3 del Creative Market a LeMURia Continente Cultural\"}]},{\"@type\":\"WebSite\",\"@id\":\"https:\\\/\\\/poblenouurbandistrict.com\\\/es\\\/#website\",\"url\":\"https:\\\/\\\/poblenouurbandistrict.com\\\/es\\\/\",\"name\":\"Poblenou Urban District\",\"description\":\"Comunidad Creativa\",\"potentialAction\":[{\"@type\":\"SearchAction\",\"target\":{\"@type\":\"EntryPoint\",\"urlTemplate\":\"https:\\\/\\\/poblenouurbandistrict.com\\\/es\\\/?s={search_term_string}\"},\"query-input\":{\"@type\":\"PropertyValueSpecification\",\"valueRequired\":true,\"valueName\":\"search_term_string\"}}],\"inLanguage\":\"es\"},{\"@type\":\"Person\",\"@id\":\"https:\\\/\\\/poblenouurbandistrict.com\\\/#\\\/schema\\\/person\\\/980a2cf34b399d5218205730acd54a7e\",\"name\":\"pnud\",\"image\":{\"@type\":\"ImageObject\",\"inLanguage\":\"es\",\"@id\":\"https:\\\/\\\/secure.gravatar.com\\\/avatar\\\/67146597b405ee077a24e519f75c3e2031736596d6ce35af3a34c122c93d0d7b?s=96&d=retro&r=g\",\"url\":\"https:\\\/\\\/secure.gravatar.com\\\/avatar\\\/67146597b405ee077a24e519f75c3e2031736596d6ce35af3a34c122c93d0d7b?s=96&d=retro&r=g\",\"contentUrl\":\"https:\\\/\\\/secure.gravatar.com\\\/avatar\\\/67146597b405ee077a24e519f75c3e2031736596d6ce35af3a34c122c93d0d7b?s=96&d=retro&r=g\",\"caption\":\"pnud\"}}]}<\/script>\n<!-- \/ Yoast SEO plugin. -->","yoast_head_json":{"title":"Llega la tercera edici\u00f3n del Creative Market a LeMURia Continente Cultural &#8211; Poblenou Urban District","robots":{"index":"index","follow":"follow","max-snippet":"max-snippet:-1","max-image-preview":"max-image-preview:large","max-video-preview":"max-video-preview:-1"},"canonical":"https:\/\/poblenouurbandistrict.com\/es\/llega-la-tercera-edicion-del-creative-market-a-lemuria-continente-cultural\/","og_locale":"es_ES","og_type":"article","og_title":"Llega la tercera edici\u00f3n del Creative Market a LeMURia Continente Cultural &#8211; Poblenou Urban District","og_description":"En el coraz\u00f3n de Poblenou, donde la creatividad cobra vida, regresa el Creative Market, un encuentro vibrante que fusiona arte,... M\u00e1s \u2192","og_url":"https:\/\/poblenouurbandistrict.com\/es\/llega-la-tercera-edicion-del-creative-market-a-lemuria-continente-cultural\/","og_site_name":"Poblenou Urban District","article_published_time":"2025-02-24T15:32:22+00:00","article_modified_time":"2025-02-25T15:02:12+00:00","og_image":[{"width":2560,"height":1707,"url":"https:\/\/poblenouurbandistrict.com\/wp-content\/uploads\/2025\/02\/img-8699.jpg","type":"image\/jpeg"}],"author":"pnud","twitter_card":"summary_large_image","twitter_misc":{"Escrito por":"pnud","Tiempo de lectura":"2 minutos"},"schema":{"@context":"https:\/\/schema.org","@graph":[{"@type":"Article","@id":"https:\/\/poblenouurbandistrict.com\/llega-la-tercera-edicion-del-creative-market-a-lemuria-continente-cultural\/#article","isPartOf":{"@id":"https:\/\/poblenouurbandistrict.com\/llega-la-tercera-edicion-del-creative-market-a-lemuria-continente-cultural\/"},"author":{"name":"pnud","@id":"https:\/\/poblenouurbandistrict.com\/#\/schema\/person\/980a2cf34b399d5218205730acd54a7e"},"headline":"Llega la tercera edici\u00f3n del Creative Market a LeMURia Continente Cultural","datePublished":"2025-02-24T15:32:22+00:00","dateModified":"2025-02-25T15:02:12+00:00","mainEntityOfPage":{"@id":"https:\/\/poblenouurbandistrict.com\/llega-la-tercera-edicion-del-creative-market-a-lemuria-continente-cultural\/"},"wordCount":700,"image":{"@id":"https:\/\/poblenouurbandistrict.com\/llega-la-tercera-edicion-del-creative-market-a-lemuria-continente-cultural\/#primaryimage"},"thumbnailUrl":"https:\/\/media.poblenouurbandistrict.com\/2025\/02\/25084013\/img-8699.jpg","articleSection":["Arte"],"inLanguage":"es"},{"@type":"WebPage","@id":"https:\/\/poblenouurbandistrict.com\/es\/llega-la-tercera-edicion-del-creative-market-a-lemuria-continente-cultural\/","url":"https:\/\/poblenouurbandistrict.com\/es\/llega-la-tercera-edicion-del-creative-market-a-lemuria-continente-cultural\/","name":"Llega la tercera edici\u00f3n del Creative Market a LeMURia Continente Cultural &#8211; Poblenou Urban District","isPartOf":{"@id":"https:\/\/poblenouurbandistrict.com\/es\/#website"},"primaryImageOfPage":{"@id":"https:\/\/poblenouurbandistrict.com\/es\/llega-la-tercera-edicion-del-creative-market-a-lemuria-continente-cultural\/#primaryimage"},"image":{"@id":"https:\/\/poblenouurbandistrict.com\/llega-la-tercera-edicion-del-creative-market-a-lemuria-continente-cultural\/#primaryimage"},"thumbnailUrl":"https:\/\/media.poblenouurbandistrict.com\/2025\/02\/25084013\/img-8699.jpg","datePublished":"2025-02-24T15:32:22+00:00","dateModified":"2025-02-25T15:02:12+00:00","author":{"@id":"https:\/\/poblenouurbandistrict.com\/#\/schema\/person\/980a2cf34b399d5218205730acd54a7e"},"breadcrumb":{"@id":"https:\/\/poblenouurbandistrict.com\/es\/llega-la-tercera-edicion-del-creative-market-a-lemuria-continente-cultural\/#breadcrumb"},"inLanguage":"es","potentialAction":[{"@type":"ReadAction","target":[["https:\/\/poblenouurbandistrict.com\/es\/llega-la-tercera-edicion-del-creative-market-a-lemuria-continente-cultural\/"]]}]},{"@type":"ImageObject","inLanguage":"es","@id":"https:\/\/poblenouurbandistrict.com\/es\/llega-la-tercera-edicion-del-creative-market-a-lemuria-continente-cultural\/#primaryimage","url":"https:\/\/media.poblenouurbandistrict.com\/2025\/02\/25084013\/img-8699.jpg","contentUrl":"https:\/\/media.poblenouurbandistrict.com\/2025\/02\/25084013\/img-8699.jpg","width":2560,"height":1707},{"@type":"BreadcrumbList","@id":"https:\/\/poblenouurbandistrict.com\/es\/llega-la-tercera-edicion-del-creative-market-a-lemuria-continente-cultural\/#breadcrumb","itemListElement":[{"@type":"ListItem","position":1,"name":"Home","item":"https:\/\/poblenouurbandistrict.com\/es\/"},{"@type":"ListItem","position":2,"name":"Arriba la tercera edici\u00f3 del Creative Market a LeMURia Continente Cultural"}]},{"@type":"WebSite","@id":"https:\/\/poblenouurbandistrict.com\/es\/#website","url":"https:\/\/poblenouurbandistrict.com\/es\/","name":"Poblenou Urban District","description":"Comunidad Creativa","potentialAction":[{"@type":"SearchAction","target":{"@type":"EntryPoint","urlTemplate":"https:\/\/poblenouurbandistrict.com\/es\/?s={search_term_string}"},"query-input":{"@type":"PropertyValueSpecification","valueRequired":true,"valueName":"search_term_string"}}],"inLanguage":"es"},{"@type":"Person","@id":"https:\/\/poblenouurbandistrict.com\/#\/schema\/person\/980a2cf34b399d5218205730acd54a7e","name":"pnud","image":{"@type":"ImageObject","inLanguage":"es","@id":"https:\/\/secure.gravatar.com\/avatar\/67146597b405ee077a24e519f75c3e2031736596d6ce35af3a34c122c93d0d7b?s=96&d=retro&r=g","url":"https:\/\/secure.gravatar.com\/avatar\/67146597b405ee077a24e519f75c3e2031736596d6ce35af3a34c122c93d0d7b?s=96&d=retro&r=g","contentUrl":"https:\/\/secure.gravatar.com\/avatar\/67146597b405ee077a24e519f75c3e2031736596d6ce35af3a34c122c93d0d7b?s=96&d=retro&r=g","caption":"pnud"}}]}},"_links":{"self":[{"href":"https:\/\/poblenouurbandistrict.com\/es\/wp-json\/wp\/v2\/posts\/49872","targetHints":{"allow":["GET"]}}],"collection":[{"href":"https:\/\/poblenouurbandistrict.com\/es\/wp-json\/wp\/v2\/posts"}],"about":[{"href":"https:\/\/poblenouurbandistrict.com\/es\/wp-json\/wp\/v2\/types\/post"}],"author":[{"embeddable":true,"href":"https:\/\/poblenouurbandistrict.com\/es\/wp-json\/wp\/v2\/users\/5"}],"replies":[{"embeddable":true,"href":"https:\/\/poblenouurbandistrict.com\/es\/wp-json\/wp\/v2\/comments?post=49872"}],"version-history":[{"count":5,"href":"https:\/\/poblenouurbandistrict.com\/es\/wp-json\/wp\/v2\/posts\/49872\/revisions"}],"predecessor-version":[{"id":49880,"href":"https:\/\/poblenouurbandistrict.com\/es\/wp-json\/wp\/v2\/posts\/49872\/revisions\/49880"}],"wp:featuredmedia":[{"embeddable":true,"href":"https:\/\/poblenouurbandistrict.com\/es\/wp-json\/wp\/v2\/media\/49879"}],"wp:attachment":[{"href":"https:\/\/poblenouurbandistrict.com\/es\/wp-json\/wp\/v2\/media?parent=49872"}],"wp:term":[{"taxonomy":"category","embeddable":true,"href":"https:\/\/poblenouurbandistrict.com\/es\/wp-json\/wp\/v2\/categories?post=49872"},{"taxonomy":"post_tag","embeddable":true,"href":"https:\/\/poblenouurbandistrict.com\/es\/wp-json\/wp\/v2\/tags?post=49872"}],"curies":[{"name":"wp","href":"https:\/\/api.w.org\/{rel}","templated":true}]}}