{"id":49916,"date":"2025-03-18T16:57:06","date_gmt":"2025-03-18T15:57:06","guid":{"rendered":"https:\/\/poblenouurbandistrict.com\/?p=49916"},"modified":"2025-03-26T10:41:57","modified_gmt":"2025-03-26T09:41:57","slug":"open-call-busquem-artistes-multidisciplinaris-per-participar-en-el-windows-art-circuit","status":"publish","type":"post","link":"https:\/\/poblenouurbandistrict.com\/es\/open-call-busquem-artistes-multidisciplinaris-per-participar-en-el-windows-art-circuit\/","title":{"rendered":"Open Call! Pres\u00e9ntate a la convocatoria del Windows Art Circuit 2025"},"content":{"rendered":"<p><\/p>\n<h2>\u00a1Convocatoria abierta para la 10\u00aa edici\u00f3n del Windows Art Circuit (WAC)!<\/h2>\n<p>El WAC celebrar\u00e1 su d\u00e9cima edici\u00f3n el 10 de mayo de 2025. Si eres artista \u2014muralista, pintor\/a, fot\u00f3grafo\/a, escultor\/a, videoartista o ilustrador\/a\u2014 esta es tu oportunidad para presentar un proyecto y formar parte de este circuito, dise\u00f1ado para impulsar y reivindicar el talento del arte emergente.<\/p>\n<p>Este evento se llevar\u00e1 a cabo en una selecci\u00f3n de espacios de la Comunidad Creativa de Poblenou Urban District, donde los artistas tendr\u00e1n la oportunidad de participar en exposiciones colectivas e intervenciones en directo. La asociaci\u00f3n facilitar\u00e1 el asesoramiento necesario para la correcta realizaci\u00f3n de las exposiciones e intervenciones en los espacios participantes.<\/p>\n<p>En esta d\u00e9cima edici\u00f3n, celebramos los logros de un proyecto que desde sus inicios ha tenido como objetivo crear una plataforma de difusi\u00f3n para los artistas dentro de la ciudad, brind\u00e1ndoles los recursos materiales y t\u00e9cnicos necesarios para desarrollar los proyectos presentados en la convocatoria. Los artistas seleccionados formar\u00e1n parte de la campa\u00f1a global del Open Day y tendr\u00e1n visibilidad a trav\u00e9s de su difusi\u00f3n, con la oportunidad de mostrar su trabajo a un p\u00fablico amplio.<\/p>\n<p>La fecha l\u00edmite para presentar las candidaturas es el 3 de abril a las 23:59 h. Pod\u00e9is inscribiros a trav\u00e9s de <strong><a href=\"https:\/\/forms.gle\/8jLxNUpo5PGGx7p2A\">este formulario<\/a><\/strong> y descubrir m\u00e1s informaci\u00f3n en las <a href=\"https:\/\/drive.google.com\/file\/d\/1ZIGy0nUssbw2mHSAYJKCA54uwXYNCnBa\/view?usp=drive_link\"><strong>bases legales<\/strong><\/a>.<\/p>\n<p>Las propuestas seleccionadas se presentar\u00e1n en diferentes espacios dentro del circuito del WAC y formar\u00e1n parte del Open Day, una jornada dedicada a descubrir la oferta cultural del Distrito Creativo, que este a\u00f1o se celebrar\u00e1 el 10 de mayo.<\/p>\n<p data-start=\"992\" data-end=\"1165\" data-is-last-node=\"\" data-is-only-node=\"\">El jurado de esta d\u00e9cima edici\u00f3n estar\u00e1 formado por:<\/p>\n<ul>\n<li>Jordi Solsona, direcci\u00f3n, dise\u00f1o y comisariado del Gargar Festival.<\/li>\n<li>Xavi Ballaz, direcci\u00f3n art\u00edstica de B-Murals.<\/li>\n<li>Ana Manaia, coordinadora de B-Murals.<\/li>\n<li>Jordi Bohigas, director de Piramid\u00f3n, Centre d&#8217;Art Contemporani.<\/li>\n<li>Ricard Casals, coordinador de Piramid\u00f3n, Centre d&#8217;Art Contemporani.<\/li>\n<li>L\u00faa Coderch, jefa de Estudios del Grado en Bellas Artes.<\/li>\n<li>Claudia Costa, direcci\u00f3n creativa de Poblenou Urban District.<\/li>\n<li>Agata Ko\u0142oma\u0144ska, gesti\u00f3n de proyectos de Poblenou Urban District.<\/li>\n<li>Edgar Go\u00e1s WEDO, artista muralista.<\/li>\n<\/ul>\n<p><\/p>","protected":false},"excerpt":{"rendered":"<p>\u00a1Convocatoria abierta para la 10\u00aa edici\u00f3n del Windows Art Circuit (WAC)! El WAC celebrar\u00e1 su d\u00e9cima edici\u00f3n el 10 de&#8230; <a href=\"https:\/\/poblenouurbandistrict.com\/es\/open-call-busquem-artistes-multidisciplinaris-per-participar-en-el-windows-art-circuit\/\">M\u00e1s  \u2192<\/a><\/p>\n","protected":false},"author":5,"featured_media":37528,"comment_status":"closed","ping_status":"closed","sticky":false,"template":"","format":"standard","meta":{"_acf_changed":false,"footnotes":""},"categories":[3558],"tags":[],"class_list":["post-49916","post","type-post","status-publish","format-standard","has-post-thumbnail","hentry","category-wac"],"acf":[],"yoast_head":"<!-- This site is optimized with the Yoast SEO plugin v27.4 - https:\/\/yoast.com\/product\/yoast-seo-wordpress\/ -->\n<title>Open Call! Pres\u00e9ntate a la convocatoria del Windows Art Circuit 2025 &#8211; Poblenou Urban District<\/title>\n<meta name=\"robots\" content=\"index, follow, max-snippet:-1, max-image-preview:large, max-video-preview:-1\" \/>\n<link rel=\"canonical\" href=\"https:\/\/poblenouurbandistrict.com\/es\/open-call-busquem-artistes-multidisciplinaris-per-participar-en-el-windows-art-circuit\/\" \/>\n<meta property=\"og:locale\" content=\"es_ES\" \/>\n<meta property=\"og:type\" content=\"article\" \/>\n<meta property=\"og:title\" content=\"Open Call! Pres\u00e9ntate a la convocatoria del Windows Art Circuit 2025 &#8211; Poblenou Urban District\" \/>\n<meta property=\"og:description\" content=\"\u00a1Convocatoria abierta para la 10\u00aa edici\u00f3n del Windows Art Circuit (WAC)! El WAC celebrar\u00e1 su d\u00e9cima edici\u00f3n el 10 de... M\u00e1s \u2192\" \/>\n<meta property=\"og:url\" content=\"https:\/\/poblenouurbandistrict.com\/es\/open-call-busquem-artistes-multidisciplinaris-per-participar-en-el-windows-art-circuit\/\" \/>\n<meta property=\"og:site_name\" content=\"Poblenou Urban District\" \/>\n<meta property=\"article:published_time\" content=\"2025-03-18T15:57:06+00:00\" \/>\n<meta property=\"article:modified_time\" content=\"2025-03-26T09:41:57+00:00\" \/>\n<meta property=\"og:image\" content=\"https:\/\/poblenouurbandistrict.com\/wp-content\/uploads\/2023\/03\/wac-1500x1000-01-1-scaled.jpg\" \/>\n\t<meta property=\"og:image:width\" content=\"2560\" \/>\n\t<meta property=\"og:image:height\" content=\"1707\" \/>\n\t<meta property=\"og:image:type\" content=\"image\/jpeg\" \/>\n<meta name=\"author\" content=\"pnud\" \/>\n<meta name=\"twitter:card\" content=\"summary_large_image\" \/>\n<meta name=\"twitter:label1\" content=\"Escrito por\" \/>\n\t<meta name=\"twitter:data1\" content=\"pnud\" \/>\n\t<meta name=\"twitter:label2\" content=\"Tiempo de lectura\" \/>\n\t<meta name=\"twitter:data2\" content=\"1 minuto\" \/>\n<script type=\"application\/ld+json\" class=\"yoast-schema-graph\">{\"@context\":\"https:\\\/\\\/schema.org\",\"@graph\":[{\"@type\":\"Article\",\"@id\":\"https:\\\/\\\/poblenouurbandistrict.com\\\/open-call-busquem-artistes-multidisciplinaris-per-participar-en-el-windows-art-circuit\\\/#article\",\"isPartOf\":{\"@id\":\"https:\\\/\\\/poblenouurbandistrict.com\\\/open-call-busquem-artistes-multidisciplinaris-per-participar-en-el-windows-art-circuit\\\/\"},\"author\":{\"name\":\"pnud\",\"@id\":\"https:\\\/\\\/poblenouurbandistrict.com\\\/#\\\/schema\\\/person\\\/980a2cf34b399d5218205730acd54a7e\"},\"headline\":\"Open Call! Pres\u00e9ntate a la convocatoria del Windows Art Circuit 2025\",\"datePublished\":\"2025-03-18T15:57:06+00:00\",\"dateModified\":\"2025-03-26T09:41:57+00:00\",\"mainEntityOfPage\":{\"@id\":\"https:\\\/\\\/poblenouurbandistrict.com\\\/open-call-busquem-artistes-multidisciplinaris-per-participar-en-el-windows-art-circuit\\\/\"},\"wordCount\":766,\"image\":{\"@id\":\"https:\\\/\\\/poblenouurbandistrict.com\\\/open-call-busquem-artistes-multidisciplinaris-per-participar-en-el-windows-art-circuit\\\/#primaryimage\"},\"thumbnailUrl\":\"https:\\\/\\\/media.poblenouurbandistrict.com\\\/2023\\\/03\\\/25060901\\\/wac-1500x1000-01-1-scaled.jpg\",\"articleSection\":[\"WAC\"],\"inLanguage\":\"es\"},{\"@type\":\"WebPage\",\"@id\":\"https:\\\/\\\/poblenouurbandistrict.com\\\/es\\\/open-call-busquem-artistes-multidisciplinaris-per-participar-en-el-windows-art-circuit\\\/\",\"url\":\"https:\\\/\\\/poblenouurbandistrict.com\\\/es\\\/open-call-busquem-artistes-multidisciplinaris-per-participar-en-el-windows-art-circuit\\\/\",\"name\":\"Open Call! Pres\u00e9ntate a la convocatoria del Windows Art Circuit 2025 &#8211; Poblenou Urban District\",\"isPartOf\":{\"@id\":\"https:\\\/\\\/poblenouurbandistrict.com\\\/es\\\/#website\"},\"primaryImageOfPage\":{\"@id\":\"https:\\\/\\\/poblenouurbandistrict.com\\\/es\\\/open-call-busquem-artistes-multidisciplinaris-per-participar-en-el-windows-art-circuit\\\/#primaryimage\"},\"image\":{\"@id\":\"https:\\\/\\\/poblenouurbandistrict.com\\\/open-call-busquem-artistes-multidisciplinaris-per-participar-en-el-windows-art-circuit\\\/#primaryimage\"},\"thumbnailUrl\":\"https:\\\/\\\/media.poblenouurbandistrict.com\\\/2023\\\/03\\\/25060901\\\/wac-1500x1000-01-1-scaled.jpg\",\"datePublished\":\"2025-03-18T15:57:06+00:00\",\"dateModified\":\"2025-03-26T09:41:57+00:00\",\"author\":{\"@id\":\"https:\\\/\\\/poblenouurbandistrict.com\\\/#\\\/schema\\\/person\\\/980a2cf34b399d5218205730acd54a7e\"},\"breadcrumb\":{\"@id\":\"https:\\\/\\\/poblenouurbandistrict.com\\\/es\\\/open-call-busquem-artistes-multidisciplinaris-per-participar-en-el-windows-art-circuit\\\/#breadcrumb\"},\"inLanguage\":\"es\",\"potentialAction\":[{\"@type\":\"ReadAction\",\"target\":[[\"https:\\\/\\\/poblenouurbandistrict.com\\\/es\\\/open-call-busquem-artistes-multidisciplinaris-per-participar-en-el-windows-art-circuit\\\/\"]]}]},{\"@type\":\"ImageObject\",\"inLanguage\":\"es\",\"@id\":\"https:\\\/\\\/poblenouurbandistrict.com\\\/es\\\/open-call-busquem-artistes-multidisciplinaris-per-participar-en-el-windows-art-circuit\\\/#primaryimage\",\"url\":\"https:\\\/\\\/media.poblenouurbandistrict.com\\\/2023\\\/03\\\/25060901\\\/wac-1500x1000-01-1-scaled.jpg\",\"contentUrl\":\"https:\\\/\\\/media.poblenouurbandistrict.com\\\/2023\\\/03\\\/25060901\\\/wac-1500x1000-01-1-scaled.jpg\",\"width\":2560,\"height\":1707},{\"@type\":\"BreadcrumbList\",\"@id\":\"https:\\\/\\\/poblenouurbandistrict.com\\\/es\\\/open-call-busquem-artistes-multidisciplinaris-per-participar-en-el-windows-art-circuit\\\/#breadcrumb\",\"itemListElement\":[{\"@type\":\"ListItem\",\"position\":1,\"name\":\"Home\",\"item\":\"https:\\\/\\\/poblenouurbandistrict.com\\\/es\\\/\"},{\"@type\":\"ListItem\",\"position\":2,\"name\":\"Open Call! Presenta&#8217;t a la convocat\u00f2ria del Windows Art Circuit 2025\"}]},{\"@type\":\"WebSite\",\"@id\":\"https:\\\/\\\/poblenouurbandistrict.com\\\/es\\\/#website\",\"url\":\"https:\\\/\\\/poblenouurbandistrict.com\\\/es\\\/\",\"name\":\"Poblenou Urban District\",\"description\":\"Comunidad Creativa\",\"potentialAction\":[{\"@type\":\"SearchAction\",\"target\":{\"@type\":\"EntryPoint\",\"urlTemplate\":\"https:\\\/\\\/poblenouurbandistrict.com\\\/es\\\/?s={search_term_string}\"},\"query-input\":{\"@type\":\"PropertyValueSpecification\",\"valueRequired\":true,\"valueName\":\"search_term_string\"}}],\"inLanguage\":\"es\"},{\"@type\":\"Person\",\"@id\":\"https:\\\/\\\/poblenouurbandistrict.com\\\/#\\\/schema\\\/person\\\/980a2cf34b399d5218205730acd54a7e\",\"name\":\"pnud\",\"image\":{\"@type\":\"ImageObject\",\"inLanguage\":\"es\",\"@id\":\"https:\\\/\\\/secure.gravatar.com\\\/avatar\\\/67146597b405ee077a24e519f75c3e2031736596d6ce35af3a34c122c93d0d7b?s=96&d=retro&r=g\",\"url\":\"https:\\\/\\\/secure.gravatar.com\\\/avatar\\\/67146597b405ee077a24e519f75c3e2031736596d6ce35af3a34c122c93d0d7b?s=96&d=retro&r=g\",\"contentUrl\":\"https:\\\/\\\/secure.gravatar.com\\\/avatar\\\/67146597b405ee077a24e519f75c3e2031736596d6ce35af3a34c122c93d0d7b?s=96&d=retro&r=g\",\"caption\":\"pnud\"}}]}<\/script>\n<!-- \/ Yoast SEO plugin. -->","yoast_head_json":{"title":"Open Call! Pres\u00e9ntate a la convocatoria del Windows Art Circuit 2025 &#8211; Poblenou Urban District","robots":{"index":"index","follow":"follow","max-snippet":"max-snippet:-1","max-image-preview":"max-image-preview:large","max-video-preview":"max-video-preview:-1"},"canonical":"https:\/\/poblenouurbandistrict.com\/es\/open-call-busquem-artistes-multidisciplinaris-per-participar-en-el-windows-art-circuit\/","og_locale":"es_ES","og_type":"article","og_title":"Open Call! Pres\u00e9ntate a la convocatoria del Windows Art Circuit 2025 &#8211; Poblenou Urban District","og_description":"\u00a1Convocatoria abierta para la 10\u00aa edici\u00f3n del Windows Art Circuit (WAC)! El WAC celebrar\u00e1 su d\u00e9cima edici\u00f3n el 10 de... M\u00e1s \u2192","og_url":"https:\/\/poblenouurbandistrict.com\/es\/open-call-busquem-artistes-multidisciplinaris-per-participar-en-el-windows-art-circuit\/","og_site_name":"Poblenou Urban District","article_published_time":"2025-03-18T15:57:06+00:00","article_modified_time":"2025-03-26T09:41:57+00:00","og_image":[{"width":2560,"height":1707,"url":"https:\/\/poblenouurbandistrict.com\/wp-content\/uploads\/2023\/03\/wac-1500x1000-01-1-scaled.jpg","type":"image\/jpeg"}],"author":"pnud","twitter_card":"summary_large_image","twitter_misc":{"Escrito por":"pnud","Tiempo de lectura":"1 minuto"},"schema":{"@context":"https:\/\/schema.org","@graph":[{"@type":"Article","@id":"https:\/\/poblenouurbandistrict.com\/open-call-busquem-artistes-multidisciplinaris-per-participar-en-el-windows-art-circuit\/#article","isPartOf":{"@id":"https:\/\/poblenouurbandistrict.com\/open-call-busquem-artistes-multidisciplinaris-per-participar-en-el-windows-art-circuit\/"},"author":{"name":"pnud","@id":"https:\/\/poblenouurbandistrict.com\/#\/schema\/person\/980a2cf34b399d5218205730acd54a7e"},"headline":"Open Call! Pres\u00e9ntate a la convocatoria del Windows Art Circuit 2025","datePublished":"2025-03-18T15:57:06+00:00","dateModified":"2025-03-26T09:41:57+00:00","mainEntityOfPage":{"@id":"https:\/\/poblenouurbandistrict.com\/open-call-busquem-artistes-multidisciplinaris-per-participar-en-el-windows-art-circuit\/"},"wordCount":766,"image":{"@id":"https:\/\/poblenouurbandistrict.com\/open-call-busquem-artistes-multidisciplinaris-per-participar-en-el-windows-art-circuit\/#primaryimage"},"thumbnailUrl":"https:\/\/media.poblenouurbandistrict.com\/2023\/03\/25060901\/wac-1500x1000-01-1-scaled.jpg","articleSection":["WAC"],"inLanguage":"es"},{"@type":"WebPage","@id":"https:\/\/poblenouurbandistrict.com\/es\/open-call-busquem-artistes-multidisciplinaris-per-participar-en-el-windows-art-circuit\/","url":"https:\/\/poblenouurbandistrict.com\/es\/open-call-busquem-artistes-multidisciplinaris-per-participar-en-el-windows-art-circuit\/","name":"Open Call! Pres\u00e9ntate a la convocatoria del Windows Art Circuit 2025 &#8211; Poblenou Urban District","isPartOf":{"@id":"https:\/\/poblenouurbandistrict.com\/es\/#website"},"primaryImageOfPage":{"@id":"https:\/\/poblenouurbandistrict.com\/es\/open-call-busquem-artistes-multidisciplinaris-per-participar-en-el-windows-art-circuit\/#primaryimage"},"image":{"@id":"https:\/\/poblenouurbandistrict.com\/open-call-busquem-artistes-multidisciplinaris-per-participar-en-el-windows-art-circuit\/#primaryimage"},"thumbnailUrl":"https:\/\/media.poblenouurbandistrict.com\/2023\/03\/25060901\/wac-1500x1000-01-1-scaled.jpg","datePublished":"2025-03-18T15:57:06+00:00","dateModified":"2025-03-26T09:41:57+00:00","author":{"@id":"https:\/\/poblenouurbandistrict.com\/#\/schema\/person\/980a2cf34b399d5218205730acd54a7e"},"breadcrumb":{"@id":"https:\/\/poblenouurbandistrict.com\/es\/open-call-busquem-artistes-multidisciplinaris-per-participar-en-el-windows-art-circuit\/#breadcrumb"},"inLanguage":"es","potentialAction":[{"@type":"ReadAction","target":[["https:\/\/poblenouurbandistrict.com\/es\/open-call-busquem-artistes-multidisciplinaris-per-participar-en-el-windows-art-circuit\/"]]}]},{"@type":"ImageObject","inLanguage":"es","@id":"https:\/\/poblenouurbandistrict.com\/es\/open-call-busquem-artistes-multidisciplinaris-per-participar-en-el-windows-art-circuit\/#primaryimage","url":"https:\/\/media.poblenouurbandistrict.com\/2023\/03\/25060901\/wac-1500x1000-01-1-scaled.jpg","contentUrl":"https:\/\/media.poblenouurbandistrict.com\/2023\/03\/25060901\/wac-1500x1000-01-1-scaled.jpg","width":2560,"height":1707},{"@type":"BreadcrumbList","@id":"https:\/\/poblenouurbandistrict.com\/es\/open-call-busquem-artistes-multidisciplinaris-per-participar-en-el-windows-art-circuit\/#breadcrumb","itemListElement":[{"@type":"ListItem","position":1,"name":"Home","item":"https:\/\/poblenouurbandistrict.com\/es\/"},{"@type":"ListItem","position":2,"name":"Open Call! Presenta&#8217;t a la convocat\u00f2ria del Windows Art Circuit 2025"}]},{"@type":"WebSite","@id":"https:\/\/poblenouurbandistrict.com\/es\/#website","url":"https:\/\/poblenouurbandistrict.com\/es\/","name":"Poblenou Urban District","description":"Comunidad Creativa","potentialAction":[{"@type":"SearchAction","target":{"@type":"EntryPoint","urlTemplate":"https:\/\/poblenouurbandistrict.com\/es\/?s={search_term_string}"},"query-input":{"@type":"PropertyValueSpecification","valueRequired":true,"valueName":"search_term_string"}}],"inLanguage":"es"},{"@type":"Person","@id":"https:\/\/poblenouurbandistrict.com\/#\/schema\/person\/980a2cf34b399d5218205730acd54a7e","name":"pnud","image":{"@type":"ImageObject","inLanguage":"es","@id":"https:\/\/secure.gravatar.com\/avatar\/67146597b405ee077a24e519f75c3e2031736596d6ce35af3a34c122c93d0d7b?s=96&d=retro&r=g","url":"https:\/\/secure.gravatar.com\/avatar\/67146597b405ee077a24e519f75c3e2031736596d6ce35af3a34c122c93d0d7b?s=96&d=retro&r=g","contentUrl":"https:\/\/secure.gravatar.com\/avatar\/67146597b405ee077a24e519f75c3e2031736596d6ce35af3a34c122c93d0d7b?s=96&d=retro&r=g","caption":"pnud"}}]}},"_links":{"self":[{"href":"https:\/\/poblenouurbandistrict.com\/es\/wp-json\/wp\/v2\/posts\/49916","targetHints":{"allow":["GET"]}}],"collection":[{"href":"https:\/\/poblenouurbandistrict.com\/es\/wp-json\/wp\/v2\/posts"}],"about":[{"href":"https:\/\/poblenouurbandistrict.com\/es\/wp-json\/wp\/v2\/types\/post"}],"author":[{"embeddable":true,"href":"https:\/\/poblenouurbandistrict.com\/es\/wp-json\/wp\/v2\/users\/5"}],"replies":[{"embeddable":true,"href":"https:\/\/poblenouurbandistrict.com\/es\/wp-json\/wp\/v2\/comments?post=49916"}],"version-history":[{"count":20,"href":"https:\/\/poblenouurbandistrict.com\/es\/wp-json\/wp\/v2\/posts\/49916\/revisions"}],"predecessor-version":[{"id":50396,"href":"https:\/\/poblenouurbandistrict.com\/es\/wp-json\/wp\/v2\/posts\/49916\/revisions\/50396"}],"wp:featuredmedia":[{"embeddable":true,"href":"https:\/\/poblenouurbandistrict.com\/es\/wp-json\/wp\/v2\/media\/37528"}],"wp:attachment":[{"href":"https:\/\/poblenouurbandistrict.com\/es\/wp-json\/wp\/v2\/media?parent=49916"}],"wp:term":[{"taxonomy":"category","embeddable":true,"href":"https:\/\/poblenouurbandistrict.com\/es\/wp-json\/wp\/v2\/categories?post=49916"},{"taxonomy":"post_tag","embeddable":true,"href":"https:\/\/poblenouurbandistrict.com\/es\/wp-json\/wp\/v2\/tags?post=49916"}],"curies":[{"name":"wp","href":"https:\/\/api.w.org\/{rel}","templated":true}]}}