{"id":50426,"date":"2025-04-01T11:41:50","date_gmt":"2025-04-01T09:41:50","guid":{"rendered":"https:\/\/poblenouurbandistrict.com\/?p=50426"},"modified":"2025-04-01T11:42:16","modified_gmt":"2025-04-01T09:42:16","slug":"casals-destiu-creatius-al-disseny-hub","status":"publish","type":"post","link":"https:\/\/poblenouurbandistrict.com\/es\/casals-destiu-creatius-al-disseny-hub\/","title":{"rendered":"Casals d&#8217;estiu creatius al Disseny Hub"},"content":{"rendered":"<p><\/p>\n<h4 data-start=\"0\" data-end=\"128\"><strong data-start=\"4\" data-end=\"126\">\u00a1Vive el verano con creatividad! Ya est\u00e1n abiertas las inscripciones para los campamentos de verano en el <a href=\"https:\/\/www.dissenyhub.barcelona\/\">Disseny Hub.<\/a><\/strong><\/h4>\n<p class=\"\" data-start=\"130\" data-end=\"341\">Ya puedes inscribir a tus hijos e hijas en una experiencia \u00fanica de creaci\u00f3n art\u00edstica y cultural, con talleres y actividades creativas pensadas para <strong data-start=\"280\" data-end=\"338\">ni\u00f1os y ni\u00f1as de 7 a 12 a\u00f1os y j\u00f3venes de 13 a 17 a\u00f1os<\/strong>.<\/p>\n<p class=\"\" data-start=\"343\" data-end=\"588\">Los participantes podr\u00e1n explorar el mundo del <strong data-start=\"390\" data-end=\"422\">dise\u00f1o, el arte y la cultura<\/strong> de una manera divertida e innovadora. Ser\u00e1 una oportunidad para aprender mientras se divierten, con actividades que combinan <strong data-start=\"548\" data-end=\"585\">conocimiento y expresi\u00f3n creativa<\/strong>.<\/p>\n<hr class=\"\" data-start=\"590\" data-end=\"593\" \/>\n<h3 class=\"\" data-start=\"595\" data-end=\"629\"><a href=\"https:\/\/www.dissenyhub.barcelona\/ca\/activitat\/casals-destiu-xup-xup-7-12-anys\"><strong data-start=\"599\" data-end=\"627\">Xup-Xup &#8211; de 7 a 12 a\u00f1os<\/strong><\/a><\/h3>\n<p class=\"\" data-start=\"631\" data-end=\"763\">Una experiencia veraniega <strong data-start=\"657\" data-end=\"679\">creativa y diversa<\/strong>, con dos semanas llenas de actividades relacionadas con el <strong data-start=\"739\" data-end=\"760\">arte y la cultura<\/strong>.<\/p>\n<h4 class=\"\" data-start=\"765\" data-end=\"824\"><strong data-start=\"770\" data-end=\"822\">Tastets d&#8217;estiu: del 30 de junio al 4 de julio<\/strong><\/h4>\n<p class=\"\" data-start=\"826\" data-end=\"898\">Talleres creativos con una muestra de diversas disciplinas art\u00edsticas:<\/p>\n<ul data-start=\"900\" data-end=\"1512\">\n<li class=\"\" data-start=\"900\" data-end=\"1088\">\n<p class=\"\" data-start=\"902\" data-end=\"1088\"><strong data-start=\"902\" data-end=\"933\">Danza urbana con BrodasBros<\/strong>: una introducci\u00f3n din\u00e1mica al movimiento, para aprender los pasos b\u00e1sicos y expresarse a trav\u00e9s del ritmo y la energ\u00eda de esta disciplina contempor\u00e1nea.<\/p>\n<\/li>\n<li class=\"\" data-start=\"1089\" data-end=\"1231\">\n<p class=\"\" data-start=\"1091\" data-end=\"1231\"><strong data-start=\"1091\" data-end=\"1122\">Ilustraci\u00f3n con Miquel Pang<\/strong>: los participantes se adentrar\u00e1n en el mundo del dibujo, experimentando con diferentes t\u00e9cnicas y estilos.<\/p>\n<\/li>\n<li class=\"\" data-start=\"1232\" data-end=\"1380\">\n<p class=\"\" data-start=\"1234\" data-end=\"1380\"><strong data-start=\"1234\" data-end=\"1265\">Literatura con Oriol Canosa<\/strong>: una oportunidad para explorar el poder de las palabras con actividades que fomentar\u00e1n su creatividad literaria.<\/p>\n<\/li>\n<li class=\"\" data-start=\"1381\" data-end=\"1512\">\n<p class=\"\" data-start=\"1383\" data-end=\"1512\"><strong data-start=\"1383\" data-end=\"1418\">Dise\u00f1o gr\u00e1fico con J\u00falia Solans<\/strong>: experimentar\u00e1n con colores, formas y conceptos para crear dise\u00f1os atractivos y originales.<\/p>\n<\/li>\n<\/ul>\n<h4 class=\"\" data-start=\"1514\" data-end=\"1563\"><strong data-start=\"1519\" data-end=\"1561\">Lletres embarbussades: del 7 al 11 de julio<\/strong><\/h4>\n<p class=\"\" data-start=\"1565\" data-end=\"1719\">Un descubrimiento de la literatura de la mano del escritor <strong data-start=\"1624\" data-end=\"1639\">\u00c0lex Nogu\u00e9s<\/strong>, quien guiar\u00e1 a los ni\u00f1os y ni\u00f1as en el desarrollo de su faceta m\u00e1s creativa.<\/p>\n<p class=\"\" data-start=\"1721\" data-end=\"1990\">Esta semana, Xup-Xup no ser\u00e1 solo un espacio para leer y escribir, sino tambi\u00e9n para <strong data-start=\"1806\" data-end=\"1846\">aprender a pensar de manera creativa<\/strong>. A trav\u00e9s de t\u00e9cnicas literarias sencillas y motivadoras, los participantes descubrir\u00e1n c\u00f3mo <strong data-start=\"1940\" data-end=\"1987\">transformar sus ideas en narraciones \u00fanicas<\/strong>.<\/p>\n<hr class=\"\" data-start=\"1992\" data-end=\"1995\" \/>\n<h3 data-start=\"1997\" data-end=\"2028\"><a href=\"https:\/\/www.dissenyhub.barcelona\/ca\/activitat\/taller-destiu-zip-13-17-anys\"><strong data-start=\"2001\" data-end=\"2026\">ZIP &#8211; de 13 a 17 a\u00f1os<\/strong><\/a><\/h3>\n<p class=\"\" data-start=\"2030\" data-end=\"2293\">El <strong data-start=\"2033\" data-end=\"2071\">Museo del Dise\u00f1o de Barcelona-DHub<\/strong> y <strong data-start=\"2074\" data-end=\"2087\">Tant\u00e0gora<\/strong> organizan <strong data-start=\"2098\" data-end=\"2105\">ZIP<\/strong>, dos semanas de creaci\u00f3n dirigidas a <strong data-start=\"2143\" data-end=\"2170\">j\u00f3venes de 13 a 17 a\u00f1os<\/strong>, donde podr\u00e1n experimentar, crear e inventar a trav\u00e9s de <strong data-start=\"2228\" data-end=\"2290\">la artesan\u00eda, las artes, el dise\u00f1o y las nuevas narrativas<\/strong>.<\/p>\n<p class=\"\" data-start=\"2030\" data-end=\"2293\"><strong data-start=\"2300\" data-end=\"2349\">Tatiana Donoso: del 30 de junio al 4 de julio<\/strong><\/p>\n<p class=\"\" data-start=\"2353\" data-end=\"2534\">Durante estos cinco d\u00edas, los participantes tendr\u00e1n la oportunidad de <strong data-start=\"2423\" data-end=\"2481\">aprender y experimentar con diversas t\u00e9cnicas textiles<\/strong>, explorando su creatividad y habilidades manuales.<\/p>\n<p class=\"\" data-start=\"2536\" data-end=\"2712\">Tatiana Donoso los guiar\u00e1 paso a paso en el proceso de creaci\u00f3n de <strong data-start=\"2603\" data-end=\"2624\">obras artesanales<\/strong>, combinando <strong data-start=\"2637\" data-end=\"2663\">tradici\u00f3n e innovaci\u00f3n<\/strong> para dar vida a proyectos \u00fanicos y personales.<\/p>\n<h4 class=\"\" data-start=\"2714\" data-end=\"2758\"><strong data-start=\"2719\" data-end=\"2756\">Bel\u00e9n Perea: del 7 al 11 de julio<\/strong><\/h4>\n<p class=\"\" data-start=\"2760\" data-end=\"2895\">Un espacio para explorar <strong data-start=\"2785\" data-end=\"2852\">diferentes t\u00e9cnicas y descubrir nuevas formas de crear im\u00e1genes<\/strong> que reflejen su propia visi\u00f3n del mundo.<\/p>\n<p class=\"\" data-start=\"2897\" data-end=\"3083\">Tanto si tienen experiencia como si quieren empezar desde cero, este es el espacio perfecto para <strong data-start=\"2994\" data-end=\"3080\">dejar volar la imaginaci\u00f3n y aprender a comunicar visualmente lo que llevan dentro<\/strong>.<\/p>\n<hr class=\"\" data-start=\"3085\" data-end=\"3088\" \/>\n<h4 data-start=\"3090\" data-end=\"3230\"><strong data-start=\"3094\" data-end=\"3228\">\u00a1No dejes pasar la oportunidad de disfrutar de un verano diferente en el DHub, donde el arte y la cultura ser\u00e1n los protagonistas! <\/strong><\/h4>\n<h4 data-start=\"3090\" data-end=\"3230\"><strong data-start=\"3235\" data-end=\"3283\">\u00a1Ap\u00fantate antes de que se acaben las plazas!<\/strong><\/h4>\n<p class=\"\" data-start=\"3287\" data-end=\"3370\"><strong data-start=\"3290\" data-end=\"3370\" data-is-last-node=\"\">El verano m\u00e1s creativo comienza en el DHub con Tant\u00e0gora. \u00a1No te lo pierdas!<\/strong><\/p>\n<p><\/p>","protected":false},"excerpt":{"rendered":"<p>\u00a1Vive el verano con creatividad! Ya est\u00e1n abiertas las inscripciones para los campamentos de verano en el Disseny Hub. Ya&#8230; <a href=\"https:\/\/poblenouurbandistrict.com\/es\/casals-destiu-creatius-al-disseny-hub\/\">M\u00e1s  \u2192<\/a><\/p>\n","protected":false},"author":5,"featured_media":50428,"comment_status":"closed","ping_status":"closed","sticky":false,"template":"","format":"standard","meta":{"_acf_changed":false,"footnotes":""},"categories":[1],"tags":[],"class_list":["post-50426","post","type-post","status-publish","format-standard","has-post-thumbnail","hentry","category-noticias"],"acf":[],"yoast_head":"<!-- This site is optimized with the Yoast SEO plugin v27.5 - https:\/\/yoast.com\/product\/yoast-seo-wordpress\/ -->\n<title>Casals d&#039;estiu creatius al Disseny Hub &#8211; Poblenou Urban District<\/title>\n<meta name=\"robots\" content=\"index, follow, max-snippet:-1, max-image-preview:large, max-video-preview:-1\" \/>\n<link rel=\"canonical\" href=\"https:\/\/poblenouurbandistrict.com\/es\/casals-destiu-creatius-al-disseny-hub\/\" \/>\n<meta property=\"og:locale\" content=\"es_ES\" \/>\n<meta property=\"og:type\" content=\"article\" \/>\n<meta property=\"og:title\" content=\"Casals d&#039;estiu creatius al Disseny Hub &#8211; Poblenou Urban District\" \/>\n<meta property=\"og:description\" content=\"\u00a1Vive el verano con creatividad! Ya est\u00e1n abiertas las inscripciones para los campamentos de verano en el Disseny Hub. Ya... M\u00e1s \u2192\" \/>\n<meta property=\"og:url\" content=\"https:\/\/poblenouurbandistrict.com\/es\/casals-destiu-creatius-al-disseny-hub\/\" \/>\n<meta property=\"og:site_name\" content=\"Poblenou Urban District\" \/>\n<meta property=\"article:published_time\" content=\"2025-04-01T09:41:50+00:00\" \/>\n<meta property=\"article:modified_time\" content=\"2025-04-01T09:42:16+00:00\" \/>\n<meta property=\"og:image\" content=\"https:\/\/poblenouurbandistrict.com\/wp-content\/uploads\/2025\/03\/xup-xup-2-1-e1743500486667.png\" \/>\n\t<meta property=\"og:image:width\" content=\"937\" \/>\n\t<meta property=\"og:image:height\" content=\"630\" \/>\n\t<meta property=\"og:image:type\" content=\"image\/png\" \/>\n<meta name=\"author\" content=\"pnud\" \/>\n<meta name=\"twitter:card\" content=\"summary_large_image\" \/>\n<meta name=\"twitter:label1\" content=\"Escrito por\" \/>\n\t<meta name=\"twitter:data1\" content=\"pnud\" \/>\n\t<meta name=\"twitter:label2\" content=\"Tiempo de lectura\" \/>\n\t<meta name=\"twitter:data2\" content=\"3 minutos\" \/>\n<script type=\"application\/ld+json\" class=\"yoast-schema-graph\">{\"@context\":\"https:\\\/\\\/schema.org\",\"@graph\":[{\"@type\":\"Article\",\"@id\":\"https:\\\/\\\/poblenouurbandistrict.com\\\/casals-destiu-creatius-al-disseny-hub\\\/#article\",\"isPartOf\":{\"@id\":\"https:\\\/\\\/poblenouurbandistrict.com\\\/casals-destiu-creatius-al-disseny-hub\\\/\"},\"author\":{\"name\":\"pnud\",\"@id\":\"https:\\\/\\\/poblenouurbandistrict.com\\\/#\\\/schema\\\/person\\\/980a2cf34b399d5218205730acd54a7e\"},\"headline\":\"Casals d&#8217;estiu creatius al Disseny Hub\",\"datePublished\":\"2025-04-01T09:41:50+00:00\",\"dateModified\":\"2025-04-01T09:42:16+00:00\",\"mainEntityOfPage\":{\"@id\":\"https:\\\/\\\/poblenouurbandistrict.com\\\/casals-destiu-creatius-al-disseny-hub\\\/\"},\"wordCount\":1505,\"image\":{\"@id\":\"https:\\\/\\\/poblenouurbandistrict.com\\\/casals-destiu-creatius-al-disseny-hub\\\/#primaryimage\"},\"thumbnailUrl\":\"https:\\\/\\\/media.poblenouurbandistrict.com\\\/2025\\\/03\\\/25084804\\\/xup-xup-2-1-e1743500486667.png\",\"articleSection\":[\"Est\u00e1 pasando\"],\"inLanguage\":\"es\"},{\"@type\":\"WebPage\",\"@id\":\"https:\\\/\\\/poblenouurbandistrict.com\\\/es\\\/casals-destiu-creatius-al-disseny-hub\\\/\",\"url\":\"https:\\\/\\\/poblenouurbandistrict.com\\\/es\\\/casals-destiu-creatius-al-disseny-hub\\\/\",\"name\":\"Casals d'estiu creatius al Disseny Hub &#8211; Poblenou Urban District\",\"isPartOf\":{\"@id\":\"https:\\\/\\\/poblenouurbandistrict.com\\\/es\\\/#website\"},\"primaryImageOfPage\":{\"@id\":\"https:\\\/\\\/poblenouurbandistrict.com\\\/es\\\/casals-destiu-creatius-al-disseny-hub\\\/#primaryimage\"},\"image\":{\"@id\":\"https:\\\/\\\/poblenouurbandistrict.com\\\/casals-destiu-creatius-al-disseny-hub\\\/#primaryimage\"},\"thumbnailUrl\":\"https:\\\/\\\/media.poblenouurbandistrict.com\\\/2025\\\/03\\\/25084804\\\/xup-xup-2-1-e1743500486667.png\",\"datePublished\":\"2025-04-01T09:41:50+00:00\",\"dateModified\":\"2025-04-01T09:42:16+00:00\",\"author\":{\"@id\":\"https:\\\/\\\/poblenouurbandistrict.com\\\/#\\\/schema\\\/person\\\/980a2cf34b399d5218205730acd54a7e\"},\"breadcrumb\":{\"@id\":\"https:\\\/\\\/poblenouurbandistrict.com\\\/es\\\/casals-destiu-creatius-al-disseny-hub\\\/#breadcrumb\"},\"inLanguage\":\"es\",\"potentialAction\":[{\"@type\":\"ReadAction\",\"target\":[[\"https:\\\/\\\/poblenouurbandistrict.com\\\/es\\\/casals-destiu-creatius-al-disseny-hub\\\/\"]]}]},{\"@type\":\"ImageObject\",\"inLanguage\":\"es\",\"@id\":\"https:\\\/\\\/poblenouurbandistrict.com\\\/es\\\/casals-destiu-creatius-al-disseny-hub\\\/#primaryimage\",\"url\":\"https:\\\/\\\/media.poblenouurbandistrict.com\\\/2025\\\/03\\\/25084804\\\/xup-xup-2-1-e1743500486667.png\",\"contentUrl\":\"https:\\\/\\\/media.poblenouurbandistrict.com\\\/2025\\\/03\\\/25084804\\\/xup-xup-2-1-e1743500486667.png\",\"width\":937,\"height\":630},{\"@type\":\"BreadcrumbList\",\"@id\":\"https:\\\/\\\/poblenouurbandistrict.com\\\/es\\\/casals-destiu-creatius-al-disseny-hub\\\/#breadcrumb\",\"itemListElement\":[{\"@type\":\"ListItem\",\"position\":1,\"name\":\"Home\",\"item\":\"https:\\\/\\\/poblenouurbandistrict.com\\\/es\\\/\"},{\"@type\":\"ListItem\",\"position\":2,\"name\":\"Casals d&#8217;estiu creatius al Disseny Hub\"}]},{\"@type\":\"WebSite\",\"@id\":\"https:\\\/\\\/poblenouurbandistrict.com\\\/es\\\/#website\",\"url\":\"https:\\\/\\\/poblenouurbandistrict.com\\\/es\\\/\",\"name\":\"Poblenou Urban District\",\"description\":\"Comunidad Creativa\",\"potentialAction\":[{\"@type\":\"SearchAction\",\"target\":{\"@type\":\"EntryPoint\",\"urlTemplate\":\"https:\\\/\\\/poblenouurbandistrict.com\\\/es\\\/?s={search_term_string}\"},\"query-input\":{\"@type\":\"PropertyValueSpecification\",\"valueRequired\":true,\"valueName\":\"search_term_string\"}}],\"inLanguage\":\"es\"},{\"@type\":\"Person\",\"@id\":\"https:\\\/\\\/poblenouurbandistrict.com\\\/#\\\/schema\\\/person\\\/980a2cf34b399d5218205730acd54a7e\",\"name\":\"pnud\",\"image\":{\"@type\":\"ImageObject\",\"inLanguage\":\"es\",\"@id\":\"https:\\\/\\\/secure.gravatar.com\\\/avatar\\\/67146597b405ee077a24e519f75c3e2031736596d6ce35af3a34c122c93d0d7b?s=96&d=retro&r=g\",\"url\":\"https:\\\/\\\/secure.gravatar.com\\\/avatar\\\/67146597b405ee077a24e519f75c3e2031736596d6ce35af3a34c122c93d0d7b?s=96&d=retro&r=g\",\"contentUrl\":\"https:\\\/\\\/secure.gravatar.com\\\/avatar\\\/67146597b405ee077a24e519f75c3e2031736596d6ce35af3a34c122c93d0d7b?s=96&d=retro&r=g\",\"caption\":\"pnud\"}}]}<\/script>\n<!-- \/ Yoast SEO plugin. -->","yoast_head_json":{"title":"Casals d'estiu creatius al Disseny Hub &#8211; Poblenou Urban District","robots":{"index":"index","follow":"follow","max-snippet":"max-snippet:-1","max-image-preview":"max-image-preview:large","max-video-preview":"max-video-preview:-1"},"canonical":"https:\/\/poblenouurbandistrict.com\/es\/casals-destiu-creatius-al-disseny-hub\/","og_locale":"es_ES","og_type":"article","og_title":"Casals d'estiu creatius al Disseny Hub &#8211; Poblenou Urban District","og_description":"\u00a1Vive el verano con creatividad! Ya est\u00e1n abiertas las inscripciones para los campamentos de verano en el Disseny Hub. Ya... M\u00e1s \u2192","og_url":"https:\/\/poblenouurbandistrict.com\/es\/casals-destiu-creatius-al-disseny-hub\/","og_site_name":"Poblenou Urban District","article_published_time":"2025-04-01T09:41:50+00:00","article_modified_time":"2025-04-01T09:42:16+00:00","og_image":[{"width":937,"height":630,"url":"https:\/\/poblenouurbandistrict.com\/wp-content\/uploads\/2025\/03\/xup-xup-2-1-e1743500486667.png","type":"image\/png"}],"author":"pnud","twitter_card":"summary_large_image","twitter_misc":{"Escrito por":"pnud","Tiempo de lectura":"3 minutos"},"schema":{"@context":"https:\/\/schema.org","@graph":[{"@type":"Article","@id":"https:\/\/poblenouurbandistrict.com\/casals-destiu-creatius-al-disseny-hub\/#article","isPartOf":{"@id":"https:\/\/poblenouurbandistrict.com\/casals-destiu-creatius-al-disseny-hub\/"},"author":{"name":"pnud","@id":"https:\/\/poblenouurbandistrict.com\/#\/schema\/person\/980a2cf34b399d5218205730acd54a7e"},"headline":"Casals d&#8217;estiu creatius al Disseny Hub","datePublished":"2025-04-01T09:41:50+00:00","dateModified":"2025-04-01T09:42:16+00:00","mainEntityOfPage":{"@id":"https:\/\/poblenouurbandistrict.com\/casals-destiu-creatius-al-disseny-hub\/"},"wordCount":1505,"image":{"@id":"https:\/\/poblenouurbandistrict.com\/casals-destiu-creatius-al-disseny-hub\/#primaryimage"},"thumbnailUrl":"https:\/\/media.poblenouurbandistrict.com\/2025\/03\/25084804\/xup-xup-2-1-e1743500486667.png","articleSection":["Est\u00e1 pasando"],"inLanguage":"es"},{"@type":"WebPage","@id":"https:\/\/poblenouurbandistrict.com\/es\/casals-destiu-creatius-al-disseny-hub\/","url":"https:\/\/poblenouurbandistrict.com\/es\/casals-destiu-creatius-al-disseny-hub\/","name":"Casals d'estiu creatius al Disseny Hub &#8211; Poblenou Urban District","isPartOf":{"@id":"https:\/\/poblenouurbandistrict.com\/es\/#website"},"primaryImageOfPage":{"@id":"https:\/\/poblenouurbandistrict.com\/es\/casals-destiu-creatius-al-disseny-hub\/#primaryimage"},"image":{"@id":"https:\/\/poblenouurbandistrict.com\/casals-destiu-creatius-al-disseny-hub\/#primaryimage"},"thumbnailUrl":"https:\/\/media.poblenouurbandistrict.com\/2025\/03\/25084804\/xup-xup-2-1-e1743500486667.png","datePublished":"2025-04-01T09:41:50+00:00","dateModified":"2025-04-01T09:42:16+00:00","author":{"@id":"https:\/\/poblenouurbandistrict.com\/#\/schema\/person\/980a2cf34b399d5218205730acd54a7e"},"breadcrumb":{"@id":"https:\/\/poblenouurbandistrict.com\/es\/casals-destiu-creatius-al-disseny-hub\/#breadcrumb"},"inLanguage":"es","potentialAction":[{"@type":"ReadAction","target":[["https:\/\/poblenouurbandistrict.com\/es\/casals-destiu-creatius-al-disseny-hub\/"]]}]},{"@type":"ImageObject","inLanguage":"es","@id":"https:\/\/poblenouurbandistrict.com\/es\/casals-destiu-creatius-al-disseny-hub\/#primaryimage","url":"https:\/\/media.poblenouurbandistrict.com\/2025\/03\/25084804\/xup-xup-2-1-e1743500486667.png","contentUrl":"https:\/\/media.poblenouurbandistrict.com\/2025\/03\/25084804\/xup-xup-2-1-e1743500486667.png","width":937,"height":630},{"@type":"BreadcrumbList","@id":"https:\/\/poblenouurbandistrict.com\/es\/casals-destiu-creatius-al-disseny-hub\/#breadcrumb","itemListElement":[{"@type":"ListItem","position":1,"name":"Home","item":"https:\/\/poblenouurbandistrict.com\/es\/"},{"@type":"ListItem","position":2,"name":"Casals d&#8217;estiu creatius al Disseny Hub"}]},{"@type":"WebSite","@id":"https:\/\/poblenouurbandistrict.com\/es\/#website","url":"https:\/\/poblenouurbandistrict.com\/es\/","name":"Poblenou Urban District","description":"Comunidad Creativa","potentialAction":[{"@type":"SearchAction","target":{"@type":"EntryPoint","urlTemplate":"https:\/\/poblenouurbandistrict.com\/es\/?s={search_term_string}"},"query-input":{"@type":"PropertyValueSpecification","valueRequired":true,"valueName":"search_term_string"}}],"inLanguage":"es"},{"@type":"Person","@id":"https:\/\/poblenouurbandistrict.com\/#\/schema\/person\/980a2cf34b399d5218205730acd54a7e","name":"pnud","image":{"@type":"ImageObject","inLanguage":"es","@id":"https:\/\/secure.gravatar.com\/avatar\/67146597b405ee077a24e519f75c3e2031736596d6ce35af3a34c122c93d0d7b?s=96&d=retro&r=g","url":"https:\/\/secure.gravatar.com\/avatar\/67146597b405ee077a24e519f75c3e2031736596d6ce35af3a34c122c93d0d7b?s=96&d=retro&r=g","contentUrl":"https:\/\/secure.gravatar.com\/avatar\/67146597b405ee077a24e519f75c3e2031736596d6ce35af3a34c122c93d0d7b?s=96&d=retro&r=g","caption":"pnud"}}]}},"_links":{"self":[{"href":"https:\/\/poblenouurbandistrict.com\/es\/wp-json\/wp\/v2\/posts\/50426","targetHints":{"allow":["GET"]}}],"collection":[{"href":"https:\/\/poblenouurbandistrict.com\/es\/wp-json\/wp\/v2\/posts"}],"about":[{"href":"https:\/\/poblenouurbandistrict.com\/es\/wp-json\/wp\/v2\/types\/post"}],"author":[{"embeddable":true,"href":"https:\/\/poblenouurbandistrict.com\/es\/wp-json\/wp\/v2\/users\/5"}],"replies":[{"embeddable":true,"href":"https:\/\/poblenouurbandistrict.com\/es\/wp-json\/wp\/v2\/comments?post=50426"}],"version-history":[{"count":3,"href":"https:\/\/poblenouurbandistrict.com\/es\/wp-json\/wp\/v2\/posts\/50426\/revisions"}],"predecessor-version":[{"id":50442,"href":"https:\/\/poblenouurbandistrict.com\/es\/wp-json\/wp\/v2\/posts\/50426\/revisions\/50442"}],"wp:featuredmedia":[{"embeddable":true,"href":"https:\/\/poblenouurbandistrict.com\/es\/wp-json\/wp\/v2\/media\/50428"}],"wp:attachment":[{"href":"https:\/\/poblenouurbandistrict.com\/es\/wp-json\/wp\/v2\/media?parent=50426"}],"wp:term":[{"taxonomy":"category","embeddable":true,"href":"https:\/\/poblenouurbandistrict.com\/es\/wp-json\/wp\/v2\/categories?post=50426"},{"taxonomy":"post_tag","embeddable":true,"href":"https:\/\/poblenouurbandistrict.com\/es\/wp-json\/wp\/v2\/tags?post=50426"}],"curies":[{"name":"wp","href":"https:\/\/api.w.org\/{rel}","templated":true}]}}