{"id":50577,"date":"2025-04-10T13:11:06","date_gmt":"2025-04-10T11:11:06","guid":{"rendered":"https:\/\/poblenouurbandistrict.com\/?p=50577"},"modified":"2025-04-10T18:34:23","modified_gmt":"2025-04-10T16:34:23","slug":"el-10-de-maig-arriba-una-nova-edicio-del-poblenou-open-day","status":"publish","type":"post","link":"https:\/\/poblenouurbandistrict.com\/es\/el-10-de-maig-arriba-una-nova-edicio-del-poblenou-open-day\/","title":{"rendered":"El 10 de mayo llega una nueva edici\u00f3n del Poblenou Open Day!"},"content":{"rendered":"<p><strong>SAVE THE DATE!<\/strong> El 10 de mayo vuelve el d\u00eda m\u00e1s esperado del a\u00f1o: el <strong>Poblenou Open Day<\/strong>! M\u00e1s de 12 horas ininterrumpidas de programaci\u00f3n cultural gratuita en el Distrito Creativo de Barcelona.<\/p>\n<p>El mismo 10 de mayo celebramos el d\u00e9cimo cumplea\u00f1os del <strong>Windows Art Circuit<\/strong>, el circuito que permite experimentar en directo el proceso completo de creaci\u00f3n de una pieza sobre soportes no convencionales. Este d\u00e9cimo cumplea\u00f1os ser\u00e1 una oportunidad para recordar la trayectoria del circuito desde sus inicios, con muchas sorpresas, artistas invitados y las intervenciones de m\u00e1s de veinte artistas seleccionados para el jurado de profesionales.<\/p>\n<p>Muy pronto podr\u00e9is consultar la programaci\u00f3n completa. <strong>Os esperamos un a\u00f1o m\u00e1s en el Poblenou\u00a0Open\u00a0Day!<\/strong><\/p>","protected":false},"excerpt":{"rendered":"<p>SAVE THE DATE! El 10 de mayo vuelve el d\u00eda m\u00e1s esperado del a\u00f1o: el Poblenou Open Day! M\u00e1s de&#8230; <a href=\"https:\/\/poblenouurbandistrict.com\/es\/el-10-de-maig-arriba-una-nova-edicio-del-poblenou-open-day\/\">M\u00e1s  \u2192<\/a><\/p>\n","protected":false},"author":5,"featured_media":50626,"comment_status":"closed","ping_status":"closed","sticky":false,"template":"","format":"standard","meta":{"_acf_changed":false,"footnotes":""},"categories":[3567,1],"tags":[],"class_list":["post-50577","post","type-post","status-publish","format-standard","has-post-thumbnail","hentry","category-poblenou-open-day-2","category-noticias"],"acf":[],"yoast_head":"<!-- This site is optimized with the Yoast SEO plugin v27.5 - https:\/\/yoast.com\/product\/yoast-seo-wordpress\/ -->\n<title>El 10 de mayo llega una nueva edici\u00f3n del Poblenou Open Day! &#8211; Poblenou Urban District<\/title>\n<meta name=\"robots\" content=\"index, follow, max-snippet:-1, max-image-preview:large, max-video-preview:-1\" \/>\n<link rel=\"canonical\" href=\"https:\/\/poblenouurbandistrict.com\/es\/el-10-de-maig-arriba-una-nova-edicio-del-poblenou-open-day\/\" \/>\n<meta property=\"og:locale\" content=\"es_ES\" \/>\n<meta property=\"og:type\" content=\"article\" \/>\n<meta property=\"og:title\" content=\"El 10 de mayo llega una nueva edici\u00f3n del Poblenou Open Day! &#8211; Poblenou Urban District\" \/>\n<meta property=\"og:description\" content=\"SAVE THE DATE! El 10 de mayo vuelve el d\u00eda m\u00e1s esperado del a\u00f1o: el Poblenou Open Day! M\u00e1s de... M\u00e1s \u2192\" \/>\n<meta property=\"og:url\" content=\"https:\/\/poblenouurbandistrict.com\/es\/el-10-de-maig-arriba-una-nova-edicio-del-poblenou-open-day\/\" \/>\n<meta property=\"og:site_name\" content=\"Poblenou Urban District\" \/>\n<meta property=\"article:published_time\" content=\"2025-04-10T11:11:06+00:00\" \/>\n<meta property=\"article:modified_time\" content=\"2025-04-10T16:34:23+00:00\" \/>\n<meta property=\"og:image\" content=\"https:\/\/poblenouurbandistrict.com\/wp-content\/uploads\/2025\/04\/1j2a4996-1.jpg\" \/>\n\t<meta property=\"og:image:width\" content=\"2560\" \/>\n\t<meta property=\"og:image:height\" content=\"1708\" \/>\n\t<meta property=\"og:image:type\" content=\"image\/jpeg\" \/>\n<meta name=\"author\" content=\"pnud\" \/>\n<meta name=\"twitter:card\" content=\"summary_large_image\" \/>\n<meta name=\"twitter:label1\" content=\"Escrito por\" \/>\n\t<meta name=\"twitter:data1\" content=\"pnud\" \/>\n\t<meta name=\"twitter:label2\" content=\"Tiempo de lectura\" \/>\n\t<meta name=\"twitter:data2\" content=\"1 minuto\" \/>\n<script type=\"application\/ld+json\" class=\"yoast-schema-graph\">{\"@context\":\"https:\\\/\\\/schema.org\",\"@graph\":[{\"@type\":\"Article\",\"@id\":\"https:\\\/\\\/poblenouurbandistrict.com\\\/el-10-de-maig-arriba-una-nova-edicio-del-poblenou-open-day\\\/#article\",\"isPartOf\":{\"@id\":\"https:\\\/\\\/poblenouurbandistrict.com\\\/el-10-de-maig-arriba-una-nova-edicio-del-poblenou-open-day\\\/\"},\"author\":{\"name\":\"pnud\",\"@id\":\"https:\\\/\\\/poblenouurbandistrict.com\\\/#\\\/schema\\\/person\\\/980a2cf34b399d5218205730acd54a7e\"},\"headline\":\"El 10 de mayo llega una nueva edici\u00f3n del Poblenou Open Day!\",\"datePublished\":\"2025-04-10T11:11:06+00:00\",\"dateModified\":\"2025-04-10T16:34:23+00:00\",\"mainEntityOfPage\":{\"@id\":\"https:\\\/\\\/poblenouurbandistrict.com\\\/el-10-de-maig-arriba-una-nova-edicio-del-poblenou-open-day\\\/\"},\"wordCount\":275,\"image\":{\"@id\":\"https:\\\/\\\/poblenouurbandistrict.com\\\/el-10-de-maig-arriba-una-nova-edicio-del-poblenou-open-day\\\/#primaryimage\"},\"thumbnailUrl\":\"https:\\\/\\\/media.poblenouurbandistrict.com\\\/2025\\\/04\\\/25085452\\\/1j2a4996-1.jpg\",\"articleSection\":[\"Poblenou Open Day\",\"Est\u00e1 pasando\"],\"inLanguage\":\"es\"},{\"@type\":\"WebPage\",\"@id\":\"https:\\\/\\\/poblenouurbandistrict.com\\\/es\\\/el-10-de-maig-arriba-una-nova-edicio-del-poblenou-open-day\\\/\",\"url\":\"https:\\\/\\\/poblenouurbandistrict.com\\\/es\\\/el-10-de-maig-arriba-una-nova-edicio-del-poblenou-open-day\\\/\",\"name\":\"El 10 de mayo llega una nueva edici\u00f3n del Poblenou Open Day! &#8211; Poblenou Urban District\",\"isPartOf\":{\"@id\":\"https:\\\/\\\/poblenouurbandistrict.com\\\/es\\\/#website\"},\"primaryImageOfPage\":{\"@id\":\"https:\\\/\\\/poblenouurbandistrict.com\\\/es\\\/el-10-de-maig-arriba-una-nova-edicio-del-poblenou-open-day\\\/#primaryimage\"},\"image\":{\"@id\":\"https:\\\/\\\/poblenouurbandistrict.com\\\/el-10-de-maig-arriba-una-nova-edicio-del-poblenou-open-day\\\/#primaryimage\"},\"thumbnailUrl\":\"https:\\\/\\\/media.poblenouurbandistrict.com\\\/2025\\\/04\\\/25085452\\\/1j2a4996-1.jpg\",\"datePublished\":\"2025-04-10T11:11:06+00:00\",\"dateModified\":\"2025-04-10T16:34:23+00:00\",\"author\":{\"@id\":\"https:\\\/\\\/poblenouurbandistrict.com\\\/#\\\/schema\\\/person\\\/980a2cf34b399d5218205730acd54a7e\"},\"breadcrumb\":{\"@id\":\"https:\\\/\\\/poblenouurbandistrict.com\\\/es\\\/el-10-de-maig-arriba-una-nova-edicio-del-poblenou-open-day\\\/#breadcrumb\"},\"inLanguage\":\"es\",\"potentialAction\":[{\"@type\":\"ReadAction\",\"target\":[[\"https:\\\/\\\/poblenouurbandistrict.com\\\/es\\\/el-10-de-maig-arriba-una-nova-edicio-del-poblenou-open-day\\\/\"]]}]},{\"@type\":\"ImageObject\",\"inLanguage\":\"es\",\"@id\":\"https:\\\/\\\/poblenouurbandistrict.com\\\/es\\\/el-10-de-maig-arriba-una-nova-edicio-del-poblenou-open-day\\\/#primaryimage\",\"url\":\"https:\\\/\\\/media.poblenouurbandistrict.com\\\/2025\\\/04\\\/25085452\\\/1j2a4996-1.jpg\",\"contentUrl\":\"https:\\\/\\\/media.poblenouurbandistrict.com\\\/2025\\\/04\\\/25085452\\\/1j2a4996-1.jpg\",\"width\":2560,\"height\":1708},{\"@type\":\"BreadcrumbList\",\"@id\":\"https:\\\/\\\/poblenouurbandistrict.com\\\/es\\\/el-10-de-maig-arriba-una-nova-edicio-del-poblenou-open-day\\\/#breadcrumb\",\"itemListElement\":[{\"@type\":\"ListItem\",\"position\":1,\"name\":\"Home\",\"item\":\"https:\\\/\\\/poblenouurbandistrict.com\\\/es\\\/\"},{\"@type\":\"ListItem\",\"position\":2,\"name\":\"El 10 de maig arriba una nova edici\u00f3 del Poblenou Open Day!\"}]},{\"@type\":\"WebSite\",\"@id\":\"https:\\\/\\\/poblenouurbandistrict.com\\\/es\\\/#website\",\"url\":\"https:\\\/\\\/poblenouurbandistrict.com\\\/es\\\/\",\"name\":\"Poblenou Urban District\",\"description\":\"Comunidad Creativa\",\"potentialAction\":[{\"@type\":\"SearchAction\",\"target\":{\"@type\":\"EntryPoint\",\"urlTemplate\":\"https:\\\/\\\/poblenouurbandistrict.com\\\/es\\\/?s={search_term_string}\"},\"query-input\":{\"@type\":\"PropertyValueSpecification\",\"valueRequired\":true,\"valueName\":\"search_term_string\"}}],\"inLanguage\":\"es\"},{\"@type\":\"Person\",\"@id\":\"https:\\\/\\\/poblenouurbandistrict.com\\\/#\\\/schema\\\/person\\\/980a2cf34b399d5218205730acd54a7e\",\"name\":\"pnud\",\"image\":{\"@type\":\"ImageObject\",\"inLanguage\":\"es\",\"@id\":\"https:\\\/\\\/secure.gravatar.com\\\/avatar\\\/67146597b405ee077a24e519f75c3e2031736596d6ce35af3a34c122c93d0d7b?s=96&d=retro&r=g\",\"url\":\"https:\\\/\\\/secure.gravatar.com\\\/avatar\\\/67146597b405ee077a24e519f75c3e2031736596d6ce35af3a34c122c93d0d7b?s=96&d=retro&r=g\",\"contentUrl\":\"https:\\\/\\\/secure.gravatar.com\\\/avatar\\\/67146597b405ee077a24e519f75c3e2031736596d6ce35af3a34c122c93d0d7b?s=96&d=retro&r=g\",\"caption\":\"pnud\"}}]}<\/script>\n<!-- \/ Yoast SEO plugin. -->","yoast_head_json":{"title":"El 10 de mayo llega una nueva edici\u00f3n del Poblenou Open Day! &#8211; Poblenou Urban District","robots":{"index":"index","follow":"follow","max-snippet":"max-snippet:-1","max-image-preview":"max-image-preview:large","max-video-preview":"max-video-preview:-1"},"canonical":"https:\/\/poblenouurbandistrict.com\/es\/el-10-de-maig-arriba-una-nova-edicio-del-poblenou-open-day\/","og_locale":"es_ES","og_type":"article","og_title":"El 10 de mayo llega una nueva edici\u00f3n del Poblenou Open Day! &#8211; Poblenou Urban District","og_description":"SAVE THE DATE! El 10 de mayo vuelve el d\u00eda m\u00e1s esperado del a\u00f1o: el Poblenou Open Day! M\u00e1s de... M\u00e1s \u2192","og_url":"https:\/\/poblenouurbandistrict.com\/es\/el-10-de-maig-arriba-una-nova-edicio-del-poblenou-open-day\/","og_site_name":"Poblenou Urban District","article_published_time":"2025-04-10T11:11:06+00:00","article_modified_time":"2025-04-10T16:34:23+00:00","og_image":[{"width":2560,"height":1708,"url":"https:\/\/poblenouurbandistrict.com\/wp-content\/uploads\/2025\/04\/1j2a4996-1.jpg","type":"image\/jpeg"}],"author":"pnud","twitter_card":"summary_large_image","twitter_misc":{"Escrito por":"pnud","Tiempo de lectura":"1 minuto"},"schema":{"@context":"https:\/\/schema.org","@graph":[{"@type":"Article","@id":"https:\/\/poblenouurbandistrict.com\/el-10-de-maig-arriba-una-nova-edicio-del-poblenou-open-day\/#article","isPartOf":{"@id":"https:\/\/poblenouurbandistrict.com\/el-10-de-maig-arriba-una-nova-edicio-del-poblenou-open-day\/"},"author":{"name":"pnud","@id":"https:\/\/poblenouurbandistrict.com\/#\/schema\/person\/980a2cf34b399d5218205730acd54a7e"},"headline":"El 10 de mayo llega una nueva edici\u00f3n del Poblenou Open Day!","datePublished":"2025-04-10T11:11:06+00:00","dateModified":"2025-04-10T16:34:23+00:00","mainEntityOfPage":{"@id":"https:\/\/poblenouurbandistrict.com\/el-10-de-maig-arriba-una-nova-edicio-del-poblenou-open-day\/"},"wordCount":275,"image":{"@id":"https:\/\/poblenouurbandistrict.com\/el-10-de-maig-arriba-una-nova-edicio-del-poblenou-open-day\/#primaryimage"},"thumbnailUrl":"https:\/\/media.poblenouurbandistrict.com\/2025\/04\/25085452\/1j2a4996-1.jpg","articleSection":["Poblenou Open Day","Est\u00e1 pasando"],"inLanguage":"es"},{"@type":"WebPage","@id":"https:\/\/poblenouurbandistrict.com\/es\/el-10-de-maig-arriba-una-nova-edicio-del-poblenou-open-day\/","url":"https:\/\/poblenouurbandistrict.com\/es\/el-10-de-maig-arriba-una-nova-edicio-del-poblenou-open-day\/","name":"El 10 de mayo llega una nueva edici\u00f3n del Poblenou Open Day! &#8211; Poblenou Urban District","isPartOf":{"@id":"https:\/\/poblenouurbandistrict.com\/es\/#website"},"primaryImageOfPage":{"@id":"https:\/\/poblenouurbandistrict.com\/es\/el-10-de-maig-arriba-una-nova-edicio-del-poblenou-open-day\/#primaryimage"},"image":{"@id":"https:\/\/poblenouurbandistrict.com\/el-10-de-maig-arriba-una-nova-edicio-del-poblenou-open-day\/#primaryimage"},"thumbnailUrl":"https:\/\/media.poblenouurbandistrict.com\/2025\/04\/25085452\/1j2a4996-1.jpg","datePublished":"2025-04-10T11:11:06+00:00","dateModified":"2025-04-10T16:34:23+00:00","author":{"@id":"https:\/\/poblenouurbandistrict.com\/#\/schema\/person\/980a2cf34b399d5218205730acd54a7e"},"breadcrumb":{"@id":"https:\/\/poblenouurbandistrict.com\/es\/el-10-de-maig-arriba-una-nova-edicio-del-poblenou-open-day\/#breadcrumb"},"inLanguage":"es","potentialAction":[{"@type":"ReadAction","target":[["https:\/\/poblenouurbandistrict.com\/es\/el-10-de-maig-arriba-una-nova-edicio-del-poblenou-open-day\/"]]}]},{"@type":"ImageObject","inLanguage":"es","@id":"https:\/\/poblenouurbandistrict.com\/es\/el-10-de-maig-arriba-una-nova-edicio-del-poblenou-open-day\/#primaryimage","url":"https:\/\/media.poblenouurbandistrict.com\/2025\/04\/25085452\/1j2a4996-1.jpg","contentUrl":"https:\/\/media.poblenouurbandistrict.com\/2025\/04\/25085452\/1j2a4996-1.jpg","width":2560,"height":1708},{"@type":"BreadcrumbList","@id":"https:\/\/poblenouurbandistrict.com\/es\/el-10-de-maig-arriba-una-nova-edicio-del-poblenou-open-day\/#breadcrumb","itemListElement":[{"@type":"ListItem","position":1,"name":"Home","item":"https:\/\/poblenouurbandistrict.com\/es\/"},{"@type":"ListItem","position":2,"name":"El 10 de maig arriba una nova edici\u00f3 del Poblenou Open Day!"}]},{"@type":"WebSite","@id":"https:\/\/poblenouurbandistrict.com\/es\/#website","url":"https:\/\/poblenouurbandistrict.com\/es\/","name":"Poblenou Urban District","description":"Comunidad Creativa","potentialAction":[{"@type":"SearchAction","target":{"@type":"EntryPoint","urlTemplate":"https:\/\/poblenouurbandistrict.com\/es\/?s={search_term_string}"},"query-input":{"@type":"PropertyValueSpecification","valueRequired":true,"valueName":"search_term_string"}}],"inLanguage":"es"},{"@type":"Person","@id":"https:\/\/poblenouurbandistrict.com\/#\/schema\/person\/980a2cf34b399d5218205730acd54a7e","name":"pnud","image":{"@type":"ImageObject","inLanguage":"es","@id":"https:\/\/secure.gravatar.com\/avatar\/67146597b405ee077a24e519f75c3e2031736596d6ce35af3a34c122c93d0d7b?s=96&d=retro&r=g","url":"https:\/\/secure.gravatar.com\/avatar\/67146597b405ee077a24e519f75c3e2031736596d6ce35af3a34c122c93d0d7b?s=96&d=retro&r=g","contentUrl":"https:\/\/secure.gravatar.com\/avatar\/67146597b405ee077a24e519f75c3e2031736596d6ce35af3a34c122c93d0d7b?s=96&d=retro&r=g","caption":"pnud"}}]}},"_links":{"self":[{"href":"https:\/\/poblenouurbandistrict.com\/es\/wp-json\/wp\/v2\/posts\/50577","targetHints":{"allow":["GET"]}}],"collection":[{"href":"https:\/\/poblenouurbandistrict.com\/es\/wp-json\/wp\/v2\/posts"}],"about":[{"href":"https:\/\/poblenouurbandistrict.com\/es\/wp-json\/wp\/v2\/types\/post"}],"author":[{"embeddable":true,"href":"https:\/\/poblenouurbandistrict.com\/es\/wp-json\/wp\/v2\/users\/5"}],"replies":[{"embeddable":true,"href":"https:\/\/poblenouurbandistrict.com\/es\/wp-json\/wp\/v2\/comments?post=50577"}],"version-history":[{"count":5,"href":"https:\/\/poblenouurbandistrict.com\/es\/wp-json\/wp\/v2\/posts\/50577\/revisions"}],"predecessor-version":[{"id":50638,"href":"https:\/\/poblenouurbandistrict.com\/es\/wp-json\/wp\/v2\/posts\/50577\/revisions\/50638"}],"wp:featuredmedia":[{"embeddable":true,"href":"https:\/\/poblenouurbandistrict.com\/es\/wp-json\/wp\/v2\/media\/50626"}],"wp:attachment":[{"href":"https:\/\/poblenouurbandistrict.com\/es\/wp-json\/wp\/v2\/media?parent=50577"}],"wp:term":[{"taxonomy":"category","embeddable":true,"href":"https:\/\/poblenouurbandistrict.com\/es\/wp-json\/wp\/v2\/categories?post=50577"},{"taxonomy":"post_tag","embeddable":true,"href":"https:\/\/poblenouurbandistrict.com\/es\/wp-json\/wp\/v2\/tags?post=50577"}],"curies":[{"name":"wp","href":"https:\/\/api.w.org\/{rel}","templated":true}]}}