{"id":50582,"date":"2025-04-09T12:31:43","date_gmt":"2025-04-09T10:31:43","guid":{"rendered":"https:\/\/poblenouurbandistrict.com\/?p=50582"},"modified":"2025-04-09T12:34:17","modified_gmt":"2025-04-09T10:34:17","slug":"transformem-el-plastic-activitat-familiar-a-la-fundacio-carulla","status":"publish","type":"post","link":"https:\/\/poblenouurbandistrict.com\/es\/transformem-el-plastic-activitat-familiar-a-la-fundacio-carulla\/","title":{"rendered":"\u00a1Transformemos el pl\u00e1stico! Actividad familiar a la Fundaci\u00f3 Carulla"},"content":{"rendered":"<p><\/p>\n<p class=\"\" data-start=\"1119\" data-end=\"1341\">El <a href=\"https:\/\/museuterra.cat\/sala-barcelona\/\">Museu Terra<\/a> de la <a href=\"https:\/\/fundaciocarulla.cat\/\">Fundaci\u00f3 Carulla<\/a>os invita a un taller familiar en el que podr\u00e9is explorar el impacto del pl\u00e1stico en nuestro planeta y aprender\u00e9is a transformar tapones de botella en pr\u00e1cticos mosquetones reciclados.<\/p>\n<p class=\"\" data-start=\"1343\" data-end=\"1452\">Ser\u00e1 el <strong data-start=\"1351\" data-end=\"1398\">mi\u00e9rcoles 16 de abril de 2025, de 10 a 12 h<\/strong>, en la <strong data-start=\"1406\" data-end=\"1451\">Sala Barcelona del Museu Terra (Poblenou)<\/strong>.<\/p>\n<p class=\"\" data-start=\"1454\" data-end=\"1485\"><a href=\"https:\/\/museuterra.cat\/activitat-familiar-mosquetons-plastic-reciclat\/?fbclid=PAZXh0bgNhZW0CMTEAAacnNtsjOpyxAmVkVPKZW7mOTR0l9ZIX5A5RwQfSKDSy-82HmHeTqMG9Q-nd8A_aem_SFqnVtxqzIzHHHi__HNhGA\"><strong data-start=\"1454\" data-end=\"1485\">\u00a1Transformemos el pl\u00e1stico!<\/strong><\/a><\/p>\n<p class=\"\" data-start=\"1487\" data-end=\"1716\">La actividad comenzar\u00e1 con una visita dinamizada a la exposici\u00f3n <em data-start=\"1552\" data-end=\"1583\">\u00bfPl\u00e1stico. Genial o perverso?<\/em>, con la que conocer\u00e9is los or\u00edgenes y la evoluci\u00f3n del pl\u00e1stico y reflexionar\u00e9is sobre el uso que le damos y el que podr\u00edamos darle.<\/p>\n<p class=\"\" data-start=\"1718\" data-end=\"2076\">Despu\u00e9s, con la ayuda de las m\u00e1quinas <em>Precious Plastic<\/em>, vivir\u00e9is todo el proceso de reciclaje, desde la clasificaci\u00f3n de los tapones hasta la creaci\u00f3n de vuestros propios mosquetones personalizados. Cada mosquet\u00f3n ser\u00e1 un recordatorio de vuestro compromiso con el medio ambiente y un ejemplo de c\u00f3mo podemos dar una segunda vida a los residuos pl\u00e1sticos.<\/p>\n<p class=\"\" data-start=\"2078\" data-end=\"2181\">La actividad est\u00e1 dirigida al p\u00fablico familiar y recomendada para ni\u00f1os y ni\u00f1as <strong data-start=\"2158\" data-end=\"2180\">a partir de 9 a\u00f1os<\/strong>.<\/p>\n<p class=\"\" data-start=\"2183\" data-end=\"2253\"><strong data-start=\"2183\" data-end=\"2253\" data-is-last-node=\"\">Para participar es necesaria <a href=\"https:\/\/museuterra.cat\/producte\/taller-familiar-mosquetons-de-plastic-reciclat\/\">inscripci\u00f3n previa<\/a>. Plazas limitadas.<\/strong><\/p>\n<p><\/p>","protected":false},"excerpt":{"rendered":"<p>El Museu Terra de la Fundaci\u00f3 Carullaos invita a un taller familiar en el que podr\u00e9is explorar el impacto del&#8230; <a href=\"https:\/\/poblenouurbandistrict.com\/es\/transformem-el-plastic-activitat-familiar-a-la-fundacio-carulla\/\">M\u00e1s  \u2192<\/a><\/p>\n","protected":false},"author":5,"featured_media":50586,"comment_status":"closed","ping_status":"closed","sticky":false,"template":"","format":"standard","meta":{"_acf_changed":false,"footnotes":""},"categories":[1],"tags":[],"class_list":["post-50582","post","type-post","status-publish","format-standard","has-post-thumbnail","hentry","category-noticias"],"acf":[],"yoast_head":"<!-- This site is optimized with the Yoast SEO plugin v27.5 - https:\/\/yoast.com\/product\/yoast-seo-wordpress\/ -->\n<title>\u00a1Transformemos el pl\u00e1stico! Actividad familiar a la Fundaci\u00f3 Carulla &#8211; Poblenou Urban District<\/title>\n<meta name=\"robots\" content=\"index, follow, max-snippet:-1, max-image-preview:large, max-video-preview:-1\" \/>\n<link rel=\"canonical\" href=\"https:\/\/poblenouurbandistrict.com\/es\/transformem-el-plastic-activitat-familiar-a-la-fundacio-carulla\/\" \/>\n<meta property=\"og:locale\" content=\"es_ES\" \/>\n<meta property=\"og:type\" content=\"article\" \/>\n<meta property=\"og:title\" content=\"\u00a1Transformemos el pl\u00e1stico! Actividad familiar a la Fundaci\u00f3 Carulla &#8211; Poblenou Urban District\" \/>\n<meta property=\"og:description\" content=\"El Museu Terra de la Fundaci\u00f3 Carullaos invita a un taller familiar en el que podr\u00e9is explorar el impacto del... M\u00e1s \u2192\" \/>\n<meta property=\"og:url\" content=\"https:\/\/poblenouurbandistrict.com\/es\/transformem-el-plastic-activitat-familiar-a-la-fundacio-carulla\/\" \/>\n<meta property=\"og:site_name\" content=\"Poblenou Urban District\" \/>\n<meta property=\"article:published_time\" content=\"2025-04-09T10:31:43+00:00\" \/>\n<meta property=\"article:modified_time\" content=\"2025-04-09T10:34:17+00:00\" \/>\n<meta property=\"og:image\" content=\"https:\/\/poblenouurbandistrict.com\/wp-content\/uploads\/2025\/04\/taller-familiar-plastic-dest-1.jpg\" \/>\n\t<meta property=\"og:image:width\" content=\"1812\" \/>\n\t<meta property=\"og:image:height\" content=\"1010\" \/>\n\t<meta property=\"og:image:type\" content=\"image\/jpeg\" \/>\n<meta name=\"author\" content=\"pnud\" \/>\n<meta name=\"twitter:card\" content=\"summary_large_image\" \/>\n<meta name=\"twitter:label1\" content=\"Escrito por\" \/>\n\t<meta name=\"twitter:data1\" content=\"pnud\" \/>\n\t<meta name=\"twitter:label2\" content=\"Tiempo de lectura\" \/>\n\t<meta name=\"twitter:data2\" content=\"2 minutos\" \/>\n<script type=\"application\/ld+json\" class=\"yoast-schema-graph\">{\"@context\":\"https:\\\/\\\/schema.org\",\"@graph\":[{\"@type\":\"Article\",\"@id\":\"https:\\\/\\\/poblenouurbandistrict.com\\\/transformem-el-plastic-activitat-familiar-a-la-fundacio-carulla\\\/#article\",\"isPartOf\":{\"@id\":\"https:\\\/\\\/poblenouurbandistrict.com\\\/transformem-el-plastic-activitat-familiar-a-la-fundacio-carulla\\\/\"},\"author\":{\"name\":\"pnud\",\"@id\":\"https:\\\/\\\/poblenouurbandistrict.com\\\/#\\\/schema\\\/person\\\/980a2cf34b399d5218205730acd54a7e\"},\"headline\":\"\u00a1Transformemos el pl\u00e1stico! Actividad familiar a la Fundaci\u00f3 Carulla\",\"datePublished\":\"2025-04-09T10:31:43+00:00\",\"dateModified\":\"2025-04-09T10:34:17+00:00\",\"mainEntityOfPage\":{\"@id\":\"https:\\\/\\\/poblenouurbandistrict.com\\\/transformem-el-plastic-activitat-familiar-a-la-fundacio-carulla\\\/\"},\"wordCount\":594,\"image\":{\"@id\":\"https:\\\/\\\/poblenouurbandistrict.com\\\/transformem-el-plastic-activitat-familiar-a-la-fundacio-carulla\\\/#primaryimage\"},\"thumbnailUrl\":\"https:\\\/\\\/media.poblenouurbandistrict.com\\\/2025\\\/04\\\/25085216\\\/taller-familiar-plastic-dest-1.jpg\",\"articleSection\":[\"Est\u00e1 pasando\"],\"inLanguage\":\"es\"},{\"@type\":\"WebPage\",\"@id\":\"https:\\\/\\\/poblenouurbandistrict.com\\\/es\\\/transformem-el-plastic-activitat-familiar-a-la-fundacio-carulla\\\/\",\"url\":\"https:\\\/\\\/poblenouurbandistrict.com\\\/es\\\/transformem-el-plastic-activitat-familiar-a-la-fundacio-carulla\\\/\",\"name\":\"\u00a1Transformemos el pl\u00e1stico! Actividad familiar a la Fundaci\u00f3 Carulla &#8211; Poblenou Urban District\",\"isPartOf\":{\"@id\":\"https:\\\/\\\/poblenouurbandistrict.com\\\/es\\\/#website\"},\"primaryImageOfPage\":{\"@id\":\"https:\\\/\\\/poblenouurbandistrict.com\\\/es\\\/transformem-el-plastic-activitat-familiar-a-la-fundacio-carulla\\\/#primaryimage\"},\"image\":{\"@id\":\"https:\\\/\\\/poblenouurbandistrict.com\\\/transformem-el-plastic-activitat-familiar-a-la-fundacio-carulla\\\/#primaryimage\"},\"thumbnailUrl\":\"https:\\\/\\\/media.poblenouurbandistrict.com\\\/2025\\\/04\\\/25085216\\\/taller-familiar-plastic-dest-1.jpg\",\"datePublished\":\"2025-04-09T10:31:43+00:00\",\"dateModified\":\"2025-04-09T10:34:17+00:00\",\"author\":{\"@id\":\"https:\\\/\\\/poblenouurbandistrict.com\\\/#\\\/schema\\\/person\\\/980a2cf34b399d5218205730acd54a7e\"},\"breadcrumb\":{\"@id\":\"https:\\\/\\\/poblenouurbandistrict.com\\\/es\\\/transformem-el-plastic-activitat-familiar-a-la-fundacio-carulla\\\/#breadcrumb\"},\"inLanguage\":\"es\",\"potentialAction\":[{\"@type\":\"ReadAction\",\"target\":[[\"https:\\\/\\\/poblenouurbandistrict.com\\\/es\\\/transformem-el-plastic-activitat-familiar-a-la-fundacio-carulla\\\/\"]]}]},{\"@type\":\"ImageObject\",\"inLanguage\":\"es\",\"@id\":\"https:\\\/\\\/poblenouurbandistrict.com\\\/es\\\/transformem-el-plastic-activitat-familiar-a-la-fundacio-carulla\\\/#primaryimage\",\"url\":\"https:\\\/\\\/media.poblenouurbandistrict.com\\\/2025\\\/04\\\/25085216\\\/taller-familiar-plastic-dest-1.jpg\",\"contentUrl\":\"https:\\\/\\\/media.poblenouurbandistrict.com\\\/2025\\\/04\\\/25085216\\\/taller-familiar-plastic-dest-1.jpg\",\"width\":1812,\"height\":1010},{\"@type\":\"BreadcrumbList\",\"@id\":\"https:\\\/\\\/poblenouurbandistrict.com\\\/es\\\/transformem-el-plastic-activitat-familiar-a-la-fundacio-carulla\\\/#breadcrumb\",\"itemListElement\":[{\"@type\":\"ListItem\",\"position\":1,\"name\":\"Home\",\"item\":\"https:\\\/\\\/poblenouurbandistrict.com\\\/es\\\/\"},{\"@type\":\"ListItem\",\"position\":2,\"name\":\"Transformem el pl\u00e0stic! Activitat familiar a la Fundaci\u00f3 Carulla\"}]},{\"@type\":\"WebSite\",\"@id\":\"https:\\\/\\\/poblenouurbandistrict.com\\\/es\\\/#website\",\"url\":\"https:\\\/\\\/poblenouurbandistrict.com\\\/es\\\/\",\"name\":\"Poblenou Urban District\",\"description\":\"Comunidad Creativa\",\"potentialAction\":[{\"@type\":\"SearchAction\",\"target\":{\"@type\":\"EntryPoint\",\"urlTemplate\":\"https:\\\/\\\/poblenouurbandistrict.com\\\/es\\\/?s={search_term_string}\"},\"query-input\":{\"@type\":\"PropertyValueSpecification\",\"valueRequired\":true,\"valueName\":\"search_term_string\"}}],\"inLanguage\":\"es\"},{\"@type\":\"Person\",\"@id\":\"https:\\\/\\\/poblenouurbandistrict.com\\\/#\\\/schema\\\/person\\\/980a2cf34b399d5218205730acd54a7e\",\"name\":\"pnud\",\"image\":{\"@type\":\"ImageObject\",\"inLanguage\":\"es\",\"@id\":\"https:\\\/\\\/secure.gravatar.com\\\/avatar\\\/67146597b405ee077a24e519f75c3e2031736596d6ce35af3a34c122c93d0d7b?s=96&d=retro&r=g\",\"url\":\"https:\\\/\\\/secure.gravatar.com\\\/avatar\\\/67146597b405ee077a24e519f75c3e2031736596d6ce35af3a34c122c93d0d7b?s=96&d=retro&r=g\",\"contentUrl\":\"https:\\\/\\\/secure.gravatar.com\\\/avatar\\\/67146597b405ee077a24e519f75c3e2031736596d6ce35af3a34c122c93d0d7b?s=96&d=retro&r=g\",\"caption\":\"pnud\"}}]}<\/script>\n<!-- \/ Yoast SEO plugin. -->","yoast_head_json":{"title":"\u00a1Transformemos el pl\u00e1stico! Actividad familiar a la Fundaci\u00f3 Carulla &#8211; Poblenou Urban District","robots":{"index":"index","follow":"follow","max-snippet":"max-snippet:-1","max-image-preview":"max-image-preview:large","max-video-preview":"max-video-preview:-1"},"canonical":"https:\/\/poblenouurbandistrict.com\/es\/transformem-el-plastic-activitat-familiar-a-la-fundacio-carulla\/","og_locale":"es_ES","og_type":"article","og_title":"\u00a1Transformemos el pl\u00e1stico! Actividad familiar a la Fundaci\u00f3 Carulla &#8211; Poblenou Urban District","og_description":"El Museu Terra de la Fundaci\u00f3 Carullaos invita a un taller familiar en el que podr\u00e9is explorar el impacto del... M\u00e1s \u2192","og_url":"https:\/\/poblenouurbandistrict.com\/es\/transformem-el-plastic-activitat-familiar-a-la-fundacio-carulla\/","og_site_name":"Poblenou Urban District","article_published_time":"2025-04-09T10:31:43+00:00","article_modified_time":"2025-04-09T10:34:17+00:00","og_image":[{"width":1812,"height":1010,"url":"https:\/\/poblenouurbandistrict.com\/wp-content\/uploads\/2025\/04\/taller-familiar-plastic-dest-1.jpg","type":"image\/jpeg"}],"author":"pnud","twitter_card":"summary_large_image","twitter_misc":{"Escrito por":"pnud","Tiempo de lectura":"2 minutos"},"schema":{"@context":"https:\/\/schema.org","@graph":[{"@type":"Article","@id":"https:\/\/poblenouurbandistrict.com\/transformem-el-plastic-activitat-familiar-a-la-fundacio-carulla\/#article","isPartOf":{"@id":"https:\/\/poblenouurbandistrict.com\/transformem-el-plastic-activitat-familiar-a-la-fundacio-carulla\/"},"author":{"name":"pnud","@id":"https:\/\/poblenouurbandistrict.com\/#\/schema\/person\/980a2cf34b399d5218205730acd54a7e"},"headline":"\u00a1Transformemos el pl\u00e1stico! Actividad familiar a la Fundaci\u00f3 Carulla","datePublished":"2025-04-09T10:31:43+00:00","dateModified":"2025-04-09T10:34:17+00:00","mainEntityOfPage":{"@id":"https:\/\/poblenouurbandistrict.com\/transformem-el-plastic-activitat-familiar-a-la-fundacio-carulla\/"},"wordCount":594,"image":{"@id":"https:\/\/poblenouurbandistrict.com\/transformem-el-plastic-activitat-familiar-a-la-fundacio-carulla\/#primaryimage"},"thumbnailUrl":"https:\/\/media.poblenouurbandistrict.com\/2025\/04\/25085216\/taller-familiar-plastic-dest-1.jpg","articleSection":["Est\u00e1 pasando"],"inLanguage":"es"},{"@type":"WebPage","@id":"https:\/\/poblenouurbandistrict.com\/es\/transformem-el-plastic-activitat-familiar-a-la-fundacio-carulla\/","url":"https:\/\/poblenouurbandistrict.com\/es\/transformem-el-plastic-activitat-familiar-a-la-fundacio-carulla\/","name":"\u00a1Transformemos el pl\u00e1stico! Actividad familiar a la Fundaci\u00f3 Carulla &#8211; Poblenou Urban District","isPartOf":{"@id":"https:\/\/poblenouurbandistrict.com\/es\/#website"},"primaryImageOfPage":{"@id":"https:\/\/poblenouurbandistrict.com\/es\/transformem-el-plastic-activitat-familiar-a-la-fundacio-carulla\/#primaryimage"},"image":{"@id":"https:\/\/poblenouurbandistrict.com\/transformem-el-plastic-activitat-familiar-a-la-fundacio-carulla\/#primaryimage"},"thumbnailUrl":"https:\/\/media.poblenouurbandistrict.com\/2025\/04\/25085216\/taller-familiar-plastic-dest-1.jpg","datePublished":"2025-04-09T10:31:43+00:00","dateModified":"2025-04-09T10:34:17+00:00","author":{"@id":"https:\/\/poblenouurbandistrict.com\/#\/schema\/person\/980a2cf34b399d5218205730acd54a7e"},"breadcrumb":{"@id":"https:\/\/poblenouurbandistrict.com\/es\/transformem-el-plastic-activitat-familiar-a-la-fundacio-carulla\/#breadcrumb"},"inLanguage":"es","potentialAction":[{"@type":"ReadAction","target":[["https:\/\/poblenouurbandistrict.com\/es\/transformem-el-plastic-activitat-familiar-a-la-fundacio-carulla\/"]]}]},{"@type":"ImageObject","inLanguage":"es","@id":"https:\/\/poblenouurbandistrict.com\/es\/transformem-el-plastic-activitat-familiar-a-la-fundacio-carulla\/#primaryimage","url":"https:\/\/media.poblenouurbandistrict.com\/2025\/04\/25085216\/taller-familiar-plastic-dest-1.jpg","contentUrl":"https:\/\/media.poblenouurbandistrict.com\/2025\/04\/25085216\/taller-familiar-plastic-dest-1.jpg","width":1812,"height":1010},{"@type":"BreadcrumbList","@id":"https:\/\/poblenouurbandistrict.com\/es\/transformem-el-plastic-activitat-familiar-a-la-fundacio-carulla\/#breadcrumb","itemListElement":[{"@type":"ListItem","position":1,"name":"Home","item":"https:\/\/poblenouurbandistrict.com\/es\/"},{"@type":"ListItem","position":2,"name":"Transformem el pl\u00e0stic! Activitat familiar a la Fundaci\u00f3 Carulla"}]},{"@type":"WebSite","@id":"https:\/\/poblenouurbandistrict.com\/es\/#website","url":"https:\/\/poblenouurbandistrict.com\/es\/","name":"Poblenou Urban District","description":"Comunidad Creativa","potentialAction":[{"@type":"SearchAction","target":{"@type":"EntryPoint","urlTemplate":"https:\/\/poblenouurbandistrict.com\/es\/?s={search_term_string}"},"query-input":{"@type":"PropertyValueSpecification","valueRequired":true,"valueName":"search_term_string"}}],"inLanguage":"es"},{"@type":"Person","@id":"https:\/\/poblenouurbandistrict.com\/#\/schema\/person\/980a2cf34b399d5218205730acd54a7e","name":"pnud","image":{"@type":"ImageObject","inLanguage":"es","@id":"https:\/\/secure.gravatar.com\/avatar\/67146597b405ee077a24e519f75c3e2031736596d6ce35af3a34c122c93d0d7b?s=96&d=retro&r=g","url":"https:\/\/secure.gravatar.com\/avatar\/67146597b405ee077a24e519f75c3e2031736596d6ce35af3a34c122c93d0d7b?s=96&d=retro&r=g","contentUrl":"https:\/\/secure.gravatar.com\/avatar\/67146597b405ee077a24e519f75c3e2031736596d6ce35af3a34c122c93d0d7b?s=96&d=retro&r=g","caption":"pnud"}}]}},"_links":{"self":[{"href":"https:\/\/poblenouurbandistrict.com\/es\/wp-json\/wp\/v2\/posts\/50582","targetHints":{"allow":["GET"]}}],"collection":[{"href":"https:\/\/poblenouurbandistrict.com\/es\/wp-json\/wp\/v2\/posts"}],"about":[{"href":"https:\/\/poblenouurbandistrict.com\/es\/wp-json\/wp\/v2\/types\/post"}],"author":[{"embeddable":true,"href":"https:\/\/poblenouurbandistrict.com\/es\/wp-json\/wp\/v2\/users\/5"}],"replies":[{"embeddable":true,"href":"https:\/\/poblenouurbandistrict.com\/es\/wp-json\/wp\/v2\/comments?post=50582"}],"version-history":[{"count":3,"href":"https:\/\/poblenouurbandistrict.com\/es\/wp-json\/wp\/v2\/posts\/50582\/revisions"}],"predecessor-version":[{"id":50599,"href":"https:\/\/poblenouurbandistrict.com\/es\/wp-json\/wp\/v2\/posts\/50582\/revisions\/50599"}],"wp:featuredmedia":[{"embeddable":true,"href":"https:\/\/poblenouurbandistrict.com\/es\/wp-json\/wp\/v2\/media\/50586"}],"wp:attachment":[{"href":"https:\/\/poblenouurbandistrict.com\/es\/wp-json\/wp\/v2\/media?parent=50582"}],"wp:term":[{"taxonomy":"category","embeddable":true,"href":"https:\/\/poblenouurbandistrict.com\/es\/wp-json\/wp\/v2\/categories?post=50582"},{"taxonomy":"post_tag","embeddable":true,"href":"https:\/\/poblenouurbandistrict.com\/es\/wp-json\/wp\/v2\/tags?post=50582"}],"curies":[{"name":"wp","href":"https:\/\/api.w.org\/{rel}","templated":true}]}}