{"id":50948,"date":"2025-05-05T11:20:14","date_gmt":"2025-05-05T09:20:14","guid":{"rendered":"https:\/\/poblenouurbandistrict.com\/?p=50948"},"modified":"2025-05-08T13:14:53","modified_gmt":"2025-05-08T11:14:53","slug":"la-guia-gastronomica-del-poblenou-open-day","status":"publish","type":"post","link":"https:\/\/poblenouurbandistrict.com\/es\/la-guia-gastronomica-del-poblenou-open-day\/","title":{"rendered":"La gu\u00eda gastron\u00f3mica del Poblenou Open Day"},"content":{"rendered":"<p><span style=\"color: #333333;\">D\u00e9jate sorprender con la gran variedad de oferta gastron\u00f3mica y coctelera que han preparado los restaurantes y bares asociados a Poblenou Urban District para este Open Day. Deliciosas delicatessen acompa\u00f1adas con m\u00fasica en directo, DJs y dem\u00e1s propuestas culturales.<\/span><\/p>\n<h3 data-start=\"3846\" data-end=\"4018\"><span style=\"color: #333333;\"><a style=\"color: #333333;\" href=\"https:\/\/www.bartrikini.com\/\"><strong data-start=\"3846\" data-end=\"3861\">BAR TRIKINI<\/strong><\/a><\/span><\/h3>\n<p><span style=\"color: #333333;\">Inaguraci\u00f3n de Aperitivo Beach con c\u00f3cteles (Tequila Altos, J\u00e4germeister), aperitivos, bikinis de autor y DJs en directo.<\/span><\/p>\n<h6 style=\"text-align: center;\"><span style=\"color: #333333;\"><strong>Pujades, 226<\/strong><\/span><\/h6>\n<h6 style=\"text-align: center;\"><span style=\"color: #333333;\"><strong>12h a 03h<\/strong><\/span><\/h6>\n<p>&nbsp;<\/p>\n<h3><span style=\"color: #333333;\"><a style=\"color: #333333;\" href=\"https:\/\/www.instagram.com\/bodega_marieta\/\"><strong>BODEGA MARIETA<\/strong><\/a><\/span><\/h3>\n<p><span style=\"color: #333333;\">En este Open Day, d\u00e9jate sorprender por la fusi\u00f3n de la comida mediterr\u00e1nea con algunos gui\u00f1os a M\u00e9xico maridada con una amplia selecci\u00f3n de vinos.<\/span><\/p>\n<h6 style=\"text-align: center;\"><span style=\"color: #333333;\"><strong>Badajoz, 36<\/strong><\/span><\/h6>\n<h6 style=\"text-align: center;\"><span style=\"color: #333333;\"><strong>12h a 23h<\/strong><\/span><\/h6>\n<h3><\/h3>\n<h3><span style=\"color: #333333;\"><a style=\"color: #333333;\" href=\"https:\/\/vanvanevents.com\/es\/proyecto\/van-van-var\/\">Van Van Food<\/a><\/span><\/h3>\n<footer><span style=\"color: #333333;\">Este Open Day, la gastronom<\/span>\u00eda y el arte se dan la mano en Van Van Food. Disfruta de una deliciosa sardinada, una opci\u00f3n de <em data-start=\"154\" data-end=\"167\">street food<\/em>\u00a0\u00fanica para un d\u00eda especial, y visita la exposici\u00f3n colectiva de artistas del Windows Art Circuit (WAC) que acogen en su local.<\/footer>\n<div class=\"location-content\">\n<h6 style=\"text-align: center;\" data-start=\"296\" data-end=\"314\">Pujades 27, local 2<\/h6>\n<h6 style=\"text-align: center;\" data-start=\"296\" data-end=\"314\"><strong data-start=\"296\" data-end=\"314\">De 12 h a 00 h<\/strong><\/h6>\n<\/div>\n<h3><\/h3>\n<h3><span style=\"color: #333333;\"><a style=\"color: #333333;\" href=\"https:\/\/botanicusbcn.com\/\"><strong>Botanicus<\/strong><\/a><\/span><\/h3>\n<p><strong data-start=\"88\" data-end=\"147\">Botanicus ha creado un c\u00f3ctel especial para el Open Day<\/strong> que pone en valor un licor artesanal de nueces verdes, macerado durante meses desde San Juan pasado. Ahora que ha alcanzado su punto \u00f3ptimo, se utiliza en una combinaci\u00f3n con ron, zumo de lim\u00f3n fresco y Aperol. El resultado es un c\u00f3ctel herb\u00e1ceo, ligeramente c\u00edtrico, con toques bals\u00e1micos y amargos.<\/p>\n<h6 style=\"text-align: center;\"><span style=\"color: #333333;\"><strong>Pujades, 177<\/strong><\/span><\/h6>\n<h6 style=\"text-align: center;\"><span style=\"color: #333333;\"><strong>18h a 22h<\/strong><\/span><\/h6>\n<h3><\/h3>\n<h3><span style=\"color: #333333;\"><a style=\"color: #333333;\" href=\"https:\/\/wearecacho.com\/\"><strong>Cacho<\/strong><\/a><\/span><\/h3>\n<p><span style=\"color: #333333;\">Los mediod\u00edas del\u00a0<strong data-start=\"111\" data-end=\"123\">Open Day<\/strong>\u00a0son perfectos para pasarte por\u00a0<strong>Cacho.<\/strong>\u00a0Adem\u00e1s de su comida casera y su cerveza bien tirada, disfruta de la oferta de una tapa de entra\u00f1a + una copa de vino de naranja natural en su maravillosa terraza.<\/span><\/p>\n<p>Acoger\u00e1 una intervenci\u00f3n art\u00edstica de <strong>Mooni <\/strong>en el \u00a0<strong>Windows Art Circuit (WAC).<\/strong><\/p>\n<h6 style=\"text-align: center;\"><span style=\"color: #333333;\"><strong>Llull, 27 Bajos<\/strong><\/span><\/h6>\n<h6 style=\"text-align: center;\"><span style=\"color: #333333;\"><strong>12h a 22h<\/strong><\/span><\/h6>\n<h3><\/h3>\n<h3><span style=\"color: #333333;\"><a style=\"color: #333333;\" href=\"https:\/\/catacroquet.es\/\"><strong>Catacroquet<\/strong><\/a><\/span><\/h3>\n<div><span style=\"color: #333333;\">Disfruta de la mejor selecci\u00f3n de\u00a0<strong>croquetas<\/strong>\u00a0y\u00a0<strong>c\u00f3cteles<\/strong>\u00a0en una sala renovada y una terraza reluciente acompa\u00f1ados del concierto gratuito de los\u00a0<a style=\"color: #333333;\" href=\"https:\/\/www.instagram.com\/thesummerloversbcn\/\"><em data-start=\"179\" data-end=\"194\">Summer Lovers<\/em><\/a>, en Catacroquet de 16:30h a 17:30h.<\/span><\/div>\n<h6 style=\"text-align: center;\"><span style=\"color: #333333;\"><strong>Almog\u00e0vers, 211<\/strong><\/span><\/h6>\n<h6 style=\"text-align: center;\"><span style=\"color: #333333;\"><strong>12:30h a 01h<\/strong><\/span><\/h6>\n<h3><\/h3>\n<h3><span style=\"color: #333333;\"><a style=\"color: #333333;\" href=\"https:\/\/www.corpenbarcelona.com\/\">Corpen Gin<\/a><\/span><\/h3>\n<p><span style=\"color: #333333;\">Ven a disfrutar de una ginebra artesanal de primera y qu\u00e9date a disfrutar de la m\u00fasica, la comida, los juegos, la rifa<span class=\"dots\">\u2026<\/span>\u00a0Tendremos una variedad especial de c\u00f3cteles de Corpen Gin y bebidas sin alcohol, comida hecha por\u00a0<a style=\"color: #333333;\" href=\"https:\/\/www.instagram.com\/antoniasburger\/\">Antonia\u2019s Burger<\/a>\u00a0 y ocho horas de m\u00fasica por\u00a0<a style=\"color: #333333;\" href=\"https:\/\/www.instagram.com\/djane.karma\/\">DJANE KARMA<\/a>\u00a0&amp;\u00a0<a style=\"color: #333333;\" href=\"https:\/\/www.instagram.com\/misc.jockey\/\">MISC JOCKEY<\/a>.<\/span><\/p>\n<h6 style=\"text-align: center;\"><span style=\"color: #333333;\"><strong>Pujades 74, local 6<\/strong><\/span><\/h6>\n<h6 style=\"text-align: center;\"><span style=\"color: #333333;\"><strong>12h a 22h<\/strong><\/span><\/h6>\n<h3><\/h3>\n<h3><span style=\"color: #333333;\"><a style=\"color: #333333;\" href=\"https:\/\/www.instagram.com\/cuadrobcn\/?hl=es\"><strong>Cuadro<\/strong><\/a><\/span><\/h3>\n<p><span style=\"color: #333333;\">Sum\u00e9rgete en una experiencia multisensorial y prueba las\u00a0<strong>Tablas de Autor<\/strong>, una selecta tabla de quesos inspiraci\u00f3n del chef, cada tabla tendr\u00e1 un toque especial de quesos artesanales y productos org\u00e1nicos, te sorprender\u00e1 la combinaci\u00f3n especial y lo atrevido de la propuesta.<\/span><\/p>\n<p><span style=\"color: #333333;\">La tabla de autor estar\u00e1 disponible durante todo el d\u00eda y tendr\u00e1s la oportunidad de acompa\u00f1arla del mejor vino y de una experiencia live painting.<\/span><\/p>\n<h6 style=\"text-align: center;\"><span style=\"color: #333333;\"><strong>Pamplona, 33<\/strong><\/span><\/h6>\n<h3><\/h3>\n<h3><span style=\"color: #333333;\"><a style=\"color: #333333;\" href=\"https:\/\/www.instagram.com\/esquebcn\/\">ES QUE CAF\u00c9<\/a><\/span><\/h3>\n<p><span style=\"color: #333333;\"><strong>Es que caf\u00e9<\/strong>, local de desayunos, brunch y cocktails, especialistas en caf\u00e9s de Right Side y cocina Tex Mex, trae para el<strong>\u00a0Open Day<\/strong>\u00a0una oferta tentadora de combo de\u00a0<em data-start=\"81\" data-end=\"132\">SmashBurger + Cerveza o Refresco + Patatas fritas<\/em>.<\/span><\/p>\n<h6 style=\"text-align: center;\"><span style=\"color: #333333;\"><strong>Castella, 15<\/strong><\/span><\/h6>\n<h6 style=\"text-align: center;\"><span style=\"color: #333333;\"><strong>10h a 17h<\/strong><\/span><\/h6>\n<h3><\/h3>\n<h3><span style=\"color: #333333;\"><a style=\"color: #333333;\" href=\"https:\/\/garagebeer.co\/\"><strong>Garage Beer Co Poblenou<\/strong><\/a><\/span><\/h3>\n<p><span style=\"color: #333333;\">SOUP OPEN DAY. Vente al lanzamiento y celebraci\u00f3n de nuestra cerveza SOUP, una cl\u00e1sica NEIPA, cerveza IPA afrutada, tropical, turbia y espesa elaborada con l\u00fapulos citra y mosaic (6%) y tres ediciones especiales m\u00e1s.\u00a0 Nos acompa\u00f1a Yaci con un DJ vinyl set.<\/span><\/p>\n<h6 style=\"text-align: center;\"><span style=\"color: #333333;\">Passeig de Calvell, 45<\/span><\/h6>\n<h6 style=\"text-align: center;\"><span style=\"color: #333333;\">13h a 01h<\/span><\/h6>\n<h3><\/h3>\n<h3><span style=\"color: #333333;\"><a style=\"color: #333333;\" href=\"https:\/\/www.instagram.com\/hoppinessbcn\/?hl=es\"><strong>Hoppiness<\/strong><\/a><\/span><\/h3>\n<p><span style=\"color: #333333;\"><strong>Hoppiness<\/strong>, bar especializado en craft beers y tapas, trae su combo especial para el\u00a0<strong>Open day:<\/strong>\u00a0tapa y 1\/2 pinta.<\/span><\/p>\n<h6 style=\"text-align: center;\" data-start=\"145\" data-end=\"187\"><span style=\"color: #333333;\"><strong>Ram\u00f3n Tur\u00f3, 180<\/strong><\/span><\/h6>\n<h6 style=\"text-align: center;\" data-start=\"145\" data-end=\"187\"><span style=\"color: #333333;\"><strong>18h a 01h<\/strong><\/span><\/h6>\n<h3><\/h3>\n<h3><span style=\"color: #333333;\"><a style=\"color: #333333;\" href=\"https:\/\/kibuka.com\/llull\/\">KIBUKA<\/a><\/span><\/h3>\n<p><span style=\"color: #333333;\"><strong data-start=\"100\" data-end=\"136\">KIBUKA Llull,\u00a0<\/strong>taverna especializada en sushi y cocina japonesa, celebra el\u00a0<strong>Open Day<\/strong>\u00a0ofreciendo un combinado de\u00a0<em data-start=\"164\" data-end=\"180\">Maguro &amp; Shake<\/em>\u00a0+ Sopa de Miso. Si eres amante de la gastronom\u00eda japonesa, \u00a1no te puedes perder el mejor sushi del Distrito Creativo!<\/span><\/p>\n<h6 style=\"text-align: center;\"><span style=\"color: #333333;\"><strong>Llull, 155<\/strong><\/span><\/h6>\n<h6 style=\"text-align: center;\"><span style=\"color: #333333;\"><strong>12:30h a 00h<\/strong><\/span><\/h6>\n<h3><\/h3>\n<h3><span style=\"color: #333333;\"><a style=\"color: #333333;\" href=\"https:\/\/www.instagram.com\/lataqueriabcn\/?hl=es\">La Taquer\u00eda<\/a><\/span><\/h3>\n<p><span style=\"color: #333333;\"><strong>La Taquer\u00eda<\/strong>, expertos en gastronom\u00eda callejera mexicana, exhibe una exposici\u00f3n fotogr\u00e1fica<em>\u00a0\u00abTaquer\u00edas, tacos y sus taqueros\u00bb<\/em>. Adem\u00e1s, entre su oferta general, llegan los tacos de pescado y de camar\u00f3n estilo Ensenada.<\/span><\/p>\n<h6 style=\"text-align: center;\"><span style=\"color: #333333;\"><strong>Pujades, 172<\/strong><\/span><\/h6>\n<h6 style=\"text-align: center;\"><span style=\"color: #333333;\"><strong>13h a 00h<\/strong><\/span><\/h6>\n<h3><\/h3>\n<h3><span style=\"color: #333333;\"><a style=\"color: #333333;\" href=\"https:\/\/latavernicola.com\/\">La Tavern\u00edcola<\/a><\/span><\/h3>\n<p><span style=\"color: #333333;\"><strong>Para el Open Day ofrecen su combinado<\/strong>: una tapa de chorip\u00e1n con pan casero, acompa\u00f1ada de la inconfundible salsa chimichurri, elaborada con la receta tradicional de la abuela \u2014con todo el cari\u00f1o y los sabores de antes. Todo ello maridado con una copa de Malbec que redondea la experiencia con elegancia y car\u00e1cter.<\/span><\/p>\n<h6 style=\"text-align: center;\"><span style=\"color: #333333;\"><strong>Roc Boronat, 70<\/strong><\/span><\/h6>\n<h6 style=\"text-align: center;\"><span style=\"color: #333333;\"><strong>12:30 a 23:30h<\/strong><\/span><\/h6>\n<h3><\/h3>\n<h3><span style=\"color: #333333;\"><a style=\"color: #333333;\" href=\"https:\/\/www.mamaheladera.es\/\">MAM\u00c1 HELADERA<\/a><\/span><\/h3>\n<p><span style=\"color: #333333;\">Fotograf\u00edate en Mam\u00e1 Heladera con motivo con motivo del concurso fotogr\u00e1fico \u00abPetits racons de comer\u00e7\u00bb organizado por el Foto Club Poblenou y Poblenou eix comercial. Se facilitar\u00e1 4 helados por persona fotografiada.<\/span><\/p>\n<p><span style=\"color: #333333;\">Inscr\u00edbete enviando un email a mamaheladera@gmail.com, hay 10 plazas para fot\u00f3grafos y 10 para las personas fotografiadas.<\/span><\/p>\n<p><span style=\"color: #333333;\">(Bases del concurso\u00a0<a style=\"color: #333333;\" href=\"http:\/\/www.eixcomercialpoblenou.com\/cat\/expo-petits-racons-del-comerc\/bases-del-concurs\">aqu\u00ed<\/a>)<\/span><\/p>\n<h6 style=\"text-align: center;\"><span style=\"color: #333333;\"><strong>Rbla. del Poblenou 44-46<\/strong><\/span><\/h6>\n<h6 style=\"text-align: center;\"><span style=\"color: #333333;\"><strong>12h a 14h<\/strong><\/span><\/h6>\n<h3><\/h3>\n<h3><span style=\"color: #333333;\"><a style=\"color: #333333;\" href=\"https:\/\/www.instagram.com\/sin.amor.no\/\">Sin Amor No<\/a><\/span><\/h3>\n<p><span style=\"color: #333333;\">Sin Amor No, cafeter\u00eda de especialidad con reposter\u00eda casera, trae para el<strong>\u00a0Open Day<\/strong>\u00a0su\u00a0<strong>Bakery Sessions Vol.1 \u2013 Bagels &amp; Beer:<\/strong>\u00a0\u00a0bagels reci\u00e9n salidos del horno y cervezas fr\u00edas acompa\u00f1adas de DJs.<\/span><\/p>\n<p>Acoger\u00e1 una intervenci\u00f3n art\u00edstica de <strong>Niko Tampio<\/strong> en <strong>Windows Art Circuit (WAC).<\/strong><\/p>\n<h6 style=\"text-align: center;\"><span style=\"color: #333333;\"><strong>Pujades, 127<\/strong><\/span><\/h6>\n<h6 style=\"text-align: center;\"><span style=\"color: #333333;\"><strong>14h a 22h<\/strong><\/span><\/h6>\n<h3><\/h3>\n<h3><span style=\"color: #333333;\"><a style=\"color: #333333;\" href=\"https:\/\/www.warikeproject.com\/\">Warike Project<\/a><\/span><\/h3>\n<p><span style=\"color: #333333;\">Disfruta de los sabores de la cocina alternativa peruana con un Brunch a cargo del restaurante peruano\u00a0<strong>Warike Project<\/strong>\u00a0para continuar con energ\u00eda el\u00a0<strong>Open Day<\/strong>.<\/span><\/p>\n<h6 style=\"text-align: center;\"><span style=\"color: #333333;\"><strong>Bilbao, 24<\/strong><\/span><\/h6>\n<h6 style=\"text-align: center;\"><span style=\"color: #333333;\"><strong>a partir de las 12h<\/strong><\/span><\/h6>\n<h3><span style=\"text-decoration: underline;\">Local 225<\/span><\/h3>\n<p><span class=\"_fadeIn_pfttw_8\">Un <\/span><span class=\"_fadeIn_pfttw_8\">excelente <\/span><span class=\"_fadeIn_pfttw_8\">plan <\/span><span class=\"_fadeIn_pfttw_8\">de <\/span><span class=\"_fadeIn_pfttw_8\">tarde <\/span><span class=\"_fadeIn_pfttw_8\">con <\/span><span class=\"_fadeIn_pfttw_8\">un <\/span><span class=\"_fadeIn_pfttw_8\">mercadillo <\/span><span class=\"_fadeIn_pfttw_8\">de <\/span><span class=\"_fadeIn_pfttw_8\">ropa <\/span><span class=\"_fadeIn_pfttw_8\">vintage, <\/span><span class=\"_fadeIn_pfttw_8\">la <\/span><span class=\"_fadeIn_pfttw_8\">inauguraci\u00f3n <\/span><span class=\"_fadeIn_pfttw_8\">de <\/span><span class=\"_fadeIn_pfttw_8\">la <\/span><span class=\"_fadeIn_pfttw_8\">exposici\u00f3n <\/span><span class=\"_fadeIn_pfttw_8\">fotogr\u00e1fica <\/span><span class=\"_fadeIn_pfttw_8\">de <\/span><span class=\"_fadeIn_pfttw_8\">LOLA <\/span><span class=\"_fadeIn_pfttw_8\">FRITZ, <\/span><span class=\"_fadeIn_pfttw_8\">m\u00fasica, <\/span><span class=\"_fadeIn_pfttw_8\">comida <\/span><span class=\"_fadeIn_pfttw_8\">y <\/span><span class=\"_fadeIn_pfttw_8\">bebida. <\/span><span class=\"_fadeIn_pfttw_8\">Adem\u00e1s, <\/span><span class=\"_fadeIn_pfttw_8\">solo <\/span><span class=\"_fadeIn_pfttw_8\">por <\/span><span class=\"_fadeIn_pfttw_8\">un <\/span><span class=\"_fadeIn_pfttw_8\">d\u00eda <\/span><span class=\"_fadeIn_pfttw_8\">hacen <\/span><span class=\"_fadeIn_pfttw_8\">una <\/span><span class=\"_fadeIn_pfttw_8\">promoci\u00f3n <\/span><span class=\"_fadeIn_pfttw_8\">con <\/span><span class=\"_fadeIn_pfttw_8\">precio <\/span><span class=\"_fadeIn_pfttw_8\">especial <\/span><span class=\"_fadeIn_pfttw_8\">del \u00ab<\/span><span class=\"_fadeIn_pfttw_8\">C\u00f3ctel <\/span><span class=\"_fadeIn_pfttw_8\">Open <\/span><span class=\"_fadeIn_pfttw_8\">Day\u00bb, <\/span><span class=\"_fadeIn_pfttw_8\">su <\/span><span class=\"_fadeIn_pfttw_8\">c\u00f3ctel <\/span><span class=\"_fadeIn_pfttw_8\">Pomada.<\/span><\/p>\n<h6 style=\"text-align: center;\" data-start=\"4914\" data-end=\"5113\"><span style=\"color: #333333;\">Doctor Trueta, 225<\/span><br data-start=\"5090\" data-end=\"5093\" \/><span style=\"color: #333333;\">13h a 22h<\/span><\/h6>\n<p><\/p>","protected":false},"excerpt":{"rendered":"<p>D\u00e9jate sorprender con la gran variedad de oferta gastron\u00f3mica y coctelera que han preparado los restaurantes y bares asociados a&#8230; <a href=\"https:\/\/poblenouurbandistrict.com\/es\/la-guia-gastronomica-del-poblenou-open-day\/\">M\u00e1s  \u2192<\/a><\/p>\n","protected":false},"author":5,"featured_media":50824,"comment_status":"closed","ping_status":"closed","sticky":false,"template":"","format":"standard","meta":{"_acf_changed":false,"footnotes":""},"categories":[3567],"tags":[],"class_list":["post-50948","post","type-post","status-publish","format-standard","has-post-thumbnail","hentry","category-poblenou-open-day-2"],"acf":[],"yoast_head":"<!-- This site is optimized with the Yoast SEO plugin v27.5 - https:\/\/yoast.com\/product\/yoast-seo-wordpress\/ -->\n<title>La gu\u00eda gastron\u00f3mica del Poblenou Open Day &#8211; Poblenou Urban District<\/title>\n<meta name=\"robots\" content=\"index, follow, max-snippet:-1, max-image-preview:large, max-video-preview:-1\" \/>\n<link rel=\"canonical\" href=\"https:\/\/poblenouurbandistrict.com\/es\/la-guia-gastronomica-del-poblenou-open-day\/\" \/>\n<meta property=\"og:locale\" content=\"es_ES\" \/>\n<meta property=\"og:type\" content=\"article\" \/>\n<meta property=\"og:title\" content=\"La gu\u00eda gastron\u00f3mica del Poblenou Open Day &#8211; Poblenou Urban District\" \/>\n<meta property=\"og:description\" content=\"D\u00e9jate sorprender con la gran variedad de oferta gastron\u00f3mica y coctelera que han preparado los restaurantes y bares asociados a... M\u00e1s \u2192\" \/>\n<meta property=\"og:url\" content=\"https:\/\/poblenouurbandistrict.com\/es\/la-guia-gastronomica-del-poblenou-open-day\/\" \/>\n<meta property=\"og:site_name\" content=\"Poblenou Urban District\" \/>\n<meta property=\"article:published_time\" content=\"2025-05-05T09:20:14+00:00\" \/>\n<meta property=\"article:modified_time\" content=\"2025-05-08T11:14:53+00:00\" \/>\n<meta property=\"og:image\" content=\"https:\/\/poblenouurbandistrict.com\/wp-content\/uploads\/2025\/04\/hoppiness-e1744883526883.jpg\" \/>\n\t<meta property=\"og:image:width\" content=\"1330\" \/>\n\t<meta property=\"og:image:height\" content=\"798\" \/>\n\t<meta property=\"og:image:type\" content=\"image\/jpeg\" \/>\n<meta name=\"author\" content=\"pnud\" \/>\n<meta name=\"twitter:card\" content=\"summary_large_image\" \/>\n<meta name=\"twitter:label1\" content=\"Escrito por\" \/>\n\t<meta name=\"twitter:data1\" content=\"pnud\" \/>\n\t<meta name=\"twitter:label2\" content=\"Tiempo de lectura\" \/>\n\t<meta name=\"twitter:data2\" content=\"6 minutos\" \/>\n<script type=\"application\/ld+json\" class=\"yoast-schema-graph\">{\"@context\":\"https:\\\/\\\/schema.org\",\"@graph\":[{\"@type\":\"Article\",\"@id\":\"https:\\\/\\\/poblenouurbandistrict.com\\\/la-guia-gastronomica-del-poblenou-open-day\\\/#article\",\"isPartOf\":{\"@id\":\"https:\\\/\\\/poblenouurbandistrict.com\\\/la-guia-gastronomica-del-poblenou-open-day\\\/\"},\"author\":{\"name\":\"pnud\",\"@id\":\"https:\\\/\\\/poblenouurbandistrict.com\\\/#\\\/schema\\\/person\\\/980a2cf34b399d5218205730acd54a7e\"},\"headline\":\"La gu\u00eda gastron\u00f3mica del Poblenou Open Day\",\"datePublished\":\"2025-05-05T09:20:14+00:00\",\"dateModified\":\"2025-05-08T11:14:53+00:00\",\"mainEntityOfPage\":{\"@id\":\"https:\\\/\\\/poblenouurbandistrict.com\\\/la-guia-gastronomica-del-poblenou-open-day\\\/\"},\"wordCount\":2741,\"image\":{\"@id\":\"https:\\\/\\\/poblenouurbandistrict.com\\\/la-guia-gastronomica-del-poblenou-open-day\\\/#primaryimage\"},\"thumbnailUrl\":\"https:\\\/\\\/media.poblenouurbandistrict.com\\\/2025\\\/04\\\/25085840\\\/hoppiness-e1744883526883.jpg\",\"articleSection\":[\"Poblenou Open Day\"],\"inLanguage\":\"es\"},{\"@type\":\"WebPage\",\"@id\":\"https:\\\/\\\/poblenouurbandistrict.com\\\/es\\\/la-guia-gastronomica-del-poblenou-open-day\\\/\",\"url\":\"https:\\\/\\\/poblenouurbandistrict.com\\\/es\\\/la-guia-gastronomica-del-poblenou-open-day\\\/\",\"name\":\"La gu\u00eda gastron\u00f3mica del Poblenou Open Day &#8211; Poblenou Urban District\",\"isPartOf\":{\"@id\":\"https:\\\/\\\/poblenouurbandistrict.com\\\/es\\\/#website\"},\"primaryImageOfPage\":{\"@id\":\"https:\\\/\\\/poblenouurbandistrict.com\\\/es\\\/la-guia-gastronomica-del-poblenou-open-day\\\/#primaryimage\"},\"image\":{\"@id\":\"https:\\\/\\\/poblenouurbandistrict.com\\\/la-guia-gastronomica-del-poblenou-open-day\\\/#primaryimage\"},\"thumbnailUrl\":\"https:\\\/\\\/media.poblenouurbandistrict.com\\\/2025\\\/04\\\/25085840\\\/hoppiness-e1744883526883.jpg\",\"datePublished\":\"2025-05-05T09:20:14+00:00\",\"dateModified\":\"2025-05-08T11:14:53+00:00\",\"author\":{\"@id\":\"https:\\\/\\\/poblenouurbandistrict.com\\\/#\\\/schema\\\/person\\\/980a2cf34b399d5218205730acd54a7e\"},\"breadcrumb\":{\"@id\":\"https:\\\/\\\/poblenouurbandistrict.com\\\/es\\\/la-guia-gastronomica-del-poblenou-open-day\\\/#breadcrumb\"},\"inLanguage\":\"es\",\"potentialAction\":[{\"@type\":\"ReadAction\",\"target\":[[\"https:\\\/\\\/poblenouurbandistrict.com\\\/es\\\/la-guia-gastronomica-del-poblenou-open-day\\\/\"]]}]},{\"@type\":\"ImageObject\",\"inLanguage\":\"es\",\"@id\":\"https:\\\/\\\/poblenouurbandistrict.com\\\/es\\\/la-guia-gastronomica-del-poblenou-open-day\\\/#primaryimage\",\"url\":\"https:\\\/\\\/media.poblenouurbandistrict.com\\\/2025\\\/04\\\/25085840\\\/hoppiness-e1744883526883.jpg\",\"contentUrl\":\"https:\\\/\\\/media.poblenouurbandistrict.com\\\/2025\\\/04\\\/25085840\\\/hoppiness-e1744883526883.jpg\",\"width\":1330,\"height\":798},{\"@type\":\"BreadcrumbList\",\"@id\":\"https:\\\/\\\/poblenouurbandistrict.com\\\/es\\\/la-guia-gastronomica-del-poblenou-open-day\\\/#breadcrumb\",\"itemListElement\":[{\"@type\":\"ListItem\",\"position\":1,\"name\":\"Home\",\"item\":\"https:\\\/\\\/poblenouurbandistrict.com\\\/es\\\/\"},{\"@type\":\"ListItem\",\"position\":2,\"name\":\"La guia gastron\u00f2mica del Poblenou Open Day\"}]},{\"@type\":\"WebSite\",\"@id\":\"https:\\\/\\\/poblenouurbandistrict.com\\\/es\\\/#website\",\"url\":\"https:\\\/\\\/poblenouurbandistrict.com\\\/es\\\/\",\"name\":\"Poblenou Urban District\",\"description\":\"Comunidad Creativa\",\"potentialAction\":[{\"@type\":\"SearchAction\",\"target\":{\"@type\":\"EntryPoint\",\"urlTemplate\":\"https:\\\/\\\/poblenouurbandistrict.com\\\/es\\\/?s={search_term_string}\"},\"query-input\":{\"@type\":\"PropertyValueSpecification\",\"valueRequired\":true,\"valueName\":\"search_term_string\"}}],\"inLanguage\":\"es\"},{\"@type\":\"Person\",\"@id\":\"https:\\\/\\\/poblenouurbandistrict.com\\\/#\\\/schema\\\/person\\\/980a2cf34b399d5218205730acd54a7e\",\"name\":\"pnud\",\"image\":{\"@type\":\"ImageObject\",\"inLanguage\":\"es\",\"@id\":\"https:\\\/\\\/secure.gravatar.com\\\/avatar\\\/67146597b405ee077a24e519f75c3e2031736596d6ce35af3a34c122c93d0d7b?s=96&d=retro&r=g\",\"url\":\"https:\\\/\\\/secure.gravatar.com\\\/avatar\\\/67146597b405ee077a24e519f75c3e2031736596d6ce35af3a34c122c93d0d7b?s=96&d=retro&r=g\",\"contentUrl\":\"https:\\\/\\\/secure.gravatar.com\\\/avatar\\\/67146597b405ee077a24e519f75c3e2031736596d6ce35af3a34c122c93d0d7b?s=96&d=retro&r=g\",\"caption\":\"pnud\"}}]}<\/script>\n<!-- \/ Yoast SEO plugin. -->","yoast_head_json":{"title":"La gu\u00eda gastron\u00f3mica del Poblenou Open Day &#8211; Poblenou Urban District","robots":{"index":"index","follow":"follow","max-snippet":"max-snippet:-1","max-image-preview":"max-image-preview:large","max-video-preview":"max-video-preview:-1"},"canonical":"https:\/\/poblenouurbandistrict.com\/es\/la-guia-gastronomica-del-poblenou-open-day\/","og_locale":"es_ES","og_type":"article","og_title":"La gu\u00eda gastron\u00f3mica del Poblenou Open Day &#8211; Poblenou Urban District","og_description":"D\u00e9jate sorprender con la gran variedad de oferta gastron\u00f3mica y coctelera que han preparado los restaurantes y bares asociados a... M\u00e1s \u2192","og_url":"https:\/\/poblenouurbandistrict.com\/es\/la-guia-gastronomica-del-poblenou-open-day\/","og_site_name":"Poblenou Urban District","article_published_time":"2025-05-05T09:20:14+00:00","article_modified_time":"2025-05-08T11:14:53+00:00","og_image":[{"width":1330,"height":798,"url":"https:\/\/poblenouurbandistrict.com\/wp-content\/uploads\/2025\/04\/hoppiness-e1744883526883.jpg","type":"image\/jpeg"}],"author":"pnud","twitter_card":"summary_large_image","twitter_misc":{"Escrito por":"pnud","Tiempo de lectura":"6 minutos"},"schema":{"@context":"https:\/\/schema.org","@graph":[{"@type":"Article","@id":"https:\/\/poblenouurbandistrict.com\/la-guia-gastronomica-del-poblenou-open-day\/#article","isPartOf":{"@id":"https:\/\/poblenouurbandistrict.com\/la-guia-gastronomica-del-poblenou-open-day\/"},"author":{"name":"pnud","@id":"https:\/\/poblenouurbandistrict.com\/#\/schema\/person\/980a2cf34b399d5218205730acd54a7e"},"headline":"La gu\u00eda gastron\u00f3mica del Poblenou Open Day","datePublished":"2025-05-05T09:20:14+00:00","dateModified":"2025-05-08T11:14:53+00:00","mainEntityOfPage":{"@id":"https:\/\/poblenouurbandistrict.com\/la-guia-gastronomica-del-poblenou-open-day\/"},"wordCount":2741,"image":{"@id":"https:\/\/poblenouurbandistrict.com\/la-guia-gastronomica-del-poblenou-open-day\/#primaryimage"},"thumbnailUrl":"https:\/\/media.poblenouurbandistrict.com\/2025\/04\/25085840\/hoppiness-e1744883526883.jpg","articleSection":["Poblenou Open Day"],"inLanguage":"es"},{"@type":"WebPage","@id":"https:\/\/poblenouurbandistrict.com\/es\/la-guia-gastronomica-del-poblenou-open-day\/","url":"https:\/\/poblenouurbandistrict.com\/es\/la-guia-gastronomica-del-poblenou-open-day\/","name":"La gu\u00eda gastron\u00f3mica del Poblenou Open Day &#8211; Poblenou Urban District","isPartOf":{"@id":"https:\/\/poblenouurbandistrict.com\/es\/#website"},"primaryImageOfPage":{"@id":"https:\/\/poblenouurbandistrict.com\/es\/la-guia-gastronomica-del-poblenou-open-day\/#primaryimage"},"image":{"@id":"https:\/\/poblenouurbandistrict.com\/la-guia-gastronomica-del-poblenou-open-day\/#primaryimage"},"thumbnailUrl":"https:\/\/media.poblenouurbandistrict.com\/2025\/04\/25085840\/hoppiness-e1744883526883.jpg","datePublished":"2025-05-05T09:20:14+00:00","dateModified":"2025-05-08T11:14:53+00:00","author":{"@id":"https:\/\/poblenouurbandistrict.com\/#\/schema\/person\/980a2cf34b399d5218205730acd54a7e"},"breadcrumb":{"@id":"https:\/\/poblenouurbandistrict.com\/es\/la-guia-gastronomica-del-poblenou-open-day\/#breadcrumb"},"inLanguage":"es","potentialAction":[{"@type":"ReadAction","target":[["https:\/\/poblenouurbandistrict.com\/es\/la-guia-gastronomica-del-poblenou-open-day\/"]]}]},{"@type":"ImageObject","inLanguage":"es","@id":"https:\/\/poblenouurbandistrict.com\/es\/la-guia-gastronomica-del-poblenou-open-day\/#primaryimage","url":"https:\/\/media.poblenouurbandistrict.com\/2025\/04\/25085840\/hoppiness-e1744883526883.jpg","contentUrl":"https:\/\/media.poblenouurbandistrict.com\/2025\/04\/25085840\/hoppiness-e1744883526883.jpg","width":1330,"height":798},{"@type":"BreadcrumbList","@id":"https:\/\/poblenouurbandistrict.com\/es\/la-guia-gastronomica-del-poblenou-open-day\/#breadcrumb","itemListElement":[{"@type":"ListItem","position":1,"name":"Home","item":"https:\/\/poblenouurbandistrict.com\/es\/"},{"@type":"ListItem","position":2,"name":"La guia gastron\u00f2mica del Poblenou Open Day"}]},{"@type":"WebSite","@id":"https:\/\/poblenouurbandistrict.com\/es\/#website","url":"https:\/\/poblenouurbandistrict.com\/es\/","name":"Poblenou Urban District","description":"Comunidad Creativa","potentialAction":[{"@type":"SearchAction","target":{"@type":"EntryPoint","urlTemplate":"https:\/\/poblenouurbandistrict.com\/es\/?s={search_term_string}"},"query-input":{"@type":"PropertyValueSpecification","valueRequired":true,"valueName":"search_term_string"}}],"inLanguage":"es"},{"@type":"Person","@id":"https:\/\/poblenouurbandistrict.com\/#\/schema\/person\/980a2cf34b399d5218205730acd54a7e","name":"pnud","image":{"@type":"ImageObject","inLanguage":"es","@id":"https:\/\/secure.gravatar.com\/avatar\/67146597b405ee077a24e519f75c3e2031736596d6ce35af3a34c122c93d0d7b?s=96&d=retro&r=g","url":"https:\/\/secure.gravatar.com\/avatar\/67146597b405ee077a24e519f75c3e2031736596d6ce35af3a34c122c93d0d7b?s=96&d=retro&r=g","contentUrl":"https:\/\/secure.gravatar.com\/avatar\/67146597b405ee077a24e519f75c3e2031736596d6ce35af3a34c122c93d0d7b?s=96&d=retro&r=g","caption":"pnud"}}]}},"_links":{"self":[{"href":"https:\/\/poblenouurbandistrict.com\/es\/wp-json\/wp\/v2\/posts\/50948","targetHints":{"allow":["GET"]}}],"collection":[{"href":"https:\/\/poblenouurbandistrict.com\/es\/wp-json\/wp\/v2\/posts"}],"about":[{"href":"https:\/\/poblenouurbandistrict.com\/es\/wp-json\/wp\/v2\/types\/post"}],"author":[{"embeddable":true,"href":"https:\/\/poblenouurbandistrict.com\/es\/wp-json\/wp\/v2\/users\/5"}],"replies":[{"embeddable":true,"href":"https:\/\/poblenouurbandistrict.com\/es\/wp-json\/wp\/v2\/comments?post=50948"}],"version-history":[{"count":21,"href":"https:\/\/poblenouurbandistrict.com\/es\/wp-json\/wp\/v2\/posts\/50948\/revisions"}],"predecessor-version":[{"id":51166,"href":"https:\/\/poblenouurbandistrict.com\/es\/wp-json\/wp\/v2\/posts\/50948\/revisions\/51166"}],"wp:featuredmedia":[{"embeddable":true,"href":"https:\/\/poblenouurbandistrict.com\/es\/wp-json\/wp\/v2\/media\/50824"}],"wp:attachment":[{"href":"https:\/\/poblenouurbandistrict.com\/es\/wp-json\/wp\/v2\/media?parent=50948"}],"wp:term":[{"taxonomy":"category","embeddable":true,"href":"https:\/\/poblenouurbandistrict.com\/es\/wp-json\/wp\/v2\/categories?post=50948"},{"taxonomy":"post_tag","embeddable":true,"href":"https:\/\/poblenouurbandistrict.com\/es\/wp-json\/wp\/v2\/tags?post=50948"}],"curies":[{"name":"wp","href":"https:\/\/api.w.org\/{rel}","templated":true}]}}