{"id":50950,"date":"2025-05-05T11:15:10","date_gmt":"2025-05-05T09:15:10","guid":{"rendered":"https:\/\/poblenouurbandistrict.com\/?p=50950"},"modified":"2025-05-05T12:18:08","modified_gmt":"2025-05-05T10:18:08","slug":"viu-les-arts-esceniques-del-poblenou-open-day","status":"publish","type":"post","link":"https:\/\/poblenouurbandistrict.com\/es\/viu-les-arts-esceniques-del-poblenou-open-day\/","title":{"rendered":"Vive las artes esc\u00e9nicas del Poblenou Open Day"},"content":{"rendered":"<p><span style=\"color: #333333;\">Las artes esc\u00e9nicas nos conmueven y narran historias a trav\u00e9s de m\u00faltiples formatos. Los teatros, auditorios y salas de danza vinculados a Poblenou Urban District presentan una variada programaci\u00f3n para que te dejes llevar por cada relato y experiencia.<\/span><\/p>\n<h3><span style=\"color: #333333;\"><a style=\"color: #333333;\" href=\"https:\/\/www.auditori.cat\/ca\/\">L\u2019Auditori de Barcelona<\/a><\/span><\/h3>\n<div class=\"location-content\">\n<p><span style=\"color: #333333;\">Disfruta de una marat\u00f3n gratuita de jazz en\u00a0<a style=\"color: #333333;\" href=\"http:\/\/www.auditori.cat\/\">L\u2019Auditori<\/a>\u00a0para poner en valor el talento de los m\u00fasicos de la escena jazz\u00edstica del pa\u00eds: cinco conciertos a cargo de los int\u00e9rpretes\u00a0<strong data-start=\"188\" data-end=\"205\">Daniel Ferruz<\/strong>,\u00a0<strong data-start=\"207\" data-end=\"225\">Lucas Mart\u00ednez<\/strong>,\u00a0<strong data-start=\"227\" data-end=\"244\">Javier Colina<\/strong>,\u00a0<strong data-start=\"246\" data-end=\"260\">Irene Reig<\/strong>\u00a0y\u00a0<strong data-start=\"263\" data-end=\"280\">Raynald Colom<\/strong>.<\/span><\/p>\n<h6 style=\"text-align: center;\"><span style=\"color: #333333;\">Lepant, 150<\/span><\/h6>\n<h6 style=\"text-align: center;\"><span style=\"color: #333333;\">17h a 22h<\/span><\/h6>\n<h3><\/h3>\n<h3><span style=\"color: #333333;\"><a style=\"color: #333333;\" href=\"https:\/\/www.salabeckett.cat\/\">Sala Beckett<\/a><\/span><\/h3>\n<p class=\"\" data-start=\"91\" data-end=\"163\"><span style=\"color: #333333;\">El espacio de creaci\u00f3n y experimentaci\u00f3n teatral\u00a0<a style=\"color: #333333;\" href=\"https:\/\/www.salabeckett.cat\/\">Sala Beckett<\/a>\u00a0ofrece entradas a precio reducido con motivo del Open Day para disfrutar de\u00a0<em data-start=\"236\" data-end=\"258\">\u00abLA CADENA DEL FR\u00cdO\u00bb<\/em>, una historia de sue\u00f1os ultracongelados en la era neoliberal, ganadora del\u00a0<strong>Premio Nacional Calder\u00f3n de la Barca 2020<\/strong>. De la dramaturga<strong>\u00a0Yaiza Berrocal Guevara.<\/strong><\/span><\/p>\n<h6 style=\"text-align: center;\"><span class=\"text\" style=\"color: #333333;\">Pere IV, 228-232<\/span><\/h6>\n<h6 style=\"text-align: center;\"><span style=\"color: #333333;\"><strong>19:30h<\/strong><\/span><\/h6>\n<h3><\/h3>\n<h3><span style=\"color: #333333;\"><a style=\"color: #333333;\" href=\"https:\/\/www.tnc.cat\/\">Teatre Nacional de Catalunya<\/a><\/span><\/h3>\n<div class=\"location-content\">\n<p><span style=\"color: #333333;\">El TNC\u00a0<strong>ofrece 15% de dto. con el c\u00f3digo OPENDAY25 para la funci\u00f3n del 10 de mayo<\/strong>. La Tercera Fuga de Victoria Szpunberg: Una historia sobre el desarraigo, la intemperie, aquello fugaz y el que perdura.<\/span><\/p>\n<p><span style=\"color: #333333;\">La tercera fuga es un relato sobre el periplo de una familia obligada a exiliarse por razones sociopol\u00edticas con el objetivo de intentar sobrevivir con libertad. Victoria Szpunberg es una autora de una gran sensibilidad art\u00edstica que, acompa\u00f1ada por Albert Pijuan, estreno por primera vez a la Sala Gran del TNC, con un texto de ficci\u00f3n a partir de hechos reales de su historia familiar.<\/span><\/p>\n<\/div>\n<h6 style=\"text-align: center;\"><span style=\"color: #333333;\">Pla\u00e7a de les Arts, 1<\/span><\/h6>\n<\/div>\n<p><\/p>","protected":false},"excerpt":{"rendered":"<p>Las artes esc\u00e9nicas nos conmueven y narran historias a trav\u00e9s de m\u00faltiples formatos. Los teatros, auditorios y salas de danza&#8230; <a href=\"https:\/\/poblenouurbandistrict.com\/es\/viu-les-arts-esceniques-del-poblenou-open-day\/\">M\u00e1s  \u2192<\/a><\/p>\n","protected":false},"author":5,"featured_media":50920,"comment_status":"closed","ping_status":"closed","sticky":false,"template":"","format":"standard","meta":{"_acf_changed":false,"footnotes":""},"categories":[3567],"tags":[],"class_list":["post-50950","post","type-post","status-publish","format-standard","has-post-thumbnail","hentry","category-poblenou-open-day-2"],"acf":[],"yoast_head":"<!-- This site is optimized with the Yoast SEO plugin v27.5 - https:\/\/yoast.com\/product\/yoast-seo-wordpress\/ -->\n<title>Vive las artes esc\u00e9nicas del Poblenou Open Day &#8211; Poblenou Urban District<\/title>\n<meta name=\"robots\" content=\"index, follow, max-snippet:-1, max-image-preview:large, max-video-preview:-1\" \/>\n<link rel=\"canonical\" href=\"https:\/\/poblenouurbandistrict.com\/es\/viu-les-arts-esceniques-del-poblenou-open-day\/\" \/>\n<meta property=\"og:locale\" content=\"es_ES\" \/>\n<meta property=\"og:type\" content=\"article\" \/>\n<meta property=\"og:title\" content=\"Vive las artes esc\u00e9nicas del Poblenou Open Day &#8211; Poblenou Urban District\" \/>\n<meta property=\"og:description\" content=\"Las artes esc\u00e9nicas nos conmueven y narran historias a trav\u00e9s de m\u00faltiples formatos. Los teatros, auditorios y salas de danza... M\u00e1s \u2192\" \/>\n<meta property=\"og:url\" content=\"https:\/\/poblenouurbandistrict.com\/es\/viu-les-arts-esceniques-del-poblenou-open-day\/\" \/>\n<meta property=\"og:site_name\" content=\"Poblenou Urban District\" \/>\n<meta property=\"article:published_time\" content=\"2025-05-05T09:15:10+00:00\" \/>\n<meta property=\"article:modified_time\" content=\"2025-05-05T10:18:08+00:00\" \/>\n<meta property=\"og:image\" content=\"https:\/\/poblenouurbandistrict.com\/wp-content\/uploads\/2025\/04\/daniel-ferruz-auditori.jpg\" \/>\n\t<meta property=\"og:image:width\" content=\"2000\" \/>\n\t<meta property=\"og:image:height\" content=\"1125\" \/>\n\t<meta property=\"og:image:type\" content=\"image\/jpeg\" \/>\n<meta name=\"author\" content=\"pnud\" \/>\n<meta name=\"twitter:card\" content=\"summary_large_image\" \/>\n<meta name=\"twitter:label1\" content=\"Escrito por\" \/>\n\t<meta name=\"twitter:data1\" content=\"pnud\" \/>\n\t<meta name=\"twitter:label2\" content=\"Tiempo de lectura\" \/>\n\t<meta name=\"twitter:data2\" content=\"2 minutos\" \/>\n<script type=\"application\/ld+json\" class=\"yoast-schema-graph\">{\"@context\":\"https:\\\/\\\/schema.org\",\"@graph\":[{\"@type\":\"Article\",\"@id\":\"https:\\\/\\\/poblenouurbandistrict.com\\\/viu-les-arts-esceniques-del-poblenou-open-day\\\/#article\",\"isPartOf\":{\"@id\":\"https:\\\/\\\/poblenouurbandistrict.com\\\/viu-les-arts-esceniques-del-poblenou-open-day\\\/\"},\"author\":{\"name\":\"pnud\",\"@id\":\"https:\\\/\\\/poblenouurbandistrict.com\\\/#\\\/schema\\\/person\\\/980a2cf34b399d5218205730acd54a7e\"},\"headline\":\"Vive las artes esc\u00e9nicas del Poblenou Open Day\",\"datePublished\":\"2025-05-05T09:15:10+00:00\",\"dateModified\":\"2025-05-05T10:18:08+00:00\",\"mainEntityOfPage\":{\"@id\":\"https:\\\/\\\/poblenouurbandistrict.com\\\/viu-les-arts-esceniques-del-poblenou-open-day\\\/\"},\"wordCount\":810,\"image\":{\"@id\":\"https:\\\/\\\/poblenouurbandistrict.com\\\/viu-les-arts-esceniques-del-poblenou-open-day\\\/#primaryimage\"},\"thumbnailUrl\":\"https:\\\/\\\/media.poblenouurbandistrict.com\\\/2025\\\/04\\\/25090023\\\/daniel-ferruz-auditori.jpg\",\"articleSection\":[\"Poblenou Open Day\"],\"inLanguage\":\"es\"},{\"@type\":\"WebPage\",\"@id\":\"https:\\\/\\\/poblenouurbandistrict.com\\\/es\\\/viu-les-arts-esceniques-del-poblenou-open-day\\\/\",\"url\":\"https:\\\/\\\/poblenouurbandistrict.com\\\/es\\\/viu-les-arts-esceniques-del-poblenou-open-day\\\/\",\"name\":\"Vive las artes esc\u00e9nicas del Poblenou Open Day &#8211; Poblenou Urban District\",\"isPartOf\":{\"@id\":\"https:\\\/\\\/poblenouurbandistrict.com\\\/es\\\/#website\"},\"primaryImageOfPage\":{\"@id\":\"https:\\\/\\\/poblenouurbandistrict.com\\\/es\\\/viu-les-arts-esceniques-del-poblenou-open-day\\\/#primaryimage\"},\"image\":{\"@id\":\"https:\\\/\\\/poblenouurbandistrict.com\\\/viu-les-arts-esceniques-del-poblenou-open-day\\\/#primaryimage\"},\"thumbnailUrl\":\"https:\\\/\\\/media.poblenouurbandistrict.com\\\/2025\\\/04\\\/25090023\\\/daniel-ferruz-auditori.jpg\",\"datePublished\":\"2025-05-05T09:15:10+00:00\",\"dateModified\":\"2025-05-05T10:18:08+00:00\",\"author\":{\"@id\":\"https:\\\/\\\/poblenouurbandistrict.com\\\/#\\\/schema\\\/person\\\/980a2cf34b399d5218205730acd54a7e\"},\"breadcrumb\":{\"@id\":\"https:\\\/\\\/poblenouurbandistrict.com\\\/es\\\/viu-les-arts-esceniques-del-poblenou-open-day\\\/#breadcrumb\"},\"inLanguage\":\"es\",\"potentialAction\":[{\"@type\":\"ReadAction\",\"target\":[[\"https:\\\/\\\/poblenouurbandistrict.com\\\/es\\\/viu-les-arts-esceniques-del-poblenou-open-day\\\/\"]]}]},{\"@type\":\"ImageObject\",\"inLanguage\":\"es\",\"@id\":\"https:\\\/\\\/poblenouurbandistrict.com\\\/es\\\/viu-les-arts-esceniques-del-poblenou-open-day\\\/#primaryimage\",\"url\":\"https:\\\/\\\/media.poblenouurbandistrict.com\\\/2025\\\/04\\\/25090023\\\/daniel-ferruz-auditori.jpg\",\"contentUrl\":\"https:\\\/\\\/media.poblenouurbandistrict.com\\\/2025\\\/04\\\/25090023\\\/daniel-ferruz-auditori.jpg\",\"width\":2000,\"height\":1125},{\"@type\":\"BreadcrumbList\",\"@id\":\"https:\\\/\\\/poblenouurbandistrict.com\\\/es\\\/viu-les-arts-esceniques-del-poblenou-open-day\\\/#breadcrumb\",\"itemListElement\":[{\"@type\":\"ListItem\",\"position\":1,\"name\":\"Home\",\"item\":\"https:\\\/\\\/poblenouurbandistrict.com\\\/es\\\/\"},{\"@type\":\"ListItem\",\"position\":2,\"name\":\"Viu les arts esc\u00e8niques del Poblenou Open Day\"}]},{\"@type\":\"WebSite\",\"@id\":\"https:\\\/\\\/poblenouurbandistrict.com\\\/es\\\/#website\",\"url\":\"https:\\\/\\\/poblenouurbandistrict.com\\\/es\\\/\",\"name\":\"Poblenou Urban District\",\"description\":\"Comunidad Creativa\",\"potentialAction\":[{\"@type\":\"SearchAction\",\"target\":{\"@type\":\"EntryPoint\",\"urlTemplate\":\"https:\\\/\\\/poblenouurbandistrict.com\\\/es\\\/?s={search_term_string}\"},\"query-input\":{\"@type\":\"PropertyValueSpecification\",\"valueRequired\":true,\"valueName\":\"search_term_string\"}}],\"inLanguage\":\"es\"},{\"@type\":\"Person\",\"@id\":\"https:\\\/\\\/poblenouurbandistrict.com\\\/#\\\/schema\\\/person\\\/980a2cf34b399d5218205730acd54a7e\",\"name\":\"pnud\",\"image\":{\"@type\":\"ImageObject\",\"inLanguage\":\"es\",\"@id\":\"https:\\\/\\\/secure.gravatar.com\\\/avatar\\\/67146597b405ee077a24e519f75c3e2031736596d6ce35af3a34c122c93d0d7b?s=96&d=retro&r=g\",\"url\":\"https:\\\/\\\/secure.gravatar.com\\\/avatar\\\/67146597b405ee077a24e519f75c3e2031736596d6ce35af3a34c122c93d0d7b?s=96&d=retro&r=g\",\"contentUrl\":\"https:\\\/\\\/secure.gravatar.com\\\/avatar\\\/67146597b405ee077a24e519f75c3e2031736596d6ce35af3a34c122c93d0d7b?s=96&d=retro&r=g\",\"caption\":\"pnud\"}}]}<\/script>\n<!-- \/ Yoast SEO plugin. -->","yoast_head_json":{"title":"Vive las artes esc\u00e9nicas del Poblenou Open Day &#8211; Poblenou Urban District","robots":{"index":"index","follow":"follow","max-snippet":"max-snippet:-1","max-image-preview":"max-image-preview:large","max-video-preview":"max-video-preview:-1"},"canonical":"https:\/\/poblenouurbandistrict.com\/es\/viu-les-arts-esceniques-del-poblenou-open-day\/","og_locale":"es_ES","og_type":"article","og_title":"Vive las artes esc\u00e9nicas del Poblenou Open Day &#8211; Poblenou Urban District","og_description":"Las artes esc\u00e9nicas nos conmueven y narran historias a trav\u00e9s de m\u00faltiples formatos. Los teatros, auditorios y salas de danza... M\u00e1s \u2192","og_url":"https:\/\/poblenouurbandistrict.com\/es\/viu-les-arts-esceniques-del-poblenou-open-day\/","og_site_name":"Poblenou Urban District","article_published_time":"2025-05-05T09:15:10+00:00","article_modified_time":"2025-05-05T10:18:08+00:00","og_image":[{"width":2000,"height":1125,"url":"https:\/\/poblenouurbandistrict.com\/wp-content\/uploads\/2025\/04\/daniel-ferruz-auditori.jpg","type":"image\/jpeg"}],"author":"pnud","twitter_card":"summary_large_image","twitter_misc":{"Escrito por":"pnud","Tiempo de lectura":"2 minutos"},"schema":{"@context":"https:\/\/schema.org","@graph":[{"@type":"Article","@id":"https:\/\/poblenouurbandistrict.com\/viu-les-arts-esceniques-del-poblenou-open-day\/#article","isPartOf":{"@id":"https:\/\/poblenouurbandistrict.com\/viu-les-arts-esceniques-del-poblenou-open-day\/"},"author":{"name":"pnud","@id":"https:\/\/poblenouurbandistrict.com\/#\/schema\/person\/980a2cf34b399d5218205730acd54a7e"},"headline":"Vive las artes esc\u00e9nicas del Poblenou Open Day","datePublished":"2025-05-05T09:15:10+00:00","dateModified":"2025-05-05T10:18:08+00:00","mainEntityOfPage":{"@id":"https:\/\/poblenouurbandistrict.com\/viu-les-arts-esceniques-del-poblenou-open-day\/"},"wordCount":810,"image":{"@id":"https:\/\/poblenouurbandistrict.com\/viu-les-arts-esceniques-del-poblenou-open-day\/#primaryimage"},"thumbnailUrl":"https:\/\/media.poblenouurbandistrict.com\/2025\/04\/25090023\/daniel-ferruz-auditori.jpg","articleSection":["Poblenou Open Day"],"inLanguage":"es"},{"@type":"WebPage","@id":"https:\/\/poblenouurbandistrict.com\/es\/viu-les-arts-esceniques-del-poblenou-open-day\/","url":"https:\/\/poblenouurbandistrict.com\/es\/viu-les-arts-esceniques-del-poblenou-open-day\/","name":"Vive las artes esc\u00e9nicas del Poblenou Open Day &#8211; Poblenou Urban District","isPartOf":{"@id":"https:\/\/poblenouurbandistrict.com\/es\/#website"},"primaryImageOfPage":{"@id":"https:\/\/poblenouurbandistrict.com\/es\/viu-les-arts-esceniques-del-poblenou-open-day\/#primaryimage"},"image":{"@id":"https:\/\/poblenouurbandistrict.com\/viu-les-arts-esceniques-del-poblenou-open-day\/#primaryimage"},"thumbnailUrl":"https:\/\/media.poblenouurbandistrict.com\/2025\/04\/25090023\/daniel-ferruz-auditori.jpg","datePublished":"2025-05-05T09:15:10+00:00","dateModified":"2025-05-05T10:18:08+00:00","author":{"@id":"https:\/\/poblenouurbandistrict.com\/#\/schema\/person\/980a2cf34b399d5218205730acd54a7e"},"breadcrumb":{"@id":"https:\/\/poblenouurbandistrict.com\/es\/viu-les-arts-esceniques-del-poblenou-open-day\/#breadcrumb"},"inLanguage":"es","potentialAction":[{"@type":"ReadAction","target":[["https:\/\/poblenouurbandistrict.com\/es\/viu-les-arts-esceniques-del-poblenou-open-day\/"]]}]},{"@type":"ImageObject","inLanguage":"es","@id":"https:\/\/poblenouurbandistrict.com\/es\/viu-les-arts-esceniques-del-poblenou-open-day\/#primaryimage","url":"https:\/\/media.poblenouurbandistrict.com\/2025\/04\/25090023\/daniel-ferruz-auditori.jpg","contentUrl":"https:\/\/media.poblenouurbandistrict.com\/2025\/04\/25090023\/daniel-ferruz-auditori.jpg","width":2000,"height":1125},{"@type":"BreadcrumbList","@id":"https:\/\/poblenouurbandistrict.com\/es\/viu-les-arts-esceniques-del-poblenou-open-day\/#breadcrumb","itemListElement":[{"@type":"ListItem","position":1,"name":"Home","item":"https:\/\/poblenouurbandistrict.com\/es\/"},{"@type":"ListItem","position":2,"name":"Viu les arts esc\u00e8niques del Poblenou Open Day"}]},{"@type":"WebSite","@id":"https:\/\/poblenouurbandistrict.com\/es\/#website","url":"https:\/\/poblenouurbandistrict.com\/es\/","name":"Poblenou Urban District","description":"Comunidad Creativa","potentialAction":[{"@type":"SearchAction","target":{"@type":"EntryPoint","urlTemplate":"https:\/\/poblenouurbandistrict.com\/es\/?s={search_term_string}"},"query-input":{"@type":"PropertyValueSpecification","valueRequired":true,"valueName":"search_term_string"}}],"inLanguage":"es"},{"@type":"Person","@id":"https:\/\/poblenouurbandistrict.com\/#\/schema\/person\/980a2cf34b399d5218205730acd54a7e","name":"pnud","image":{"@type":"ImageObject","inLanguage":"es","@id":"https:\/\/secure.gravatar.com\/avatar\/67146597b405ee077a24e519f75c3e2031736596d6ce35af3a34c122c93d0d7b?s=96&d=retro&r=g","url":"https:\/\/secure.gravatar.com\/avatar\/67146597b405ee077a24e519f75c3e2031736596d6ce35af3a34c122c93d0d7b?s=96&d=retro&r=g","contentUrl":"https:\/\/secure.gravatar.com\/avatar\/67146597b405ee077a24e519f75c3e2031736596d6ce35af3a34c122c93d0d7b?s=96&d=retro&r=g","caption":"pnud"}}]}},"_links":{"self":[{"href":"https:\/\/poblenouurbandistrict.com\/es\/wp-json\/wp\/v2\/posts\/50950","targetHints":{"allow":["GET"]}}],"collection":[{"href":"https:\/\/poblenouurbandistrict.com\/es\/wp-json\/wp\/v2\/posts"}],"about":[{"href":"https:\/\/poblenouurbandistrict.com\/es\/wp-json\/wp\/v2\/types\/post"}],"author":[{"embeddable":true,"href":"https:\/\/poblenouurbandistrict.com\/es\/wp-json\/wp\/v2\/users\/5"}],"replies":[{"embeddable":true,"href":"https:\/\/poblenouurbandistrict.com\/es\/wp-json\/wp\/v2\/comments?post=50950"}],"version-history":[{"count":4,"href":"https:\/\/poblenouurbandistrict.com\/es\/wp-json\/wp\/v2\/posts\/50950\/revisions"}],"predecessor-version":[{"id":51101,"href":"https:\/\/poblenouurbandistrict.com\/es\/wp-json\/wp\/v2\/posts\/50950\/revisions\/51101"}],"wp:featuredmedia":[{"embeddable":true,"href":"https:\/\/poblenouurbandistrict.com\/es\/wp-json\/wp\/v2\/media\/50920"}],"wp:attachment":[{"href":"https:\/\/poblenouurbandistrict.com\/es\/wp-json\/wp\/v2\/media?parent=50950"}],"wp:term":[{"taxonomy":"category","embeddable":true,"href":"https:\/\/poblenouurbandistrict.com\/es\/wp-json\/wp\/v2\/categories?post=50950"},{"taxonomy":"post_tag","embeddable":true,"href":"https:\/\/poblenouurbandistrict.com\/es\/wp-json\/wp\/v2\/tags?post=50950"}],"curies":[{"name":"wp","href":"https:\/\/api.w.org\/{rel}","templated":true}]}}