{"id":50954,"date":"2025-05-05T09:30:42","date_gmt":"2025-05-05T07:30:42","guid":{"rendered":"https:\/\/poblenouurbandistrict.com\/?p=50954"},"modified":"2025-05-09T13:42:09","modified_gmt":"2025-05-09T11:42:09","slug":"art-i-creativitat-les-propostes-del-poblenou-open-day","status":"publish","type":"post","link":"https:\/\/poblenouurbandistrict.com\/es\/art-i-creativitat-les-propostes-del-poblenou-open-day\/","title":{"rendered":"Arte y creatividad: las propuestas del Poblenou Open Day"},"content":{"rendered":"<p>Museos, estudios y galer\u00edas de arte vinculados a Poblenou Urban District abren sus puertas el pr\u00f3ximo 10 de mayo para celebrar el Open Day. Una jornada para descubrir arte, dise\u00f1o y fotograf\u00eda a trav\u00e9s de distintos formatos, cat\u00e1logos y exposiciones.<\/p>\n<h3><span style=\"color: #333333;\"><a style=\"color: #333333;\" href=\"https:\/\/www.amagats.com\/\">AMAGATS<\/a><\/span><\/h3>\n<div class=\"location-content\">\n<p><span style=\"color: #333333;\">En el marco del OPEN DA<\/span>Y, la artista Francesca Llopis presenta JAPONISMES, una exposici\u00f3n inspirada en su \u00faltimo viaje a Jap\u00f3n. La pieza central, el v\u00eddeo \u00abGON-NG\u00bb, se exhibir\u00e1 en loop continuo de 12 h a 22 h, ofreciendo una experiencia contemplativa y sensorial. A trav\u00e9s de luces, sombras y silencios, Llopis nos invita a reinterpretar la cultura japonesa desde una mirada po\u00e9tica y contempor\u00e1nea. Aforo limitado<\/p>\n<h6 style=\"text-align: center;\"><span style=\"color: #333333;\">Pallars 101, 4-4<\/span><\/h6>\n<h6 style=\"text-align: center;\" data-start=\"925\" data-end=\"942\"><span style=\"color: #333333;\"><a style=\"color: #333333;\" href=\"https:\/\/www.dissenyhub.barcelona\/\"><strong>12h a 22h<\/strong><\/a><\/span><\/h6>\n<\/div>\n<h3><span style=\"color: #333333;\"><a style=\"color: #333333;\" href=\"https:\/\/www.dissenyhub.barcelona\/\">Disseny Hub Barcelona<\/a><\/span><\/h3>\n<div class=\"location-content\">\n<p><span style=\"color: #333333;\">Jornada de puertas abiertas en el\u00a0<a style=\"color: #333333;\" href=\"https:\/\/www.dissenyhub.barcelona\/\">Museu del Disseny<\/a>. Visita la nueva exposici\u00f3n \u00abMatter Matters. Dise\u00f1ar con el mundo\u00bb, una reflexi\u00f3n sobre los grandes retos del dise\u00f1o en un momento cr\u00edtico por la escasez de materias primas, as\u00ed como el resto de exposiciones permanentes donde disfrutar del mejor dise\u00f1o gr\u00e1fico, dise\u00f1o de moda y dise\u00f1o de producto.<\/span><\/p>\n<p class=\"\" data-start=\"460\" data-end=\"578\"><span style=\"color: #333333;\">Para acceder, recoge tu entrada gratuita en el mostrador de informaci\u00f3n o a trav\u00e9s de la web\u00a0<a style=\"color: #333333;\" href=\"https:\/\/www.dissenyhub.barcelona\/\">dissenyhub.barcelona<\/a>.<\/span><\/p>\n<h6 style=\"text-align: center;\" data-start=\"460\" data-end=\"578\"><span style=\"color: #333333;\">Pl. de les Gl\u00f2ries Catalanes, 37-38<\/span><\/h6>\n<h6 style=\"text-align: center;\" data-start=\"460\" data-end=\"578\"><span style=\"color: #333333;\"><strong>10h a 20h<\/strong><\/span><\/h6>\n<h3><span style=\"color: #333333;\"><a style=\"color: #333333;\" href=\"https:\/\/laplataformabcn.com\/\">La Plataforma<\/a><\/span><\/h3>\n<div class=\"location-content\">\n<p>Esta edici\u00f3n especial marca la clausura de la exposici\u00f3n\u00a0<strong>En el claro, un bosque de Alexander Grahovsky<\/strong>, con una\u00a0<strong>intervenci\u00f3n art\u00edstica en vivo titulada \u2018Construcci\u00f3n de un paisaje\u2019<\/strong>. No te pierdas la oportunidad de ver al artista en acci\u00f3n.<\/p>\n<p>Descubre tambi\u00e9n las obras de\u00a0<strong>V\u00edctor Cano<\/strong>\u00a0y\u00a0<strong>Peach Face<\/strong>, y sum\u00e9rgete en una experiencia art\u00edstica completa que tendr\u00e1 lugar de 11:00 a 20:00.<\/p>\n<p><strong>M\u00fasica<\/strong>\u00a0de 13:00 a 20:00<br \/>\nActuaci\u00f3n en vivo de Marina Moratilla a las 13:00<br \/>\nSeguido de sesiones de DJ a cargo de La Wallace, Ra\u00fal Naro y Carla Valent\u00ed<\/p>\n<p><strong>Gastronom\u00eda y vino\u00a0<\/strong>de 13:00 a 20:00<br \/>\nDisfruta de una cuidada selecci\u00f3n de vinos por Gabby Adunka y c\u00f3cteles exclusivos de Riky, mientras saboreas una parrilla continua de la mano de La Tavern\u00edcola.<\/p>\n<h6 style=\"text-align: center;\"><span style=\"color: #333333;\">Pujades, 99<\/span><\/h6>\n<h6 style=\"text-align: center;\"><span style=\"color: #333333;\"><strong>11h a 22h<\/strong><\/span><\/h6>\n<h3><span style=\"color: #333333;\"><a style=\"color: #333333;\" href=\"https:\/\/www.instagram.com\/carmina_wiegerinck_tallerdart\/\">Carmina Wiegerinck \u2013 Taller d\u2019 Art<\/a><\/span><\/h3>\n<div class=\"location-content\">\n<p><span style=\"color: #333333;\">Visita el taller de Carmina Wiegerinck, una escultora brasile\u00f1a-holandesa-catalana afincada en Barcelona desde m\u00e1s de 30 a\u00f1os y descubre sus nuevas pinturas y esculturas. Una oportunidad \u00fanica para descubrir el estudio de la artista.<\/span><\/p>\n<h6 style=\"text-align: center;\"><span style=\"color: #333333;\">Ciutat de Granada, 9, bjs<\/span><\/h6>\n<h6 style=\"text-align: center;\"><span style=\"color: #333333;\"><strong>12 a 14 y 17 a 21<\/strong><\/span><\/h6>\n<\/div>\n<div class=\"location-content\">\n<h6 style=\"text-align: center;\" data-start=\"749\" data-end=\"885\"><\/h6>\n<\/div>\n<h3><span style=\"color: #333333;\"><a style=\"color: #333333;\" href=\"https:\/\/vallsfortuny.com\/\">Rosapalo BCN by Valls Fortuny<\/a><\/span><\/h3>\n<div class=\"location-content\">\n<p><span style=\"color: #333333;\"><strong data-start=\"92\" data-end=\"108\">Rosapalo Bcn<\/strong>, el estudio de la artista catalana\u00a0<a style=\"color: #333333;\" href=\"https:\/\/www.instagram.com\/vallsfortuny\/\"><strong data-start=\"144\" data-end=\"161\">Valls Fortuny<\/strong><\/a>, cierra sus puertas en la calle Pellaires, 3 despu\u00e9s de m\u00e1s de 10 a\u00f1os y se traslada a una nueva sede. Durante el\u00a0<strong data-start=\"276\" data-end=\"288\">Open Day<\/strong>, ven a celebrar y despedirte de un espacio con alma propia, con exposici\u00f3n y venta a precios muy especiales de arte y objetos que han formado parte de su historia.<\/span><\/p>\n<\/div>\n<h6 class=\"location-content\" style=\"text-align: center;\"><span style=\"color: #333333;\">Pellaires, 3, bjs<\/span><\/h6>\n<h6 class=\"location-content\" style=\"text-align: center;\"><span style=\"color: #333333;\"><strong>1<\/strong><strong>0h a 20h<\/strong><\/span><\/h6>\n<p>&nbsp;<\/p>\n<h3><a href=\"https:\/\/www.baued.es\/\"><b>BAU, Centre Universitari d\u2019Arts i de Disseny de Barcelona<\/b><\/a><\/h3>\n<p>En el espacio de artes y pr\u00e1cticas contempor\u00e1neas HAUS ofrecer\u00e1 una sesi\u00f3n de DJ:<\/p>\n<p>12h a 14h<span style=\"color: #333333;\"> <a style=\"color: #333333;\" href=\"https:\/\/www.instagram.com\/hrysct\/\">Harry Escot<\/a>\u00a0(Ambient\/Electronic)<u><\/u><u><\/u><\/span><\/p>\n<p><span style=\"color: #333333;\">18h a 20h <a style=\"color: #333333;\" href=\"https:\/\/www.instagram.com\/labrrruta\/\">LABRUTA<\/a>\u00a0(Reggaet\u00f3n\/Electronic)<\/span><\/p>\n<p data-start=\"31\" data-end=\"212\"><em><span class=\"_fadeIn_pfttw_8\">Extrabold, <\/span><span class=\"_fadeIn_pfttw_8\">la <\/span><span class=\"_fadeIn_pfttw_8\">muestra:<\/span><\/em> <span class=\"_fadeIn_pfttw_8\">Exhibici\u00f3n <\/span><span class=\"_fadeIn_pfttw_8\">de <\/span><span class=\"_fadeIn_pfttw_8\">proyectos <\/span><span class=\"_fadeIn_pfttw_8\">de <\/span><span class=\"_fadeIn_pfttw_8\">alumnos <\/span><span class=\"_fadeIn_pfttw_8\">y <\/span><span class=\"_fadeIn_pfttw_8\">Alumni <\/span><span class=\"_fadeIn_pfttw_8\">del <\/span><span class=\"_fadeIn_pfttw_8\">Grado <\/span><span class=\"_fadeIn_pfttw_8\">en <\/span><span class=\"_fadeIn_pfttw_8\">Dise\u00f1o <\/span><span class=\"_fadeIn_pfttw_8\">Gr\u00e1fico <\/span><span class=\"_fadeIn_pfttw_8\">que <\/span><span class=\"_fadeIn_pfttw_8\">se <\/span><span class=\"_fadeIn_pfttw_8\">expusieron <\/span><span class=\"_fadeIn_pfttw_8\">en <\/span><span class=\"_fadeIn_pfttw_8\">la <\/span><span class=\"_fadeIn_pfttw_8\">\u00faltima <\/span><span class=\"_fadeIn_pfttw_8\">edici\u00f3n <\/span><span class=\"_fadeIn_pfttw_8\">del <\/span><span class=\"_fadeIn_pfttw_8\">festival <\/span><span class=\"_fadeIn_pfttw_8\">autogestionado <\/span><span class=\"_fadeIn_pfttw_8\">Extrabold <\/span><span class=\"_fadeIn_pfttw_8\">2025.<\/span><\/p>\n<p data-start=\"214\" data-end=\"348\"><span class=\"_fadeIn_pfttw_8\">Visionado <\/span><span class=\"_fadeIn_pfttw_8\">de <\/span><span class=\"_fadeIn_pfttw_8\">cortometrajes<\/span> <span class=\"_fadeIn_pfttw_8\">de <\/span><span class=\"_fadeIn_pfttw_8\">proyectos <\/span><span class=\"_fadeIn_pfttw_8\">premiados <\/span><span class=\"_fadeIn_pfttw_8\">de <\/span><span class=\"_fadeIn_pfttw_8\">Alumni <\/span><span class=\"_fadeIn_pfttw_8\">del <\/span><span class=\"_fadeIn_pfttw_8\">Grado <\/span><span class=\"_fadeIn_pfttw_8\">en <\/span><span class=\"_fadeIn_pfttw_8\">Dise\u00f1o <\/span><span class=\"_fadeIn_pfttw_8\">Audiovisual <\/span><span class=\"_fadeIn_pfttw_8\">y <\/span><span class=\"_fadeIn_pfttw_8\">el <\/span><span class=\"_fadeIn_pfttw_8\">M\u00e1ster <\/span><span class=\"_fadeIn_pfttw_8\">en <\/span><span class=\"_fadeIn_pfttw_8\">Motion <\/span><span class=\"_fadeIn_pfttw_8\">Graphics <\/span><span class=\"_fadeIn_pfttw_8\">Design.<\/span><\/p>\n<p data-start=\"350\" data-end=\"552\"><span class=\"_fadeIn_pfttw_8\">BAR <\/span><span class=\"_fadeIn_pfttw_8\">TOOL #<\/span><span class=\"_fadeIn_pfttw_8\">7 <\/span><span class=\"_fadeIn_pfttw_8\">en <\/span><span class=\"_fadeIn_pfttw_8\">HAUS, <\/span><span class=\"_fadeIn_pfttw_8\">Espacio <\/span><span class=\"_fadeIn_pfttw_8\">de <\/span><span class=\"_fadeIn_pfttw_8\">arte <\/span><span class=\"_fadeIn_pfttw_8\">y <\/span><span class=\"_fadeIn_pfttw_8\">pr\u00e1cticas <\/span><span class=\"_fadeIn_pfttw_8\">contempor\u00e1neas:<\/span> <span class=\"_fadeIn_pfttw_8\">Ensayo <\/span><span class=\"_fadeIn_pfttw_8\">abierto <\/span><span class=\"_fadeIn_pfttw_8\">del <\/span><span class=\"_fadeIn_pfttw_8\">proyecto <\/span><span class=\"_fadeIn_pfttw_8\">perform\u00e1tico <\/span><em data-start=\"460\" data-end=\"474\"><span class=\"_fadeIn_pfttw_8\">La <\/span><span class=\"_fadeIn_pfttw_8\">otra <\/span><span class=\"_fadeIn_pfttw_8\">boca<\/span><\/em><span class=\"_fadeIn_pfttw_8\">, <\/span><span class=\"_fadeIn_pfttw_8\">del <\/span><span class=\"_fadeIn_pfttw_8\">programa <\/span><span class=\"_fadeIn_pfttw_8\">de <\/span><span class=\"_fadeIn_pfttw_8\">formaci\u00f3n <\/span><span class=\"_fadeIn_pfttw_8\">en <\/span><span class=\"_fadeIn_pfttw_8\">investigaci\u00f3n <\/span><span class=\"_fadeIn_pfttw_8\">art\u00edstica <\/span><span class=\"_fadeIn_pfttw_8\">curado <\/span><span class=\"_fadeIn_pfttw_8\">por <\/span><span class=\"_fadeIn_pfttw_8\">BAR <\/span><span class=\"_fadeIn_pfttw_8\">Project.<\/span><\/p>\n<h6 style=\"text-align: center;\">Pujades, 118<\/h6>\n<p>&nbsp;<\/p>\n<h3><span style=\"color: #333333;\"><a style=\"color: #333333;\" href=\"https:\/\/www.paloalto.barcelona\/\">FUNDACI\u00d3 PALO ALTO<\/a><\/span><\/h3>\n<div class=\"location-content\">\n<p><span style=\"color: #333333;\">Visita la exposici\u00f3n de acceso libre\u00a0<em data-start=\"132\" data-end=\"159\">\u201cDescodificando el Gesto\u201d<\/em>\u00a0y disfruta de una experiencia interactiva. A trav\u00e9s de tecnolog\u00edas de captura de movimiento e inteligencia artificial, te invitan a reflexionar y debatir sobre la dimensi\u00f3n c\u00edvica, social y \u00e9tica de la interacci\u00f3n con el espacio.<\/span><br data-start=\"389\" data-end=\"392\" \/><span style=\"color: #333333;\">Adem\u00e1s, se ofrece la posibilidad de participar en el coloquio a las 11:30 h\u00a0<em data-start=\"465\" data-end=\"496\">\u201cEl gesto en la era de la IA\u201d<\/em>, con el comisariado de la exposici\u00f3n y expertos en la materia.<\/span><br data-start=\"559\" data-end=\"562\" \/><span style=\"color: #333333;\">Es necesaria <a href=\"https:\/\/www.paloalto.barcelona\/expogest\">inscripci\u00f3n previa<\/a> para el coloquio:<\/span><\/p>\n<h6 style=\"text-align: center;\"><span style=\"color: #333333;\">Pellaires 30-38<\/span><\/h6>\n<\/div>\n<h3><span style=\"color: #333333;\"><a style=\"color: #333333;\" href=\"https:\/\/fundaciocarulla.cat\/\">Sala Barcelona del Museu Terra<\/a><\/span><\/h3>\n<div class=\"location-content\">\n<p class=\"\" data-start=\"84\" data-end=\"687\"><span style=\"color: #333333;\"><strong>Visita guiada a la exposici\u00f3n \u2018Pl\u00e1stico. \u00bfGenial o perverso?\u2019<\/strong>, donde nos invita a reflexionar sobre el fino equilibrio entre el uso y el abuso del pl\u00e1stico a trav\u00e9s de las artes visuales. Exposici\u00f3n comisariada por N\u00faria Vila y producida por el Museo Terra, con obras de los artistas Aleksey Kondratyev, Coke Bartrina, Ester Parteg\u00e0s, Ida-Marie Corell, Ivana Larrosa, Lucas Hope, Mandy Barker, Nick Pumphrey, N\u00faria Val, Octavi Serra, Pepi de Boissieu, Roser Bargall\u00f3, Samuel Rodr\u00edguez, Sean Lin, Sil van der Woerd, S\u00edlvia Conde y Sophie Thomas.<\/span><\/p>\n<p class=\"\" data-start=\"84\" data-end=\"687\"><br data-start=\"628\" data-end=\"631\" \/><span style=\"color: #333333;\">Entrada\u00a0<strong>GRATUITA<\/strong>. Visitas guiadas (con inscripci\u00f3n previa). <a href=\"https:\/\/fundaciocarulla.cat\/\">Ap\u00fantate aqu\u00ed:<\/a><\/span><\/p>\n<p class=\"\" data-start=\"689\" data-end=\"750\"><span style=\"color: #333333;\"><a style=\"color: #333333;\" href=\"https:\/\/www.eventbrite.es\/e\/entradas-visita-comentada-a-lexposicio-plastic-100525-1200-h-1320158101419?aff=ebdsshcopyurl&amp;utm-campaign=social&amp;utm-content=attendeeshare&amp;utm-medium=discovery&amp;utm-term=organizer-profile&amp;utm-share-source=organizer-profile\">12:00h<\/a><\/span><br data-start=\"695\" data-end=\"698\" \/><span style=\"color: #333333;\"><a style=\"color: #333333;\" href=\"https:\/\/www.eventbrite.es\/e\/entradas-visita-comentada-a-lexposicio-plastic-100525-1300-h-1320164259839?aff=ebdsshcopyurl&amp;utm-campaign=social&amp;utm-content=attendeeshare&amp;utm-medium=discovery&amp;utm-term=organizer-profile&amp;utm-share-source=organizer-profile\">13:00h<\/a><\/span><br data-start=\"704\" data-end=\"707\" \/><span style=\"color: #333333;\"><a style=\"color: #333333;\" href=\"https:\/\/www.eventbrite.es\/e\/entradas-visita-comentada-a-lexposicio-plastic-100525-1800-h-1320167288899?aff=ebdsshcopyurl&amp;utm-campaign=social&amp;utm-content=attendeeshare&amp;utm-medium=discovery&amp;utm-term=organizer-profile&amp;utm-share-source=organizer-profile\">18:00h<\/a><\/span><br data-start=\"713\" data-end=\"716\" \/><span style=\"color: #333333;\"><a style=\"color: #333333;\" href=\"https:\/\/www.eventbrite.es\/e\/entradas-visita-comentada-a-lexposicio-plastic-100525-1900-h-1320171070209?aff=ebdsshcopyurl&amp;utm-campaign=social&amp;utm-content=attendeeshare&amp;utm-medium=discovery&amp;utm-term=organizer-profile&amp;utm-share-source=organizer-profile\">19:00h<\/a><\/span><br data-start=\"722\" data-end=\"725\" \/><span style=\"color: #333333;\"><a style=\"color: #333333;\" href=\"https:\/\/www.eventbrite.es\/e\/entradas-visita-comentada-a-lexposicio-plastic-100525-2000-h-1320171992969?aff=ebdsshcopyurl&amp;utm-campaign=social&amp;utm-content=attendeeshare&amp;utm-medium=discovery&amp;utm-term=organizer-profile&amp;utm-share-source=organizer-profile\">20:00h<\/a><\/span><\/p>\n<\/div>\n<\/div>\n<h6 style=\"text-align: center;\">dels Almog\u00e0vers 214<\/h6>\n<\/div>\n<p><\/p>","protected":false},"excerpt":{"rendered":"<p>Museos, estudios y galer\u00edas de arte vinculados a Poblenou Urban District abren sus puertas el pr\u00f3ximo 10 de mayo para&#8230; <a href=\"https:\/\/poblenouurbandistrict.com\/es\/art-i-creativitat-les-propostes-del-poblenou-open-day\/\">M\u00e1s  \u2192<\/a><\/p>\n","protected":false},"author":5,"featured_media":50738,"comment_status":"closed","ping_status":"closed","sticky":false,"template":"","format":"standard","meta":{"_acf_changed":false,"footnotes":""},"categories":[3567],"tags":[],"class_list":["post-50954","post","type-post","status-publish","format-standard","has-post-thumbnail","hentry","category-poblenou-open-day-2"],"acf":[],"yoast_head":"<!-- This site is optimized with the Yoast SEO plugin v27.5 - https:\/\/yoast.com\/product\/yoast-seo-wordpress\/ -->\n<title>Arte y creatividad: las propuestas del Poblenou Open Day &#8211; Poblenou Urban District<\/title>\n<meta name=\"robots\" content=\"index, follow, max-snippet:-1, max-image-preview:large, max-video-preview:-1\" \/>\n<link rel=\"canonical\" href=\"https:\/\/poblenouurbandistrict.com\/es\/art-i-creativitat-les-propostes-del-poblenou-open-day\/\" \/>\n<meta property=\"og:locale\" content=\"es_ES\" \/>\n<meta property=\"og:type\" content=\"article\" \/>\n<meta property=\"og:title\" content=\"Arte y creatividad: las propuestas del Poblenou Open Day &#8211; Poblenou Urban District\" \/>\n<meta property=\"og:description\" content=\"Museos, estudios y galer\u00edas de arte vinculados a Poblenou Urban District abren sus puertas el pr\u00f3ximo 10 de mayo para... M\u00e1s \u2192\" \/>\n<meta property=\"og:url\" content=\"https:\/\/poblenouurbandistrict.com\/es\/art-i-creativitat-les-propostes-del-poblenou-open-day\/\" \/>\n<meta property=\"og:site_name\" content=\"Poblenou Urban District\" \/>\n<meta property=\"article:published_time\" content=\"2025-05-05T07:30:42+00:00\" \/>\n<meta property=\"article:modified_time\" content=\"2025-05-09T11:42:09+00:00\" \/>\n<meta property=\"og:image\" content=\"https:\/\/poblenouurbandistrict.com\/wp-content\/uploads\/2025\/04\/dhub-matter-matters-altares-14-carmina-ruiz.jpg\" \/>\n\t<meta property=\"og:image:width\" content=\"2560\" \/>\n\t<meta property=\"og:image:height\" content=\"1707\" \/>\n\t<meta property=\"og:image:type\" content=\"image\/jpeg\" \/>\n<meta name=\"author\" content=\"pnud\" \/>\n<meta name=\"twitter:card\" content=\"summary_large_image\" \/>\n<meta name=\"twitter:label1\" content=\"Escrito por\" \/>\n\t<meta name=\"twitter:data1\" content=\"pnud\" \/>\n\t<meta name=\"twitter:label2\" content=\"Tiempo de lectura\" \/>\n\t<meta name=\"twitter:data2\" content=\"5 minutos\" \/>\n<script type=\"application\/ld+json\" class=\"yoast-schema-graph\">{\"@context\":\"https:\\\/\\\/schema.org\",\"@graph\":[{\"@type\":\"Article\",\"@id\":\"https:\\\/\\\/poblenouurbandistrict.com\\\/art-i-creativitat-les-propostes-del-poblenou-open-day\\\/#article\",\"isPartOf\":{\"@id\":\"https:\\\/\\\/poblenouurbandistrict.com\\\/art-i-creativitat-les-propostes-del-poblenou-open-day\\\/\"},\"author\":{\"name\":\"pnud\",\"@id\":\"https:\\\/\\\/poblenouurbandistrict.com\\\/#\\\/schema\\\/person\\\/980a2cf34b399d5218205730acd54a7e\"},\"headline\":\"Arte y creatividad: las propuestas del Poblenou Open Day\",\"datePublished\":\"2025-05-05T07:30:42+00:00\",\"dateModified\":\"2025-05-09T11:42:09+00:00\",\"mainEntityOfPage\":{\"@id\":\"https:\\\/\\\/poblenouurbandistrict.com\\\/art-i-creativitat-les-propostes-del-poblenou-open-day\\\/\"},\"wordCount\":2409,\"image\":{\"@id\":\"https:\\\/\\\/poblenouurbandistrict.com\\\/art-i-creativitat-les-propostes-del-poblenou-open-day\\\/#primaryimage\"},\"thumbnailUrl\":\"https:\\\/\\\/media.poblenouurbandistrict.com\\\/2025\\\/04\\\/25085638\\\/dhub-matter-matters-altares-14-carmina-ruiz.jpg\",\"articleSection\":[\"Poblenou Open Day\"],\"inLanguage\":\"es\"},{\"@type\":\"WebPage\",\"@id\":\"https:\\\/\\\/poblenouurbandistrict.com\\\/es\\\/art-i-creativitat-les-propostes-del-poblenou-open-day\\\/\",\"url\":\"https:\\\/\\\/poblenouurbandistrict.com\\\/es\\\/art-i-creativitat-les-propostes-del-poblenou-open-day\\\/\",\"name\":\"Arte y creatividad: las propuestas del Poblenou Open Day &#8211; Poblenou Urban District\",\"isPartOf\":{\"@id\":\"https:\\\/\\\/poblenouurbandistrict.com\\\/es\\\/#website\"},\"primaryImageOfPage\":{\"@id\":\"https:\\\/\\\/poblenouurbandistrict.com\\\/es\\\/art-i-creativitat-les-propostes-del-poblenou-open-day\\\/#primaryimage\"},\"image\":{\"@id\":\"https:\\\/\\\/poblenouurbandistrict.com\\\/art-i-creativitat-les-propostes-del-poblenou-open-day\\\/#primaryimage\"},\"thumbnailUrl\":\"https:\\\/\\\/media.poblenouurbandistrict.com\\\/2025\\\/04\\\/25085638\\\/dhub-matter-matters-altares-14-carmina-ruiz.jpg\",\"datePublished\":\"2025-05-05T07:30:42+00:00\",\"dateModified\":\"2025-05-09T11:42:09+00:00\",\"author\":{\"@id\":\"https:\\\/\\\/poblenouurbandistrict.com\\\/#\\\/schema\\\/person\\\/980a2cf34b399d5218205730acd54a7e\"},\"breadcrumb\":{\"@id\":\"https:\\\/\\\/poblenouurbandistrict.com\\\/es\\\/art-i-creativitat-les-propostes-del-poblenou-open-day\\\/#breadcrumb\"},\"inLanguage\":\"es\",\"potentialAction\":[{\"@type\":\"ReadAction\",\"target\":[[\"https:\\\/\\\/poblenouurbandistrict.com\\\/es\\\/art-i-creativitat-les-propostes-del-poblenou-open-day\\\/\"]]}]},{\"@type\":\"ImageObject\",\"inLanguage\":\"es\",\"@id\":\"https:\\\/\\\/poblenouurbandistrict.com\\\/es\\\/art-i-creativitat-les-propostes-del-poblenou-open-day\\\/#primaryimage\",\"url\":\"https:\\\/\\\/media.poblenouurbandistrict.com\\\/2025\\\/04\\\/25085638\\\/dhub-matter-matters-altares-14-carmina-ruiz.jpg\",\"contentUrl\":\"https:\\\/\\\/media.poblenouurbandistrict.com\\\/2025\\\/04\\\/25085638\\\/dhub-matter-matters-altares-14-carmina-ruiz.jpg\",\"width\":2560,\"height\":1707,\"caption\":\"Exposici\u00f3n Matter Matters. Dise\u00f1ar con el mundo, Museu del Disseny-DHub Barcelona. \u00c1mbito Materia Digital. Silla Hortensia de Andr\u00e9s Reisinger y J\u00falia Esqu\u00e9, 2019\"},{\"@type\":\"BreadcrumbList\",\"@id\":\"https:\\\/\\\/poblenouurbandistrict.com\\\/es\\\/art-i-creativitat-les-propostes-del-poblenou-open-day\\\/#breadcrumb\",\"itemListElement\":[{\"@type\":\"ListItem\",\"position\":1,\"name\":\"Home\",\"item\":\"https:\\\/\\\/poblenouurbandistrict.com\\\/es\\\/\"},{\"@type\":\"ListItem\",\"position\":2,\"name\":\"Art i creativitat: les propostes del Poblenou Open Day\"}]},{\"@type\":\"WebSite\",\"@id\":\"https:\\\/\\\/poblenouurbandistrict.com\\\/es\\\/#website\",\"url\":\"https:\\\/\\\/poblenouurbandistrict.com\\\/es\\\/\",\"name\":\"Poblenou Urban District\",\"description\":\"Comunidad Creativa\",\"potentialAction\":[{\"@type\":\"SearchAction\",\"target\":{\"@type\":\"EntryPoint\",\"urlTemplate\":\"https:\\\/\\\/poblenouurbandistrict.com\\\/es\\\/?s={search_term_string}\"},\"query-input\":{\"@type\":\"PropertyValueSpecification\",\"valueRequired\":true,\"valueName\":\"search_term_string\"}}],\"inLanguage\":\"es\"},{\"@type\":\"Person\",\"@id\":\"https:\\\/\\\/poblenouurbandistrict.com\\\/#\\\/schema\\\/person\\\/980a2cf34b399d5218205730acd54a7e\",\"name\":\"pnud\",\"image\":{\"@type\":\"ImageObject\",\"inLanguage\":\"es\",\"@id\":\"https:\\\/\\\/secure.gravatar.com\\\/avatar\\\/67146597b405ee077a24e519f75c3e2031736596d6ce35af3a34c122c93d0d7b?s=96&d=retro&r=g\",\"url\":\"https:\\\/\\\/secure.gravatar.com\\\/avatar\\\/67146597b405ee077a24e519f75c3e2031736596d6ce35af3a34c122c93d0d7b?s=96&d=retro&r=g\",\"contentUrl\":\"https:\\\/\\\/secure.gravatar.com\\\/avatar\\\/67146597b405ee077a24e519f75c3e2031736596d6ce35af3a34c122c93d0d7b?s=96&d=retro&r=g\",\"caption\":\"pnud\"}}]}<\/script>\n<!-- \/ Yoast SEO plugin. -->","yoast_head_json":{"title":"Arte y creatividad: las propuestas del Poblenou Open Day &#8211; Poblenou Urban District","robots":{"index":"index","follow":"follow","max-snippet":"max-snippet:-1","max-image-preview":"max-image-preview:large","max-video-preview":"max-video-preview:-1"},"canonical":"https:\/\/poblenouurbandistrict.com\/es\/art-i-creativitat-les-propostes-del-poblenou-open-day\/","og_locale":"es_ES","og_type":"article","og_title":"Arte y creatividad: las propuestas del Poblenou Open Day &#8211; Poblenou Urban District","og_description":"Museos, estudios y galer\u00edas de arte vinculados a Poblenou Urban District abren sus puertas el pr\u00f3ximo 10 de mayo para... M\u00e1s \u2192","og_url":"https:\/\/poblenouurbandistrict.com\/es\/art-i-creativitat-les-propostes-del-poblenou-open-day\/","og_site_name":"Poblenou Urban District","article_published_time":"2025-05-05T07:30:42+00:00","article_modified_time":"2025-05-09T11:42:09+00:00","og_image":[{"width":2560,"height":1707,"url":"https:\/\/poblenouurbandistrict.com\/wp-content\/uploads\/2025\/04\/dhub-matter-matters-altares-14-carmina-ruiz.jpg","type":"image\/jpeg"}],"author":"pnud","twitter_card":"summary_large_image","twitter_misc":{"Escrito por":"pnud","Tiempo de lectura":"5 minutos"},"schema":{"@context":"https:\/\/schema.org","@graph":[{"@type":"Article","@id":"https:\/\/poblenouurbandistrict.com\/art-i-creativitat-les-propostes-del-poblenou-open-day\/#article","isPartOf":{"@id":"https:\/\/poblenouurbandistrict.com\/art-i-creativitat-les-propostes-del-poblenou-open-day\/"},"author":{"name":"pnud","@id":"https:\/\/poblenouurbandistrict.com\/#\/schema\/person\/980a2cf34b399d5218205730acd54a7e"},"headline":"Arte y creatividad: las propuestas del Poblenou Open Day","datePublished":"2025-05-05T07:30:42+00:00","dateModified":"2025-05-09T11:42:09+00:00","mainEntityOfPage":{"@id":"https:\/\/poblenouurbandistrict.com\/art-i-creativitat-les-propostes-del-poblenou-open-day\/"},"wordCount":2409,"image":{"@id":"https:\/\/poblenouurbandistrict.com\/art-i-creativitat-les-propostes-del-poblenou-open-day\/#primaryimage"},"thumbnailUrl":"https:\/\/media.poblenouurbandistrict.com\/2025\/04\/25085638\/dhub-matter-matters-altares-14-carmina-ruiz.jpg","articleSection":["Poblenou Open Day"],"inLanguage":"es"},{"@type":"WebPage","@id":"https:\/\/poblenouurbandistrict.com\/es\/art-i-creativitat-les-propostes-del-poblenou-open-day\/","url":"https:\/\/poblenouurbandistrict.com\/es\/art-i-creativitat-les-propostes-del-poblenou-open-day\/","name":"Arte y creatividad: las propuestas del Poblenou Open Day &#8211; Poblenou Urban District","isPartOf":{"@id":"https:\/\/poblenouurbandistrict.com\/es\/#website"},"primaryImageOfPage":{"@id":"https:\/\/poblenouurbandistrict.com\/es\/art-i-creativitat-les-propostes-del-poblenou-open-day\/#primaryimage"},"image":{"@id":"https:\/\/poblenouurbandistrict.com\/art-i-creativitat-les-propostes-del-poblenou-open-day\/#primaryimage"},"thumbnailUrl":"https:\/\/media.poblenouurbandistrict.com\/2025\/04\/25085638\/dhub-matter-matters-altares-14-carmina-ruiz.jpg","datePublished":"2025-05-05T07:30:42+00:00","dateModified":"2025-05-09T11:42:09+00:00","author":{"@id":"https:\/\/poblenouurbandistrict.com\/#\/schema\/person\/980a2cf34b399d5218205730acd54a7e"},"breadcrumb":{"@id":"https:\/\/poblenouurbandistrict.com\/es\/art-i-creativitat-les-propostes-del-poblenou-open-day\/#breadcrumb"},"inLanguage":"es","potentialAction":[{"@type":"ReadAction","target":[["https:\/\/poblenouurbandistrict.com\/es\/art-i-creativitat-les-propostes-del-poblenou-open-day\/"]]}]},{"@type":"ImageObject","inLanguage":"es","@id":"https:\/\/poblenouurbandistrict.com\/es\/art-i-creativitat-les-propostes-del-poblenou-open-day\/#primaryimage","url":"https:\/\/media.poblenouurbandistrict.com\/2025\/04\/25085638\/dhub-matter-matters-altares-14-carmina-ruiz.jpg","contentUrl":"https:\/\/media.poblenouurbandistrict.com\/2025\/04\/25085638\/dhub-matter-matters-altares-14-carmina-ruiz.jpg","width":2560,"height":1707,"caption":"Exposici\u00f3n Matter Matters. Dise\u00f1ar con el mundo, Museu del Disseny-DHub Barcelona. \u00c1mbito Materia Digital. Silla Hortensia de Andr\u00e9s Reisinger y J\u00falia Esqu\u00e9, 2019"},{"@type":"BreadcrumbList","@id":"https:\/\/poblenouurbandistrict.com\/es\/art-i-creativitat-les-propostes-del-poblenou-open-day\/#breadcrumb","itemListElement":[{"@type":"ListItem","position":1,"name":"Home","item":"https:\/\/poblenouurbandistrict.com\/es\/"},{"@type":"ListItem","position":2,"name":"Art i creativitat: les propostes del Poblenou Open Day"}]},{"@type":"WebSite","@id":"https:\/\/poblenouurbandistrict.com\/es\/#website","url":"https:\/\/poblenouurbandistrict.com\/es\/","name":"Poblenou Urban District","description":"Comunidad Creativa","potentialAction":[{"@type":"SearchAction","target":{"@type":"EntryPoint","urlTemplate":"https:\/\/poblenouurbandistrict.com\/es\/?s={search_term_string}"},"query-input":{"@type":"PropertyValueSpecification","valueRequired":true,"valueName":"search_term_string"}}],"inLanguage":"es"},{"@type":"Person","@id":"https:\/\/poblenouurbandistrict.com\/#\/schema\/person\/980a2cf34b399d5218205730acd54a7e","name":"pnud","image":{"@type":"ImageObject","inLanguage":"es","@id":"https:\/\/secure.gravatar.com\/avatar\/67146597b405ee077a24e519f75c3e2031736596d6ce35af3a34c122c93d0d7b?s=96&d=retro&r=g","url":"https:\/\/secure.gravatar.com\/avatar\/67146597b405ee077a24e519f75c3e2031736596d6ce35af3a34c122c93d0d7b?s=96&d=retro&r=g","contentUrl":"https:\/\/secure.gravatar.com\/avatar\/67146597b405ee077a24e519f75c3e2031736596d6ce35af3a34c122c93d0d7b?s=96&d=retro&r=g","caption":"pnud"}}]}},"_links":{"self":[{"href":"https:\/\/poblenouurbandistrict.com\/es\/wp-json\/wp\/v2\/posts\/50954","targetHints":{"allow":["GET"]}}],"collection":[{"href":"https:\/\/poblenouurbandistrict.com\/es\/wp-json\/wp\/v2\/posts"}],"about":[{"href":"https:\/\/poblenouurbandistrict.com\/es\/wp-json\/wp\/v2\/types\/post"}],"author":[{"embeddable":true,"href":"https:\/\/poblenouurbandistrict.com\/es\/wp-json\/wp\/v2\/users\/5"}],"replies":[{"embeddable":true,"href":"https:\/\/poblenouurbandistrict.com\/es\/wp-json\/wp\/v2\/comments?post=50954"}],"version-history":[{"count":14,"href":"https:\/\/poblenouurbandistrict.com\/es\/wp-json\/wp\/v2\/posts\/50954\/revisions"}],"predecessor-version":[{"id":51239,"href":"https:\/\/poblenouurbandistrict.com\/es\/wp-json\/wp\/v2\/posts\/50954\/revisions\/51239"}],"wp:featuredmedia":[{"embeddable":true,"href":"https:\/\/poblenouurbandistrict.com\/es\/wp-json\/wp\/v2\/media\/50738"}],"wp:attachment":[{"href":"https:\/\/poblenouurbandistrict.com\/es\/wp-json\/wp\/v2\/media?parent=50954"}],"wp:term":[{"taxonomy":"category","embeddable":true,"href":"https:\/\/poblenouurbandistrict.com\/es\/wp-json\/wp\/v2\/categories?post=50954"},{"taxonomy":"post_tag","embeddable":true,"href":"https:\/\/poblenouurbandistrict.com\/es\/wp-json\/wp\/v2\/tags?post=50954"}],"curies":[{"name":"wp","href":"https:\/\/api.w.org\/{rel}","templated":true}]}}