{"id":50958,"date":"2025-04-25T15:53:54","date_gmt":"2025-04-25T13:53:54","guid":{"rendered":"https:\/\/poblenouurbandistrict.com\/?p=50958"},"modified":"2025-05-09T14:06:50","modified_gmt":"2025-05-09T12:06:50","slug":"el-solar-el-hub-creatiu-del-poblenou-open-day","status":"publish","type":"post","link":"https:\/\/poblenouurbandistrict.com\/es\/el-solar-el-hub-creatiu-del-poblenou-open-day\/","title":{"rendered":"EL SOLAR, el hub creativo del Poblenou Open Day"},"content":{"rendered":"<p>Uno de los puntos clave de la programaci\u00f3n del Poblenou Open Day ser\u00e1 <strong>El Solar<\/strong>, un espacio de m\u00e1s de 2.500 m\u00b2 situado en la calle Llull, 124-128. Habr\u00e1 talleres, m\u00fasica en directo, un <em data-start=\"269\" data-end=\"281\">art market<\/em> y una variada propuesta gastron\u00f3mica, adem\u00e1s de intervenciones de arte en vivo y la celebraci\u00f3n de los diez a\u00f1os del <strong>Windows Art Circuit \/ WAC.<\/strong><\/p>\n<hr \/>\n<p class=\"\" data-start=\"448\" data-end=\"557\">12 horas de m\u00fasica en directo sin parar de la mano de <strong>The Sound Society:<\/strong><\/p>\n<p class=\"\" style=\"text-align: center;\" data-start=\"561\" data-end=\"586\"><strong><span class=\"im\">11:00 &#8211; 12:30 The Sound Society\u00a0Selectors<br \/>\n12:30 &#8211; 14:00 ESD Sound<br \/>\n14:00 &#8211; 15:30 YamameMaru<br \/>\n15:30 &#8211; 17:00 Carla Valenti<br \/>\n<\/span>17:00 &#8211; 18:30 Marie Prude<span class=\"im\"><br \/>\n18:30 &#8211; 20:00 Gersound<br \/>\n20:00 &#8211; 21:30 Apelika<br \/>\n21:30 &#8211; 23:00 Raul Naro<\/span><\/strong><\/p>\n<p data-start=\"561\" data-end=\"586\">El artista visual <strong>ID:MORA<\/strong> acompa\u00f1ar\u00e1 la m\u00fasica con sus visuales de estilo psicod\u00e9lico.<\/p>\n<hr \/>\n<p class=\"\" data-start=\"738\" data-end=\"1117\">En el apartado gastron\u00f3mico, nos acompa\u00f1ar\u00e1n varias foodtrucks con propuestas muy variadas. <strong data-start=\"830\" data-end=\"847\">Sweet W\u00f6nders<\/strong> ofrecer\u00e1 cr\u00eapes dulces y saladas para todos los gustos, <strong data-start=\"904\" data-end=\"920\">Deligotessen<\/strong>, nachos y hamburguesas muy sabrosas, <strong data-start=\"958\" data-end=\"970\">Chicanos<\/strong> traer\u00e1 el aut\u00e9ntico sabor mexicano con sus tacos y burritos, y <strong data-start=\"1034\" data-end=\"1052\">Warike Project<\/strong> ofrecer\u00e1 su deliciosa cocina alternativa peruana a pie de calle. Adem\u00e1s, <strong>Oatly<\/strong> tendr\u00e1 su propio estante ofreciendo caf\u00e9.<\/p>\n<hr \/>\n<p class=\"\" data-start=\"1119\" data-end=\"1207\">En el apartado de talleres, habr\u00e1 una selecci\u00f3n de artistas muy diversos imparti\u00e9ndolos:<\/p>\n<p class=\"\" data-start=\"1211\" data-end=\"1351\"><strong data-start=\"1211\" data-end=\"1226\">-Sonia Toneu<\/strong>, muralista que transita entre lo pict\u00f3rico, lo gr\u00e1fico y lo digital en el espacio p\u00fablico, realizar\u00e1 un taller de murales.<\/p>\n<p class=\"\" data-start=\"1354\" data-end=\"1514\"><strong data-start=\"1354\" data-end=\"1374\">-Taller dels Edus<\/strong>, artistas dedicados a la creaci\u00f3n de historias mediante la artesan\u00eda de sus estampaciones en directo, realizar\u00e1n un taller de serigraf\u00eda en colaboraci\u00f3n con<strong> Oatly<\/strong>.<\/p>\n<p class=\"\" data-start=\"1517\" data-end=\"1639\"><strong data-start=\"1517\" data-end=\"1532\">-Ram\u00f3n Paris<\/strong>, artista que crea y acompa\u00f1a narrativas a trav\u00e9s de sus ilustraciones, impartir\u00e1 un taller de ilustraci\u00f3n.<\/p>\n<hr \/>\n<p>Adem\u00e1s, acoger\u00e1 la participaci\u00f3n de artistas de la d\u00e9cima edici\u00f3n del Windows Art Circuit:<\/p>\n<p><a href=\"https:\/\/www.instagram.com\/antonseoane\/?hl=en\"><strong>-Ant\u00f3n Seoane:<\/strong><\/a> Artista multidisciplinar que desarrolla proyectos en los \u00e1mbitos industrial, gr\u00e1fico y art\u00edstico. Ha experimentado con m\u00faltiples disciplinas creativas como la fotograf\u00eda y el tatuaje, pero finalmente se centra en el \u00e1mbito decorativo trabajando principalmente con aerosoles. Su obra retrata la imaginer\u00eda del cine y los c\u00f3mics, otras de sus pasiones.<\/p>\n<p>&#8211;<a href=\"https:\/\/www.instagram.com\/derocart\/?locale=es_ES%2F&amp;hl=en\"><strong>D\u00e8lia Rodr\u00edguez:<\/strong><\/a> Artista emergente con dos l\u00edneas de trabajo principales. Una explora la inocencia, la intimidad y el refugio a trav\u00e9s de elementos l\u00fadicos y absurdos, muchas veces relacionados con experiencias personales. La otra se enfoca en los archivos y la memoria, utilizando los rastros del pasado para reflexionar sobre su presencia continua, un intento de sostener aquello que est\u00e1 en riesgo de desaparecer.<\/p>\n<p><a href=\"https:\/\/www.instagram.com\/juanibengali.art\/\"><strong data-start=\"2575\" data-end=\"2592\">-Juani Bengali:<\/strong><\/a> Proyecto creativo de Ana Garc\u00eda L\u00f3pez, ilustradora, dise\u00f1adora y arquitecta actualmente radicada en Barcelona. Ama los colores vibrantes, jugar con las formas, crear personajes y, a trav\u00e9s del arte, sacar sonrisas.<\/p>\n<p data-start=\"1945\" data-end=\"1963\"><a href=\"https:\/\/www.instagram.com\/plain.jein\/\"><strong data-start=\"1949\" data-end=\"1963\">-Plain jein:<\/strong><\/a> Muralista, ilustradora y dise\u00f1adora gr\u00e1fica nacida y criada en Barcelona. Durante los \u00faltimos nueve a\u00f1os ha sido escritora de graffiti, pero en los \u00faltimos tres se ha enfocado m\u00e1s en el arte mural, plasmando sus ilustraciones e ideas extra\u00f1as en los muros. Le gusta dar voz a temas sociales con un toque de humor, buscando incomodar y\/o reconfortar al espectador.<\/p>\n<p data-start=\"1945\" data-end=\"1963\">&#8211;<a href=\"https:\/\/www.instagram.com\/palomarodriguez.cl\/\"><strong data-start=\"2838\" data-end=\"2848\">PALOMA:<\/strong><\/a> Artista chilena cuya obra se centra en lo que se puede crear a partir de recopilaciones de im\u00e1genes. Estos \u201ccollages pict\u00f3ricos\u201d reflejan e interpretan, mediante el lenguaje visual, la idiosincrasia de nuestra sociedad, congregando e intercomunicando la belleza de los relatos y el impacto de las im\u00e1genes de la cultura m\u00e1s pl\u00e1stica.<\/p>\n<p data-start=\"1945\" data-end=\"1963\">&#8211;<a href=\"https:\/\/www.instagram.com\/kst.ec\/\"><strong data-start=\"1565\" data-end=\"1572\">Kst:<\/strong><\/a> Andr\u00e9s de la Bastida (Kst) es un artista visual ecuatoriano nacido en Gal\u00e1pagos. Arquitecto de formaci\u00f3n, se ha desarrollado como ilustrador y muralista, explorando la intersecci\u00f3n entre lo tradicional y lo contempor\u00e1neo.<\/p>\n<p data-start=\"1945\" data-end=\"1963\"><a href=\"https:\/\/www.instagram.com\/konair\"><strong data-start=\"614\" data-end=\"624\">-KONAIR:<\/strong><\/a> Artista urbano de Barcelona, reconocido por su ic\u00f3nica representaci\u00f3n de polos mordidos en sus obras. Su estilo fusiona elementos del pop-art, surrealismo y graffiti, creando im\u00e1genes vibrantes y llenas de color que adornan las calles de Barcelona. Su obra ha contribuido significativamente al paisaje urbano de la ciudad, convirti\u00e9ndose en una referencia clave del arte urbano contempor\u00e1neo.<\/p>\n<p data-start=\"1945\" data-end=\"1963\">&#8211;<a href=\"https:\/\/www.instagram.com\/rockaxson\/\"><strong data-start=\"3206\" data-end=\"3219\">Rockaxson:<\/strong><\/a> Apasionado por la creatividad visual, enfoca su trabajo en la Street Photography, el Paste-Up y el arte urbano. A trav\u00e9s de su lente e intervenciones busca capturar la esencia de la ciudad y transformar espacios con una mirada \u00fanica.<\/p>\n<hr \/>\n<p>Y para celebrar los 10 a\u00f1os del Windows Art Circuit, tambi\u00e9n participar\u00e1n una serie de artistas invitados:<\/p>\n<p><span style=\"color: #000000;\"><a style=\"color: #000000;\" href=\"https:\/\/www.instagram.com\/aleixfontarroyo\/\"><strong data-start=\"26\" data-end=\"40\"><span class=\"_fadeIn_pfttw_8\">-Aleix <\/span><span class=\"_fadeIn_pfttw_8\">Font:<\/span><\/strong><\/a><\/span><span style=\"font-weight: 400;\"> trav\u00e9s de composiciones que oscilan entre el minimalismo y la complejidad, este artista catal\u00e1n, investiga la tensi\u00f3n entre el caos y la estructura, entre el entre lo individual y lo colectivo, invitando al espectador a cuestionar c\u00f3mo habitamos el espacio y construimos significado. <\/span><\/p>\n<p><span style=\"font-weight: 400;\"><a href=\"https:\/\/www.instagram.com\/asispercales\/?hl=es\"><strong data-start=\"3023\" data-end=\"3040\"><span class=\"_fadeIn_pfttw_8\">-Asis <\/span><span class=\"_fadeIn_pfttw_8\">Percales:\u00a0<\/span><\/strong><\/a>Ilustrador y dibujante nacido en Granada. Su estilo propio es una combinaci\u00f3n de sus dos pasiones: el dibujo y la naturaleza. Personajes, criaturas y elementos entre lo grotesco y lo bello se entremezclan en sus obras, generando impacto visual y transmitiendo sensaciones. <\/span><\/p>\n<p><span style=\"font-weight: 400;\"><a href=\"https:\/\/www.instagram.com\/geco.gec0\/\"><strong data-start=\"606\" data-end=\"614\"><span class=\"_fadeIn_pfttw_8\">-Geco: <\/span><\/strong><\/a>Artista multidisciplinar nacido en Barcelona, especializado en el dise\u00f1o de personajes, la animaci\u00f3n y la ilustraci\u00f3n. \u200bSus ilustraciones y murales son un colorido reflejo directo de su pasi\u00f3n y frustraci\u00f3n con\u200b \u200bel mundo contempor\u00e1neo\u200b. Su trabajo\u200b esconde un mensaje reflexivo y no exento de cr\u00edtica social\u200b apto para todos los p\u00fablicos.<\/span><\/p>\n<p><span style=\"font-weight: 400;\"><a href=\"https:\/\/www.instagram.com\/eldiosdelostres\/\"><strong data-start=\"1279\" data-end=\"1302\"><span class=\"_fadeIn_pfttw_8\">-El <\/span><span class=\"_fadeIn_pfttw_8\">Dios <\/span><span class=\"_fadeIn_pfttw_8\">de <\/span><span class=\"_fadeIn_pfttw_8\">los <\/span><span class=\"_fadeIn_pfttw_8\">Tres,<\/span><\/strong><\/a> Javier Navarro Romero es un artista multidisciplinar nacido en Barcelona y Madrid. Le gusta crear im\u00e1genes, s\u00edmbolos, est\u00e9ticas e historias desde su particular mundo colorido, vibrante, de corte surrealista y barroco llenas de referencias multiculturales e iconograf\u00eda pop.<\/span><\/p>\n<p><span style=\"font-weight: 400;\"><a href=\"https:\/\/www.instagram.com\/noquedatinte\/?hl=es\"><strong data-start=\"1579\" data-end=\"1597\"><span class=\"_fadeIn_pfttw_8\">-No <\/span><span class=\"_fadeIn_pfttw_8\">queda <\/span><span class=\"_fadeIn_pfttw_8\">tinte:\u00a0<\/span><\/strong><\/a>Marina Salazar es artista, dise\u00f1adora, doctoranda y fundadora de No Queda Tinte, reside en Barcelona. Enamorada de la est\u00e9tica kitsch y de las figuritas de segunda mano, su obra es provocativa y, en sus palabras, minimal\u00edsticamente-barroca.<\/span><\/p>\n<p><a href=\"https:\/\/www.instagram.com\/riccardonannini_art\/\"><strong data-start=\"1847\" data-end=\"1866\"><span class=\"_fadeIn_pfttw_8\">-Ricardo <\/span><span class=\"_fadeIn_pfttw_8\">Nannini<\/span><\/strong><\/a> \u00a0<span style=\"font-weight: 400;\">Su carrera art\u00edstica empez\u00f3 en 2009 <\/span><span style=\"font-weight: 400;\">cuando decide trasladarse de Italia a Barcelona, donde abandona su carrera como dise\u00f1ador y se introduce en la vida art\u00edstica de la ciudad. La narraci\u00f3n en sus obras se articula en torno a la reflexi\u00f3n sobre los constructos de la imagen, de la convenci\u00f3n y sus conductas asociadas, a partir de elementos de la tradici\u00f3n pict\u00f3rica, el imaginario popular o la cultura de masas.<\/span><\/p>","protected":false},"excerpt":{"rendered":"<p>Uno de los puntos clave de la programaci\u00f3n del Poblenou Open Day ser\u00e1 El Solar, un espacio de m\u00e1s de&#8230; <a href=\"https:\/\/poblenouurbandistrict.com\/es\/el-solar-el-hub-creatiu-del-poblenou-open-day\/\">M\u00e1s  \u2192<\/a><\/p>\n","protected":false},"author":5,"featured_media":51234,"comment_status":"closed","ping_status":"closed","sticky":false,"template":"","format":"standard","meta":{"_acf_changed":false,"footnotes":""},"categories":[3567,1],"tags":[],"class_list":["post-50958","post","type-post","status-publish","format-standard","has-post-thumbnail","hentry","category-poblenou-open-day-2","category-noticias"],"acf":[],"yoast_head":"<!-- This site is optimized with the Yoast SEO plugin v27.5 - https:\/\/yoast.com\/product\/yoast-seo-wordpress\/ -->\n<title>EL SOLAR, el hub creativo del Poblenou Open Day &#8211; Poblenou Urban District<\/title>\n<meta name=\"robots\" content=\"index, follow, max-snippet:-1, max-image-preview:large, max-video-preview:-1\" \/>\n<link rel=\"canonical\" href=\"https:\/\/poblenouurbandistrict.com\/es\/el-solar-el-hub-creatiu-del-poblenou-open-day\/\" \/>\n<meta property=\"og:locale\" content=\"es_ES\" \/>\n<meta property=\"og:type\" content=\"article\" \/>\n<meta property=\"og:title\" content=\"EL SOLAR, el hub creativo del Poblenou Open Day &#8211; Poblenou Urban District\" \/>\n<meta property=\"og:description\" content=\"Uno de los puntos clave de la programaci\u00f3n del Poblenou Open Day ser\u00e1 El Solar, un espacio de m\u00e1s de... M\u00e1s \u2192\" \/>\n<meta property=\"og:url\" content=\"https:\/\/poblenouurbandistrict.com\/es\/el-solar-el-hub-creatiu-del-poblenou-open-day\/\" \/>\n<meta property=\"og:site_name\" content=\"Poblenou Urban District\" \/>\n<meta property=\"article:published_time\" content=\"2025-04-25T13:53:54+00:00\" \/>\n<meta property=\"article:modified_time\" content=\"2025-05-09T12:06:50+00:00\" \/>\n<meta property=\"og:image\" content=\"https:\/\/poblenouurbandistrict.com\/wp-content\/uploads\/2025\/04\/el-solar.png\" \/>\n\t<meta property=\"og:image:width\" content=\"2556\" \/>\n\t<meta property=\"og:image:height\" content=\"1704\" \/>\n\t<meta property=\"og:image:type\" content=\"image\/png\" \/>\n<meta name=\"author\" content=\"pnud\" \/>\n<meta name=\"twitter:card\" content=\"summary_large_image\" \/>\n<meta name=\"twitter:label1\" content=\"Escrito por\" \/>\n\t<meta name=\"twitter:data1\" content=\"pnud\" \/>\n\t<meta name=\"twitter:label2\" content=\"Tiempo de lectura\" \/>\n\t<meta name=\"twitter:data2\" content=\"6 minutos\" \/>\n<script type=\"application\/ld+json\" class=\"yoast-schema-graph\">{\"@context\":\"https:\\\/\\\/schema.org\",\"@graph\":[{\"@type\":\"Article\",\"@id\":\"https:\\\/\\\/poblenouurbandistrict.com\\\/el-solar-el-hub-creatiu-del-poblenou-open-day\\\/#article\",\"isPartOf\":{\"@id\":\"https:\\\/\\\/poblenouurbandistrict.com\\\/el-solar-el-hub-creatiu-del-poblenou-open-day\\\/\"},\"author\":{\"name\":\"pnud\",\"@id\":\"https:\\\/\\\/poblenouurbandistrict.com\\\/#\\\/schema\\\/person\\\/980a2cf34b399d5218205730acd54a7e\"},\"headline\":\"EL SOLAR, el hub creativo del Poblenou Open Day\",\"datePublished\":\"2025-04-25T13:53:54+00:00\",\"dateModified\":\"2025-05-09T12:06:50+00:00\",\"mainEntityOfPage\":{\"@id\":\"https:\\\/\\\/poblenouurbandistrict.com\\\/el-solar-el-hub-creatiu-del-poblenou-open-day\\\/\"},\"wordCount\":3144,\"image\":{\"@id\":\"https:\\\/\\\/poblenouurbandistrict.com\\\/el-solar-el-hub-creatiu-del-poblenou-open-day\\\/#primaryimage\"},\"thumbnailUrl\":\"https:\\\/\\\/media.poblenouurbandistrict.com\\\/2025\\\/04\\\/25090447\\\/el-solar.png\",\"articleSection\":[\"Poblenou Open Day\",\"Est\u00e1 pasando\"],\"inLanguage\":\"es\"},{\"@type\":\"WebPage\",\"@id\":\"https:\\\/\\\/poblenouurbandistrict.com\\\/es\\\/el-solar-el-hub-creatiu-del-poblenou-open-day\\\/\",\"url\":\"https:\\\/\\\/poblenouurbandistrict.com\\\/es\\\/el-solar-el-hub-creatiu-del-poblenou-open-day\\\/\",\"name\":\"EL SOLAR, el hub creativo del Poblenou Open Day &#8211; Poblenou Urban District\",\"isPartOf\":{\"@id\":\"https:\\\/\\\/poblenouurbandistrict.com\\\/es\\\/#website\"},\"primaryImageOfPage\":{\"@id\":\"https:\\\/\\\/poblenouurbandistrict.com\\\/es\\\/el-solar-el-hub-creatiu-del-poblenou-open-day\\\/#primaryimage\"},\"image\":{\"@id\":\"https:\\\/\\\/poblenouurbandistrict.com\\\/el-solar-el-hub-creatiu-del-poblenou-open-day\\\/#primaryimage\"},\"thumbnailUrl\":\"https:\\\/\\\/media.poblenouurbandistrict.com\\\/2025\\\/04\\\/25090447\\\/el-solar.png\",\"datePublished\":\"2025-04-25T13:53:54+00:00\",\"dateModified\":\"2025-05-09T12:06:50+00:00\",\"author\":{\"@id\":\"https:\\\/\\\/poblenouurbandistrict.com\\\/#\\\/schema\\\/person\\\/980a2cf34b399d5218205730acd54a7e\"},\"breadcrumb\":{\"@id\":\"https:\\\/\\\/poblenouurbandistrict.com\\\/es\\\/el-solar-el-hub-creatiu-del-poblenou-open-day\\\/#breadcrumb\"},\"inLanguage\":\"es\",\"potentialAction\":[{\"@type\":\"ReadAction\",\"target\":[[\"https:\\\/\\\/poblenouurbandistrict.com\\\/es\\\/el-solar-el-hub-creatiu-del-poblenou-open-day\\\/\"]]}]},{\"@type\":\"ImageObject\",\"inLanguage\":\"es\",\"@id\":\"https:\\\/\\\/poblenouurbandistrict.com\\\/es\\\/el-solar-el-hub-creatiu-del-poblenou-open-day\\\/#primaryimage\",\"url\":\"https:\\\/\\\/media.poblenouurbandistrict.com\\\/2025\\\/04\\\/25090447\\\/el-solar.png\",\"contentUrl\":\"https:\\\/\\\/media.poblenouurbandistrict.com\\\/2025\\\/04\\\/25090447\\\/el-solar.png\",\"width\":2556,\"height\":1704},{\"@type\":\"BreadcrumbList\",\"@id\":\"https:\\\/\\\/poblenouurbandistrict.com\\\/es\\\/el-solar-el-hub-creatiu-del-poblenou-open-day\\\/#breadcrumb\",\"itemListElement\":[{\"@type\":\"ListItem\",\"position\":1,\"name\":\"Home\",\"item\":\"https:\\\/\\\/poblenouurbandistrict.com\\\/es\\\/\"},{\"@type\":\"ListItem\",\"position\":2,\"name\":\"EL SOLAR, el hub creatiu del Poblenou Open Day\"}]},{\"@type\":\"WebSite\",\"@id\":\"https:\\\/\\\/poblenouurbandistrict.com\\\/es\\\/#website\",\"url\":\"https:\\\/\\\/poblenouurbandistrict.com\\\/es\\\/\",\"name\":\"Poblenou Urban District\",\"description\":\"Comunidad Creativa\",\"potentialAction\":[{\"@type\":\"SearchAction\",\"target\":{\"@type\":\"EntryPoint\",\"urlTemplate\":\"https:\\\/\\\/poblenouurbandistrict.com\\\/es\\\/?s={search_term_string}\"},\"query-input\":{\"@type\":\"PropertyValueSpecification\",\"valueRequired\":true,\"valueName\":\"search_term_string\"}}],\"inLanguage\":\"es\"},{\"@type\":\"Person\",\"@id\":\"https:\\\/\\\/poblenouurbandistrict.com\\\/#\\\/schema\\\/person\\\/980a2cf34b399d5218205730acd54a7e\",\"name\":\"pnud\",\"image\":{\"@type\":\"ImageObject\",\"inLanguage\":\"es\",\"@id\":\"https:\\\/\\\/secure.gravatar.com\\\/avatar\\\/67146597b405ee077a24e519f75c3e2031736596d6ce35af3a34c122c93d0d7b?s=96&d=retro&r=g\",\"url\":\"https:\\\/\\\/secure.gravatar.com\\\/avatar\\\/67146597b405ee077a24e519f75c3e2031736596d6ce35af3a34c122c93d0d7b?s=96&d=retro&r=g\",\"contentUrl\":\"https:\\\/\\\/secure.gravatar.com\\\/avatar\\\/67146597b405ee077a24e519f75c3e2031736596d6ce35af3a34c122c93d0d7b?s=96&d=retro&r=g\",\"caption\":\"pnud\"}}]}<\/script>\n<!-- \/ Yoast SEO plugin. -->","yoast_head_json":{"title":"EL SOLAR, el hub creativo del Poblenou Open Day &#8211; Poblenou Urban District","robots":{"index":"index","follow":"follow","max-snippet":"max-snippet:-1","max-image-preview":"max-image-preview:large","max-video-preview":"max-video-preview:-1"},"canonical":"https:\/\/poblenouurbandistrict.com\/es\/el-solar-el-hub-creatiu-del-poblenou-open-day\/","og_locale":"es_ES","og_type":"article","og_title":"EL SOLAR, el hub creativo del Poblenou Open Day &#8211; Poblenou Urban District","og_description":"Uno de los puntos clave de la programaci\u00f3n del Poblenou Open Day ser\u00e1 El Solar, un espacio de m\u00e1s de... M\u00e1s \u2192","og_url":"https:\/\/poblenouurbandistrict.com\/es\/el-solar-el-hub-creatiu-del-poblenou-open-day\/","og_site_name":"Poblenou Urban District","article_published_time":"2025-04-25T13:53:54+00:00","article_modified_time":"2025-05-09T12:06:50+00:00","og_image":[{"width":2556,"height":1704,"url":"https:\/\/poblenouurbandistrict.com\/wp-content\/uploads\/2025\/04\/el-solar.png","type":"image\/png"}],"author":"pnud","twitter_card":"summary_large_image","twitter_misc":{"Escrito por":"pnud","Tiempo de lectura":"6 minutos"},"schema":{"@context":"https:\/\/schema.org","@graph":[{"@type":"Article","@id":"https:\/\/poblenouurbandistrict.com\/el-solar-el-hub-creatiu-del-poblenou-open-day\/#article","isPartOf":{"@id":"https:\/\/poblenouurbandistrict.com\/el-solar-el-hub-creatiu-del-poblenou-open-day\/"},"author":{"name":"pnud","@id":"https:\/\/poblenouurbandistrict.com\/#\/schema\/person\/980a2cf34b399d5218205730acd54a7e"},"headline":"EL SOLAR, el hub creativo del Poblenou Open Day","datePublished":"2025-04-25T13:53:54+00:00","dateModified":"2025-05-09T12:06:50+00:00","mainEntityOfPage":{"@id":"https:\/\/poblenouurbandistrict.com\/el-solar-el-hub-creatiu-del-poblenou-open-day\/"},"wordCount":3144,"image":{"@id":"https:\/\/poblenouurbandistrict.com\/el-solar-el-hub-creatiu-del-poblenou-open-day\/#primaryimage"},"thumbnailUrl":"https:\/\/media.poblenouurbandistrict.com\/2025\/04\/25090447\/el-solar.png","articleSection":["Poblenou Open Day","Est\u00e1 pasando"],"inLanguage":"es"},{"@type":"WebPage","@id":"https:\/\/poblenouurbandistrict.com\/es\/el-solar-el-hub-creatiu-del-poblenou-open-day\/","url":"https:\/\/poblenouurbandistrict.com\/es\/el-solar-el-hub-creatiu-del-poblenou-open-day\/","name":"EL SOLAR, el hub creativo del Poblenou Open Day &#8211; Poblenou Urban District","isPartOf":{"@id":"https:\/\/poblenouurbandistrict.com\/es\/#website"},"primaryImageOfPage":{"@id":"https:\/\/poblenouurbandistrict.com\/es\/el-solar-el-hub-creatiu-del-poblenou-open-day\/#primaryimage"},"image":{"@id":"https:\/\/poblenouurbandistrict.com\/el-solar-el-hub-creatiu-del-poblenou-open-day\/#primaryimage"},"thumbnailUrl":"https:\/\/media.poblenouurbandistrict.com\/2025\/04\/25090447\/el-solar.png","datePublished":"2025-04-25T13:53:54+00:00","dateModified":"2025-05-09T12:06:50+00:00","author":{"@id":"https:\/\/poblenouurbandistrict.com\/#\/schema\/person\/980a2cf34b399d5218205730acd54a7e"},"breadcrumb":{"@id":"https:\/\/poblenouurbandistrict.com\/es\/el-solar-el-hub-creatiu-del-poblenou-open-day\/#breadcrumb"},"inLanguage":"es","potentialAction":[{"@type":"ReadAction","target":[["https:\/\/poblenouurbandistrict.com\/es\/el-solar-el-hub-creatiu-del-poblenou-open-day\/"]]}]},{"@type":"ImageObject","inLanguage":"es","@id":"https:\/\/poblenouurbandistrict.com\/es\/el-solar-el-hub-creatiu-del-poblenou-open-day\/#primaryimage","url":"https:\/\/media.poblenouurbandistrict.com\/2025\/04\/25090447\/el-solar.png","contentUrl":"https:\/\/media.poblenouurbandistrict.com\/2025\/04\/25090447\/el-solar.png","width":2556,"height":1704},{"@type":"BreadcrumbList","@id":"https:\/\/poblenouurbandistrict.com\/es\/el-solar-el-hub-creatiu-del-poblenou-open-day\/#breadcrumb","itemListElement":[{"@type":"ListItem","position":1,"name":"Home","item":"https:\/\/poblenouurbandistrict.com\/es\/"},{"@type":"ListItem","position":2,"name":"EL SOLAR, el hub creatiu del Poblenou Open Day"}]},{"@type":"WebSite","@id":"https:\/\/poblenouurbandistrict.com\/es\/#website","url":"https:\/\/poblenouurbandistrict.com\/es\/","name":"Poblenou Urban District","description":"Comunidad Creativa","potentialAction":[{"@type":"SearchAction","target":{"@type":"EntryPoint","urlTemplate":"https:\/\/poblenouurbandistrict.com\/es\/?s={search_term_string}"},"query-input":{"@type":"PropertyValueSpecification","valueRequired":true,"valueName":"search_term_string"}}],"inLanguage":"es"},{"@type":"Person","@id":"https:\/\/poblenouurbandistrict.com\/#\/schema\/person\/980a2cf34b399d5218205730acd54a7e","name":"pnud","image":{"@type":"ImageObject","inLanguage":"es","@id":"https:\/\/secure.gravatar.com\/avatar\/67146597b405ee077a24e519f75c3e2031736596d6ce35af3a34c122c93d0d7b?s=96&d=retro&r=g","url":"https:\/\/secure.gravatar.com\/avatar\/67146597b405ee077a24e519f75c3e2031736596d6ce35af3a34c122c93d0d7b?s=96&d=retro&r=g","contentUrl":"https:\/\/secure.gravatar.com\/avatar\/67146597b405ee077a24e519f75c3e2031736596d6ce35af3a34c122c93d0d7b?s=96&d=retro&r=g","caption":"pnud"}}]}},"_links":{"self":[{"href":"https:\/\/poblenouurbandistrict.com\/es\/wp-json\/wp\/v2\/posts\/50958","targetHints":{"allow":["GET"]}}],"collection":[{"href":"https:\/\/poblenouurbandistrict.com\/es\/wp-json\/wp\/v2\/posts"}],"about":[{"href":"https:\/\/poblenouurbandistrict.com\/es\/wp-json\/wp\/v2\/types\/post"}],"author":[{"embeddable":true,"href":"https:\/\/poblenouurbandistrict.com\/es\/wp-json\/wp\/v2\/users\/5"}],"replies":[{"embeddable":true,"href":"https:\/\/poblenouurbandistrict.com\/es\/wp-json\/wp\/v2\/comments?post=50958"}],"version-history":[{"count":26,"href":"https:\/\/poblenouurbandistrict.com\/es\/wp-json\/wp\/v2\/posts\/50958\/revisions"}],"predecessor-version":[{"id":51240,"href":"https:\/\/poblenouurbandistrict.com\/es\/wp-json\/wp\/v2\/posts\/50958\/revisions\/51240"}],"wp:featuredmedia":[{"embeddable":true,"href":"https:\/\/poblenouurbandistrict.com\/es\/wp-json\/wp\/v2\/media\/51234"}],"wp:attachment":[{"href":"https:\/\/poblenouurbandistrict.com\/es\/wp-json\/wp\/v2\/media?parent=50958"}],"wp:term":[{"taxonomy":"category","embeddable":true,"href":"https:\/\/poblenouurbandistrict.com\/es\/wp-json\/wp\/v2\/categories?post=50958"},{"taxonomy":"post_tag","embeddable":true,"href":"https:\/\/poblenouurbandistrict.com\/es\/wp-json\/wp\/v2\/tags?post=50958"}],"curies":[{"name":"wp","href":"https:\/\/api.w.org\/{rel}","templated":true}]}}