{"id":50995,"date":"2025-05-05T11:16:10","date_gmt":"2025-05-05T09:16:10","guid":{"rendered":"https:\/\/poblenouurbandistrict.com\/?p=50995"},"modified":"2025-05-08T11:09:04","modified_gmt":"2025-05-08T09:09:04","slug":"botigues-i-showrooms-del-poblenou-open-day","status":"publish","type":"post","link":"https:\/\/poblenouurbandistrict.com\/es\/botigues-i-showrooms-del-poblenou-open-day\/","title":{"rendered":"Tiendas y showrooms del Poblenou Open Day"},"content":{"rendered":"<p><span style=\"color: #333333;\">Las tiendas y showrooms asociadas al Poblenou Urban District participar\u00e1n este 10 de mayo en el Open Day con promociones especiales y nuevas colecciones.<\/span><\/p>\n<p>&nbsp;<\/p>\n<h3><span style=\"color: #333333;\"><a style=\"color: #333333;\" href=\"https:\/\/www.casapampa.net\/\">Casa Pampa<\/a><\/span><\/h3>\n<p><span style=\"color: #333333;\"><a style=\"color: #333333;\" href=\"https:\/\/www.casapampa.net\/\">Casa Pampa<\/a>, tienda de plantas y terrarios que, adem\u00e1s, ofrece talleres de terrarios, alquiler e instalaci\u00f3n de plantas para oficinas y eventos, ofrece una gran venta de plantas de amplia selecci\u00f3n a grandes descuentos. \u00a1Ven y d\u00e9jate inspirar por el verde!<\/span><\/p>\n<h6 style=\"text-align: center;\"><span style=\"color: #333333;\">Pujades, 140<\/span><\/h6>\n<h6 style=\"text-align: center;\" data-start=\"85\" data-end=\"228\"><span style=\"color: #333333;\"><strong>12h a 22h<\/strong><\/span><\/h6>\n<h3><\/h3>\n<h3><span style=\"color: #333333;\"><a style=\"color: #333333;\" href=\"https:\/\/www.instagram.com\/feos_poblenou\">Feos Poblenou<\/a><\/span><\/h3>\n<p><span style=\"color: #333333;\"><a style=\"font-size: 16px; color: #333333;\" href=\"https:\/\/www.instagram.com\/feos_poblenou\/\">Feos Poblenou<\/a><span style=\"font-size: 16px;\">\u00a0presenta su nueva colecci\u00f3n de ropa\u00a0<\/span><strong style=\"font-size: 16px;\">FEOS CLOTHES<\/strong><span style=\"font-size: 16px;\">\u00a0acompa\u00f1ada de las nuevas ilustraciones de Maria Pensi y m\u00fasica por DJs. Adem\u00e1s, celebran su\u00a0<\/span><strong style=\"font-size: 16px;\">FLASHDAY<\/strong><span style=\"font-size: 16px;\">, donde podr\u00e1s tatuarte dise\u00f1os incre\u00edbles a precio reducido.<\/span><\/span><\/p>\n<h6 style=\"text-align: center;\"><span style=\"color: #333333;\">Almog\u00e0vers, 213, bxs<\/span><\/h6>\n<h6 style=\"text-align: center;\"><span style=\"color: #333333;\"><strong>12h a 22h<\/strong><\/span><\/h6>\n<h3><\/h3>\n<h3><span style=\"color: #333333;\"><a style=\"color: #333333;\" href=\"https:\/\/mietistudio.com\/\">Mietis<\/a><\/span><\/h3>\n<footer><span style=\"color: #333333;\">Espai <a style=\"color: #333333;\" href=\"https:\/\/mietistudio.com\/\">Mietis<\/a>, Flagship luxury leather store nace con la voluntad de ofrecer una experiencia creativa completa en su atelier de moda y galer\u00eda de arte. Conoce su nueva colecci\u00f3n SS 2025 de bolsos con formas y dise\u00f1os arquitect\u00f3nicos, peque\u00f1as piezas de arte contempor\u00e1neo. Le acompa\u00f1a\u00a0<a style=\"color: #333333;\" href=\"https:\/\/tranquilomatcha.com\/\">Tranquilo Matcha<\/a>, una marca de t\u00e9 matcha de Barcelona que liga su concepto <strong>TRANQUILO<\/strong>\u00a0al arte y la cultura con finalidad de unir artistas locales y amantes del matcha.<\/span><\/footer>\n<footer><\/footer>\n<footer><\/footer>\n<footer>Adem\u00e1s, acoger\u00e1 la expiosici\u00f3n de <strong>Dana Jey <\/strong>\u00a0en el\u00a0 <strong>Windows Art Circuit (WAC).<\/strong><\/footer>\n<footer>\n<h6 style=\"text-align: center;\" data-start=\"650\" data-end=\"821\"><span style=\"color: #333333;\">Ciutat de Granada, 62<\/span><\/h6>\n<h6 style=\"text-align: center;\" data-start=\"650\" data-end=\"821\"><span style=\"color: #333333;\"><strong>11:00h a 18:00h<\/strong><\/span><\/h6>\n<h3><\/h3>\n<h3><span style=\"color: #333333;\"><a style=\"color: #333333;\" href=\"https:\/\/moryarty.es\/\">Moryarty Posters<\/a><\/span><\/h3>\n<div class=\"location-content\">\n<p><span style=\"color: #333333;\"><a style=\"color: #333333;\" href=\"https:\/\/moryarty.com\/\">Moryarty<\/a>\u00a0abre sus puertas con nuevos p\u00f3sters y m\u00fasica durante todo el Open Day. En Moryarty seleccionan cuidadosamente p\u00f3sters y los imprimen en alta calidad ofreciendo una selecci\u00f3n amplia de g\u00e9neros y estilos.<\/span><\/p>\n<p><span style=\"color: #333333;\">De 18h a 19h estar\u00e1 el rapero neoyorqu\u00ed\u00a0<a style=\"color: #333333;\" href=\"https:\/\/www.instagram.com\/ofmindmusic\/\">Ofmind<\/a>\u00a0con su live band y de 19h a 20h, Dj Selector \u2013\u00a0<a style=\"color: #333333;\" href=\"https:\/\/www.instagram.com\/this_graceeeee\/\">thisGrace<\/a><\/span><\/p>\n<h6 style=\"text-align: center;\"><span style=\"color: #333333;\">Pujades, 140<\/span><\/h6>\n<h6 style=\"text-align: center;\"><span style=\"color: #333333;\"><strong>11h a 22h<\/strong><\/span><\/h6>\n<h3><\/h3>\n<h3><span style=\"color: #333333;\"><a style=\"color: #333333;\" href=\"http:\/\/www.noakroom.com\/\">NOAK ROOM SCANDINAVIAN VINTAGE FURNITURE<\/a><\/span><\/h3>\n<footer><span style=\"color: #333333;\"><a style=\"color: #333333;\" href=\"http:\/\/www.noakroom.com\/\">Noak Room Scandinavian Vintage Furniture<\/a> es una showroom especializada en mobiliario y objetos de decoraci\u00f3n de dise\u00f1o y origen exclusivamente escandinavos, principalmente entre los a\u00f1os 40s\/70s. Ac\u00e9rcate a ver la nueva colecci\u00f3n de mobiliario y decoraci\u00f3n vintage con piezas de dise\u00f1adores conocidos y no tan conocidos, eso s\u00ed: todas igual de interesantes y atractivas.<\/span><\/footer>\n<div class=\"location-content\">\n<h6 style=\"text-align: center;\"><span style=\"color: #333333;\">Roc Boronat, 69<\/span><\/h6>\n<h6 style=\"text-align: center;\"><span style=\"color: #333333;\"><strong>11h a 14h y 17h a 20h<\/strong><\/span><\/h6>\n<\/div>\n<h6 style=\"text-align: center;\"><\/h6>\n<h3><span style=\"color: #333333;\"><a style=\"color: #333333;\" href=\"https:\/\/unusualconcept.store\/es\/\">Unusual* Concept Store<\/a><\/span><\/h3>\n<footer><span style=\"color: #333333;\"><strong>Unusual* concept store, <\/strong>proyecto de productos de dise\u00f1o local, nacional e internacional de artistas, dise\u00f1adores y marcas tanto emergentes como consolidadas, sortea hasta 3 premios de sus art\u00edculos de dise\u00f1o en la inaguraci\u00f3n de la temporada de terraza con m\u00fasica y c\u00f3cktails.<\/span><\/footer>\n<div class=\"location-content\">\n<h6 style=\"text-align: center;\"><span style=\"color: #333333;\">Ram\u00f3n Turr\u00f3, 147, Bxs, 1<\/span><\/h6>\n<h6 style=\"text-align: center;\" data-start=\"247\" data-end=\"378\"><span style=\"color: #333333;\"><strong>12h a 21h<\/strong><\/span><\/h6>\n<h3><\/h3>\n<h3><span style=\"color: #333333;\"><a style=\"color: #333333;\" href=\"https:\/\/www.marketsbarcelona.com\/\">Vintage Poblenou<\/a><\/span><\/h3>\n<div class=\"location-content\">\n<p><span style=\"color: #333333;\">Combina estilo y sostenibilidad en el s<em>howroom<\/em>\u00a0de ropa a cargo de\u00a0<strong>Vintage Poblenou<\/strong>. Prendas \u00fanicas de calidad cuidadosamente seleccionadas de los a\u00f1os 70 hasta los 90.<\/span><\/p>\n<h6 style=\"text-align: center;\"><span style=\"color: #333333;\">\u00c0vila, 78<\/span><\/h6>\n<h6 style=\"text-align: center;\"><span style=\"color: #333333;\"><strong>11h a 22h<\/strong><\/span><\/h6>\n<\/div>\n<\/div>\n<\/div>\n<\/footer>\n<p><\/p>","protected":false},"excerpt":{"rendered":"<p>Las tiendas y showrooms asociadas al Poblenou Urban District participar\u00e1n este 10 de mayo en el Open Day con promociones&#8230; <a href=\"https:\/\/poblenouurbandistrict.com\/es\/botigues-i-showrooms-del-poblenou-open-day\/\">M\u00e1s  \u2192<\/a><\/p>\n","protected":false},"author":5,"featured_media":50935,"comment_status":"closed","ping_status":"closed","sticky":false,"template":"","format":"standard","meta":{"_acf_changed":false,"footnotes":""},"categories":[3567],"tags":[],"class_list":["post-50995","post","type-post","status-publish","format-standard","has-post-thumbnail","hentry","category-poblenou-open-day-2"],"acf":[],"yoast_head":"<!-- This site is optimized with the Yoast SEO plugin v27.5 - https:\/\/yoast.com\/product\/yoast-seo-wordpress\/ -->\n<title>Tiendas y showrooms del Poblenou Open Day &#8211; Poblenou Urban District<\/title>\n<meta name=\"robots\" content=\"index, follow, max-snippet:-1, max-image-preview:large, max-video-preview:-1\" \/>\n<link rel=\"canonical\" href=\"https:\/\/poblenouurbandistrict.com\/es\/botigues-i-showrooms-del-poblenou-open-day\/\" \/>\n<meta property=\"og:locale\" content=\"es_ES\" \/>\n<meta property=\"og:type\" content=\"article\" \/>\n<meta property=\"og:title\" content=\"Tiendas y showrooms del Poblenou Open Day &#8211; Poblenou Urban District\" \/>\n<meta property=\"og:description\" content=\"Las tiendas y showrooms asociadas al Poblenou Urban District participar\u00e1n este 10 de mayo en el Open Day con promociones... M\u00e1s \u2192\" \/>\n<meta property=\"og:url\" content=\"https:\/\/poblenouurbandistrict.com\/es\/botigues-i-showrooms-del-poblenou-open-day\/\" \/>\n<meta property=\"og:site_name\" content=\"Poblenou Urban District\" \/>\n<meta property=\"article:published_time\" content=\"2025-05-05T09:16:10+00:00\" \/>\n<meta property=\"article:modified_time\" content=\"2025-05-08T09:09:04+00:00\" \/>\n<meta property=\"og:image\" content=\"https:\/\/poblenouurbandistrict.com\/wp-content\/uploads\/2025\/04\/img-1061-shop-moryartycom.jpg\" \/>\n\t<meta property=\"og:image:width\" content=\"1280\" \/>\n\t<meta property=\"og:image:height\" content=\"853\" \/>\n\t<meta property=\"og:image:type\" content=\"image\/jpeg\" \/>\n<meta name=\"author\" content=\"pnud\" \/>\n<meta name=\"twitter:card\" content=\"summary_large_image\" \/>\n<meta name=\"twitter:label1\" content=\"Escrito por\" \/>\n\t<meta name=\"twitter:data1\" content=\"pnud\" \/>\n\t<meta name=\"twitter:label2\" content=\"Tiempo de lectura\" \/>\n\t<meta name=\"twitter:data2\" content=\"3 minutos\" \/>\n<script type=\"application\/ld+json\" class=\"yoast-schema-graph\">{\"@context\":\"https:\\\/\\\/schema.org\",\"@graph\":[{\"@type\":\"Article\",\"@id\":\"https:\\\/\\\/poblenouurbandistrict.com\\\/botigues-i-showrooms-del-poblenou-open-day\\\/#article\",\"isPartOf\":{\"@id\":\"https:\\\/\\\/poblenouurbandistrict.com\\\/botigues-i-showrooms-del-poblenou-open-day\\\/\"},\"author\":{\"name\":\"pnud\",\"@id\":\"https:\\\/\\\/poblenouurbandistrict.com\\\/#\\\/schema\\\/person\\\/980a2cf34b399d5218205730acd54a7e\"},\"headline\":\"Tiendas y showrooms del Poblenou Open Day\",\"datePublished\":\"2025-05-05T09:16:10+00:00\",\"dateModified\":\"2025-05-08T09:09:04+00:00\",\"mainEntityOfPage\":{\"@id\":\"https:\\\/\\\/poblenouurbandistrict.com\\\/botigues-i-showrooms-del-poblenou-open-day\\\/\"},\"wordCount\":1339,\"image\":{\"@id\":\"https:\\\/\\\/poblenouurbandistrict.com\\\/botigues-i-showrooms-del-poblenou-open-day\\\/#primaryimage\"},\"thumbnailUrl\":\"https:\\\/\\\/media.poblenouurbandistrict.com\\\/2025\\\/04\\\/25090140\\\/img-1061-shop-moryartycom.jpg\",\"articleSection\":[\"Poblenou Open Day\"],\"inLanguage\":\"es\"},{\"@type\":\"WebPage\",\"@id\":\"https:\\\/\\\/poblenouurbandistrict.com\\\/es\\\/botigues-i-showrooms-del-poblenou-open-day\\\/\",\"url\":\"https:\\\/\\\/poblenouurbandistrict.com\\\/es\\\/botigues-i-showrooms-del-poblenou-open-day\\\/\",\"name\":\"Tiendas y showrooms del Poblenou Open Day &#8211; Poblenou Urban District\",\"isPartOf\":{\"@id\":\"https:\\\/\\\/poblenouurbandistrict.com\\\/es\\\/#website\"},\"primaryImageOfPage\":{\"@id\":\"https:\\\/\\\/poblenouurbandistrict.com\\\/es\\\/botigues-i-showrooms-del-poblenou-open-day\\\/#primaryimage\"},\"image\":{\"@id\":\"https:\\\/\\\/poblenouurbandistrict.com\\\/botigues-i-showrooms-del-poblenou-open-day\\\/#primaryimage\"},\"thumbnailUrl\":\"https:\\\/\\\/media.poblenouurbandistrict.com\\\/2025\\\/04\\\/25090140\\\/img-1061-shop-moryartycom.jpg\",\"datePublished\":\"2025-05-05T09:16:10+00:00\",\"dateModified\":\"2025-05-08T09:09:04+00:00\",\"author\":{\"@id\":\"https:\\\/\\\/poblenouurbandistrict.com\\\/#\\\/schema\\\/person\\\/980a2cf34b399d5218205730acd54a7e\"},\"breadcrumb\":{\"@id\":\"https:\\\/\\\/poblenouurbandistrict.com\\\/es\\\/botigues-i-showrooms-del-poblenou-open-day\\\/#breadcrumb\"},\"inLanguage\":\"es\",\"potentialAction\":[{\"@type\":\"ReadAction\",\"target\":[[\"https:\\\/\\\/poblenouurbandistrict.com\\\/es\\\/botigues-i-showrooms-del-poblenou-open-day\\\/\"]]}]},{\"@type\":\"ImageObject\",\"inLanguage\":\"es\",\"@id\":\"https:\\\/\\\/poblenouurbandistrict.com\\\/es\\\/botigues-i-showrooms-del-poblenou-open-day\\\/#primaryimage\",\"url\":\"https:\\\/\\\/media.poblenouurbandistrict.com\\\/2025\\\/04\\\/25090140\\\/img-1061-shop-moryartycom.jpg\",\"contentUrl\":\"https:\\\/\\\/media.poblenouurbandistrict.com\\\/2025\\\/04\\\/25090140\\\/img-1061-shop-moryartycom.jpg\",\"width\":1280,\"height\":853},{\"@type\":\"BreadcrumbList\",\"@id\":\"https:\\\/\\\/poblenouurbandistrict.com\\\/es\\\/botigues-i-showrooms-del-poblenou-open-day\\\/#breadcrumb\",\"itemListElement\":[{\"@type\":\"ListItem\",\"position\":1,\"name\":\"Home\",\"item\":\"https:\\\/\\\/poblenouurbandistrict.com\\\/es\\\/\"},{\"@type\":\"ListItem\",\"position\":2,\"name\":\"Botigues i showrooms del Poblenou Open Day\"}]},{\"@type\":\"WebSite\",\"@id\":\"https:\\\/\\\/poblenouurbandistrict.com\\\/es\\\/#website\",\"url\":\"https:\\\/\\\/poblenouurbandistrict.com\\\/es\\\/\",\"name\":\"Poblenou Urban District\",\"description\":\"Comunidad Creativa\",\"potentialAction\":[{\"@type\":\"SearchAction\",\"target\":{\"@type\":\"EntryPoint\",\"urlTemplate\":\"https:\\\/\\\/poblenouurbandistrict.com\\\/es\\\/?s={search_term_string}\"},\"query-input\":{\"@type\":\"PropertyValueSpecification\",\"valueRequired\":true,\"valueName\":\"search_term_string\"}}],\"inLanguage\":\"es\"},{\"@type\":\"Person\",\"@id\":\"https:\\\/\\\/poblenouurbandistrict.com\\\/#\\\/schema\\\/person\\\/980a2cf34b399d5218205730acd54a7e\",\"name\":\"pnud\",\"image\":{\"@type\":\"ImageObject\",\"inLanguage\":\"es\",\"@id\":\"https:\\\/\\\/secure.gravatar.com\\\/avatar\\\/67146597b405ee077a24e519f75c3e2031736596d6ce35af3a34c122c93d0d7b?s=96&d=retro&r=g\",\"url\":\"https:\\\/\\\/secure.gravatar.com\\\/avatar\\\/67146597b405ee077a24e519f75c3e2031736596d6ce35af3a34c122c93d0d7b?s=96&d=retro&r=g\",\"contentUrl\":\"https:\\\/\\\/secure.gravatar.com\\\/avatar\\\/67146597b405ee077a24e519f75c3e2031736596d6ce35af3a34c122c93d0d7b?s=96&d=retro&r=g\",\"caption\":\"pnud\"}}]}<\/script>\n<!-- \/ Yoast SEO plugin. -->","yoast_head_json":{"title":"Tiendas y showrooms del Poblenou Open Day &#8211; Poblenou Urban District","robots":{"index":"index","follow":"follow","max-snippet":"max-snippet:-1","max-image-preview":"max-image-preview:large","max-video-preview":"max-video-preview:-1"},"canonical":"https:\/\/poblenouurbandistrict.com\/es\/botigues-i-showrooms-del-poblenou-open-day\/","og_locale":"es_ES","og_type":"article","og_title":"Tiendas y showrooms del Poblenou Open Day &#8211; Poblenou Urban District","og_description":"Las tiendas y showrooms asociadas al Poblenou Urban District participar\u00e1n este 10 de mayo en el Open Day con promociones... M\u00e1s \u2192","og_url":"https:\/\/poblenouurbandistrict.com\/es\/botigues-i-showrooms-del-poblenou-open-day\/","og_site_name":"Poblenou Urban District","article_published_time":"2025-05-05T09:16:10+00:00","article_modified_time":"2025-05-08T09:09:04+00:00","og_image":[{"width":1280,"height":853,"url":"https:\/\/poblenouurbandistrict.com\/wp-content\/uploads\/2025\/04\/img-1061-shop-moryartycom.jpg","type":"image\/jpeg"}],"author":"pnud","twitter_card":"summary_large_image","twitter_misc":{"Escrito por":"pnud","Tiempo de lectura":"3 minutos"},"schema":{"@context":"https:\/\/schema.org","@graph":[{"@type":"Article","@id":"https:\/\/poblenouurbandistrict.com\/botigues-i-showrooms-del-poblenou-open-day\/#article","isPartOf":{"@id":"https:\/\/poblenouurbandistrict.com\/botigues-i-showrooms-del-poblenou-open-day\/"},"author":{"name":"pnud","@id":"https:\/\/poblenouurbandistrict.com\/#\/schema\/person\/980a2cf34b399d5218205730acd54a7e"},"headline":"Tiendas y showrooms del Poblenou Open Day","datePublished":"2025-05-05T09:16:10+00:00","dateModified":"2025-05-08T09:09:04+00:00","mainEntityOfPage":{"@id":"https:\/\/poblenouurbandistrict.com\/botigues-i-showrooms-del-poblenou-open-day\/"},"wordCount":1339,"image":{"@id":"https:\/\/poblenouurbandistrict.com\/botigues-i-showrooms-del-poblenou-open-day\/#primaryimage"},"thumbnailUrl":"https:\/\/media.poblenouurbandistrict.com\/2025\/04\/25090140\/img-1061-shop-moryartycom.jpg","articleSection":["Poblenou Open Day"],"inLanguage":"es"},{"@type":"WebPage","@id":"https:\/\/poblenouurbandistrict.com\/es\/botigues-i-showrooms-del-poblenou-open-day\/","url":"https:\/\/poblenouurbandistrict.com\/es\/botigues-i-showrooms-del-poblenou-open-day\/","name":"Tiendas y showrooms del Poblenou Open Day &#8211; Poblenou Urban District","isPartOf":{"@id":"https:\/\/poblenouurbandistrict.com\/es\/#website"},"primaryImageOfPage":{"@id":"https:\/\/poblenouurbandistrict.com\/es\/botigues-i-showrooms-del-poblenou-open-day\/#primaryimage"},"image":{"@id":"https:\/\/poblenouurbandistrict.com\/botigues-i-showrooms-del-poblenou-open-day\/#primaryimage"},"thumbnailUrl":"https:\/\/media.poblenouurbandistrict.com\/2025\/04\/25090140\/img-1061-shop-moryartycom.jpg","datePublished":"2025-05-05T09:16:10+00:00","dateModified":"2025-05-08T09:09:04+00:00","author":{"@id":"https:\/\/poblenouurbandistrict.com\/#\/schema\/person\/980a2cf34b399d5218205730acd54a7e"},"breadcrumb":{"@id":"https:\/\/poblenouurbandistrict.com\/es\/botigues-i-showrooms-del-poblenou-open-day\/#breadcrumb"},"inLanguage":"es","potentialAction":[{"@type":"ReadAction","target":[["https:\/\/poblenouurbandistrict.com\/es\/botigues-i-showrooms-del-poblenou-open-day\/"]]}]},{"@type":"ImageObject","inLanguage":"es","@id":"https:\/\/poblenouurbandistrict.com\/es\/botigues-i-showrooms-del-poblenou-open-day\/#primaryimage","url":"https:\/\/media.poblenouurbandistrict.com\/2025\/04\/25090140\/img-1061-shop-moryartycom.jpg","contentUrl":"https:\/\/media.poblenouurbandistrict.com\/2025\/04\/25090140\/img-1061-shop-moryartycom.jpg","width":1280,"height":853},{"@type":"BreadcrumbList","@id":"https:\/\/poblenouurbandistrict.com\/es\/botigues-i-showrooms-del-poblenou-open-day\/#breadcrumb","itemListElement":[{"@type":"ListItem","position":1,"name":"Home","item":"https:\/\/poblenouurbandistrict.com\/es\/"},{"@type":"ListItem","position":2,"name":"Botigues i showrooms del Poblenou Open Day"}]},{"@type":"WebSite","@id":"https:\/\/poblenouurbandistrict.com\/es\/#website","url":"https:\/\/poblenouurbandistrict.com\/es\/","name":"Poblenou Urban District","description":"Comunidad Creativa","potentialAction":[{"@type":"SearchAction","target":{"@type":"EntryPoint","urlTemplate":"https:\/\/poblenouurbandistrict.com\/es\/?s={search_term_string}"},"query-input":{"@type":"PropertyValueSpecification","valueRequired":true,"valueName":"search_term_string"}}],"inLanguage":"es"},{"@type":"Person","@id":"https:\/\/poblenouurbandistrict.com\/#\/schema\/person\/980a2cf34b399d5218205730acd54a7e","name":"pnud","image":{"@type":"ImageObject","inLanguage":"es","@id":"https:\/\/secure.gravatar.com\/avatar\/67146597b405ee077a24e519f75c3e2031736596d6ce35af3a34c122c93d0d7b?s=96&d=retro&r=g","url":"https:\/\/secure.gravatar.com\/avatar\/67146597b405ee077a24e519f75c3e2031736596d6ce35af3a34c122c93d0d7b?s=96&d=retro&r=g","contentUrl":"https:\/\/secure.gravatar.com\/avatar\/67146597b405ee077a24e519f75c3e2031736596d6ce35af3a34c122c93d0d7b?s=96&d=retro&r=g","caption":"pnud"}}]}},"_links":{"self":[{"href":"https:\/\/poblenouurbandistrict.com\/es\/wp-json\/wp\/v2\/posts\/50995","targetHints":{"allow":["GET"]}}],"collection":[{"href":"https:\/\/poblenouurbandistrict.com\/es\/wp-json\/wp\/v2\/posts"}],"about":[{"href":"https:\/\/poblenouurbandistrict.com\/es\/wp-json\/wp\/v2\/types\/post"}],"author":[{"embeddable":true,"href":"https:\/\/poblenouurbandistrict.com\/es\/wp-json\/wp\/v2\/users\/5"}],"replies":[{"embeddable":true,"href":"https:\/\/poblenouurbandistrict.com\/es\/wp-json\/wp\/v2\/comments?post=50995"}],"version-history":[{"count":5,"href":"https:\/\/poblenouurbandistrict.com\/es\/wp-json\/wp\/v2\/posts\/50995\/revisions"}],"predecessor-version":[{"id":51203,"href":"https:\/\/poblenouurbandistrict.com\/es\/wp-json\/wp\/v2\/posts\/50995\/revisions\/51203"}],"wp:featuredmedia":[{"embeddable":true,"href":"https:\/\/poblenouurbandistrict.com\/es\/wp-json\/wp\/v2\/media\/50935"}],"wp:attachment":[{"href":"https:\/\/poblenouurbandistrict.com\/es\/wp-json\/wp\/v2\/media?parent=50995"}],"wp:term":[{"taxonomy":"category","embeddable":true,"href":"https:\/\/poblenouurbandistrict.com\/es\/wp-json\/wp\/v2\/categories?post=50995"},{"taxonomy":"post_tag","embeddable":true,"href":"https:\/\/poblenouurbandistrict.com\/es\/wp-json\/wp\/v2\/tags?post=50995"}],"curies":[{"name":"wp","href":"https:\/\/api.w.org\/{rel}","templated":true}]}}