{"id":51028,"date":"2025-04-30T12:59:44","date_gmt":"2025-04-30T10:59:44","guid":{"rendered":"https:\/\/poblenouurbandistrict.com\/?p=51028"},"modified":"2025-04-30T16:41:36","modified_gmt":"2025-04-30T14:41:36","slug":"la-fundacio-carulla-presenta-fetitxes-digitals","status":"publish","type":"post","link":"https:\/\/poblenouurbandistrict.com\/es\/la-fundacio-carulla-presenta-fetitxes-digitals\/","title":{"rendered":"La Fundaci\u00f3 Carulla presenta Fetitxes Digitals"},"content":{"rendered":"<p><\/p>\n<p class=\"\" data-start=\"81\" data-end=\"246\"><span style=\"color: #333333;\">La <a style=\"color: #333333;\" href=\"https:\/\/fundaciocarulla.cat\/\">Fundaci\u00f3 Carulla<\/a> coorganiza junto con <a style=\"color: #333333;\" href=\"https:\/\/lafera.cat\/\">La Fera<\/a> un ciclo de charlas mensuales sobre el imaginario digital de diversos comunicadores catalanes: \u201c<strong>Fetiches Digitales<\/strong>\u201d.<\/span><\/p>\n<p class=\"\" data-start=\"248\" data-end=\"601\">Este mi\u00e9rcoles 30 de abril a las 19h en la Fundaci\u00f3 Carulla, llega la primera sesi\u00f3n: <strong>Archivo de Divas<\/strong>, donde Rita Rakosnik, Rita Roig y Mar Vallverd\u00fa compartir\u00e1n sus fetiches digitales, sus recuerdos relacionados con la evoluci\u00f3n y la creaci\u00f3n de su identidad en internet, sus hiperfijaciones, sus rabbit holes y su visi\u00f3n del universo digital catal\u00e1n.<\/p>\n<p class=\"\" data-start=\"603\" data-end=\"875\">Cada sesi\u00f3n ser\u00e1 un espacio participativo para la reflexi\u00f3n y el an\u00e1lisis del mundo digital y la escena cultural catalana, como la construcci\u00f3n de una comunidad en Twitter, la importaci\u00f3n de referentes de nicho anglosajones, memes en las newsletters y canales de Substack.<\/p>\n<p class=\"\" data-start=\"877\" data-end=\"910\">Entrada gratuita con consumici\u00f3n.<\/p>\n<p><\/p>","protected":false},"excerpt":{"rendered":"<p>La Fundaci\u00f3 Carulla coorganiza junto con La Fera un ciclo de charlas mensuales sobre el imaginario digital de diversos comunicadores&#8230; <a href=\"https:\/\/poblenouurbandistrict.com\/es\/la-fundacio-carulla-presenta-fetitxes-digitals\/\">M\u00e1s  \u2192<\/a><\/p>\n","protected":false},"author":5,"featured_media":51032,"comment_status":"closed","ping_status":"closed","sticky":false,"template":"","format":"standard","meta":{"_acf_changed":false,"footnotes":""},"categories":[1],"tags":[],"class_list":["post-51028","post","type-post","status-publish","format-standard","has-post-thumbnail","hentry","category-noticias"],"acf":[],"yoast_head":"<!-- This site is optimized with the Yoast SEO plugin v27.5 - https:\/\/yoast.com\/product\/yoast-seo-wordpress\/ -->\n<title>La Fundaci\u00f3 Carulla presenta Fetitxes Digitals &#8211; Poblenou Urban District<\/title>\n<meta name=\"robots\" content=\"index, follow, max-snippet:-1, max-image-preview:large, max-video-preview:-1\" \/>\n<link rel=\"canonical\" href=\"https:\/\/poblenouurbandistrict.com\/es\/la-fundacio-carulla-presenta-fetitxes-digitals\/\" \/>\n<meta property=\"og:locale\" content=\"es_ES\" \/>\n<meta property=\"og:type\" content=\"article\" \/>\n<meta property=\"og:title\" content=\"La Fundaci\u00f3 Carulla presenta Fetitxes Digitals &#8211; Poblenou Urban District\" \/>\n<meta property=\"og:description\" content=\"La Fundaci\u00f3 Carulla coorganiza junto con La Fera un ciclo de charlas mensuales sobre el imaginario digital de diversos comunicadores... M\u00e1s \u2192\" \/>\n<meta property=\"og:url\" content=\"https:\/\/poblenouurbandistrict.com\/es\/la-fundacio-carulla-presenta-fetitxes-digitals\/\" \/>\n<meta property=\"og:site_name\" content=\"Poblenou Urban District\" \/>\n<meta property=\"article:published_time\" content=\"2025-04-30T10:59:44+00:00\" \/>\n<meta property=\"article:modified_time\" content=\"2025-04-30T14:41:36+00:00\" \/>\n<meta property=\"og:image\" content=\"https:\/\/poblenouurbandistrict.com\/wp-content\/uploads\/2025\/04\/fundacio-carulla-ext-4jpg-1-scaled-1.jpeg\" \/>\n\t<meta property=\"og:image:width\" content=\"2560\" \/>\n\t<meta property=\"og:image:height\" content=\"1920\" \/>\n\t<meta property=\"og:image:type\" content=\"image\/jpeg\" \/>\n<meta name=\"author\" content=\"pnud\" \/>\n<meta name=\"twitter:card\" content=\"summary_large_image\" \/>\n<meta name=\"twitter:label1\" content=\"Escrito por\" \/>\n\t<meta name=\"twitter:data1\" content=\"pnud\" \/>\n\t<meta name=\"twitter:label2\" content=\"Tiempo de lectura\" \/>\n\t<meta name=\"twitter:data2\" content=\"1 minuto\" \/>\n<script type=\"application\/ld+json\" class=\"yoast-schema-graph\">{\"@context\":\"https:\\\/\\\/schema.org\",\"@graph\":[{\"@type\":\"Article\",\"@id\":\"https:\\\/\\\/poblenouurbandistrict.com\\\/la-fundacio-carulla-presenta-fetitxes-digitals\\\/#article\",\"isPartOf\":{\"@id\":\"https:\\\/\\\/poblenouurbandistrict.com\\\/la-fundacio-carulla-presenta-fetitxes-digitals\\\/\"},\"author\":{\"name\":\"pnud\",\"@id\":\"https:\\\/\\\/poblenouurbandistrict.com\\\/#\\\/schema\\\/person\\\/980a2cf34b399d5218205730acd54a7e\"},\"headline\":\"La Fundaci\u00f3 Carulla presenta Fetitxes Digitals\",\"datePublished\":\"2025-04-30T10:59:44+00:00\",\"dateModified\":\"2025-04-30T14:41:36+00:00\",\"mainEntityOfPage\":{\"@id\":\"https:\\\/\\\/poblenouurbandistrict.com\\\/la-fundacio-carulla-presenta-fetitxes-digitals\\\/\"},\"wordCount\":423,\"image\":{\"@id\":\"https:\\\/\\\/poblenouurbandistrict.com\\\/la-fundacio-carulla-presenta-fetitxes-digitals\\\/#primaryimage\"},\"thumbnailUrl\":\"https:\\\/\\\/media.poblenouurbandistrict.com\\\/2025\\\/04\\\/25090317\\\/fundacio-carulla-ext-4jpg-1-scaled-1-e1753362579664.jpeg\",\"articleSection\":[\"Est\u00e1 pasando\"],\"inLanguage\":\"es\"},{\"@type\":\"WebPage\",\"@id\":\"https:\\\/\\\/poblenouurbandistrict.com\\\/es\\\/la-fundacio-carulla-presenta-fetitxes-digitals\\\/\",\"url\":\"https:\\\/\\\/poblenouurbandistrict.com\\\/es\\\/la-fundacio-carulla-presenta-fetitxes-digitals\\\/\",\"name\":\"La Fundaci\u00f3 Carulla presenta Fetitxes Digitals &#8211; Poblenou Urban District\",\"isPartOf\":{\"@id\":\"https:\\\/\\\/poblenouurbandistrict.com\\\/es\\\/#website\"},\"primaryImageOfPage\":{\"@id\":\"https:\\\/\\\/poblenouurbandistrict.com\\\/es\\\/la-fundacio-carulla-presenta-fetitxes-digitals\\\/#primaryimage\"},\"image\":{\"@id\":\"https:\\\/\\\/poblenouurbandistrict.com\\\/la-fundacio-carulla-presenta-fetitxes-digitals\\\/#primaryimage\"},\"thumbnailUrl\":\"https:\\\/\\\/media.poblenouurbandistrict.com\\\/2025\\\/04\\\/25090317\\\/fundacio-carulla-ext-4jpg-1-scaled-1-e1753362579664.jpeg\",\"datePublished\":\"2025-04-30T10:59:44+00:00\",\"dateModified\":\"2025-04-30T14:41:36+00:00\",\"author\":{\"@id\":\"https:\\\/\\\/poblenouurbandistrict.com\\\/#\\\/schema\\\/person\\\/980a2cf34b399d5218205730acd54a7e\"},\"breadcrumb\":{\"@id\":\"https:\\\/\\\/poblenouurbandistrict.com\\\/es\\\/la-fundacio-carulla-presenta-fetitxes-digitals\\\/#breadcrumb\"},\"inLanguage\":\"es\",\"potentialAction\":[{\"@type\":\"ReadAction\",\"target\":[[\"https:\\\/\\\/poblenouurbandistrict.com\\\/es\\\/la-fundacio-carulla-presenta-fetitxes-digitals\\\/\"]]}]},{\"@type\":\"ImageObject\",\"inLanguage\":\"es\",\"@id\":\"https:\\\/\\\/poblenouurbandistrict.com\\\/es\\\/la-fundacio-carulla-presenta-fetitxes-digitals\\\/#primaryimage\",\"url\":\"https:\\\/\\\/media.poblenouurbandistrict.com\\\/2025\\\/04\\\/25090317\\\/fundacio-carulla-ext-4jpg-1-scaled-1-e1753362579664.jpeg\",\"contentUrl\":\"https:\\\/\\\/media.poblenouurbandistrict.com\\\/2025\\\/04\\\/25090317\\\/fundacio-carulla-ext-4jpg-1-scaled-1-e1753362579664.jpeg\",\"width\":2560,\"height\":1518},{\"@type\":\"BreadcrumbList\",\"@id\":\"https:\\\/\\\/poblenouurbandistrict.com\\\/es\\\/la-fundacio-carulla-presenta-fetitxes-digitals\\\/#breadcrumb\",\"itemListElement\":[{\"@type\":\"ListItem\",\"position\":1,\"name\":\"Home\",\"item\":\"https:\\\/\\\/poblenouurbandistrict.com\\\/es\\\/\"},{\"@type\":\"ListItem\",\"position\":2,\"name\":\"La Fundaci\u00f3 Carulla presenta Fetitxes Digitals\"}]},{\"@type\":\"WebSite\",\"@id\":\"https:\\\/\\\/poblenouurbandistrict.com\\\/es\\\/#website\",\"url\":\"https:\\\/\\\/poblenouurbandistrict.com\\\/es\\\/\",\"name\":\"Poblenou Urban District\",\"description\":\"Comunidad Creativa\",\"potentialAction\":[{\"@type\":\"SearchAction\",\"target\":{\"@type\":\"EntryPoint\",\"urlTemplate\":\"https:\\\/\\\/poblenouurbandistrict.com\\\/es\\\/?s={search_term_string}\"},\"query-input\":{\"@type\":\"PropertyValueSpecification\",\"valueRequired\":true,\"valueName\":\"search_term_string\"}}],\"inLanguage\":\"es\"},{\"@type\":\"Person\",\"@id\":\"https:\\\/\\\/poblenouurbandistrict.com\\\/#\\\/schema\\\/person\\\/980a2cf34b399d5218205730acd54a7e\",\"name\":\"pnud\",\"image\":{\"@type\":\"ImageObject\",\"inLanguage\":\"es\",\"@id\":\"https:\\\/\\\/secure.gravatar.com\\\/avatar\\\/67146597b405ee077a24e519f75c3e2031736596d6ce35af3a34c122c93d0d7b?s=96&d=retro&r=g\",\"url\":\"https:\\\/\\\/secure.gravatar.com\\\/avatar\\\/67146597b405ee077a24e519f75c3e2031736596d6ce35af3a34c122c93d0d7b?s=96&d=retro&r=g\",\"contentUrl\":\"https:\\\/\\\/secure.gravatar.com\\\/avatar\\\/67146597b405ee077a24e519f75c3e2031736596d6ce35af3a34c122c93d0d7b?s=96&d=retro&r=g\",\"caption\":\"pnud\"}}]}<\/script>\n<!-- \/ Yoast SEO plugin. -->","yoast_head_json":{"title":"La Fundaci\u00f3 Carulla presenta Fetitxes Digitals &#8211; Poblenou Urban District","robots":{"index":"index","follow":"follow","max-snippet":"max-snippet:-1","max-image-preview":"max-image-preview:large","max-video-preview":"max-video-preview:-1"},"canonical":"https:\/\/poblenouurbandistrict.com\/es\/la-fundacio-carulla-presenta-fetitxes-digitals\/","og_locale":"es_ES","og_type":"article","og_title":"La Fundaci\u00f3 Carulla presenta Fetitxes Digitals &#8211; Poblenou Urban District","og_description":"La Fundaci\u00f3 Carulla coorganiza junto con La Fera un ciclo de charlas mensuales sobre el imaginario digital de diversos comunicadores... M\u00e1s \u2192","og_url":"https:\/\/poblenouurbandistrict.com\/es\/la-fundacio-carulla-presenta-fetitxes-digitals\/","og_site_name":"Poblenou Urban District","article_published_time":"2025-04-30T10:59:44+00:00","article_modified_time":"2025-04-30T14:41:36+00:00","og_image":[{"width":2560,"height":1920,"url":"https:\/\/poblenouurbandistrict.com\/wp-content\/uploads\/2025\/04\/fundacio-carulla-ext-4jpg-1-scaled-1.jpeg","type":"image\/jpeg"}],"author":"pnud","twitter_card":"summary_large_image","twitter_misc":{"Escrito por":"pnud","Tiempo de lectura":"1 minuto"},"schema":{"@context":"https:\/\/schema.org","@graph":[{"@type":"Article","@id":"https:\/\/poblenouurbandistrict.com\/la-fundacio-carulla-presenta-fetitxes-digitals\/#article","isPartOf":{"@id":"https:\/\/poblenouurbandistrict.com\/la-fundacio-carulla-presenta-fetitxes-digitals\/"},"author":{"name":"pnud","@id":"https:\/\/poblenouurbandistrict.com\/#\/schema\/person\/980a2cf34b399d5218205730acd54a7e"},"headline":"La Fundaci\u00f3 Carulla presenta Fetitxes Digitals","datePublished":"2025-04-30T10:59:44+00:00","dateModified":"2025-04-30T14:41:36+00:00","mainEntityOfPage":{"@id":"https:\/\/poblenouurbandistrict.com\/la-fundacio-carulla-presenta-fetitxes-digitals\/"},"wordCount":423,"image":{"@id":"https:\/\/poblenouurbandistrict.com\/la-fundacio-carulla-presenta-fetitxes-digitals\/#primaryimage"},"thumbnailUrl":"https:\/\/media.poblenouurbandistrict.com\/2025\/04\/25090317\/fundacio-carulla-ext-4jpg-1-scaled-1-e1753362579664.jpeg","articleSection":["Est\u00e1 pasando"],"inLanguage":"es"},{"@type":"WebPage","@id":"https:\/\/poblenouurbandistrict.com\/es\/la-fundacio-carulla-presenta-fetitxes-digitals\/","url":"https:\/\/poblenouurbandistrict.com\/es\/la-fundacio-carulla-presenta-fetitxes-digitals\/","name":"La Fundaci\u00f3 Carulla presenta Fetitxes Digitals &#8211; Poblenou Urban District","isPartOf":{"@id":"https:\/\/poblenouurbandistrict.com\/es\/#website"},"primaryImageOfPage":{"@id":"https:\/\/poblenouurbandistrict.com\/es\/la-fundacio-carulla-presenta-fetitxes-digitals\/#primaryimage"},"image":{"@id":"https:\/\/poblenouurbandistrict.com\/la-fundacio-carulla-presenta-fetitxes-digitals\/#primaryimage"},"thumbnailUrl":"https:\/\/media.poblenouurbandistrict.com\/2025\/04\/25090317\/fundacio-carulla-ext-4jpg-1-scaled-1-e1753362579664.jpeg","datePublished":"2025-04-30T10:59:44+00:00","dateModified":"2025-04-30T14:41:36+00:00","author":{"@id":"https:\/\/poblenouurbandistrict.com\/#\/schema\/person\/980a2cf34b399d5218205730acd54a7e"},"breadcrumb":{"@id":"https:\/\/poblenouurbandistrict.com\/es\/la-fundacio-carulla-presenta-fetitxes-digitals\/#breadcrumb"},"inLanguage":"es","potentialAction":[{"@type":"ReadAction","target":[["https:\/\/poblenouurbandistrict.com\/es\/la-fundacio-carulla-presenta-fetitxes-digitals\/"]]}]},{"@type":"ImageObject","inLanguage":"es","@id":"https:\/\/poblenouurbandistrict.com\/es\/la-fundacio-carulla-presenta-fetitxes-digitals\/#primaryimage","url":"https:\/\/media.poblenouurbandistrict.com\/2025\/04\/25090317\/fundacio-carulla-ext-4jpg-1-scaled-1-e1753362579664.jpeg","contentUrl":"https:\/\/media.poblenouurbandistrict.com\/2025\/04\/25090317\/fundacio-carulla-ext-4jpg-1-scaled-1-e1753362579664.jpeg","width":2560,"height":1518},{"@type":"BreadcrumbList","@id":"https:\/\/poblenouurbandistrict.com\/es\/la-fundacio-carulla-presenta-fetitxes-digitals\/#breadcrumb","itemListElement":[{"@type":"ListItem","position":1,"name":"Home","item":"https:\/\/poblenouurbandistrict.com\/es\/"},{"@type":"ListItem","position":2,"name":"La Fundaci\u00f3 Carulla presenta Fetitxes Digitals"}]},{"@type":"WebSite","@id":"https:\/\/poblenouurbandistrict.com\/es\/#website","url":"https:\/\/poblenouurbandistrict.com\/es\/","name":"Poblenou Urban District","description":"Comunidad Creativa","potentialAction":[{"@type":"SearchAction","target":{"@type":"EntryPoint","urlTemplate":"https:\/\/poblenouurbandistrict.com\/es\/?s={search_term_string}"},"query-input":{"@type":"PropertyValueSpecification","valueRequired":true,"valueName":"search_term_string"}}],"inLanguage":"es"},{"@type":"Person","@id":"https:\/\/poblenouurbandistrict.com\/#\/schema\/person\/980a2cf34b399d5218205730acd54a7e","name":"pnud","image":{"@type":"ImageObject","inLanguage":"es","@id":"https:\/\/secure.gravatar.com\/avatar\/67146597b405ee077a24e519f75c3e2031736596d6ce35af3a34c122c93d0d7b?s=96&d=retro&r=g","url":"https:\/\/secure.gravatar.com\/avatar\/67146597b405ee077a24e519f75c3e2031736596d6ce35af3a34c122c93d0d7b?s=96&d=retro&r=g","contentUrl":"https:\/\/secure.gravatar.com\/avatar\/67146597b405ee077a24e519f75c3e2031736596d6ce35af3a34c122c93d0d7b?s=96&d=retro&r=g","caption":"pnud"}}]}},"_links":{"self":[{"href":"https:\/\/poblenouurbandistrict.com\/es\/wp-json\/wp\/v2\/posts\/51028","targetHints":{"allow":["GET"]}}],"collection":[{"href":"https:\/\/poblenouurbandistrict.com\/es\/wp-json\/wp\/v2\/posts"}],"about":[{"href":"https:\/\/poblenouurbandistrict.com\/es\/wp-json\/wp\/v2\/types\/post"}],"author":[{"embeddable":true,"href":"https:\/\/poblenouurbandistrict.com\/es\/wp-json\/wp\/v2\/users\/5"}],"replies":[{"embeddable":true,"href":"https:\/\/poblenouurbandistrict.com\/es\/wp-json\/wp\/v2\/comments?post=51028"}],"version-history":[{"count":3,"href":"https:\/\/poblenouurbandistrict.com\/es\/wp-json\/wp\/v2\/posts\/51028\/revisions"}],"predecessor-version":[{"id":51057,"href":"https:\/\/poblenouurbandistrict.com\/es\/wp-json\/wp\/v2\/posts\/51028\/revisions\/51057"}],"wp:featuredmedia":[{"embeddable":true,"href":"https:\/\/poblenouurbandistrict.com\/es\/wp-json\/wp\/v2\/media\/51032"}],"wp:attachment":[{"href":"https:\/\/poblenouurbandistrict.com\/es\/wp-json\/wp\/v2\/media?parent=51028"}],"wp:term":[{"taxonomy":"category","embeddable":true,"href":"https:\/\/poblenouurbandistrict.com\/es\/wp-json\/wp\/v2\/categories?post=51028"},{"taxonomy":"post_tag","embeddable":true,"href":"https:\/\/poblenouurbandistrict.com\/es\/wp-json\/wp\/v2\/tags?post=51028"}],"curies":[{"name":"wp","href":"https:\/\/api.w.org\/{rel}","templated":true}]}}