{"id":51035,"date":"2025-05-05T11:21:49","date_gmt":"2025-05-05T09:21:49","guid":{"rendered":"https:\/\/poblenouurbandistrict.com\/?p=51035"},"modified":"2025-05-09T11:50:07","modified_gmt":"2025-05-09T09:50:07","slug":"tallers-xerrades-i-activitats-per-a-tothom-al-poblenou-open-day","status":"publish","type":"post","link":"https:\/\/poblenouurbandistrict.com\/es\/tallers-xerrades-i-activitats-per-a-tothom-al-poblenou-open-day\/","title":{"rendered":"Talleres, charlas y actividades para todos en el Poblenou Open Day."},"content":{"rendered":"<p>Con motivo del Open Day, este 10 de mayo varios espacios asociados a Poblenou Urban District han organizado una variada programaci\u00f3n de talleres, charlas y actividades. Una oportunidad perfecta para aprender, inspirarte y vivir nuevas experiencias en un ambiente creativo. Aqu\u00ed te contamos m\u00e1s:<\/p>\n<p>&nbsp;<\/p>\n<h3><span style=\"color: #333333;\"><a style=\"color: #333333;\" href=\"https:\/\/www.thewondercrew.es\/\">PALOOZA SPACE \/ THE W\u00d6NDER CREW<\/a><\/span><\/h3>\n<div class=\"location-content\">\n<p><span style=\"color: #333333;\"><strong>Palooza<\/strong>\u00a0y\u00a0<strong>Morning Yoga<\/strong>\u00a0te invitan a participar en una experiencia de Yoga &amp; Cata. Se impartir\u00e1 una clase de yoga vinyasa con los instructores\u00a0<strong>Javier Salinas<\/strong>\u00a0y\u00a0<strong>S\u00f2nia Grau<\/strong>\u00a0seguida de una cata de su\u00a0<strong>Wonder Box Healthy.<\/strong>\u00a0Se necesita traer material para la pr\u00e1ctica. <a style=\"color: #333333;\" href=\"https:\/\/www.eventbrite.es\/e\/yoga-cata-tickets-1330640293939?aff=oddtdtcreator\">\u00a1Ap\u00fantate gratis aqu\u00ed!<\/a>\u00a0Plazas limitadas.<\/span><\/p>\n<h6 style=\"text-align: center;\"><strong><span style=\"color: #333333;\">Llull, 48<\/span><\/strong><\/h6>\n<h6 style=\"text-align: center;\"><strong><span style=\"color: #333333;\">13h a 14h<\/span><\/strong><\/h6>\n<h3><\/h3>\n<h3><span style=\"color: #333333;\"><a style=\"color: #333333;\" href=\"https:\/\/blit.studio\/pages\/unfolded\"><span style=\"font-size: 16px;\">UNFOLDED by Blit.<\/span><\/a><\/span><\/h3>\n<p><span style=\"color: #333333;\"><span style=\"font-size: 16px;\">Explora\u00a0<\/span><strong><a style=\"font-size: 16px; color: #333333;\" href=\"http:\/\/www.blit.studio\/Unfolded\">UNFOLDED<\/a><\/strong><span style=\"font-size: 16px;\"><strong>,<\/strong> el espacio experiencial de<strong>\u00a0<\/strong><\/span><strong><a style=\"font-size: 16px; color: #333333;\" href=\"http:\/\/www.blit.studio\/\">blit.studio<\/a><\/strong><span style=\"font-size: 16px;\">. Ad\u00e9ntrate en nuestro laboratorio creativo, donde experimentamos con inteligencia artificial, o descubre nuestras \u00faltimas experiencias de realidad virtual, escenograf\u00edas digitales y proyectos de<\/span><em style=\"font-size: 16px;\">\u00a0mapping<\/em><span style=\"font-size: 16px;\">, como la experiencia multisensorial NOCTURNA. <\/span><span style=\"font-size: 16px;\">Vive nuestras instalaciones ef\u00edmeras e interactivas, donde t\u00fa formas parte de la creaci\u00f3n. Es un espacio donde compartimos nuestros proyectos e ideas. <\/span><\/span><span style=\"font-size: 16px;\"><span style=\"color: #333333;\">\u00a1Vente, no dejes que te lo cue<\/span>nten!<\/span><\/p>\n<h6 style=\"text-align: center;\" data-start=\"1121\" data-end=\"1187\"><span style=\"color: #333333;\">12h a 22h<\/span><\/h6>\n<h3><strong><a href=\"https:\/\/www.paloalto.barcelona\/expogest\">Palo Alto Barcelona<\/a><\/strong><\/h3>\n<p>Con motivo de la exposici\u00f3n Descodificando el gesto, en Palo Alto realizaremos el coloquio y encuentro con personas vinculadas a la exposici\u00f3n y expertos en IA.<br \/>\nEl coloquio propone una reflexi\u00f3n sobre la dimensi\u00f3n social y cultural de nuestros gestos, as\u00ed como explorar y cuestionar el poder de las nuevas tecnolog\u00edas y su impacto en el pasado, el presente y un futuro a\u00fan por definir.<\/p>\n<p><a href=\"https:\/\/coloquiogesto.eventbrite.es\/\">Registro AQUI<\/a><\/p>\n<h6 style=\"text-align: center;\">Pellaires 30 &#8211; 38<br \/>\n11:30h a 12:30h<\/h6>\n<\/div>\n<h3><span style=\"color: #333333;\"><a style=\"color: #333333;\" href=\"https:\/\/barcelonaschoolofcreativity.com\/\">Barcelona School of Creativity<\/a><\/span><\/h3>\n<div class=\"location-content\">\n<p><span style=\"color: #333333;\"><a style=\"color: #333333;\" href=\"https:\/\/barcelonaschoolofcreativity.com\/\">Barcelona School of Creativity<\/a>\u00a0trae el taller de<strong> MALA HIERBA<\/strong>, con 3h de creatividad salvaje en la ciudad para relajar cuerpo y mente, conectar, escribir y reencontrar la creatividad que te pertenece. Un taller\u00a0<strong>GRATUITO<\/strong>\u00a0introductorio al retiro que organiza en julio. Aprende a disfrutar del proceso creativo y conoce el trabajo de Creatividad Inside-Out en este workshop. Imprescindible apuntarse\u00a0<a style=\"color: #333333;\" href=\"https:\/\/www.creatividadinsideout.com\/malahierba_mayo\">aqu\u00ed<\/a>.<\/span><\/p>\n<h6 style=\"text-align: center;\"><strong><span style=\"color: #333333;\">Pallars 65, interior, Nau 4<\/span><\/strong><\/h6>\n<h6 style=\"text-align: center;\"><strong><span style=\"color: #333333;\">10:30h a 13:30h<\/span><\/strong><\/h6>\n<h3><\/h3>\n<h3><span style=\"color: #333333;\"><a style=\"color: #333333;\" href=\"https:\/\/www.fxbarcelonafilmschool.com\/es\">FX Barcelona Film School<\/a><\/span><\/h3>\n<div class=\"location-content\">\n<p><span style=\"color: #333333;\">Si te apasiona el cine, la animaci\u00f3n o los videojuegos, no te pierdas este completo programa de actividades pensado para j\u00f3venes creativos. De 12:00 a 13:30 podr\u00e1s participar en talleres como:\u00a0<strong data-start=\"293\" data-end=\"308\">Concept Art<\/strong>, donde dise\u00f1ar\u00e1s tu propio personaje a partir de una palabra clave,\u00a0 iniciarte en la\u00a0<strong data-start=\"395\" data-end=\"428\">interpretaci\u00f3n ante la c\u00e1mara\u00a0<\/strong>o participar en un taller de<strong data-start=\"395\" data-end=\"428\">\u00a0animaci\u00f3n 2D.<\/strong>\u00a0Durante todo el d\u00eda habr\u00e1 exposici\u00f3n de arte conceptual, zona gamer, mercadillo, barbacoa y m\u00fasica en vivo. A las 19:00, el concierto de\u00a0<strong data-start=\"567\" data-end=\"591\">Rock &amp; Roll Brothers<\/strong>\u00a0pondr\u00e1 a vibrar la tarde, seguido de DJ set hasta el cierre. \u00a1Una jornada imperdible para amantes del arte digital y audiovisual!<\/span><\/p>\n<h6 style=\"text-align: center;\"><strong><span style=\"color: #333333;\">Pujadres, 112<\/span><\/strong><\/h6>\n<h6 style=\"text-align: center;\"><strong><span style=\"color: #333333;\">12h a 22h<\/span><\/strong><\/h6>\n<\/div>\n<\/div>\n<p>&nbsp;<\/p>\n<h3><span style=\"color: #333333;\"><a style=\"color: #333333;\" href=\"https:\/\/www.lidemschool.com\/\">L\u2019Idem Animation School<\/a><\/span><\/h3>\n<footer><span style=\"color: #333333;\"><a style=\"color: #333333;\" href=\"http:\/\/www.lidemschool.com\/\">L\u2019Idem<\/a>\u00a0, la escuela internacional de casi 30 a\u00f1os de experiencia en la formaci\u00f3n de nuevos talentos de animaci\u00f3n, realizar\u00e1 una jornada de puertas abiertas con una proyecci\u00f3n de cortometrajes de animaci\u00f3n realizados por los estudiantes del centro. Habr\u00e1 tambi\u00e9n charlas y visitas guiadas por sus instalaciones donde se podr\u00e1n visitar exposiciones como\u00a0<em>\u2018L\u2019Idem Wall of Fame\u2019<\/em>\u00a0para descubrir la trayectoria profesional de los estudiantes.<\/span><\/footer>\n<div class=\"location-content\">\n<h6 style=\"text-align: center;\"><strong><span style=\"color: #333333;\">Ciutat de Granada, 53-57<\/span><\/strong><\/h6>\n<h6 style=\"text-align: center;\"><strong><span style=\"color: #333333;\">10h a 19h<\/span><\/strong><\/h6>\n<h3><\/h3>\n<h3><span style=\"color: #333333;\"><a style=\"color: #333333;\" href=\"https:\/\/barcelona.lcieducation.com\/es\">LCI BARCELONA<\/a><\/span><\/h3>\n<div class=\"location-content\">\n<p><span style=\"color: #333333;\">Creatividad en directo: dise\u00f1o, arte, moda y animaci\u00f3n en el coraz\u00f3n del Poblenou<\/span><br \/>\n<span style=\"color: #333333;\">De 17h a 19:30h \u2013 Urban Sketching: dibuja al aire libre con tu estilo las distintas perspectivas arquitect\u00f3nicas de la sede en Poblenou. \u00a1Trae tu libreta y tus l\u00e1pices y deja fluir tu creatividad!\u00a0<strong><a style=\"color: #333333;\" href=\"https:\/\/www.eventbrite.ca\/e\/entradas-poblenou-open-day-taller-de-urban-sketching-en-lci-barcelona-1345060194249?aff=oddtdtcreator\">Reserva tu plaza a trav\u00e9s de este enlace.<\/a><\/strong><\/span><br \/>\n<span style=\"color: #333333;\">De 17h a 18h \u2013 Proyecci\u00f3n de cortometrajes de animaci\u00f3n en el F\u00f3rum (planta -1).<\/span><br \/>\n<span style=\"color: #333333;\">18h \u2013 Desfile de moda- \u00abTANDEM\u00bb con prendas de los alumnos de Gabriel Torres: Adri\u00e0 Carreras y Abril Fradera.<\/span><br \/>\n<span style=\"color: #333333;\">De 18:30h a 19:30h \u2013 Fashion Shooting Session: ven con tu equipo y participa en una sesi\u00f3n fotogr\u00e1fica en plat\u00f3 con algunos de los looks presentados en el desfile.<\/span><\/p>\n<\/div>\n<h6 class=\"location-content\" style=\"text-align: center;\"><strong>\u00c0laba, 124<\/strong><\/h6>\n<h6 class=\"location-content\" style=\"text-align: center;\"><strong>17h a 20h<\/strong><\/h6>\n<\/div>\n<h3><\/h3>\n<h3><span style=\"color: #333333;\"><a style=\"color: #333333;\" href=\"https:\/\/www.guiradohub.com\/\">Guirado Hub<\/a><\/span><\/h3>\n<footer>\n<p data-start=\"15\" data-end=\"252\">\u00a1GUIRADO HUB abre sus puertas para el Open Day! Descubre un espacio donde la creatividad y la comunidad se encuentran en perfecta armon\u00eda. Los visitantes podr\u00e1n recorrer el local y disfrutar de todo lo que GUIRADO HUB tiene para ofrecer:<\/p>\n<p data-start=\"254\" data-end=\"872\">\u2022\u00a0<strong data-start=\"256\" data-end=\"280\">Showroom JIRAFA GRIS<\/strong>: Podr\u00e1n explorar piezas \u00fanicas y genuinas de nuestra plataforma creativa. Adem\u00e1s, ofrecemos un 10% de descuento a quienes nos visiten y publiquen una foto etiquet\u00e1ndonos.<br \/>\n\u2022\u00a0<strong data-start=\"454\" data-end=\"474\">Espacio M\u00c1QUINAS<\/strong>: Un rinc\u00f3n de m\u00fasica, conexi\u00f3n y expresi\u00f3n art\u00edstica, con sesiones de DJs y un ambiente lleno de buen rollo.<br \/>\n\u2022\u00a0<strong data-start=\"586\" data-end=\"605\">Agencia GUIRADO<\/strong>: Una oportunidad para conocer la trayectoria de nuestro estudio de dise\u00f1o y arquitectura con m\u00e1s de 30 a\u00f1os de proyectos singulares.<br \/>\n\u2022\u00a0<strong data-start=\"741\" data-end=\"762\" data-is-only-node=\"\">Barra GUIRADO HUB<\/strong>: Un espacio para refrescarse con una bebida mientras conocen a la comunidad que forma parte de este proyecto.<\/p>\n<p data-start=\"874\" data-end=\"964\">Una cita para celebrar la creatividad, la colaboraci\u00f3n y la creaci\u00f3n de nuevas conexiones.<\/p>\n<\/footer>\n<div class=\"location-content\">\n<h6 style=\"text-align: center;\" data-start=\"642\" data-end=\"662\">Pallars 84, 1r 6a<\/h6>\n<h6 style=\"text-align: center;\" data-start=\"642\" data-end=\"662\"><strong data-start=\"642\" data-end=\"660\">De 18 h a 22 h<\/strong><\/h6>\n<h3><\/h3>\n<h3><span style=\"color: #333333;\"><a style=\"color: #333333;\" href=\"https:\/\/alfa5xrsports.com\/\">Alfa5<\/a><\/span><\/h3>\n<footer><span style=\"color: #333333;\">Con motivo del Open Day, Alfa5 ofrece la oportunidad de descubrir las 9 experiencias que ofrece el mayor centro dedicado a los deportes ampliados. La combinaci\u00f3n perfecta de deporte y tecnolog\u00eda en un espacio de 2.000 m\u00b2 donde se practica actividad f\u00edsica fusionada con realidad aumentada para todas las edades.<\/span><\/footer>\n<div class=\"location-content\">\n<p class=\"\" data-start=\"344\" data-end=\"469\">Durantre el Open Day aprobechad el c\u00f3digo ALFAOPENDAY ,para tener un 50% de descuento en las entradas. Se podr\u00e1n adquirir tanto <a href=\"https:\/\/feverup.com\/m\/266211\/ca?cp_landing_source=alfa5xrsports&amp;utm_source=direct\">online<\/a> como en la propia taquilla del centro.<\/p>\n<h6 style=\"text-align: center;\" data-start=\"471\" data-end=\"489\">Almog\u00e0vers, 169<\/h6>\n<h6 style=\"text-align: center;\" data-start=\"471\" data-end=\"489\"><strong data-start=\"471\" data-end=\"489\">De 12 h a 18 h<\/strong><\/h6>\n<\/div>\n<\/div>\n<h3><\/h3>\n<h3><span style=\"color: #333333;\"><a style=\"color: #333333;\" href=\"https:\/\/bridge48.com\/\">BRIDGE_4<\/a><\/span><\/h3>\n<p><span style=\"font-size: 16px;\"><span style=\"color: #333333;\">BRIDGE_48 abre las<\/span> puertas al arte, la m\u00fasica y la inmersi\u00f3n total. En colaboraci\u00f3n con SLIDEMEDIA presenta PARALLAX, una instalaci\u00f3n visual inmersiva que podr\u00e1 experimentarse con sonido envolvente gracias a la tecnolog\u00eda Dolby Atmos: un viaje audiovisual para sentir y vivirlo en 360\u00b0.<\/span><\/p>\n<div class=\"location-content\">\n<p>Durante el d\u00eda habr\u00e1 barbacoa al aire libre y podr\u00e1s visitar los estudios y ver el proceso creativo de artistas, mentores y productores. Habr\u00e1 m\u00fasica en directo a cargo de sus DJs y productores.<\/p>\n<h6 style=\"text-align: center;\">Llull, 48 bajos izquierda<\/h6>\n<h6 style=\"text-align: center;\"><strong>12h a 22:30h<\/strong><\/h6>\n<\/div>\n<p><\/p>","protected":false},"excerpt":{"rendered":"<p>Con motivo del Open Day, este 10 de mayo varios espacios asociados a Poblenou Urban District han organizado una variada&#8230; <a href=\"https:\/\/poblenouurbandistrict.com\/es\/tallers-xerrades-i-activitats-per-a-tothom-al-poblenou-open-day\/\">M\u00e1s  \u2192<\/a><\/p>\n","protected":false},"author":5,"featured_media":51023,"comment_status":"closed","ping_status":"closed","sticky":false,"template":"","format":"standard","meta":{"_acf_changed":false,"footnotes":""},"categories":[3567],"tags":[],"class_list":["post-51035","post","type-post","status-publish","format-standard","has-post-thumbnail","hentry","category-poblenou-open-day-2"],"acf":[],"yoast_head":"<!-- This site is optimized with the Yoast SEO plugin v27.5 - https:\/\/yoast.com\/product\/yoast-seo-wordpress\/ -->\n<title>Talleres, charlas y actividades para todos en el Poblenou Open Day. &#8211; Poblenou Urban District<\/title>\n<meta name=\"robots\" content=\"index, follow, max-snippet:-1, max-image-preview:large, max-video-preview:-1\" \/>\n<link rel=\"canonical\" href=\"https:\/\/poblenouurbandistrict.com\/es\/tallers-xerrades-i-activitats-per-a-tothom-al-poblenou-open-day\/\" \/>\n<meta property=\"og:locale\" content=\"es_ES\" \/>\n<meta property=\"og:type\" content=\"article\" \/>\n<meta property=\"og:title\" content=\"Talleres, charlas y actividades para todos en el Poblenou Open Day. &#8211; Poblenou Urban District\" \/>\n<meta property=\"og:description\" content=\"Con motivo del Open Day, este 10 de mayo varios espacios asociados a Poblenou Urban District han organizado una variada... M\u00e1s \u2192\" \/>\n<meta property=\"og:url\" content=\"https:\/\/poblenouurbandistrict.com\/es\/tallers-xerrades-i-activitats-per-a-tothom-al-poblenou-open-day\/\" \/>\n<meta property=\"og:site_name\" content=\"Poblenou Urban District\" \/>\n<meta property=\"article:published_time\" content=\"2025-05-05T09:21:49+00:00\" \/>\n<meta property=\"article:modified_time\" content=\"2025-05-09T09:50:07+00:00\" \/>\n<meta property=\"og:image\" content=\"https:\/\/poblenouurbandistrict.com\/wp-content\/uploads\/2025\/04\/eventbrite.jpg\" \/>\n\t<meta property=\"og:image:width\" content=\"2560\" \/>\n\t<meta property=\"og:image:height\" content=\"1707\" \/>\n\t<meta property=\"og:image:type\" content=\"image\/jpeg\" \/>\n<meta name=\"author\" content=\"pnud\" \/>\n<meta name=\"twitter:card\" content=\"summary_large_image\" \/>\n<meta name=\"twitter:label1\" content=\"Escrito por\" \/>\n\t<meta name=\"twitter:data1\" content=\"pnud\" \/>\n\t<meta name=\"twitter:label2\" content=\"Tiempo de lectura\" \/>\n\t<meta name=\"twitter:data2\" content=\"5 minutos\" \/>\n<script type=\"application\/ld+json\" class=\"yoast-schema-graph\">{\"@context\":\"https:\\\/\\\/schema.org\",\"@graph\":[{\"@type\":\"Article\",\"@id\":\"https:\\\/\\\/poblenouurbandistrict.com\\\/tallers-xerrades-i-activitats-per-a-tothom-al-poblenou-open-day\\\/#article\",\"isPartOf\":{\"@id\":\"https:\\\/\\\/poblenouurbandistrict.com\\\/tallers-xerrades-i-activitats-per-a-tothom-al-poblenou-open-day\\\/\"},\"author\":{\"name\":\"pnud\",\"@id\":\"https:\\\/\\\/poblenouurbandistrict.com\\\/#\\\/schema\\\/person\\\/980a2cf34b399d5218205730acd54a7e\"},\"headline\":\"Talleres, charlas y actividades para todos en el Poblenou Open Day.\",\"datePublished\":\"2025-05-05T09:21:49+00:00\",\"dateModified\":\"2025-05-09T09:50:07+00:00\",\"mainEntityOfPage\":{\"@id\":\"https:\\\/\\\/poblenouurbandistrict.com\\\/tallers-xerrades-i-activitats-per-a-tothom-al-poblenou-open-day\\\/\"},\"wordCount\":2932,\"image\":{\"@id\":\"https:\\\/\\\/poblenouurbandistrict.com\\\/tallers-xerrades-i-activitats-per-a-tothom-al-poblenou-open-day\\\/#primaryimage\"},\"thumbnailUrl\":\"https:\\\/\\\/media.poblenouurbandistrict.com\\\/2025\\\/04\\\/25090304\\\/eventbrite.jpg\",\"articleSection\":[\"Poblenou Open Day\"],\"inLanguage\":\"es\"},{\"@type\":\"WebPage\",\"@id\":\"https:\\\/\\\/poblenouurbandistrict.com\\\/es\\\/tallers-xerrades-i-activitats-per-a-tothom-al-poblenou-open-day\\\/\",\"url\":\"https:\\\/\\\/poblenouurbandistrict.com\\\/es\\\/tallers-xerrades-i-activitats-per-a-tothom-al-poblenou-open-day\\\/\",\"name\":\"Talleres, charlas y actividades para todos en el Poblenou Open Day. &#8211; Poblenou Urban District\",\"isPartOf\":{\"@id\":\"https:\\\/\\\/poblenouurbandistrict.com\\\/es\\\/#website\"},\"primaryImageOfPage\":{\"@id\":\"https:\\\/\\\/poblenouurbandistrict.com\\\/es\\\/tallers-xerrades-i-activitats-per-a-tothom-al-poblenou-open-day\\\/#primaryimage\"},\"image\":{\"@id\":\"https:\\\/\\\/poblenouurbandistrict.com\\\/tallers-xerrades-i-activitats-per-a-tothom-al-poblenou-open-day\\\/#primaryimage\"},\"thumbnailUrl\":\"https:\\\/\\\/media.poblenouurbandistrict.com\\\/2025\\\/04\\\/25090304\\\/eventbrite.jpg\",\"datePublished\":\"2025-05-05T09:21:49+00:00\",\"dateModified\":\"2025-05-09T09:50:07+00:00\",\"author\":{\"@id\":\"https:\\\/\\\/poblenouurbandistrict.com\\\/#\\\/schema\\\/person\\\/980a2cf34b399d5218205730acd54a7e\"},\"breadcrumb\":{\"@id\":\"https:\\\/\\\/poblenouurbandistrict.com\\\/es\\\/tallers-xerrades-i-activitats-per-a-tothom-al-poblenou-open-day\\\/#breadcrumb\"},\"inLanguage\":\"es\",\"potentialAction\":[{\"@type\":\"ReadAction\",\"target\":[[\"https:\\\/\\\/poblenouurbandistrict.com\\\/es\\\/tallers-xerrades-i-activitats-per-a-tothom-al-poblenou-open-day\\\/\"]]}]},{\"@type\":\"ImageObject\",\"inLanguage\":\"es\",\"@id\":\"https:\\\/\\\/poblenouurbandistrict.com\\\/es\\\/tallers-xerrades-i-activitats-per-a-tothom-al-poblenou-open-day\\\/#primaryimage\",\"url\":\"https:\\\/\\\/media.poblenouurbandistrict.com\\\/2025\\\/04\\\/25090304\\\/eventbrite.jpg\",\"contentUrl\":\"https:\\\/\\\/media.poblenouurbandistrict.com\\\/2025\\\/04\\\/25090304\\\/eventbrite.jpg\",\"width\":2560,\"height\":1707},{\"@type\":\"BreadcrumbList\",\"@id\":\"https:\\\/\\\/poblenouurbandistrict.com\\\/es\\\/tallers-xerrades-i-activitats-per-a-tothom-al-poblenou-open-day\\\/#breadcrumb\",\"itemListElement\":[{\"@type\":\"ListItem\",\"position\":1,\"name\":\"Home\",\"item\":\"https:\\\/\\\/poblenouurbandistrict.com\\\/es\\\/\"},{\"@type\":\"ListItem\",\"position\":2,\"name\":\"Tallers, xerrades i activitats per a tothom al Poblenou Open Day\"}]},{\"@type\":\"WebSite\",\"@id\":\"https:\\\/\\\/poblenouurbandistrict.com\\\/es\\\/#website\",\"url\":\"https:\\\/\\\/poblenouurbandistrict.com\\\/es\\\/\",\"name\":\"Poblenou Urban District\",\"description\":\"Comunidad Creativa\",\"potentialAction\":[{\"@type\":\"SearchAction\",\"target\":{\"@type\":\"EntryPoint\",\"urlTemplate\":\"https:\\\/\\\/poblenouurbandistrict.com\\\/es\\\/?s={search_term_string}\"},\"query-input\":{\"@type\":\"PropertyValueSpecification\",\"valueRequired\":true,\"valueName\":\"search_term_string\"}}],\"inLanguage\":\"es\"},{\"@type\":\"Person\",\"@id\":\"https:\\\/\\\/poblenouurbandistrict.com\\\/#\\\/schema\\\/person\\\/980a2cf34b399d5218205730acd54a7e\",\"name\":\"pnud\",\"image\":{\"@type\":\"ImageObject\",\"inLanguage\":\"es\",\"@id\":\"https:\\\/\\\/secure.gravatar.com\\\/avatar\\\/67146597b405ee077a24e519f75c3e2031736596d6ce35af3a34c122c93d0d7b?s=96&d=retro&r=g\",\"url\":\"https:\\\/\\\/secure.gravatar.com\\\/avatar\\\/67146597b405ee077a24e519f75c3e2031736596d6ce35af3a34c122c93d0d7b?s=96&d=retro&r=g\",\"contentUrl\":\"https:\\\/\\\/secure.gravatar.com\\\/avatar\\\/67146597b405ee077a24e519f75c3e2031736596d6ce35af3a34c122c93d0d7b?s=96&d=retro&r=g\",\"caption\":\"pnud\"}}]}<\/script>\n<!-- \/ Yoast SEO plugin. -->","yoast_head_json":{"title":"Talleres, charlas y actividades para todos en el Poblenou Open Day. &#8211; Poblenou Urban District","robots":{"index":"index","follow":"follow","max-snippet":"max-snippet:-1","max-image-preview":"max-image-preview:large","max-video-preview":"max-video-preview:-1"},"canonical":"https:\/\/poblenouurbandistrict.com\/es\/tallers-xerrades-i-activitats-per-a-tothom-al-poblenou-open-day\/","og_locale":"es_ES","og_type":"article","og_title":"Talleres, charlas y actividades para todos en el Poblenou Open Day. &#8211; Poblenou Urban District","og_description":"Con motivo del Open Day, este 10 de mayo varios espacios asociados a Poblenou Urban District han organizado una variada... M\u00e1s \u2192","og_url":"https:\/\/poblenouurbandistrict.com\/es\/tallers-xerrades-i-activitats-per-a-tothom-al-poblenou-open-day\/","og_site_name":"Poblenou Urban District","article_published_time":"2025-05-05T09:21:49+00:00","article_modified_time":"2025-05-09T09:50:07+00:00","og_image":[{"width":2560,"height":1707,"url":"https:\/\/poblenouurbandistrict.com\/wp-content\/uploads\/2025\/04\/eventbrite.jpg","type":"image\/jpeg"}],"author":"pnud","twitter_card":"summary_large_image","twitter_misc":{"Escrito por":"pnud","Tiempo de lectura":"5 minutos"},"schema":{"@context":"https:\/\/schema.org","@graph":[{"@type":"Article","@id":"https:\/\/poblenouurbandistrict.com\/tallers-xerrades-i-activitats-per-a-tothom-al-poblenou-open-day\/#article","isPartOf":{"@id":"https:\/\/poblenouurbandistrict.com\/tallers-xerrades-i-activitats-per-a-tothom-al-poblenou-open-day\/"},"author":{"name":"pnud","@id":"https:\/\/poblenouurbandistrict.com\/#\/schema\/person\/980a2cf34b399d5218205730acd54a7e"},"headline":"Talleres, charlas y actividades para todos en el Poblenou Open Day.","datePublished":"2025-05-05T09:21:49+00:00","dateModified":"2025-05-09T09:50:07+00:00","mainEntityOfPage":{"@id":"https:\/\/poblenouurbandistrict.com\/tallers-xerrades-i-activitats-per-a-tothom-al-poblenou-open-day\/"},"wordCount":2932,"image":{"@id":"https:\/\/poblenouurbandistrict.com\/tallers-xerrades-i-activitats-per-a-tothom-al-poblenou-open-day\/#primaryimage"},"thumbnailUrl":"https:\/\/media.poblenouurbandistrict.com\/2025\/04\/25090304\/eventbrite.jpg","articleSection":["Poblenou Open Day"],"inLanguage":"es"},{"@type":"WebPage","@id":"https:\/\/poblenouurbandistrict.com\/es\/tallers-xerrades-i-activitats-per-a-tothom-al-poblenou-open-day\/","url":"https:\/\/poblenouurbandistrict.com\/es\/tallers-xerrades-i-activitats-per-a-tothom-al-poblenou-open-day\/","name":"Talleres, charlas y actividades para todos en el Poblenou Open Day. &#8211; Poblenou Urban District","isPartOf":{"@id":"https:\/\/poblenouurbandistrict.com\/es\/#website"},"primaryImageOfPage":{"@id":"https:\/\/poblenouurbandistrict.com\/es\/tallers-xerrades-i-activitats-per-a-tothom-al-poblenou-open-day\/#primaryimage"},"image":{"@id":"https:\/\/poblenouurbandistrict.com\/tallers-xerrades-i-activitats-per-a-tothom-al-poblenou-open-day\/#primaryimage"},"thumbnailUrl":"https:\/\/media.poblenouurbandistrict.com\/2025\/04\/25090304\/eventbrite.jpg","datePublished":"2025-05-05T09:21:49+00:00","dateModified":"2025-05-09T09:50:07+00:00","author":{"@id":"https:\/\/poblenouurbandistrict.com\/#\/schema\/person\/980a2cf34b399d5218205730acd54a7e"},"breadcrumb":{"@id":"https:\/\/poblenouurbandistrict.com\/es\/tallers-xerrades-i-activitats-per-a-tothom-al-poblenou-open-day\/#breadcrumb"},"inLanguage":"es","potentialAction":[{"@type":"ReadAction","target":[["https:\/\/poblenouurbandistrict.com\/es\/tallers-xerrades-i-activitats-per-a-tothom-al-poblenou-open-day\/"]]}]},{"@type":"ImageObject","inLanguage":"es","@id":"https:\/\/poblenouurbandistrict.com\/es\/tallers-xerrades-i-activitats-per-a-tothom-al-poblenou-open-day\/#primaryimage","url":"https:\/\/media.poblenouurbandistrict.com\/2025\/04\/25090304\/eventbrite.jpg","contentUrl":"https:\/\/media.poblenouurbandistrict.com\/2025\/04\/25090304\/eventbrite.jpg","width":2560,"height":1707},{"@type":"BreadcrumbList","@id":"https:\/\/poblenouurbandistrict.com\/es\/tallers-xerrades-i-activitats-per-a-tothom-al-poblenou-open-day\/#breadcrumb","itemListElement":[{"@type":"ListItem","position":1,"name":"Home","item":"https:\/\/poblenouurbandistrict.com\/es\/"},{"@type":"ListItem","position":2,"name":"Tallers, xerrades i activitats per a tothom al Poblenou Open Day"}]},{"@type":"WebSite","@id":"https:\/\/poblenouurbandistrict.com\/es\/#website","url":"https:\/\/poblenouurbandistrict.com\/es\/","name":"Poblenou Urban District","description":"Comunidad Creativa","potentialAction":[{"@type":"SearchAction","target":{"@type":"EntryPoint","urlTemplate":"https:\/\/poblenouurbandistrict.com\/es\/?s={search_term_string}"},"query-input":{"@type":"PropertyValueSpecification","valueRequired":true,"valueName":"search_term_string"}}],"inLanguage":"es"},{"@type":"Person","@id":"https:\/\/poblenouurbandistrict.com\/#\/schema\/person\/980a2cf34b399d5218205730acd54a7e","name":"pnud","image":{"@type":"ImageObject","inLanguage":"es","@id":"https:\/\/secure.gravatar.com\/avatar\/67146597b405ee077a24e519f75c3e2031736596d6ce35af3a34c122c93d0d7b?s=96&d=retro&r=g","url":"https:\/\/secure.gravatar.com\/avatar\/67146597b405ee077a24e519f75c3e2031736596d6ce35af3a34c122c93d0d7b?s=96&d=retro&r=g","contentUrl":"https:\/\/secure.gravatar.com\/avatar\/67146597b405ee077a24e519f75c3e2031736596d6ce35af3a34c122c93d0d7b?s=96&d=retro&r=g","caption":"pnud"}}]}},"_links":{"self":[{"href":"https:\/\/poblenouurbandistrict.com\/es\/wp-json\/wp\/v2\/posts\/51035","targetHints":{"allow":["GET"]}}],"collection":[{"href":"https:\/\/poblenouurbandistrict.com\/es\/wp-json\/wp\/v2\/posts"}],"about":[{"href":"https:\/\/poblenouurbandistrict.com\/es\/wp-json\/wp\/v2\/types\/post"}],"author":[{"embeddable":true,"href":"https:\/\/poblenouurbandistrict.com\/es\/wp-json\/wp\/v2\/users\/5"}],"replies":[{"embeddable":true,"href":"https:\/\/poblenouurbandistrict.com\/es\/wp-json\/wp\/v2\/comments?post=51035"}],"version-history":[{"count":16,"href":"https:\/\/poblenouurbandistrict.com\/es\/wp-json\/wp\/v2\/posts\/51035\/revisions"}],"predecessor-version":[{"id":51238,"href":"https:\/\/poblenouurbandistrict.com\/es\/wp-json\/wp\/v2\/posts\/51035\/revisions\/51238"}],"wp:featuredmedia":[{"embeddable":true,"href":"https:\/\/poblenouurbandistrict.com\/es\/wp-json\/wp\/v2\/media\/51023"}],"wp:attachment":[{"href":"https:\/\/poblenouurbandistrict.com\/es\/wp-json\/wp\/v2\/media?parent=51035"}],"wp:term":[{"taxonomy":"category","embeddable":true,"href":"https:\/\/poblenouurbandistrict.com\/es\/wp-json\/wp\/v2\/categories?post=51035"},{"taxonomy":"post_tag","embeddable":true,"href":"https:\/\/poblenouurbandistrict.com\/es\/wp-json\/wp\/v2\/tags?post=51035"}],"curies":[{"name":"wp","href":"https:\/\/api.w.org\/{rel}","templated":true}]}}