{"id":51821,"date":"2025-07-01T12:20:11","date_gmt":"2025-07-01T10:20:11","guid":{"rendered":"https:\/\/poblenouurbandistrict.com\/?p=51821"},"modified":"2025-07-03T19:07:35","modified_gmt":"2025-07-03T17:07:35","slug":"ruizcompany-presenta-habitarlo-todo-una-fusio-de-poesia-i-dansa","status":"publish","type":"post","link":"https:\/\/poblenouurbandistrict.com\/es\/ruizcompany-presenta-habitarlo-todo-una-fusio-de-poesia-i-dansa\/","title":{"rendered":"Ruizcompany presenta \u00abHabitarlo todo\u00bb: una fusi\u00f3n de poes\u00eda y danza"},"content":{"rendered":"<p><\/p>\n<p data-start=\"581\" data-end=\"1060\"><a href=\"https:\/\/www.ruizcompany.com\/\"><strong>Ruizcompany<\/strong><\/a>, la agencia de branding, presenta \u00abHabitarlo Todo\u00bb el 18 de julio a las 19h, dedicado a la combinaci\u00f3n de poes\u00eda y danza en su estudio, en la calle \u00c1vila, 75. El evento lleva por nombre <strong data-start=\"740\" data-end=\"760\">\u00abHabitarlo Todo\u00bb<\/strong>, y contar\u00e1 con la escritora <strong data-start=\"789\" data-end=\"809\">Esmeralda Berbel<\/strong>, quien recitar\u00e1 textos de su libro <em data-start=\"845\" data-end=\"868\">\u00abCALMA CORAZ\u00d3N CALMA\u00bb<\/em>. Acompa\u00f1ando su recital, los bailarines <strong data-start=\"909\" data-end=\"927\">Marianna Roige<\/strong> y <strong data-start=\"930\" data-end=\"949\">Javier Corchero<\/strong> interpretar\u00e1n los textos a trav\u00e9s de la danza, creando una experiencia \u00fanica que fusiona palabra y movimiento.<\/p>\n<p data-start=\"1326\" data-end=\"1515\">El evento estar\u00e1 acompa\u00f1ado por <strong><a href=\"https:\/\/www.instagram.com\/benitastartas\">Benitas tartas<\/a><\/strong> quien traer\u00e1 deliciosas tartas caseras y con t\u00e9 y cervezas (El \u00c1guila).<\/p>\n<p data-start=\"1517\" data-end=\"1685\">No te pierdas esta oportunidad de sumergirte en un ambiente art\u00edstico y creativo, donde la poes\u00eda y la danza se encuentran para ofrecer una experiencia \u00fanica.<\/p>\n<p data-start=\"1517\" data-end=\"1685\">Reserva tu entrada en <strong data-start=\"1292\" data-end=\"1323\"><a class=\"cursor-pointer\" rel=\"noopener\" data-start=\"1294\" data-end=\"1321\">esmeraldaberbel@hotmail.com.<\/a><\/strong> Las entradas valen\u00a0<strong data-start=\"1160\" data-end=\"1167\">12\u20ac<\/strong>, y el aforo est\u00e1 limitado a <strong data-start=\"1196\" data-end=\"1211\">40 personas.<\/strong><\/p>\n<p><\/p>","protected":false},"excerpt":{"rendered":"<p>Ruizcompany, la agencia de branding, presenta \u00abHabitarlo Todo\u00bb el 18 de julio a las 19h, dedicado a la combinaci\u00f3n de&#8230; <a href=\"https:\/\/poblenouurbandistrict.com\/es\/ruizcompany-presenta-habitarlo-todo-una-fusio-de-poesia-i-dansa\/\">M\u00e1s  \u2192<\/a><\/p>\n","protected":false},"author":5,"featured_media":51822,"comment_status":"closed","ping_status":"closed","sticky":false,"template":"","format":"standard","meta":{"_acf_changed":false,"footnotes":""},"categories":[3600],"tags":[],"class_list":["post-51821","post","type-post","status-publish","format-standard","has-post-thumbnail","hentry","category-dansa"],"acf":[],"yoast_head":"<!-- This site is optimized with the Yoast SEO plugin v27.5 - https:\/\/yoast.com\/product\/yoast-seo-wordpress\/ -->\n<title>Ruizcompany presenta &quot;Habitarlo todo&quot;: una fusi\u00f3n de poes\u00eda y danza &#8211; Poblenou Urban District<\/title>\n<meta name=\"robots\" content=\"index, follow, max-snippet:-1, max-image-preview:large, max-video-preview:-1\" \/>\n<link rel=\"canonical\" href=\"https:\/\/poblenouurbandistrict.com\/es\/ruizcompany-presenta-habitarlo-todo-una-fusio-de-poesia-i-dansa\/\" \/>\n<meta property=\"og:locale\" content=\"es_ES\" \/>\n<meta property=\"og:type\" content=\"article\" \/>\n<meta property=\"og:title\" content=\"Ruizcompany presenta &quot;Habitarlo todo&quot;: una fusi\u00f3n de poes\u00eda y danza &#8211; Poblenou Urban District\" \/>\n<meta property=\"og:description\" content=\"Ruizcompany, la agencia de branding, presenta \u00abHabitarlo Todo\u00bb el 18 de julio a las 19h, dedicado a la combinaci\u00f3n de... M\u00e1s \u2192\" \/>\n<meta property=\"og:url\" content=\"https:\/\/poblenouurbandistrict.com\/es\/ruizcompany-presenta-habitarlo-todo-una-fusio-de-poesia-i-dansa\/\" \/>\n<meta property=\"og:site_name\" content=\"Poblenou Urban District\" \/>\n<meta property=\"article:published_time\" content=\"2025-07-01T10:20:11+00:00\" \/>\n<meta property=\"article:modified_time\" content=\"2025-07-03T17:07:35+00:00\" \/>\n<meta property=\"og:image\" content=\"https:\/\/poblenouurbandistrict.com\/wp-content\/uploads\/2025\/07\/captura-de-pantalla-2025-07-01-120531-e1751364588655.png\" \/>\n\t<meta property=\"og:image:width\" content=\"593\" \/>\n\t<meta property=\"og:image:height\" content=\"371\" \/>\n\t<meta property=\"og:image:type\" content=\"image\/png\" \/>\n<meta name=\"author\" content=\"pnud\" \/>\n<meta name=\"twitter:card\" content=\"summary_large_image\" \/>\n<meta name=\"twitter:label1\" content=\"Escrito por\" \/>\n\t<meta name=\"twitter:data1\" content=\"pnud\" \/>\n\t<meta name=\"twitter:label2\" content=\"Tiempo de lectura\" \/>\n\t<meta name=\"twitter:data2\" content=\"1 minuto\" \/>\n<script type=\"application\/ld+json\" class=\"yoast-schema-graph\">{\"@context\":\"https:\\\/\\\/schema.org\",\"@graph\":[{\"@type\":\"Article\",\"@id\":\"https:\\\/\\\/poblenouurbandistrict.com\\\/ruizcompany-presenta-habitarlo-todo-una-fusio-de-poesia-i-dansa\\\/#article\",\"isPartOf\":{\"@id\":\"https:\\\/\\\/poblenouurbandistrict.com\\\/ruizcompany-presenta-habitarlo-todo-una-fusio-de-poesia-i-dansa\\\/\"},\"author\":{\"name\":\"pnud\",\"@id\":\"https:\\\/\\\/poblenouurbandistrict.com\\\/#\\\/schema\\\/person\\\/980a2cf34b399d5218205730acd54a7e\"},\"headline\":\"Ruizcompany presenta \u00abHabitarlo todo\u00bb: una fusi\u00f3n de poes\u00eda y danza\",\"datePublished\":\"2025-07-01T10:20:11+00:00\",\"dateModified\":\"2025-07-03T17:07:35+00:00\",\"mainEntityOfPage\":{\"@id\":\"https:\\\/\\\/poblenouurbandistrict.com\\\/ruizcompany-presenta-habitarlo-todo-una-fusio-de-poesia-i-dansa\\\/\"},\"wordCount\":471,\"image\":{\"@id\":\"https:\\\/\\\/poblenouurbandistrict.com\\\/ruizcompany-presenta-habitarlo-todo-una-fusio-de-poesia-i-dansa\\\/#primaryimage\"},\"thumbnailUrl\":\"https:\\\/\\\/media.poblenouurbandistrict.com\\\/2025\\\/07\\\/25091717\\\/captura-de-pantalla-2025-07-01-120531-e1751364588655.png\",\"articleSection\":[\"Danza\"],\"inLanguage\":\"es\"},{\"@type\":\"WebPage\",\"@id\":\"https:\\\/\\\/poblenouurbandistrict.com\\\/es\\\/ruizcompany-presenta-habitarlo-todo-una-fusio-de-poesia-i-dansa\\\/\",\"url\":\"https:\\\/\\\/poblenouurbandistrict.com\\\/es\\\/ruizcompany-presenta-habitarlo-todo-una-fusio-de-poesia-i-dansa\\\/\",\"name\":\"Ruizcompany presenta \\\"Habitarlo todo\\\": una fusi\u00f3n de poes\u00eda y danza &#8211; Poblenou Urban District\",\"isPartOf\":{\"@id\":\"https:\\\/\\\/poblenouurbandistrict.com\\\/es\\\/#website\"},\"primaryImageOfPage\":{\"@id\":\"https:\\\/\\\/poblenouurbandistrict.com\\\/es\\\/ruizcompany-presenta-habitarlo-todo-una-fusio-de-poesia-i-dansa\\\/#primaryimage\"},\"image\":{\"@id\":\"https:\\\/\\\/poblenouurbandistrict.com\\\/ruizcompany-presenta-habitarlo-todo-una-fusio-de-poesia-i-dansa\\\/#primaryimage\"},\"thumbnailUrl\":\"https:\\\/\\\/media.poblenouurbandistrict.com\\\/2025\\\/07\\\/25091717\\\/captura-de-pantalla-2025-07-01-120531-e1751364588655.png\",\"datePublished\":\"2025-07-01T10:20:11+00:00\",\"dateModified\":\"2025-07-03T17:07:35+00:00\",\"author\":{\"@id\":\"https:\\\/\\\/poblenouurbandistrict.com\\\/#\\\/schema\\\/person\\\/980a2cf34b399d5218205730acd54a7e\"},\"breadcrumb\":{\"@id\":\"https:\\\/\\\/poblenouurbandistrict.com\\\/es\\\/ruizcompany-presenta-habitarlo-todo-una-fusio-de-poesia-i-dansa\\\/#breadcrumb\"},\"inLanguage\":\"es\",\"potentialAction\":[{\"@type\":\"ReadAction\",\"target\":[[\"https:\\\/\\\/poblenouurbandistrict.com\\\/es\\\/ruizcompany-presenta-habitarlo-todo-una-fusio-de-poesia-i-dansa\\\/\"]]}]},{\"@type\":\"ImageObject\",\"inLanguage\":\"es\",\"@id\":\"https:\\\/\\\/poblenouurbandistrict.com\\\/es\\\/ruizcompany-presenta-habitarlo-todo-una-fusio-de-poesia-i-dansa\\\/#primaryimage\",\"url\":\"https:\\\/\\\/media.poblenouurbandistrict.com\\\/2025\\\/07\\\/25091717\\\/captura-de-pantalla-2025-07-01-120531-e1751364588655.png\",\"contentUrl\":\"https:\\\/\\\/media.poblenouurbandistrict.com\\\/2025\\\/07\\\/25091717\\\/captura-de-pantalla-2025-07-01-120531-e1751364588655.png\",\"width\":593,\"height\":371},{\"@type\":\"BreadcrumbList\",\"@id\":\"https:\\\/\\\/poblenouurbandistrict.com\\\/es\\\/ruizcompany-presenta-habitarlo-todo-una-fusio-de-poesia-i-dansa\\\/#breadcrumb\",\"itemListElement\":[{\"@type\":\"ListItem\",\"position\":1,\"name\":\"Home\",\"item\":\"https:\\\/\\\/poblenouurbandistrict.com\\\/es\\\/\"},{\"@type\":\"ListItem\",\"position\":2,\"name\":\"Ruizcompany presenta &#8220;Habitarlo todo&#8221;: una fusi\u00f3 de poesia i dansa\"}]},{\"@type\":\"WebSite\",\"@id\":\"https:\\\/\\\/poblenouurbandistrict.com\\\/es\\\/#website\",\"url\":\"https:\\\/\\\/poblenouurbandistrict.com\\\/es\\\/\",\"name\":\"Poblenou Urban District\",\"description\":\"Comunidad Creativa\",\"potentialAction\":[{\"@type\":\"SearchAction\",\"target\":{\"@type\":\"EntryPoint\",\"urlTemplate\":\"https:\\\/\\\/poblenouurbandistrict.com\\\/es\\\/?s={search_term_string}\"},\"query-input\":{\"@type\":\"PropertyValueSpecification\",\"valueRequired\":true,\"valueName\":\"search_term_string\"}}],\"inLanguage\":\"es\"},{\"@type\":\"Person\",\"@id\":\"https:\\\/\\\/poblenouurbandistrict.com\\\/#\\\/schema\\\/person\\\/980a2cf34b399d5218205730acd54a7e\",\"name\":\"pnud\",\"image\":{\"@type\":\"ImageObject\",\"inLanguage\":\"es\",\"@id\":\"https:\\\/\\\/secure.gravatar.com\\\/avatar\\\/67146597b405ee077a24e519f75c3e2031736596d6ce35af3a34c122c93d0d7b?s=96&d=retro&r=g\",\"url\":\"https:\\\/\\\/secure.gravatar.com\\\/avatar\\\/67146597b405ee077a24e519f75c3e2031736596d6ce35af3a34c122c93d0d7b?s=96&d=retro&r=g\",\"contentUrl\":\"https:\\\/\\\/secure.gravatar.com\\\/avatar\\\/67146597b405ee077a24e519f75c3e2031736596d6ce35af3a34c122c93d0d7b?s=96&d=retro&r=g\",\"caption\":\"pnud\"}}]}<\/script>\n<!-- \/ Yoast SEO plugin. -->","yoast_head_json":{"title":"Ruizcompany presenta \"Habitarlo todo\": una fusi\u00f3n de poes\u00eda y danza &#8211; Poblenou Urban District","robots":{"index":"index","follow":"follow","max-snippet":"max-snippet:-1","max-image-preview":"max-image-preview:large","max-video-preview":"max-video-preview:-1"},"canonical":"https:\/\/poblenouurbandistrict.com\/es\/ruizcompany-presenta-habitarlo-todo-una-fusio-de-poesia-i-dansa\/","og_locale":"es_ES","og_type":"article","og_title":"Ruizcompany presenta \"Habitarlo todo\": una fusi\u00f3n de poes\u00eda y danza &#8211; Poblenou Urban District","og_description":"Ruizcompany, la agencia de branding, presenta \u00abHabitarlo Todo\u00bb el 18 de julio a las 19h, dedicado a la combinaci\u00f3n de... M\u00e1s \u2192","og_url":"https:\/\/poblenouurbandistrict.com\/es\/ruizcompany-presenta-habitarlo-todo-una-fusio-de-poesia-i-dansa\/","og_site_name":"Poblenou Urban District","article_published_time":"2025-07-01T10:20:11+00:00","article_modified_time":"2025-07-03T17:07:35+00:00","og_image":[{"width":593,"height":371,"url":"https:\/\/poblenouurbandistrict.com\/wp-content\/uploads\/2025\/07\/captura-de-pantalla-2025-07-01-120531-e1751364588655.png","type":"image\/png"}],"author":"pnud","twitter_card":"summary_large_image","twitter_misc":{"Escrito por":"pnud","Tiempo de lectura":"1 minuto"},"schema":{"@context":"https:\/\/schema.org","@graph":[{"@type":"Article","@id":"https:\/\/poblenouurbandistrict.com\/ruizcompany-presenta-habitarlo-todo-una-fusio-de-poesia-i-dansa\/#article","isPartOf":{"@id":"https:\/\/poblenouurbandistrict.com\/ruizcompany-presenta-habitarlo-todo-una-fusio-de-poesia-i-dansa\/"},"author":{"name":"pnud","@id":"https:\/\/poblenouurbandistrict.com\/#\/schema\/person\/980a2cf34b399d5218205730acd54a7e"},"headline":"Ruizcompany presenta \u00abHabitarlo todo\u00bb: una fusi\u00f3n de poes\u00eda y danza","datePublished":"2025-07-01T10:20:11+00:00","dateModified":"2025-07-03T17:07:35+00:00","mainEntityOfPage":{"@id":"https:\/\/poblenouurbandistrict.com\/ruizcompany-presenta-habitarlo-todo-una-fusio-de-poesia-i-dansa\/"},"wordCount":471,"image":{"@id":"https:\/\/poblenouurbandistrict.com\/ruizcompany-presenta-habitarlo-todo-una-fusio-de-poesia-i-dansa\/#primaryimage"},"thumbnailUrl":"https:\/\/media.poblenouurbandistrict.com\/2025\/07\/25091717\/captura-de-pantalla-2025-07-01-120531-e1751364588655.png","articleSection":["Danza"],"inLanguage":"es"},{"@type":"WebPage","@id":"https:\/\/poblenouurbandistrict.com\/es\/ruizcompany-presenta-habitarlo-todo-una-fusio-de-poesia-i-dansa\/","url":"https:\/\/poblenouurbandistrict.com\/es\/ruizcompany-presenta-habitarlo-todo-una-fusio-de-poesia-i-dansa\/","name":"Ruizcompany presenta \"Habitarlo todo\": una fusi\u00f3n de poes\u00eda y danza &#8211; Poblenou Urban District","isPartOf":{"@id":"https:\/\/poblenouurbandistrict.com\/es\/#website"},"primaryImageOfPage":{"@id":"https:\/\/poblenouurbandistrict.com\/es\/ruizcompany-presenta-habitarlo-todo-una-fusio-de-poesia-i-dansa\/#primaryimage"},"image":{"@id":"https:\/\/poblenouurbandistrict.com\/ruizcompany-presenta-habitarlo-todo-una-fusio-de-poesia-i-dansa\/#primaryimage"},"thumbnailUrl":"https:\/\/media.poblenouurbandistrict.com\/2025\/07\/25091717\/captura-de-pantalla-2025-07-01-120531-e1751364588655.png","datePublished":"2025-07-01T10:20:11+00:00","dateModified":"2025-07-03T17:07:35+00:00","author":{"@id":"https:\/\/poblenouurbandistrict.com\/#\/schema\/person\/980a2cf34b399d5218205730acd54a7e"},"breadcrumb":{"@id":"https:\/\/poblenouurbandistrict.com\/es\/ruizcompany-presenta-habitarlo-todo-una-fusio-de-poesia-i-dansa\/#breadcrumb"},"inLanguage":"es","potentialAction":[{"@type":"ReadAction","target":[["https:\/\/poblenouurbandistrict.com\/es\/ruizcompany-presenta-habitarlo-todo-una-fusio-de-poesia-i-dansa\/"]]}]},{"@type":"ImageObject","inLanguage":"es","@id":"https:\/\/poblenouurbandistrict.com\/es\/ruizcompany-presenta-habitarlo-todo-una-fusio-de-poesia-i-dansa\/#primaryimage","url":"https:\/\/media.poblenouurbandistrict.com\/2025\/07\/25091717\/captura-de-pantalla-2025-07-01-120531-e1751364588655.png","contentUrl":"https:\/\/media.poblenouurbandistrict.com\/2025\/07\/25091717\/captura-de-pantalla-2025-07-01-120531-e1751364588655.png","width":593,"height":371},{"@type":"BreadcrumbList","@id":"https:\/\/poblenouurbandistrict.com\/es\/ruizcompany-presenta-habitarlo-todo-una-fusio-de-poesia-i-dansa\/#breadcrumb","itemListElement":[{"@type":"ListItem","position":1,"name":"Home","item":"https:\/\/poblenouurbandistrict.com\/es\/"},{"@type":"ListItem","position":2,"name":"Ruizcompany presenta &#8220;Habitarlo todo&#8221;: una fusi\u00f3 de poesia i dansa"}]},{"@type":"WebSite","@id":"https:\/\/poblenouurbandistrict.com\/es\/#website","url":"https:\/\/poblenouurbandistrict.com\/es\/","name":"Poblenou Urban District","description":"Comunidad Creativa","potentialAction":[{"@type":"SearchAction","target":{"@type":"EntryPoint","urlTemplate":"https:\/\/poblenouurbandistrict.com\/es\/?s={search_term_string}"},"query-input":{"@type":"PropertyValueSpecification","valueRequired":true,"valueName":"search_term_string"}}],"inLanguage":"es"},{"@type":"Person","@id":"https:\/\/poblenouurbandistrict.com\/#\/schema\/person\/980a2cf34b399d5218205730acd54a7e","name":"pnud","image":{"@type":"ImageObject","inLanguage":"es","@id":"https:\/\/secure.gravatar.com\/avatar\/67146597b405ee077a24e519f75c3e2031736596d6ce35af3a34c122c93d0d7b?s=96&d=retro&r=g","url":"https:\/\/secure.gravatar.com\/avatar\/67146597b405ee077a24e519f75c3e2031736596d6ce35af3a34c122c93d0d7b?s=96&d=retro&r=g","contentUrl":"https:\/\/secure.gravatar.com\/avatar\/67146597b405ee077a24e519f75c3e2031736596d6ce35af3a34c122c93d0d7b?s=96&d=retro&r=g","caption":"pnud"}}]}},"_links":{"self":[{"href":"https:\/\/poblenouurbandistrict.com\/es\/wp-json\/wp\/v2\/posts\/51821","targetHints":{"allow":["GET"]}}],"collection":[{"href":"https:\/\/poblenouurbandistrict.com\/es\/wp-json\/wp\/v2\/posts"}],"about":[{"href":"https:\/\/poblenouurbandistrict.com\/es\/wp-json\/wp\/v2\/types\/post"}],"author":[{"embeddable":true,"href":"https:\/\/poblenouurbandistrict.com\/es\/wp-json\/wp\/v2\/users\/5"}],"replies":[{"embeddable":true,"href":"https:\/\/poblenouurbandistrict.com\/es\/wp-json\/wp\/v2\/comments?post=51821"}],"version-history":[{"count":6,"href":"https:\/\/poblenouurbandistrict.com\/es\/wp-json\/wp\/v2\/posts\/51821\/revisions"}],"predecessor-version":[{"id":51846,"href":"https:\/\/poblenouurbandistrict.com\/es\/wp-json\/wp\/v2\/posts\/51821\/revisions\/51846"}],"wp:featuredmedia":[{"embeddable":true,"href":"https:\/\/poblenouurbandistrict.com\/es\/wp-json\/wp\/v2\/media\/51822"}],"wp:attachment":[{"href":"https:\/\/poblenouurbandistrict.com\/es\/wp-json\/wp\/v2\/media?parent=51821"}],"wp:term":[{"taxonomy":"category","embeddable":true,"href":"https:\/\/poblenouurbandistrict.com\/es\/wp-json\/wp\/v2\/categories?post=51821"},{"taxonomy":"post_tag","embeddable":true,"href":"https:\/\/poblenouurbandistrict.com\/es\/wp-json\/wp\/v2\/tags?post=51821"}],"curies":[{"name":"wp","href":"https:\/\/api.w.org\/{rel}","templated":true}]}}