{"id":54026,"date":"2025-12-11T13:45:21","date_gmt":"2025-12-11T12:45:21","guid":{"rendered":"https:\/\/poblenouurbandistrict.com\/?p=54026"},"modified":"2025-12-15T13:06:03","modified_gmt":"2025-12-15T12:06:03","slug":"aquestes-festes-gaudeix-dels-millors-restaurants-del-districte-creatiu","status":"publish","type":"post","link":"https:\/\/poblenouurbandistrict.com\/es\/aquestes-festes-gaudeix-dels-millors-restaurants-del-districte-creatiu\/","title":{"rendered":"Estas fiestas disfruta de los mejores restaurantes del Distrito Creativo"},"content":{"rendered":"<p>Se acercan las fiestas y con ellas, las comidas y cenas m\u00e1s especiales del a\u00f1o. Aqu\u00ed te traemos una lista con restaurantes y hoteles del Distrito Creativo del Poblenou que ofrecen men\u00fas especiales durante estas fechas tan se\u00f1aladas.<\/p>\n<hr \/>\n<p><a href=\"http:\/\/www.catacroquet.es\/\"><strong>Cata by Catacroquet<\/strong><\/a><\/p>\n<p>En Catacroquet todo es croquetable, incluso la Navidad. Por eso presentan dos men\u00fas con los que podr\u00e9is celebrar las fiestas y el 10\u00ba aniversario del restaurante.<\/p>\n<hr \/>\n<p><a href=\"https:\/\/cuadrobarcelona.com\/\"><strong>Cuadro<\/strong><\/a><\/p>\n<p>En el restaurante Cuadro podr\u00e1s disfrutar de <a href=\"https:\/\/www.instagram.com\/p\/DRutpUyiF_l\/?img_index=2\">men\u00fas especiales<\/a> durante las fiestas en su encantador local. Los d\u00edas 24, 25 ofrecen su men\u00fa de Navidad\u00a0 y 31 de diciembre tendr\u00e1n su men\u00fa de Nochevieja.<br \/>\nSe requieren reservas previas.<\/p>\n<hr \/>\n<p><a href=\"https:\/\/garagebeer.co\/\"><strong>Garage Beer<\/strong><\/a><\/p>\n<p>En Garage Beer celebran las fiestas este s\u00e1bado <strong>13 de diciembre<\/strong> con un brindis donde <strong>regalar\u00e1n cerveza stout y panettonne<\/strong> a los clientes.<\/p>\n<hr \/>\n<p style=\"font-weight: 400;\"><a href=\"https:\/\/www.hilton.com\/en\/hotels\/bcndmhi-hilton-diagonal-mar-barcelona\/\"><strong>Hilton Diagonal Mar Barcelona<\/strong><\/a><\/p>\n<p>En el restaurante del hotel Hilton durante las fiestas, del 20 de diciembre al 6 de enero,\u00a0 ofrecen platos especiales tradicionales de estas fechas. Adem\u00e1s, los d\u00edas 24 y 25 de diciembre contar\u00e1n con un men\u00fa de Navidad para celebrar-la en familia o con amigos. <a href=\"https:\/\/ugc.production.linktr.ee\/ab68ede6-f542-4920-a8f9-a530a3ad8627_ESPECIALES-DE-NAVIDAD-2025-MENU.pdf\">Consulta el men\u00fa aqu\u00ed.<\/a><\/p>\n<hr \/>\n<h3><a href=\"https:\/\/www.melia.com\/es\">Meli\u00e1 Barcelona Sky<\/a><\/h3>\n<p>Celebra la melod\u00eda y el sabor de la Navidad en el Hotel Meli\u00e1 Barcelona Sky con su delicioso men\u00fa especial para las fiestas.<\/p>\n<hr \/>\n<h3><a href=\"https:\/\/all.accor.com\/hotel\/5560\/index.es.shtml\"><strong>Novotel Barcelona City<\/strong><\/a><\/h3>\n<p>Celebra las fiestas con los men\u00fas que el <strong>chef Micki Victori<\/strong> ha dise\u00f1ado para <strong>Nochebuena, Navidad, Fin de A\u00f1o y Reyes,<\/strong> con platos t\u00edpicos de la gastronom\u00eda navide\u00f1a catalana. Desde recetas tradicionales hasta toques creativos, cada propuesta est\u00e1 pensada para que puedas saborear las costumbres que las familias comparten a\u00f1o tras a\u00f1o.<\/p>\n<hr \/>\n<h3><a href=\"https:\/\/thehoxton.com\/poblenou\/four-corners-restaurant\/?gad_source=1&amp;gad_campaignid=20039157591&amp;gbraid=0AAAAAD577R9GjyJDXLPeZ1HwGtON09YIZ&amp;gclid=Cj0KCQiA9OnJBhD-ARIsAPV51xOzaeHuYSX2dsDQguLNwS9PO1aa1_1N6kdatHn7s6sP-aXUtmKBu2EaArtxEALw_wcB\"><strong>The Hoxton Poblenou<\/strong><\/a><\/h3>\n<p>Esta Nochevieja en The Hoxton Poblenou se llenar\u00e1 de surrealismo con<a href=\"https:\/\/thehoxton.com\/es\/poblenou\/whats-on\/new-years-eve-dinner-nit-del-deliri\/\"> <strong>La Nit del Deliri<\/strong><\/a>. Despide el a\u00f1o con una cena inspirada en el universo surrealista de Salvador Dal\u00ed: una noche donde lo real se mezcla con lo m\u00e1gico. Prep\u00e1rate para una cena que desaf\u00eda la l\u00f3gica: desde aceitunas esf\u00e9ricas y algod\u00f3n de az\u00facar de Camembert hasta huevos dorados.<\/p>\n<p>Un fest\u00edn exuberante acompa\u00f1ado de DJ sets de\u00a0<a href=\"https:\/\/www.instagram.com\/clapkent\/\" data-saferedirecturl=\"https:\/\/www.google.com\/url?q=https:\/\/www.instagram.com\/clapkent\/&amp;source=gmail&amp;ust=1765532496107000&amp;usg=AOvVaw2njtH5EtNt2G9r7i7OusqA\">@clapkent<\/a>\u00a0e\u00a0<a href=\"https:\/\/www.instagram.com\/ivybarkakati\/\" data-saferedirecturl=\"https:\/\/www.google.com\/url?q=https:\/\/www.instagram.com\/ivybarkakati\/&amp;source=gmail&amp;ust=1765532496107000&amp;usg=AOvVaw2DCRB66874VVBpRb4I6mER\">@ivybarkakati<\/a>\u00a0, brindis, copas y las tradicionales uvas de la suerte para dar la bienvenida al 2026.<\/p>\n<p>Reserva tu plaza <a href=\"mailto:hola@fourcorners.pizza\" target=\"_blank\" rel=\"noopener\">aqu\u00ed.<\/a><\/p>\n<hr \/>\n<h3><a href=\"https:\/\/www.warikeproject.com\/\">Warike<\/a><\/h3>\n<p>Celebra la Navidad a la peruana con el delicioso men\u00fa que han preparado en Warike para las fiestas.<\/p>\n<hr \/>\n<p><a href=\"https:\/\/www.labtwentytwo.com\/eat-drink\/za'atar\"><strong>Za&#8217;atar by Labtwentytwo<\/strong><\/a><\/p>\n<p>Despide el 2025 y da la bienvenida al 2026 desde esta espectacular terraza en con el <a href=\"https:\/\/www.instagram.com\/p\/DRy8X-4F3Ti\/?img_index=1\">Rooftop Countdown<\/a> con una cena \u00edntima, bebidas incluidas y cinco DJs shows en vivo.<\/p>\n<p>Toda la informaci\u00f3n y reservas en este <a href=\"https:\/\/www.labtwentytwo.com\/es\/experiencias\/experiencia-nochevieja\">enlace.<\/a><\/p>","protected":false},"excerpt":{"rendered":"<p>Se acercan las fiestas y con ellas, las comidas y cenas m\u00e1s especiales del a\u00f1o. Aqu\u00ed te traemos una lista&#8230; <a href=\"https:\/\/poblenouurbandistrict.com\/es\/aquestes-festes-gaudeix-dels-millors-restaurants-del-districte-creatiu\/\">M\u00e1s  \u2192<\/a><\/p>\n","protected":false},"author":5,"featured_media":54059,"comment_status":"closed","ping_status":"closed","sticky":false,"template":"","format":"standard","meta":{"_acf_changed":false,"footnotes":""},"categories":[3353],"tags":[],"class_list":["post-54026","post","type-post","status-publish","format-standard","has-post-thumbnail","hentry","category-gastronomia"],"acf":[],"yoast_head":"<!-- This site is optimized with the Yoast SEO plugin v27.4 - https:\/\/yoast.com\/product\/yoast-seo-wordpress\/ -->\n<title>Estas fiestas disfruta de los mejores restaurantes del Distrito Creativo &#8211; Poblenou Urban District<\/title>\n<meta name=\"robots\" content=\"index, follow, max-snippet:-1, max-image-preview:large, max-video-preview:-1\" \/>\n<link rel=\"canonical\" href=\"https:\/\/poblenouurbandistrict.com\/es\/aquestes-festes-gaudeix-dels-millors-restaurants-del-districte-creatiu\/\" \/>\n<meta property=\"og:locale\" content=\"es_ES\" \/>\n<meta property=\"og:type\" content=\"article\" \/>\n<meta property=\"og:title\" content=\"Estas fiestas disfruta de los mejores restaurantes del Distrito Creativo &#8211; Poblenou Urban District\" \/>\n<meta property=\"og:description\" content=\"Se acercan las fiestas y con ellas, las comidas y cenas m\u00e1s especiales del a\u00f1o. Aqu\u00ed te traemos una lista... M\u00e1s \u2192\" \/>\n<meta property=\"og:url\" content=\"https:\/\/poblenouurbandistrict.com\/es\/aquestes-festes-gaudeix-dels-millors-restaurants-del-districte-creatiu\/\" \/>\n<meta property=\"og:site_name\" content=\"Poblenou Urban District\" \/>\n<meta property=\"article:published_time\" content=\"2025-12-11T12:45:21+00:00\" \/>\n<meta property=\"article:modified_time\" content=\"2025-12-15T12:06:03+00:00\" \/>\n<meta property=\"og:image\" content=\"https:\/\/poblenouurbandistrict.com\/wp-content\/uploads\/2025\/12\/image008.jpg\" \/>\n\t<meta property=\"og:image:width\" content=\"2152\" \/>\n\t<meta property=\"og:image:height\" content=\"1310\" \/>\n\t<meta property=\"og:image:type\" content=\"image\/jpeg\" \/>\n<meta name=\"author\" content=\"pnud\" \/>\n<meta name=\"twitter:card\" content=\"summary_large_image\" \/>\n<meta name=\"twitter:label1\" content=\"Escrito por\" \/>\n\t<meta name=\"twitter:data1\" content=\"pnud\" \/>\n\t<meta name=\"twitter:label2\" content=\"Tiempo de lectura\" \/>\n\t<meta name=\"twitter:data2\" content=\"3 minutos\" \/>\n<script type=\"application\/ld+json\" class=\"yoast-schema-graph\">{\"@context\":\"https:\\\/\\\/schema.org\",\"@graph\":[{\"@type\":\"Article\",\"@id\":\"https:\\\/\\\/poblenouurbandistrict.com\\\/aquestes-festes-gaudeix-dels-millors-restaurants-del-districte-creatiu\\\/#article\",\"isPartOf\":{\"@id\":\"https:\\\/\\\/poblenouurbandistrict.com\\\/aquestes-festes-gaudeix-dels-millors-restaurants-del-districte-creatiu\\\/\"},\"author\":{\"name\":\"pnud\",\"@id\":\"https:\\\/\\\/poblenouurbandistrict.com\\\/#\\\/schema\\\/person\\\/980a2cf34b399d5218205730acd54a7e\"},\"headline\":\"Estas fiestas disfruta de los mejores restaurantes del Distrito Creativo\",\"datePublished\":\"2025-12-11T12:45:21+00:00\",\"dateModified\":\"2025-12-15T12:06:03+00:00\",\"mainEntityOfPage\":{\"@id\":\"https:\\\/\\\/poblenouurbandistrict.com\\\/aquestes-festes-gaudeix-dels-millors-restaurants-del-districte-creatiu\\\/\"},\"wordCount\":1311,\"image\":{\"@id\":\"https:\\\/\\\/poblenouurbandistrict.com\\\/aquestes-festes-gaudeix-dels-millors-restaurants-del-districte-creatiu\\\/#primaryimage\"},\"thumbnailUrl\":\"https:\\\/\\\/media.poblenouurbandistrict.com\\\/2025\\\/12\\\/25095919\\\/image008.jpg\",\"articleSection\":[\"Gastronom\u00eda\"],\"inLanguage\":\"es\"},{\"@type\":\"WebPage\",\"@id\":\"https:\\\/\\\/poblenouurbandistrict.com\\\/es\\\/aquestes-festes-gaudeix-dels-millors-restaurants-del-districte-creatiu\\\/\",\"url\":\"https:\\\/\\\/poblenouurbandistrict.com\\\/es\\\/aquestes-festes-gaudeix-dels-millors-restaurants-del-districte-creatiu\\\/\",\"name\":\"Estas fiestas disfruta de los mejores restaurantes del Distrito Creativo &#8211; Poblenou Urban District\",\"isPartOf\":{\"@id\":\"https:\\\/\\\/poblenouurbandistrict.com\\\/es\\\/#website\"},\"primaryImageOfPage\":{\"@id\":\"https:\\\/\\\/poblenouurbandistrict.com\\\/es\\\/aquestes-festes-gaudeix-dels-millors-restaurants-del-districte-creatiu\\\/#primaryimage\"},\"image\":{\"@id\":\"https:\\\/\\\/poblenouurbandistrict.com\\\/aquestes-festes-gaudeix-dels-millors-restaurants-del-districte-creatiu\\\/#primaryimage\"},\"thumbnailUrl\":\"https:\\\/\\\/media.poblenouurbandistrict.com\\\/2025\\\/12\\\/25095919\\\/image008.jpg\",\"datePublished\":\"2025-12-11T12:45:21+00:00\",\"dateModified\":\"2025-12-15T12:06:03+00:00\",\"author\":{\"@id\":\"https:\\\/\\\/poblenouurbandistrict.com\\\/#\\\/schema\\\/person\\\/980a2cf34b399d5218205730acd54a7e\"},\"breadcrumb\":{\"@id\":\"https:\\\/\\\/poblenouurbandistrict.com\\\/es\\\/aquestes-festes-gaudeix-dels-millors-restaurants-del-districte-creatiu\\\/#breadcrumb\"},\"inLanguage\":\"es\",\"potentialAction\":[{\"@type\":\"ReadAction\",\"target\":[[\"https:\\\/\\\/poblenouurbandistrict.com\\\/es\\\/aquestes-festes-gaudeix-dels-millors-restaurants-del-districte-creatiu\\\/\"]]}]},{\"@type\":\"ImageObject\",\"inLanguage\":\"es\",\"@id\":\"https:\\\/\\\/poblenouurbandistrict.com\\\/es\\\/aquestes-festes-gaudeix-dels-millors-restaurants-del-districte-creatiu\\\/#primaryimage\",\"url\":\"https:\\\/\\\/media.poblenouurbandistrict.com\\\/2025\\\/12\\\/25095919\\\/image008.jpg\",\"contentUrl\":\"https:\\\/\\\/media.poblenouurbandistrict.com\\\/2025\\\/12\\\/25095919\\\/image008.jpg\",\"width\":2152,\"height\":1310},{\"@type\":\"BreadcrumbList\",\"@id\":\"https:\\\/\\\/poblenouurbandistrict.com\\\/es\\\/aquestes-festes-gaudeix-dels-millors-restaurants-del-districte-creatiu\\\/#breadcrumb\",\"itemListElement\":[{\"@type\":\"ListItem\",\"position\":1,\"name\":\"Home\",\"item\":\"https:\\\/\\\/poblenouurbandistrict.com\\\/es\\\/\"},{\"@type\":\"ListItem\",\"position\":2,\"name\":\"Aquestes festes gaudeix dels millors restaurants del Districte Creatiu\"}]},{\"@type\":\"WebSite\",\"@id\":\"https:\\\/\\\/poblenouurbandistrict.com\\\/es\\\/#website\",\"url\":\"https:\\\/\\\/poblenouurbandistrict.com\\\/es\\\/\",\"name\":\"Poblenou Urban District\",\"description\":\"Comunidad Creativa\",\"potentialAction\":[{\"@type\":\"SearchAction\",\"target\":{\"@type\":\"EntryPoint\",\"urlTemplate\":\"https:\\\/\\\/poblenouurbandistrict.com\\\/es\\\/?s={search_term_string}\"},\"query-input\":{\"@type\":\"PropertyValueSpecification\",\"valueRequired\":true,\"valueName\":\"search_term_string\"}}],\"inLanguage\":\"es\"},{\"@type\":\"Person\",\"@id\":\"https:\\\/\\\/poblenouurbandistrict.com\\\/#\\\/schema\\\/person\\\/980a2cf34b399d5218205730acd54a7e\",\"name\":\"pnud\",\"image\":{\"@type\":\"ImageObject\",\"inLanguage\":\"es\",\"@id\":\"https:\\\/\\\/secure.gravatar.com\\\/avatar\\\/67146597b405ee077a24e519f75c3e2031736596d6ce35af3a34c122c93d0d7b?s=96&d=retro&r=g\",\"url\":\"https:\\\/\\\/secure.gravatar.com\\\/avatar\\\/67146597b405ee077a24e519f75c3e2031736596d6ce35af3a34c122c93d0d7b?s=96&d=retro&r=g\",\"contentUrl\":\"https:\\\/\\\/secure.gravatar.com\\\/avatar\\\/67146597b405ee077a24e519f75c3e2031736596d6ce35af3a34c122c93d0d7b?s=96&d=retro&r=g\",\"caption\":\"pnud\"}}]}<\/script>\n<!-- \/ Yoast SEO plugin. -->","yoast_head_json":{"title":"Estas fiestas disfruta de los mejores restaurantes del Distrito Creativo &#8211; Poblenou Urban District","robots":{"index":"index","follow":"follow","max-snippet":"max-snippet:-1","max-image-preview":"max-image-preview:large","max-video-preview":"max-video-preview:-1"},"canonical":"https:\/\/poblenouurbandistrict.com\/es\/aquestes-festes-gaudeix-dels-millors-restaurants-del-districte-creatiu\/","og_locale":"es_ES","og_type":"article","og_title":"Estas fiestas disfruta de los mejores restaurantes del Distrito Creativo &#8211; Poblenou Urban District","og_description":"Se acercan las fiestas y con ellas, las comidas y cenas m\u00e1s especiales del a\u00f1o. Aqu\u00ed te traemos una lista... M\u00e1s \u2192","og_url":"https:\/\/poblenouurbandistrict.com\/es\/aquestes-festes-gaudeix-dels-millors-restaurants-del-districte-creatiu\/","og_site_name":"Poblenou Urban District","article_published_time":"2025-12-11T12:45:21+00:00","article_modified_time":"2025-12-15T12:06:03+00:00","og_image":[{"width":2152,"height":1310,"url":"https:\/\/poblenouurbandistrict.com\/wp-content\/uploads\/2025\/12\/image008.jpg","type":"image\/jpeg"}],"author":"pnud","twitter_card":"summary_large_image","twitter_misc":{"Escrito por":"pnud","Tiempo de lectura":"3 minutos"},"schema":{"@context":"https:\/\/schema.org","@graph":[{"@type":"Article","@id":"https:\/\/poblenouurbandistrict.com\/aquestes-festes-gaudeix-dels-millors-restaurants-del-districte-creatiu\/#article","isPartOf":{"@id":"https:\/\/poblenouurbandistrict.com\/aquestes-festes-gaudeix-dels-millors-restaurants-del-districte-creatiu\/"},"author":{"name":"pnud","@id":"https:\/\/poblenouurbandistrict.com\/#\/schema\/person\/980a2cf34b399d5218205730acd54a7e"},"headline":"Estas fiestas disfruta de los mejores restaurantes del Distrito Creativo","datePublished":"2025-12-11T12:45:21+00:00","dateModified":"2025-12-15T12:06:03+00:00","mainEntityOfPage":{"@id":"https:\/\/poblenouurbandistrict.com\/aquestes-festes-gaudeix-dels-millors-restaurants-del-districte-creatiu\/"},"wordCount":1311,"image":{"@id":"https:\/\/poblenouurbandistrict.com\/aquestes-festes-gaudeix-dels-millors-restaurants-del-districte-creatiu\/#primaryimage"},"thumbnailUrl":"https:\/\/media.poblenouurbandistrict.com\/2025\/12\/25095919\/image008.jpg","articleSection":["Gastronom\u00eda"],"inLanguage":"es"},{"@type":"WebPage","@id":"https:\/\/poblenouurbandistrict.com\/es\/aquestes-festes-gaudeix-dels-millors-restaurants-del-districte-creatiu\/","url":"https:\/\/poblenouurbandistrict.com\/es\/aquestes-festes-gaudeix-dels-millors-restaurants-del-districte-creatiu\/","name":"Estas fiestas disfruta de los mejores restaurantes del Distrito Creativo &#8211; Poblenou Urban District","isPartOf":{"@id":"https:\/\/poblenouurbandistrict.com\/es\/#website"},"primaryImageOfPage":{"@id":"https:\/\/poblenouurbandistrict.com\/es\/aquestes-festes-gaudeix-dels-millors-restaurants-del-districte-creatiu\/#primaryimage"},"image":{"@id":"https:\/\/poblenouurbandistrict.com\/aquestes-festes-gaudeix-dels-millors-restaurants-del-districte-creatiu\/#primaryimage"},"thumbnailUrl":"https:\/\/media.poblenouurbandistrict.com\/2025\/12\/25095919\/image008.jpg","datePublished":"2025-12-11T12:45:21+00:00","dateModified":"2025-12-15T12:06:03+00:00","author":{"@id":"https:\/\/poblenouurbandistrict.com\/#\/schema\/person\/980a2cf34b399d5218205730acd54a7e"},"breadcrumb":{"@id":"https:\/\/poblenouurbandistrict.com\/es\/aquestes-festes-gaudeix-dels-millors-restaurants-del-districte-creatiu\/#breadcrumb"},"inLanguage":"es","potentialAction":[{"@type":"ReadAction","target":[["https:\/\/poblenouurbandistrict.com\/es\/aquestes-festes-gaudeix-dels-millors-restaurants-del-districte-creatiu\/"]]}]},{"@type":"ImageObject","inLanguage":"es","@id":"https:\/\/poblenouurbandistrict.com\/es\/aquestes-festes-gaudeix-dels-millors-restaurants-del-districte-creatiu\/#primaryimage","url":"https:\/\/media.poblenouurbandistrict.com\/2025\/12\/25095919\/image008.jpg","contentUrl":"https:\/\/media.poblenouurbandistrict.com\/2025\/12\/25095919\/image008.jpg","width":2152,"height":1310},{"@type":"BreadcrumbList","@id":"https:\/\/poblenouurbandistrict.com\/es\/aquestes-festes-gaudeix-dels-millors-restaurants-del-districte-creatiu\/#breadcrumb","itemListElement":[{"@type":"ListItem","position":1,"name":"Home","item":"https:\/\/poblenouurbandistrict.com\/es\/"},{"@type":"ListItem","position":2,"name":"Aquestes festes gaudeix dels millors restaurants del Districte Creatiu"}]},{"@type":"WebSite","@id":"https:\/\/poblenouurbandistrict.com\/es\/#website","url":"https:\/\/poblenouurbandistrict.com\/es\/","name":"Poblenou Urban District","description":"Comunidad Creativa","potentialAction":[{"@type":"SearchAction","target":{"@type":"EntryPoint","urlTemplate":"https:\/\/poblenouurbandistrict.com\/es\/?s={search_term_string}"},"query-input":{"@type":"PropertyValueSpecification","valueRequired":true,"valueName":"search_term_string"}}],"inLanguage":"es"},{"@type":"Person","@id":"https:\/\/poblenouurbandistrict.com\/#\/schema\/person\/980a2cf34b399d5218205730acd54a7e","name":"pnud","image":{"@type":"ImageObject","inLanguage":"es","@id":"https:\/\/secure.gravatar.com\/avatar\/67146597b405ee077a24e519f75c3e2031736596d6ce35af3a34c122c93d0d7b?s=96&d=retro&r=g","url":"https:\/\/secure.gravatar.com\/avatar\/67146597b405ee077a24e519f75c3e2031736596d6ce35af3a34c122c93d0d7b?s=96&d=retro&r=g","contentUrl":"https:\/\/secure.gravatar.com\/avatar\/67146597b405ee077a24e519f75c3e2031736596d6ce35af3a34c122c93d0d7b?s=96&d=retro&r=g","caption":"pnud"}}]}},"_links":{"self":[{"href":"https:\/\/poblenouurbandistrict.com\/es\/wp-json\/wp\/v2\/posts\/54026","targetHints":{"allow":["GET"]}}],"collection":[{"href":"https:\/\/poblenouurbandistrict.com\/es\/wp-json\/wp\/v2\/posts"}],"about":[{"href":"https:\/\/poblenouurbandistrict.com\/es\/wp-json\/wp\/v2\/types\/post"}],"author":[{"embeddable":true,"href":"https:\/\/poblenouurbandistrict.com\/es\/wp-json\/wp\/v2\/users\/5"}],"replies":[{"embeddable":true,"href":"https:\/\/poblenouurbandistrict.com\/es\/wp-json\/wp\/v2\/comments?post=54026"}],"version-history":[{"count":16,"href":"https:\/\/poblenouurbandistrict.com\/es\/wp-json\/wp\/v2\/posts\/54026\/revisions"}],"predecessor-version":[{"id":54089,"href":"https:\/\/poblenouurbandistrict.com\/es\/wp-json\/wp\/v2\/posts\/54026\/revisions\/54089"}],"wp:featuredmedia":[{"embeddable":true,"href":"https:\/\/poblenouurbandistrict.com\/es\/wp-json\/wp\/v2\/media\/54059"}],"wp:attachment":[{"href":"https:\/\/poblenouurbandistrict.com\/es\/wp-json\/wp\/v2\/media?parent=54026"}],"wp:term":[{"taxonomy":"category","embeddable":true,"href":"https:\/\/poblenouurbandistrict.com\/es\/wp-json\/wp\/v2\/categories?post=54026"},{"taxonomy":"post_tag","embeddable":true,"href":"https:\/\/poblenouurbandistrict.com\/es\/wp-json\/wp\/v2\/tags?post=54026"}],"curies":[{"name":"wp","href":"https:\/\/api.w.org\/{rel}","templated":true}]}}