{"id":54033,"date":"2025-12-11T11:52:22","date_gmt":"2025-12-11T10:52:22","guid":{"rendered":"https:\/\/poblenouurbandistrict.com\/?p=54033"},"modified":"2025-12-16T10:27:47","modified_gmt":"2025-12-16T09:27:47","slug":"la-plataforma-us-convida-a-celebrar-el-seu-15e-aniversari","status":"publish","type":"post","link":"https:\/\/poblenouurbandistrict.com\/es\/la-plataforma-us-convida-a-celebrar-el-seu-15e-aniversari\/","title":{"rendered":"La Plataforma os invita a celebrar su 15\u00ba aniversario"},"content":{"rendered":"<p><\/p>\n<p data-start=\"87\" data-end=\"545\">La Plataforma celebra su 15\u00ba aniversario con una edici\u00f3n muy especial de <em data-start=\"220\" data-end=\"234\">Arte &amp; Venta<\/em> y un evento \u00fanico. El 18 de diciembre a partir de las 19 h tendr\u00e1 lugar el evento oficial del 15\u00ba aniversario de la galer\u00eda. La Plataforma se llenar\u00e1 de m\u00fasica y arte para celebrar su trayectoria, recordar el camino recorrido y brindar por el futuro junto con los artistas y el equipo que lo han hecho posible.<\/p>\n<p data-start=\"547\" data-end=\"1069\">La exposici\u00f3n colectiva \u00abA las penas, pu\u00f1aladas\u00bb es un homenaje a los or\u00edgenes del proyecto y a los artistas que han acompa\u00f1ado a la galer\u00eda a lo largo de su trayectoria. La muestra presenta obras nuevas creadas por los artistas y concebidas a partir de la frase que da t\u00edtulo a la exposici\u00f3n, lo que crea un hilo conductor que re\u00fane diferentes interpretaciones y miradas. La exposici\u00f3n puede visitarse hasta el 13 de febrero de 2026, de lunes a viernes. Adem\u00e1s, la galer\u00eda abrir\u00e1 tambi\u00e9n los s\u00e1bados 13 y 20 de diciembre.<\/p>\n<p data-start=\"1071\" data-end=\"1363\">La Plataforma os invita el d\u00eda 18 a celebrar los 15 a\u00f1os de la galer\u00eda y a brindar por todos los momentos que vendr\u00e1n. Una ocasi\u00f3n \u00fanica para descubrir nuevas obras, empezar una colecci\u00f3n o regalar arte estas fiestas. La Plataforma espera compartir este momento tan especial con su comunidad.<\/p>\n<p><\/p>","protected":false},"excerpt":{"rendered":"<p>La Plataforma celebra su 15\u00ba aniversario con una edici\u00f3n muy especial de Arte &amp; Venta y un evento \u00fanico. El&#8230; <a href=\"https:\/\/poblenouurbandistrict.com\/es\/la-plataforma-us-convida-a-celebrar-el-seu-15e-aniversari\/\">M\u00e1s  \u2192<\/a><\/p>\n","protected":false},"author":5,"featured_media":54039,"comment_status":"closed","ping_status":"closed","sticky":false,"template":"","format":"standard","meta":{"_acf_changed":false,"footnotes":""},"categories":[3342],"tags":[],"class_list":["post-54033","post","type-post","status-publish","format-standard","has-post-thumbnail","hentry","category-art"],"acf":[],"yoast_head":"<!-- This site is optimized with the Yoast SEO plugin v27.5 - https:\/\/yoast.com\/product\/yoast-seo-wordpress\/ -->\n<title>La Plataforma os invita a celebrar su 15\u00ba aniversario &#8211; Poblenou Urban District<\/title>\n<meta name=\"robots\" content=\"index, follow, max-snippet:-1, max-image-preview:large, max-video-preview:-1\" \/>\n<link rel=\"canonical\" href=\"https:\/\/poblenouurbandistrict.com\/es\/la-plataforma-us-convida-a-celebrar-el-seu-15e-aniversari\/\" \/>\n<meta property=\"og:locale\" content=\"es_ES\" \/>\n<meta property=\"og:type\" content=\"article\" \/>\n<meta property=\"og:title\" content=\"La Plataforma os invita a celebrar su 15\u00ba aniversario &#8211; Poblenou Urban District\" \/>\n<meta property=\"og:description\" content=\"La Plataforma celebra su 15\u00ba aniversario con una edici\u00f3n muy especial de Arte &amp; Venta y un evento \u00fanico. El... M\u00e1s \u2192\" \/>\n<meta property=\"og:url\" content=\"https:\/\/poblenouurbandistrict.com\/es\/la-plataforma-us-convida-a-celebrar-el-seu-15e-aniversari\/\" \/>\n<meta property=\"og:site_name\" content=\"Poblenou Urban District\" \/>\n<meta property=\"article:published_time\" content=\"2025-12-11T10:52:22+00:00\" \/>\n<meta property=\"article:modified_time\" content=\"2025-12-16T09:27:47+00:00\" \/>\n<meta property=\"og:image\" content=\"https:\/\/poblenouurbandistrict.com\/wp-content\/uploads\/2025\/12\/patitos-nathalie-rey.png\" \/>\n\t<meta property=\"og:image:width\" content=\"1200\" \/>\n\t<meta property=\"og:image:height\" content=\"881\" \/>\n\t<meta property=\"og:image:type\" content=\"image\/png\" \/>\n<meta name=\"author\" content=\"pnud\" \/>\n<meta name=\"twitter:card\" content=\"summary_large_image\" \/>\n<meta name=\"twitter:label1\" content=\"Escrito por\" \/>\n\t<meta name=\"twitter:data1\" content=\"pnud\" \/>\n\t<meta name=\"twitter:label2\" content=\"Tiempo de lectura\" \/>\n\t<meta name=\"twitter:data2\" content=\"2 minutos\" \/>\n<script type=\"application\/ld+json\" class=\"yoast-schema-graph\">{\"@context\":\"https:\\\/\\\/schema.org\",\"@graph\":[{\"@type\":\"Article\",\"@id\":\"https:\\\/\\\/poblenouurbandistrict.com\\\/la-plataforma-us-convida-a-celebrar-el-seu-15e-aniversari\\\/#article\",\"isPartOf\":{\"@id\":\"https:\\\/\\\/poblenouurbandistrict.com\\\/la-plataforma-us-convida-a-celebrar-el-seu-15e-aniversari\\\/\"},\"author\":{\"name\":\"pnud\",\"@id\":\"https:\\\/\\\/poblenouurbandistrict.com\\\/#\\\/schema\\\/person\\\/980a2cf34b399d5218205730acd54a7e\"},\"headline\":\"La Plataforma os invita a celebrar su 15\u00ba aniversario\",\"datePublished\":\"2025-12-11T10:52:22+00:00\",\"dateModified\":\"2025-12-16T09:27:47+00:00\",\"mainEntityOfPage\":{\"@id\":\"https:\\\/\\\/poblenouurbandistrict.com\\\/la-plataforma-us-convida-a-celebrar-el-seu-15e-aniversari\\\/\"},\"wordCount\":686,\"image\":{\"@id\":\"https:\\\/\\\/poblenouurbandistrict.com\\\/la-plataforma-us-convida-a-celebrar-el-seu-15e-aniversari\\\/#primaryimage\"},\"thumbnailUrl\":\"https:\\\/\\\/media.poblenouurbandistrict.com\\\/2025\\\/12\\\/25095852\\\/patitos-nathalie-rey.png\",\"articleSection\":[\"Arte\"],\"inLanguage\":\"es\"},{\"@type\":\"WebPage\",\"@id\":\"https:\\\/\\\/poblenouurbandistrict.com\\\/es\\\/la-plataforma-us-convida-a-celebrar-el-seu-15e-aniversari\\\/\",\"url\":\"https:\\\/\\\/poblenouurbandistrict.com\\\/es\\\/la-plataforma-us-convida-a-celebrar-el-seu-15e-aniversari\\\/\",\"name\":\"La Plataforma os invita a celebrar su 15\u00ba aniversario &#8211; Poblenou Urban District\",\"isPartOf\":{\"@id\":\"https:\\\/\\\/poblenouurbandistrict.com\\\/es\\\/#website\"},\"primaryImageOfPage\":{\"@id\":\"https:\\\/\\\/poblenouurbandistrict.com\\\/es\\\/la-plataforma-us-convida-a-celebrar-el-seu-15e-aniversari\\\/#primaryimage\"},\"image\":{\"@id\":\"https:\\\/\\\/poblenouurbandistrict.com\\\/la-plataforma-us-convida-a-celebrar-el-seu-15e-aniversari\\\/#primaryimage\"},\"thumbnailUrl\":\"https:\\\/\\\/media.poblenouurbandistrict.com\\\/2025\\\/12\\\/25095852\\\/patitos-nathalie-rey.png\",\"datePublished\":\"2025-12-11T10:52:22+00:00\",\"dateModified\":\"2025-12-16T09:27:47+00:00\",\"author\":{\"@id\":\"https:\\\/\\\/poblenouurbandistrict.com\\\/#\\\/schema\\\/person\\\/980a2cf34b399d5218205730acd54a7e\"},\"breadcrumb\":{\"@id\":\"https:\\\/\\\/poblenouurbandistrict.com\\\/es\\\/la-plataforma-us-convida-a-celebrar-el-seu-15e-aniversari\\\/#breadcrumb\"},\"inLanguage\":\"es\",\"potentialAction\":[{\"@type\":\"ReadAction\",\"target\":[[\"https:\\\/\\\/poblenouurbandistrict.com\\\/es\\\/la-plataforma-us-convida-a-celebrar-el-seu-15e-aniversari\\\/\"]]}]},{\"@type\":\"ImageObject\",\"inLanguage\":\"es\",\"@id\":\"https:\\\/\\\/poblenouurbandistrict.com\\\/es\\\/la-plataforma-us-convida-a-celebrar-el-seu-15e-aniversari\\\/#primaryimage\",\"url\":\"https:\\\/\\\/media.poblenouurbandistrict.com\\\/2025\\\/12\\\/25095852\\\/patitos-nathalie-rey.png\",\"contentUrl\":\"https:\\\/\\\/media.poblenouurbandistrict.com\\\/2025\\\/12\\\/25095852\\\/patitos-nathalie-rey.png\",\"width\":1200,\"height\":881},{\"@type\":\"BreadcrumbList\",\"@id\":\"https:\\\/\\\/poblenouurbandistrict.com\\\/es\\\/la-plataforma-us-convida-a-celebrar-el-seu-15e-aniversari\\\/#breadcrumb\",\"itemListElement\":[{\"@type\":\"ListItem\",\"position\":1,\"name\":\"Home\",\"item\":\"https:\\\/\\\/poblenouurbandistrict.com\\\/es\\\/\"},{\"@type\":\"ListItem\",\"position\":2,\"name\":\"La Plataforma us convida a celebrar el seu 15\u00e8 aniversari\"}]},{\"@type\":\"WebSite\",\"@id\":\"https:\\\/\\\/poblenouurbandistrict.com\\\/es\\\/#website\",\"url\":\"https:\\\/\\\/poblenouurbandistrict.com\\\/es\\\/\",\"name\":\"Poblenou Urban District\",\"description\":\"Comunidad Creativa\",\"potentialAction\":[{\"@type\":\"SearchAction\",\"target\":{\"@type\":\"EntryPoint\",\"urlTemplate\":\"https:\\\/\\\/poblenouurbandistrict.com\\\/es\\\/?s={search_term_string}\"},\"query-input\":{\"@type\":\"PropertyValueSpecification\",\"valueRequired\":true,\"valueName\":\"search_term_string\"}}],\"inLanguage\":\"es\"},{\"@type\":\"Person\",\"@id\":\"https:\\\/\\\/poblenouurbandistrict.com\\\/#\\\/schema\\\/person\\\/980a2cf34b399d5218205730acd54a7e\",\"name\":\"pnud\",\"image\":{\"@type\":\"ImageObject\",\"inLanguage\":\"es\",\"@id\":\"https:\\\/\\\/secure.gravatar.com\\\/avatar\\\/67146597b405ee077a24e519f75c3e2031736596d6ce35af3a34c122c93d0d7b?s=96&d=retro&r=g\",\"url\":\"https:\\\/\\\/secure.gravatar.com\\\/avatar\\\/67146597b405ee077a24e519f75c3e2031736596d6ce35af3a34c122c93d0d7b?s=96&d=retro&r=g\",\"contentUrl\":\"https:\\\/\\\/secure.gravatar.com\\\/avatar\\\/67146597b405ee077a24e519f75c3e2031736596d6ce35af3a34c122c93d0d7b?s=96&d=retro&r=g\",\"caption\":\"pnud\"}}]}<\/script>\n<!-- \/ Yoast SEO plugin. -->","yoast_head_json":{"title":"La Plataforma os invita a celebrar su 15\u00ba aniversario &#8211; Poblenou Urban District","robots":{"index":"index","follow":"follow","max-snippet":"max-snippet:-1","max-image-preview":"max-image-preview:large","max-video-preview":"max-video-preview:-1"},"canonical":"https:\/\/poblenouurbandistrict.com\/es\/la-plataforma-us-convida-a-celebrar-el-seu-15e-aniversari\/","og_locale":"es_ES","og_type":"article","og_title":"La Plataforma os invita a celebrar su 15\u00ba aniversario &#8211; Poblenou Urban District","og_description":"La Plataforma celebra su 15\u00ba aniversario con una edici\u00f3n muy especial de Arte &amp; Venta y un evento \u00fanico. El... M\u00e1s \u2192","og_url":"https:\/\/poblenouurbandistrict.com\/es\/la-plataforma-us-convida-a-celebrar-el-seu-15e-aniversari\/","og_site_name":"Poblenou Urban District","article_published_time":"2025-12-11T10:52:22+00:00","article_modified_time":"2025-12-16T09:27:47+00:00","og_image":[{"width":1200,"height":881,"url":"https:\/\/poblenouurbandistrict.com\/wp-content\/uploads\/2025\/12\/patitos-nathalie-rey.png","type":"image\/png"}],"author":"pnud","twitter_card":"summary_large_image","twitter_misc":{"Escrito por":"pnud","Tiempo de lectura":"2 minutos"},"schema":{"@context":"https:\/\/schema.org","@graph":[{"@type":"Article","@id":"https:\/\/poblenouurbandistrict.com\/la-plataforma-us-convida-a-celebrar-el-seu-15e-aniversari\/#article","isPartOf":{"@id":"https:\/\/poblenouurbandistrict.com\/la-plataforma-us-convida-a-celebrar-el-seu-15e-aniversari\/"},"author":{"name":"pnud","@id":"https:\/\/poblenouurbandistrict.com\/#\/schema\/person\/980a2cf34b399d5218205730acd54a7e"},"headline":"La Plataforma os invita a celebrar su 15\u00ba aniversario","datePublished":"2025-12-11T10:52:22+00:00","dateModified":"2025-12-16T09:27:47+00:00","mainEntityOfPage":{"@id":"https:\/\/poblenouurbandistrict.com\/la-plataforma-us-convida-a-celebrar-el-seu-15e-aniversari\/"},"wordCount":686,"image":{"@id":"https:\/\/poblenouurbandistrict.com\/la-plataforma-us-convida-a-celebrar-el-seu-15e-aniversari\/#primaryimage"},"thumbnailUrl":"https:\/\/media.poblenouurbandistrict.com\/2025\/12\/25095852\/patitos-nathalie-rey.png","articleSection":["Arte"],"inLanguage":"es"},{"@type":"WebPage","@id":"https:\/\/poblenouurbandistrict.com\/es\/la-plataforma-us-convida-a-celebrar-el-seu-15e-aniversari\/","url":"https:\/\/poblenouurbandistrict.com\/es\/la-plataforma-us-convida-a-celebrar-el-seu-15e-aniversari\/","name":"La Plataforma os invita a celebrar su 15\u00ba aniversario &#8211; Poblenou Urban District","isPartOf":{"@id":"https:\/\/poblenouurbandistrict.com\/es\/#website"},"primaryImageOfPage":{"@id":"https:\/\/poblenouurbandistrict.com\/es\/la-plataforma-us-convida-a-celebrar-el-seu-15e-aniversari\/#primaryimage"},"image":{"@id":"https:\/\/poblenouurbandistrict.com\/la-plataforma-us-convida-a-celebrar-el-seu-15e-aniversari\/#primaryimage"},"thumbnailUrl":"https:\/\/media.poblenouurbandistrict.com\/2025\/12\/25095852\/patitos-nathalie-rey.png","datePublished":"2025-12-11T10:52:22+00:00","dateModified":"2025-12-16T09:27:47+00:00","author":{"@id":"https:\/\/poblenouurbandistrict.com\/#\/schema\/person\/980a2cf34b399d5218205730acd54a7e"},"breadcrumb":{"@id":"https:\/\/poblenouurbandistrict.com\/es\/la-plataforma-us-convida-a-celebrar-el-seu-15e-aniversari\/#breadcrumb"},"inLanguage":"es","potentialAction":[{"@type":"ReadAction","target":[["https:\/\/poblenouurbandistrict.com\/es\/la-plataforma-us-convida-a-celebrar-el-seu-15e-aniversari\/"]]}]},{"@type":"ImageObject","inLanguage":"es","@id":"https:\/\/poblenouurbandistrict.com\/es\/la-plataforma-us-convida-a-celebrar-el-seu-15e-aniversari\/#primaryimage","url":"https:\/\/media.poblenouurbandistrict.com\/2025\/12\/25095852\/patitos-nathalie-rey.png","contentUrl":"https:\/\/media.poblenouurbandistrict.com\/2025\/12\/25095852\/patitos-nathalie-rey.png","width":1200,"height":881},{"@type":"BreadcrumbList","@id":"https:\/\/poblenouurbandistrict.com\/es\/la-plataforma-us-convida-a-celebrar-el-seu-15e-aniversari\/#breadcrumb","itemListElement":[{"@type":"ListItem","position":1,"name":"Home","item":"https:\/\/poblenouurbandistrict.com\/es\/"},{"@type":"ListItem","position":2,"name":"La Plataforma us convida a celebrar el seu 15\u00e8 aniversari"}]},{"@type":"WebSite","@id":"https:\/\/poblenouurbandistrict.com\/es\/#website","url":"https:\/\/poblenouurbandistrict.com\/es\/","name":"Poblenou Urban District","description":"Comunidad Creativa","potentialAction":[{"@type":"SearchAction","target":{"@type":"EntryPoint","urlTemplate":"https:\/\/poblenouurbandistrict.com\/es\/?s={search_term_string}"},"query-input":{"@type":"PropertyValueSpecification","valueRequired":true,"valueName":"search_term_string"}}],"inLanguage":"es"},{"@type":"Person","@id":"https:\/\/poblenouurbandistrict.com\/#\/schema\/person\/980a2cf34b399d5218205730acd54a7e","name":"pnud","image":{"@type":"ImageObject","inLanguage":"es","@id":"https:\/\/secure.gravatar.com\/avatar\/67146597b405ee077a24e519f75c3e2031736596d6ce35af3a34c122c93d0d7b?s=96&d=retro&r=g","url":"https:\/\/secure.gravatar.com\/avatar\/67146597b405ee077a24e519f75c3e2031736596d6ce35af3a34c122c93d0d7b?s=96&d=retro&r=g","contentUrl":"https:\/\/secure.gravatar.com\/avatar\/67146597b405ee077a24e519f75c3e2031736596d6ce35af3a34c122c93d0d7b?s=96&d=retro&r=g","caption":"pnud"}}]}},"_links":{"self":[{"href":"https:\/\/poblenouurbandistrict.com\/es\/wp-json\/wp\/v2\/posts\/54033","targetHints":{"allow":["GET"]}}],"collection":[{"href":"https:\/\/poblenouurbandistrict.com\/es\/wp-json\/wp\/v2\/posts"}],"about":[{"href":"https:\/\/poblenouurbandistrict.com\/es\/wp-json\/wp\/v2\/types\/post"}],"author":[{"embeddable":true,"href":"https:\/\/poblenouurbandistrict.com\/es\/wp-json\/wp\/v2\/users\/5"}],"replies":[{"embeddable":true,"href":"https:\/\/poblenouurbandistrict.com\/es\/wp-json\/wp\/v2\/comments?post=54033"}],"version-history":[{"count":8,"href":"https:\/\/poblenouurbandistrict.com\/es\/wp-json\/wp\/v2\/posts\/54033\/revisions"}],"predecessor-version":[{"id":54102,"href":"https:\/\/poblenouurbandistrict.com\/es\/wp-json\/wp\/v2\/posts\/54033\/revisions\/54102"}],"wp:featuredmedia":[{"embeddable":true,"href":"https:\/\/poblenouurbandistrict.com\/es\/wp-json\/wp\/v2\/media\/54039"}],"wp:attachment":[{"href":"https:\/\/poblenouurbandistrict.com\/es\/wp-json\/wp\/v2\/media?parent=54033"}],"wp:term":[{"taxonomy":"category","embeddable":true,"href":"https:\/\/poblenouurbandistrict.com\/es\/wp-json\/wp\/v2\/categories?post=54033"},{"taxonomy":"post_tag","embeddable":true,"href":"https:\/\/poblenouurbandistrict.com\/es\/wp-json\/wp\/v2\/tags?post=54033"}],"curies":[{"name":"wp","href":"https:\/\/api.w.org\/{rel}","templated":true}]}}