{"id":54270,"date":"2026-01-08T14:36:44","date_gmt":"2026-01-08T13:36:44","guid":{"rendered":"https:\/\/poblenouurbandistrict.com\/?p=54270"},"modified":"2026-01-08T16:21:49","modified_gmt":"2026-01-08T15:21:49","slug":"el-museu-de-la-musica-reivindica-la-soprano-conxita-badia-amb-una-exposicio-inedita","status":"publish","type":"post","link":"https:\/\/poblenouurbandistrict.com\/es\/el-museu-de-la-musica-reivindica-la-soprano-conxita-badia-amb-una-exposicio-inedita\/","title":{"rendered":"El Museu de la M\u00fasica reivindica a la soprano Conxita Badia con una exposici\u00f3n in\u00e9dita"},"content":{"rendered":"<p><\/p>\n<p data-start=\"230\" data-end=\"650\">El Museu de la M\u00fasica presenta <em data-start=\"261\" data-end=\"300\">Conxita Badia. Ven t\u00fa y las canciones<\/em>, una exposici\u00f3n que pone en valor la figura de la soprano catalana y descubre una faceta menos conocida: su compromiso pol\u00edtico con la Rep\u00fablica y con la cultura catalana durante el franquismo. La muestra podr\u00e1 visitarse del 17 de diciembre al 15 de febrero de 2026, en el marco del A\u00f1o Conxita Badia, que conmemora el 50.\u00ba aniversario de su muerte.<\/p>\n<p data-start=\"652\" data-end=\"1195\">Impulsada por el Museu de la M\u00fasica, L\u2019Auditori y el A\u00f1o Conxita Badia, la exposici\u00f3n re\u00fane fotograf\u00edas, documentos de archivo, cartas personales, partituras y grabaciones, muchas de ellas expuestas por primera vez. Comisariada por Mireia Dom\u00e8nech i Bonet, bisnieta de la artista, la muestra recorre su trayectoria art\u00edstica, desde los inicios con Enric Granados y Pau Casals hasta su centralidad en la vida musical de las d\u00e9cadas de 1920 y 1930, como int\u00e9rprete predilecta de compositores como Eduard Toldr\u00e0, Frederic Mompou o Robert Gerhard.<\/p>\n<p data-start=\"1197\" data-end=\"1642\">El recorrido tambi\u00e9n destaca el papel de Conxita Badia como embajadora de la cultura catalana durante la Guerra Civil, cuando inaugur\u00f3 con un concierto el pabell\u00f3n de la Rep\u00fablica en la Exposici\u00f3n Internacional de Par\u00eds de 1937, antes de su exilio en Am\u00e9rica Latina. A su regreso a Barcelona, desarroll\u00f3 una influyente labor pedag\u00f3gica con disc\u00edpulas como Montserrat Caball\u00e9 y particip\u00f3 activamente en la resistencia cultural bajo el franquismo.<\/p>\n<p data-start=\"1644\" data-end=\"1839\">La exposici\u00f3n forma parte del conjunto de actividades del A\u00f1o Conxita Badia en el Museu de la M\u00fasica y L\u2019Auditori, que incluye conciertos, simposios y propuestas art\u00edsticas hasta febrero de 2026.<\/p>\n<p><\/p>","protected":false},"excerpt":{"rendered":"<p>El Museu de la M\u00fasica presenta Conxita Badia. Ven t\u00fa y las canciones, una exposici\u00f3n que pone en valor la&#8230; <a href=\"https:\/\/poblenouurbandistrict.com\/es\/el-museu-de-la-musica-reivindica-la-soprano-conxita-badia-amb-una-exposicio-inedita\/\">M\u00e1s  \u2192<\/a><\/p>\n","protected":false},"author":5,"featured_media":54271,"comment_status":"closed","ping_status":"closed","sticky":false,"template":"","format":"standard","meta":{"_acf_changed":false,"footnotes":""},"categories":[3348],"tags":[],"class_list":["post-54270","post","type-post","status-publish","format-standard","has-post-thumbnail","hentry","category-musica"],"acf":[],"yoast_head":"<!-- This site is optimized with the Yoast SEO plugin v27.4 - https:\/\/yoast.com\/product\/yoast-seo-wordpress\/ -->\n<title>El Museu de la M\u00fasica reivindica a la soprano Conxita Badia con una exposici\u00f3n in\u00e9dita &#8211; Poblenou Urban District<\/title>\n<meta name=\"robots\" content=\"index, follow, max-snippet:-1, max-image-preview:large, max-video-preview:-1\" \/>\n<link rel=\"canonical\" href=\"https:\/\/poblenouurbandistrict.com\/es\/el-museu-de-la-musica-reivindica-la-soprano-conxita-badia-amb-una-exposicio-inedita\/\" \/>\n<meta property=\"og:locale\" content=\"es_ES\" \/>\n<meta property=\"og:type\" content=\"article\" \/>\n<meta property=\"og:title\" content=\"El Museu de la M\u00fasica reivindica a la soprano Conxita Badia con una exposici\u00f3n in\u00e9dita &#8211; Poblenou Urban District\" \/>\n<meta property=\"og:description\" content=\"El Museu de la M\u00fasica presenta Conxita Badia. Ven t\u00fa y las canciones, una exposici\u00f3n que pone en valor la... M\u00e1s \u2192\" \/>\n<meta property=\"og:url\" content=\"https:\/\/poblenouurbandistrict.com\/es\/el-museu-de-la-musica-reivindica-la-soprano-conxita-badia-amb-una-exposicio-inedita\/\" \/>\n<meta property=\"og:site_name\" content=\"Poblenou Urban District\" \/>\n<meta property=\"article:published_time\" content=\"2026-01-08T13:36:44+00:00\" \/>\n<meta property=\"article:modified_time\" content=\"2026-01-08T15:21:49+00:00\" \/>\n<meta property=\"og:image\" content=\"https:\/\/poblenouurbandistrict.com\/wp-content\/uploads\/2025\/12\/unnamed.jpg\" \/>\n\t<meta property=\"og:image:width\" content=\"1475\" \/>\n\t<meta property=\"og:image:height\" content=\"1123\" \/>\n\t<meta property=\"og:image:type\" content=\"image\/jpeg\" \/>\n<meta name=\"author\" content=\"pnud\" \/>\n<meta name=\"twitter:card\" content=\"summary_large_image\" \/>\n<meta name=\"twitter:label1\" content=\"Escrito por\" \/>\n\t<meta name=\"twitter:data1\" content=\"pnud\" \/>\n\t<meta name=\"twitter:label2\" content=\"Tiempo de lectura\" \/>\n\t<meta name=\"twitter:data2\" content=\"2 minutos\" \/>\n<script type=\"application\/ld+json\" class=\"yoast-schema-graph\">{\"@context\":\"https:\\\/\\\/schema.org\",\"@graph\":[{\"@type\":\"Article\",\"@id\":\"https:\\\/\\\/poblenouurbandistrict.com\\\/el-museu-de-la-musica-reivindica-la-soprano-conxita-badia-amb-una-exposicio-inedita\\\/#article\",\"isPartOf\":{\"@id\":\"https:\\\/\\\/poblenouurbandistrict.com\\\/el-museu-de-la-musica-reivindica-la-soprano-conxita-badia-amb-una-exposicio-inedita\\\/\"},\"author\":{\"name\":\"pnud\",\"@id\":\"https:\\\/\\\/poblenouurbandistrict.com\\\/#\\\/schema\\\/person\\\/980a2cf34b399d5218205730acd54a7e\"},\"headline\":\"El Museu de la M\u00fasica reivindica a la soprano Conxita Badia con una exposici\u00f3n in\u00e9dita\",\"datePublished\":\"2026-01-08T13:36:44+00:00\",\"dateModified\":\"2026-01-08T15:21:49+00:00\",\"mainEntityOfPage\":{\"@id\":\"https:\\\/\\\/poblenouurbandistrict.com\\\/el-museu-de-la-musica-reivindica-la-soprano-conxita-badia-amb-una-exposicio-inedita\\\/\"},\"wordCount\":881,\"image\":{\"@id\":\"https:\\\/\\\/poblenouurbandistrict.com\\\/el-museu-de-la-musica-reivindica-la-soprano-conxita-badia-amb-una-exposicio-inedita\\\/#primaryimage\"},\"thumbnailUrl\":\"https:\\\/\\\/media.poblenouurbandistrict.com\\\/2025\\\/12\\\/25100312\\\/unnamed.jpg\",\"articleSection\":[\"M\u00fasica\"],\"inLanguage\":\"es\"},{\"@type\":\"WebPage\",\"@id\":\"https:\\\/\\\/poblenouurbandistrict.com\\\/es\\\/el-museu-de-la-musica-reivindica-la-soprano-conxita-badia-amb-una-exposicio-inedita\\\/\",\"url\":\"https:\\\/\\\/poblenouurbandistrict.com\\\/es\\\/el-museu-de-la-musica-reivindica-la-soprano-conxita-badia-amb-una-exposicio-inedita\\\/\",\"name\":\"El Museu de la M\u00fasica reivindica a la soprano Conxita Badia con una exposici\u00f3n in\u00e9dita &#8211; Poblenou Urban District\",\"isPartOf\":{\"@id\":\"https:\\\/\\\/poblenouurbandistrict.com\\\/es\\\/#website\"},\"primaryImageOfPage\":{\"@id\":\"https:\\\/\\\/poblenouurbandistrict.com\\\/es\\\/el-museu-de-la-musica-reivindica-la-soprano-conxita-badia-amb-una-exposicio-inedita\\\/#primaryimage\"},\"image\":{\"@id\":\"https:\\\/\\\/poblenouurbandistrict.com\\\/el-museu-de-la-musica-reivindica-la-soprano-conxita-badia-amb-una-exposicio-inedita\\\/#primaryimage\"},\"thumbnailUrl\":\"https:\\\/\\\/media.poblenouurbandistrict.com\\\/2025\\\/12\\\/25100312\\\/unnamed.jpg\",\"datePublished\":\"2026-01-08T13:36:44+00:00\",\"dateModified\":\"2026-01-08T15:21:49+00:00\",\"author\":{\"@id\":\"https:\\\/\\\/poblenouurbandistrict.com\\\/#\\\/schema\\\/person\\\/980a2cf34b399d5218205730acd54a7e\"},\"breadcrumb\":{\"@id\":\"https:\\\/\\\/poblenouurbandistrict.com\\\/es\\\/el-museu-de-la-musica-reivindica-la-soprano-conxita-badia-amb-una-exposicio-inedita\\\/#breadcrumb\"},\"inLanguage\":\"es\",\"potentialAction\":[{\"@type\":\"ReadAction\",\"target\":[[\"https:\\\/\\\/poblenouurbandistrict.com\\\/es\\\/el-museu-de-la-musica-reivindica-la-soprano-conxita-badia-amb-una-exposicio-inedita\\\/\"]]}]},{\"@type\":\"ImageObject\",\"inLanguage\":\"es\",\"@id\":\"https:\\\/\\\/poblenouurbandistrict.com\\\/es\\\/el-museu-de-la-musica-reivindica-la-soprano-conxita-badia-amb-una-exposicio-inedita\\\/#primaryimage\",\"url\":\"https:\\\/\\\/media.poblenouurbandistrict.com\\\/2025\\\/12\\\/25100312\\\/unnamed.jpg\",\"contentUrl\":\"https:\\\/\\\/media.poblenouurbandistrict.com\\\/2025\\\/12\\\/25100312\\\/unnamed.jpg\",\"width\":1475,\"height\":1123},{\"@type\":\"BreadcrumbList\",\"@id\":\"https:\\\/\\\/poblenouurbandistrict.com\\\/es\\\/el-museu-de-la-musica-reivindica-la-soprano-conxita-badia-amb-una-exposicio-inedita\\\/#breadcrumb\",\"itemListElement\":[{\"@type\":\"ListItem\",\"position\":1,\"name\":\"Home\",\"item\":\"https:\\\/\\\/poblenouurbandistrict.com\\\/es\\\/\"},{\"@type\":\"ListItem\",\"position\":2,\"name\":\"El Museu de la M\u00fasica reivindica la soprano Conxita Badia amb una exposici\u00f3 in\u00e8dita\"}]},{\"@type\":\"WebSite\",\"@id\":\"https:\\\/\\\/poblenouurbandistrict.com\\\/es\\\/#website\",\"url\":\"https:\\\/\\\/poblenouurbandistrict.com\\\/es\\\/\",\"name\":\"Poblenou Urban District\",\"description\":\"Comunidad Creativa\",\"potentialAction\":[{\"@type\":\"SearchAction\",\"target\":{\"@type\":\"EntryPoint\",\"urlTemplate\":\"https:\\\/\\\/poblenouurbandistrict.com\\\/es\\\/?s={search_term_string}\"},\"query-input\":{\"@type\":\"PropertyValueSpecification\",\"valueRequired\":true,\"valueName\":\"search_term_string\"}}],\"inLanguage\":\"es\"},{\"@type\":\"Person\",\"@id\":\"https:\\\/\\\/poblenouurbandistrict.com\\\/#\\\/schema\\\/person\\\/980a2cf34b399d5218205730acd54a7e\",\"name\":\"pnud\",\"image\":{\"@type\":\"ImageObject\",\"inLanguage\":\"es\",\"@id\":\"https:\\\/\\\/secure.gravatar.com\\\/avatar\\\/67146597b405ee077a24e519f75c3e2031736596d6ce35af3a34c122c93d0d7b?s=96&d=retro&r=g\",\"url\":\"https:\\\/\\\/secure.gravatar.com\\\/avatar\\\/67146597b405ee077a24e519f75c3e2031736596d6ce35af3a34c122c93d0d7b?s=96&d=retro&r=g\",\"contentUrl\":\"https:\\\/\\\/secure.gravatar.com\\\/avatar\\\/67146597b405ee077a24e519f75c3e2031736596d6ce35af3a34c122c93d0d7b?s=96&d=retro&r=g\",\"caption\":\"pnud\"}}]}<\/script>\n<!-- \/ Yoast SEO plugin. -->","yoast_head_json":{"title":"El Museu de la M\u00fasica reivindica a la soprano Conxita Badia con una exposici\u00f3n in\u00e9dita &#8211; Poblenou Urban District","robots":{"index":"index","follow":"follow","max-snippet":"max-snippet:-1","max-image-preview":"max-image-preview:large","max-video-preview":"max-video-preview:-1"},"canonical":"https:\/\/poblenouurbandistrict.com\/es\/el-museu-de-la-musica-reivindica-la-soprano-conxita-badia-amb-una-exposicio-inedita\/","og_locale":"es_ES","og_type":"article","og_title":"El Museu de la M\u00fasica reivindica a la soprano Conxita Badia con una exposici\u00f3n in\u00e9dita &#8211; Poblenou Urban District","og_description":"El Museu de la M\u00fasica presenta Conxita Badia. Ven t\u00fa y las canciones, una exposici\u00f3n que pone en valor la... M\u00e1s \u2192","og_url":"https:\/\/poblenouurbandistrict.com\/es\/el-museu-de-la-musica-reivindica-la-soprano-conxita-badia-amb-una-exposicio-inedita\/","og_site_name":"Poblenou Urban District","article_published_time":"2026-01-08T13:36:44+00:00","article_modified_time":"2026-01-08T15:21:49+00:00","og_image":[{"width":1475,"height":1123,"url":"https:\/\/poblenouurbandistrict.com\/wp-content\/uploads\/2025\/12\/unnamed.jpg","type":"image\/jpeg"}],"author":"pnud","twitter_card":"summary_large_image","twitter_misc":{"Escrito por":"pnud","Tiempo de lectura":"2 minutos"},"schema":{"@context":"https:\/\/schema.org","@graph":[{"@type":"Article","@id":"https:\/\/poblenouurbandistrict.com\/el-museu-de-la-musica-reivindica-la-soprano-conxita-badia-amb-una-exposicio-inedita\/#article","isPartOf":{"@id":"https:\/\/poblenouurbandistrict.com\/el-museu-de-la-musica-reivindica-la-soprano-conxita-badia-amb-una-exposicio-inedita\/"},"author":{"name":"pnud","@id":"https:\/\/poblenouurbandistrict.com\/#\/schema\/person\/980a2cf34b399d5218205730acd54a7e"},"headline":"El Museu de la M\u00fasica reivindica a la soprano Conxita Badia con una exposici\u00f3n in\u00e9dita","datePublished":"2026-01-08T13:36:44+00:00","dateModified":"2026-01-08T15:21:49+00:00","mainEntityOfPage":{"@id":"https:\/\/poblenouurbandistrict.com\/el-museu-de-la-musica-reivindica-la-soprano-conxita-badia-amb-una-exposicio-inedita\/"},"wordCount":881,"image":{"@id":"https:\/\/poblenouurbandistrict.com\/el-museu-de-la-musica-reivindica-la-soprano-conxita-badia-amb-una-exposicio-inedita\/#primaryimage"},"thumbnailUrl":"https:\/\/media.poblenouurbandistrict.com\/2025\/12\/25100312\/unnamed.jpg","articleSection":["M\u00fasica"],"inLanguage":"es"},{"@type":"WebPage","@id":"https:\/\/poblenouurbandistrict.com\/es\/el-museu-de-la-musica-reivindica-la-soprano-conxita-badia-amb-una-exposicio-inedita\/","url":"https:\/\/poblenouurbandistrict.com\/es\/el-museu-de-la-musica-reivindica-la-soprano-conxita-badia-amb-una-exposicio-inedita\/","name":"El Museu de la M\u00fasica reivindica a la soprano Conxita Badia con una exposici\u00f3n in\u00e9dita &#8211; Poblenou Urban District","isPartOf":{"@id":"https:\/\/poblenouurbandistrict.com\/es\/#website"},"primaryImageOfPage":{"@id":"https:\/\/poblenouurbandistrict.com\/es\/el-museu-de-la-musica-reivindica-la-soprano-conxita-badia-amb-una-exposicio-inedita\/#primaryimage"},"image":{"@id":"https:\/\/poblenouurbandistrict.com\/el-museu-de-la-musica-reivindica-la-soprano-conxita-badia-amb-una-exposicio-inedita\/#primaryimage"},"thumbnailUrl":"https:\/\/media.poblenouurbandistrict.com\/2025\/12\/25100312\/unnamed.jpg","datePublished":"2026-01-08T13:36:44+00:00","dateModified":"2026-01-08T15:21:49+00:00","author":{"@id":"https:\/\/poblenouurbandistrict.com\/#\/schema\/person\/980a2cf34b399d5218205730acd54a7e"},"breadcrumb":{"@id":"https:\/\/poblenouurbandistrict.com\/es\/el-museu-de-la-musica-reivindica-la-soprano-conxita-badia-amb-una-exposicio-inedita\/#breadcrumb"},"inLanguage":"es","potentialAction":[{"@type":"ReadAction","target":[["https:\/\/poblenouurbandistrict.com\/es\/el-museu-de-la-musica-reivindica-la-soprano-conxita-badia-amb-una-exposicio-inedita\/"]]}]},{"@type":"ImageObject","inLanguage":"es","@id":"https:\/\/poblenouurbandistrict.com\/es\/el-museu-de-la-musica-reivindica-la-soprano-conxita-badia-amb-una-exposicio-inedita\/#primaryimage","url":"https:\/\/media.poblenouurbandistrict.com\/2025\/12\/25100312\/unnamed.jpg","contentUrl":"https:\/\/media.poblenouurbandistrict.com\/2025\/12\/25100312\/unnamed.jpg","width":1475,"height":1123},{"@type":"BreadcrumbList","@id":"https:\/\/poblenouurbandistrict.com\/es\/el-museu-de-la-musica-reivindica-la-soprano-conxita-badia-amb-una-exposicio-inedita\/#breadcrumb","itemListElement":[{"@type":"ListItem","position":1,"name":"Home","item":"https:\/\/poblenouurbandistrict.com\/es\/"},{"@type":"ListItem","position":2,"name":"El Museu de la M\u00fasica reivindica la soprano Conxita Badia amb una exposici\u00f3 in\u00e8dita"}]},{"@type":"WebSite","@id":"https:\/\/poblenouurbandistrict.com\/es\/#website","url":"https:\/\/poblenouurbandistrict.com\/es\/","name":"Poblenou Urban District","description":"Comunidad Creativa","potentialAction":[{"@type":"SearchAction","target":{"@type":"EntryPoint","urlTemplate":"https:\/\/poblenouurbandistrict.com\/es\/?s={search_term_string}"},"query-input":{"@type":"PropertyValueSpecification","valueRequired":true,"valueName":"search_term_string"}}],"inLanguage":"es"},{"@type":"Person","@id":"https:\/\/poblenouurbandistrict.com\/#\/schema\/person\/980a2cf34b399d5218205730acd54a7e","name":"pnud","image":{"@type":"ImageObject","inLanguage":"es","@id":"https:\/\/secure.gravatar.com\/avatar\/67146597b405ee077a24e519f75c3e2031736596d6ce35af3a34c122c93d0d7b?s=96&d=retro&r=g","url":"https:\/\/secure.gravatar.com\/avatar\/67146597b405ee077a24e519f75c3e2031736596d6ce35af3a34c122c93d0d7b?s=96&d=retro&r=g","contentUrl":"https:\/\/secure.gravatar.com\/avatar\/67146597b405ee077a24e519f75c3e2031736596d6ce35af3a34c122c93d0d7b?s=96&d=retro&r=g","caption":"pnud"}}]}},"_links":{"self":[{"href":"https:\/\/poblenouurbandistrict.com\/es\/wp-json\/wp\/v2\/posts\/54270","targetHints":{"allow":["GET"]}}],"collection":[{"href":"https:\/\/poblenouurbandistrict.com\/es\/wp-json\/wp\/v2\/posts"}],"about":[{"href":"https:\/\/poblenouurbandistrict.com\/es\/wp-json\/wp\/v2\/types\/post"}],"author":[{"embeddable":true,"href":"https:\/\/poblenouurbandistrict.com\/es\/wp-json\/wp\/v2\/users\/5"}],"replies":[{"embeddable":true,"href":"https:\/\/poblenouurbandistrict.com\/es\/wp-json\/wp\/v2\/comments?post=54270"}],"version-history":[{"count":2,"href":"https:\/\/poblenouurbandistrict.com\/es\/wp-json\/wp\/v2\/posts\/54270\/revisions"}],"predecessor-version":[{"id":54364,"href":"https:\/\/poblenouurbandistrict.com\/es\/wp-json\/wp\/v2\/posts\/54270\/revisions\/54364"}],"wp:featuredmedia":[{"embeddable":true,"href":"https:\/\/poblenouurbandistrict.com\/es\/wp-json\/wp\/v2\/media\/54271"}],"wp:attachment":[{"href":"https:\/\/poblenouurbandistrict.com\/es\/wp-json\/wp\/v2\/media?parent=54270"}],"wp:term":[{"taxonomy":"category","embeddable":true,"href":"https:\/\/poblenouurbandistrict.com\/es\/wp-json\/wp\/v2\/categories?post=54270"},{"taxonomy":"post_tag","embeddable":true,"href":"https:\/\/poblenouurbandistrict.com\/es\/wp-json\/wp\/v2\/tags?post=54270"}],"curies":[{"name":"wp","href":"https:\/\/api.w.org\/{rel}","templated":true}]}}