{"id":54350,"date":"2026-01-08T14:29:14","date_gmt":"2026-01-08T13:29:14","guid":{"rendered":"https:\/\/poblenouurbandistrict.com\/?p=54350"},"modified":"2026-01-09T13:48:19","modified_gmt":"2026-01-09T12:48:19","slug":"les-millors-exposicions-i-activitats-als-museus-i-galeries-del-districte-creatiu","status":"publish","type":"post","link":"https:\/\/poblenouurbandistrict.com\/es\/les-millors-exposicions-i-activitats-als-museus-i-galeries-del-districte-creatiu\/","title":{"rendered":"Las mejores exposiciones y actividades en los museos y galer\u00edas del Distrito Creativo"},"content":{"rendered":"<p><\/p>\n<p data-start=\"189\" data-end=\"548\">Comienza el a\u00f1o y con \u00e9l la actividad de los museos del Distrito Creativo no se detiene: aprovecha el mes de enero para ver las mejores exposiciones del Poblenou, participar en talleres y actividades o realizar una ruta por las galer\u00edas de arte del Distrito Creativo.<\/p>\n<h3 data-start=\"550\" data-end=\"577\"><a href=\"https:\/\/www.dissenyhub.barcelona\/\">Disseny Hub Barcelona<\/a><\/h3>\n<p data-start=\"578\" data-end=\"632\"><strong data-start=\"578\" data-end=\"632\">Proyecci\u00f3n y mesa redonda: \u2018Cola, Colita, Colassa\u2019<\/strong><\/p>\n<p data-start=\"634\" data-end=\"1193\">El 13 de enero a las 18 h, el DHub organiza la proyecci\u00f3n del documental <em data-start=\"707\" data-end=\"730\">Cola, Colita, Colassa<\/em>, dirigido por Ventura Pons en 2015, que retrata la trayectoria y las relaciones de la fot\u00f3grafa Colita con figuras emblem\u00e1ticas de la cultura (como Maruja Torres, Rosa Maria Sard\u00e0, Teresa Gimpera y N\u00faria Feliu). Tras la proyecci\u00f3n, tiene lugar una mesa redonda moderada por Francesc Polop (director del Archivo Colita Fotograf\u00eda) con la participaci\u00f3n de N\u00faria Rib\u00f3, Anabel Campo Vidal y Vicky Combal\u00eda, en la que se profundiza en la figura y el legado de Colita.<\/p>\n<p data-start=\"1195\" data-end=\"1218\"><strong data-start=\"1195\" data-end=\"1218\">\u2018El valor del agua\u2019<\/strong><\/p>\n<p data-start=\"1220\" data-end=\"1527\">Hasta el 11 de enero, el DHub acoge la exposici\u00f3n <em data-start=\"1270\" data-end=\"1289\">El valor del agua<\/em>, una muestra que investiga las formas tradicionales de obtener y gestionar el agua e incluye objetos de la colecci\u00f3n del Museu del Disseny junto con piezas contempor\u00e1neas que reflexionan sobre el uso responsable de este recurso esencial.<\/p>\n<p data-start=\"1529\" data-end=\"1577\"><strong data-start=\"1529\" data-end=\"1577\">Visitas guiadas gratuitas a las exposiciones<\/strong><\/p>\n<p data-start=\"1579\" data-end=\"1964\">Cada s\u00e1bado a las 11 h, con la entrada al Museu del Disseny-DHub, se ofrecen visitas guiadas \u201cTastet\u201d que recorren las cuatro exposiciones permanentes del museo (incluyendo \u201cObjetos comunes. Historias locales, debates globales\u201d, \u201cMatter Matters. Dise\u00f1ar con el mundo\u201d, \u201c\u00bfDise\u00f1as o trabajas? La nueva comunicaci\u00f3n visual (1980-2003)\u201d y \u201cEl cuerpo vestido. Siluetas y moda (1550-2015)\u201d).<\/p>\n<p data-start=\"1966\" data-end=\"2009\"><strong data-start=\"1966\" data-end=\"2009\">Presentaci\u00f3n de la revista \u2018Inmaterial\u2019<\/strong><\/p>\n<p data-start=\"2011\" data-end=\"2408\">El 20 de enero a las 18 h, el DHub presenta el n\u00famero 20 de la revista <em data-start=\"2082\" data-end=\"2094\">Inmaterial<\/em>, un volumen especial titulado <em data-start=\"2125\" data-end=\"2188\">Dise\u00f1ar con el mundo: Hacia una nueva relaci\u00f3n con la materia<\/em>. El acto, que forma parte del ciclo de actividades <em data-start=\"2240\" data-end=\"2260\">Materia Compartida<\/em> asociado a la exposici\u00f3n <em data-start=\"2286\" data-end=\"2302\">Matter Matters<\/em>, cuenta con sus editores Mariona Moncunill, Jorge Luis Marzo y Olga Subir\u00f3s (comisaria de la exposici\u00f3n).<\/p>\n<hr \/>\n<h3 data-start=\"2410\" data-end=\"2430\"><a href=\"https:\/\/www.fundaciovilacasas.com\/ca\/museu\/museu-can-framis-barcelona\">Museu Can Framis<\/a><\/h3>\n<p data-start=\"2432\" data-end=\"2527\"><strong data-start=\"2432\" data-end=\"2482\">Exposici\u00f3n Permanente de Pintura Contempor\u00e1nea<\/strong><br data-start=\"2482\" data-end=\"2485\" \/>\u201cUna colecci\u00f3n permanentemente cambiante\u201d.<\/p>\n<p data-start=\"2529\" data-end=\"2803\"><strong data-start=\"2529\" data-end=\"2553\">Exposici\u00f3n Temporal:<\/strong> <em data-start=\"2554\" data-end=\"2598\">Silvia Gubern. Esplendor. Volver al origen<\/em>, una muestra que re\u00fane obra de la artista Silvia Gubern y que se puede visitar hasta el 22 de febrero de 2026. Este proyecto presenta trabajos que exploran la est\u00e9tica y el proceso creativo de la artista.<\/p>\n<p data-start=\"2805\" data-end=\"3218\">En cuanto a las actividades, el museo organiza visitas guiadas a la exposici\u00f3n de Silvia Gubern con sesiones el d\u00eda 24 de enero al mediod\u00eda, dirigidas a profundizar en las obras y el contexto de la muestra. Tambi\u00e9n el 25 de enero se celebra el taller <em data-start=\"3056\" data-end=\"3111\">Mysteri\u2019Art: viaje del alma hacia la belleza esencial<\/em>, una actividad orientada a explorar conceptos vinculados a la percepci\u00f3n est\u00e9tica y la expresi\u00f3n creativa.<\/p>\n<hr \/>\n<h3 data-start=\"3220\" data-end=\"3254\"><a href=\"https:\/\/museuterra.cat\/plastic-genial-pervers-bcn\/\">Sala Barcelona del Museu Terra<\/a><\/h3>\n<p data-start=\"3256\" data-end=\"3808\"><strong data-start=\"3256\" data-end=\"3291\">\u201cPl\u00e1stico. \u00bfGenial o perverso?\u201d<\/strong><br data-start=\"3291\" data-end=\"3294\" \/>Esta muestra, que forma parte de la programaci\u00f3n de la Sala Barcelona del Museu Terra, puede visitarse de manera libre y gratuita dentro de los horarios de apertura de la sala hasta el 30 de mayo de 2026. La exposici\u00f3n est\u00e1 comisariada por N\u00faria Vila y propone una reflexi\u00f3n sobre el pl\u00e1stico, desde su historia y usos hasta sus impactos medioambientales y sociales, a trav\u00e9s de distintos \u00e1mbitos tem\u00e1ticos y la participaci\u00f3n de artistas contempor\u00e1neos mediante audiovisuales, instalaciones y objetos de colecci\u00f3n.<\/p>\n<hr \/>\n<h3 data-start=\"3810\" data-end=\"3850\"><a href=\"https:\/\/www.piramidon.com\/es\/\">Piramid\u00f3n. Centre d\u2019Art Contemporani<\/a><\/h3>\n<p data-start=\"3852\" data-end=\"4046\">Durante el mes de enero se tiene la \u00faltima oportunidad de visitar las exposiciones <em data-start=\"3935\" data-end=\"3965\">Un impulso de \u00faltimo momento<\/em> de Rom\u00e1n Castro y la exposici\u00f3n colectiva <em data-start=\"4008\" data-end=\"4017\">2025_N4<\/em>, que finalizan el d\u00eda 20\/01.<\/p>\n<hr \/>\n<h3 data-start=\"4048\" data-end=\"4065\"><a href=\"https:\/\/laplataformabcn.com\/\">La Plataforma<\/a><\/h3>\n<p data-start=\"4067\" data-end=\"4343\"><strong data-start=\"4067\" data-end=\"4103\">Arte y Venta: A penas, pu\u00f1aladas<\/strong> es la exposici\u00f3n que celebra los 15 a\u00f1os de la apertura de la galer\u00eda. Una exposici\u00f3n colectiva que re\u00fane una selecci\u00f3n de obras recientes y piezas de archivo que recorren la trayectoria de la galer\u00eda a trav\u00e9s de las voces de sus artistas.<\/p>\n<p data-start=\"4345\" data-end=\"4385\">Se puede visitar hasta el 13 de febrero.<\/p>\n<hr \/>\n<h3 data-start=\"4387\" data-end=\"4403\"><a href=\"https:\/\/load-gallery.com\/exhibitions\/yatreda\">Load Gallery<\/a><\/h3>\n<p data-start=\"4405\" data-end=\"4721\"><strong data-start=\"4405\" data-end=\"4452\">Yatreda \u12eb\u1325\u122c\u12f3, Let\u2019s Slow Down Time Together<\/strong> se puede visitar en la galer\u00eda hasta el 14 de febrero. La primera exposici\u00f3n individual en Europa de Yatreda \u12eb\u1325\u122c\u12f3, el colectivo art\u00edstico et\u00edope presenta una selecci\u00f3n concisa de sus videocreaciones, que conectan memoria, tradici\u00f3n oral e identidad a trav\u00e9s de un lenguaje visual riguroso y po\u00e9tico.<\/p>\n<p><\/p>","protected":false},"excerpt":{"rendered":"<p>Comienza el a\u00f1o y con \u00e9l la actividad de los museos del Distrito Creativo no se detiene: aprovecha el mes&#8230; <a href=\"https:\/\/poblenouurbandistrict.com\/es\/les-millors-exposicions-i-activitats-als-museus-i-galeries-del-districte-creatiu\/\">M\u00e1s  \u2192<\/a><\/p>\n","protected":false},"author":5,"featured_media":54359,"comment_status":"closed","ping_status":"closed","sticky":false,"template":"","format":"standard","meta":{"_acf_changed":false,"footnotes":""},"categories":[3363,3342],"tags":[],"class_list":["post-54350","post","type-post","status-publish","format-standard","has-post-thumbnail","hentry","category-places","category-art"],"acf":[],"yoast_head":"<!-- This site is optimized with the Yoast SEO plugin v27.4 - https:\/\/yoast.com\/product\/yoast-seo-wordpress\/ -->\n<title>Las mejores exposiciones y actividades en los museos y galer\u00edas del Distrito Creativo &#8211; Poblenou Urban District<\/title>\n<meta name=\"robots\" content=\"index, follow, max-snippet:-1, max-image-preview:large, max-video-preview:-1\" \/>\n<link rel=\"canonical\" href=\"https:\/\/poblenouurbandistrict.com\/es\/les-millors-exposicions-i-activitats-als-museus-i-galeries-del-districte-creatiu\/\" \/>\n<meta property=\"og:locale\" content=\"es_ES\" \/>\n<meta property=\"og:type\" content=\"article\" \/>\n<meta property=\"og:title\" content=\"Las mejores exposiciones y actividades en los museos y galer\u00edas del Distrito Creativo &#8211; Poblenou Urban District\" \/>\n<meta property=\"og:description\" content=\"Comienza el a\u00f1o y con \u00e9l la actividad de los museos del Distrito Creativo no se detiene: aprovecha el mes... M\u00e1s \u2192\" \/>\n<meta property=\"og:url\" content=\"https:\/\/poblenouurbandistrict.com\/es\/les-millors-exposicions-i-activitats-als-museus-i-galeries-del-districte-creatiu\/\" \/>\n<meta property=\"og:site_name\" content=\"Poblenou Urban District\" \/>\n<meta property=\"article:published_time\" content=\"2026-01-08T13:29:14+00:00\" \/>\n<meta property=\"article:modified_time\" content=\"2026-01-09T12:48:19+00:00\" \/>\n<meta property=\"og:image\" content=\"https:\/\/poblenouurbandistrict.com\/wp-content\/uploads\/2026\/01\/unnamed-12.jpg\" \/>\n\t<meta property=\"og:image:width\" content=\"2560\" \/>\n\t<meta property=\"og:image:height\" content=\"1706\" \/>\n\t<meta property=\"og:image:type\" content=\"image\/jpeg\" \/>\n<meta name=\"author\" content=\"pnud\" \/>\n<meta name=\"twitter:card\" content=\"summary_large_image\" \/>\n<meta name=\"twitter:label1\" content=\"Escrito por\" \/>\n\t<meta name=\"twitter:data1\" content=\"pnud\" \/>\n\t<meta name=\"twitter:label2\" content=\"Tiempo de lectura\" \/>\n\t<meta name=\"twitter:data2\" content=\"4 minutos\" \/>\n<script type=\"application\/ld+json\" class=\"yoast-schema-graph\">{\"@context\":\"https:\\\/\\\/schema.org\",\"@graph\":[{\"@type\":\"Article\",\"@id\":\"https:\\\/\\\/poblenouurbandistrict.com\\\/les-millors-exposicions-i-activitats-als-museus-i-galeries-del-districte-creatiu\\\/#article\",\"isPartOf\":{\"@id\":\"https:\\\/\\\/poblenouurbandistrict.com\\\/les-millors-exposicions-i-activitats-als-museus-i-galeries-del-districte-creatiu\\\/\"},\"author\":{\"name\":\"pnud\",\"@id\":\"https:\\\/\\\/poblenouurbandistrict.com\\\/#\\\/schema\\\/person\\\/980a2cf34b399d5218205730acd54a7e\"},\"headline\":\"Las mejores exposiciones y actividades en los museos y galer\u00edas del Distrito Creativo\",\"datePublished\":\"2026-01-08T13:29:14+00:00\",\"dateModified\":\"2026-01-09T12:48:19+00:00\",\"mainEntityOfPage\":{\"@id\":\"https:\\\/\\\/poblenouurbandistrict.com\\\/les-millors-exposicions-i-activitats-als-museus-i-galeries-del-districte-creatiu\\\/\"},\"wordCount\":2175,\"image\":{\"@id\":\"https:\\\/\\\/poblenouurbandistrict.com\\\/les-millors-exposicions-i-activitats-als-museus-i-galeries-del-districte-creatiu\\\/#primaryimage\"},\"thumbnailUrl\":\"https:\\\/\\\/media.poblenouurbandistrict.com\\\/2026\\\/01\\\/25100435\\\/unnamed-12.jpg\",\"articleSection\":[\"Espacios\",\"Arte\"],\"inLanguage\":\"es\"},{\"@type\":\"WebPage\",\"@id\":\"https:\\\/\\\/poblenouurbandistrict.com\\\/es\\\/les-millors-exposicions-i-activitats-als-museus-i-galeries-del-districte-creatiu\\\/\",\"url\":\"https:\\\/\\\/poblenouurbandistrict.com\\\/es\\\/les-millors-exposicions-i-activitats-als-museus-i-galeries-del-districte-creatiu\\\/\",\"name\":\"Las mejores exposiciones y actividades en los museos y galer\u00edas del Distrito Creativo &#8211; Poblenou Urban District\",\"isPartOf\":{\"@id\":\"https:\\\/\\\/poblenouurbandistrict.com\\\/es\\\/#website\"},\"primaryImageOfPage\":{\"@id\":\"https:\\\/\\\/poblenouurbandistrict.com\\\/es\\\/les-millors-exposicions-i-activitats-als-museus-i-galeries-del-districte-creatiu\\\/#primaryimage\"},\"image\":{\"@id\":\"https:\\\/\\\/poblenouurbandistrict.com\\\/les-millors-exposicions-i-activitats-als-museus-i-galeries-del-districte-creatiu\\\/#primaryimage\"},\"thumbnailUrl\":\"https:\\\/\\\/media.poblenouurbandistrict.com\\\/2026\\\/01\\\/25100435\\\/unnamed-12.jpg\",\"datePublished\":\"2026-01-08T13:29:14+00:00\",\"dateModified\":\"2026-01-09T12:48:19+00:00\",\"author\":{\"@id\":\"https:\\\/\\\/poblenouurbandistrict.com\\\/#\\\/schema\\\/person\\\/980a2cf34b399d5218205730acd54a7e\"},\"breadcrumb\":{\"@id\":\"https:\\\/\\\/poblenouurbandistrict.com\\\/es\\\/les-millors-exposicions-i-activitats-als-museus-i-galeries-del-districte-creatiu\\\/#breadcrumb\"},\"inLanguage\":\"es\",\"potentialAction\":[{\"@type\":\"ReadAction\",\"target\":[[\"https:\\\/\\\/poblenouurbandistrict.com\\\/es\\\/les-millors-exposicions-i-activitats-als-museus-i-galeries-del-districte-creatiu\\\/\"]]}]},{\"@type\":\"ImageObject\",\"inLanguage\":\"es\",\"@id\":\"https:\\\/\\\/poblenouurbandistrict.com\\\/es\\\/les-millors-exposicions-i-activitats-als-museus-i-galeries-del-districte-creatiu\\\/#primaryimage\",\"url\":\"https:\\\/\\\/media.poblenouurbandistrict.com\\\/2026\\\/01\\\/25100435\\\/unnamed-12.jpg\",\"contentUrl\":\"https:\\\/\\\/media.poblenouurbandistrict.com\\\/2026\\\/01\\\/25100435\\\/unnamed-12.jpg\",\"width\":2560,\"height\":1706},{\"@type\":\"BreadcrumbList\",\"@id\":\"https:\\\/\\\/poblenouurbandistrict.com\\\/es\\\/les-millors-exposicions-i-activitats-als-museus-i-galeries-del-districte-creatiu\\\/#breadcrumb\",\"itemListElement\":[{\"@type\":\"ListItem\",\"position\":1,\"name\":\"Home\",\"item\":\"https:\\\/\\\/poblenouurbandistrict.com\\\/es\\\/\"},{\"@type\":\"ListItem\",\"position\":2,\"name\":\"Les millors exposicions i activitats als museus i galeries del Districte Creatiu\"}]},{\"@type\":\"WebSite\",\"@id\":\"https:\\\/\\\/poblenouurbandistrict.com\\\/es\\\/#website\",\"url\":\"https:\\\/\\\/poblenouurbandistrict.com\\\/es\\\/\",\"name\":\"Poblenou Urban District\",\"description\":\"Comunidad Creativa\",\"potentialAction\":[{\"@type\":\"SearchAction\",\"target\":{\"@type\":\"EntryPoint\",\"urlTemplate\":\"https:\\\/\\\/poblenouurbandistrict.com\\\/es\\\/?s={search_term_string}\"},\"query-input\":{\"@type\":\"PropertyValueSpecification\",\"valueRequired\":true,\"valueName\":\"search_term_string\"}}],\"inLanguage\":\"es\"},{\"@type\":\"Person\",\"@id\":\"https:\\\/\\\/poblenouurbandistrict.com\\\/#\\\/schema\\\/person\\\/980a2cf34b399d5218205730acd54a7e\",\"name\":\"pnud\",\"image\":{\"@type\":\"ImageObject\",\"inLanguage\":\"es\",\"@id\":\"https:\\\/\\\/secure.gravatar.com\\\/avatar\\\/67146597b405ee077a24e519f75c3e2031736596d6ce35af3a34c122c93d0d7b?s=96&d=retro&r=g\",\"url\":\"https:\\\/\\\/secure.gravatar.com\\\/avatar\\\/67146597b405ee077a24e519f75c3e2031736596d6ce35af3a34c122c93d0d7b?s=96&d=retro&r=g\",\"contentUrl\":\"https:\\\/\\\/secure.gravatar.com\\\/avatar\\\/67146597b405ee077a24e519f75c3e2031736596d6ce35af3a34c122c93d0d7b?s=96&d=retro&r=g\",\"caption\":\"pnud\"}}]}<\/script>\n<!-- \/ Yoast SEO plugin. -->","yoast_head_json":{"title":"Las mejores exposiciones y actividades en los museos y galer\u00edas del Distrito Creativo &#8211; Poblenou Urban District","robots":{"index":"index","follow":"follow","max-snippet":"max-snippet:-1","max-image-preview":"max-image-preview:large","max-video-preview":"max-video-preview:-1"},"canonical":"https:\/\/poblenouurbandistrict.com\/es\/les-millors-exposicions-i-activitats-als-museus-i-galeries-del-districte-creatiu\/","og_locale":"es_ES","og_type":"article","og_title":"Las mejores exposiciones y actividades en los museos y galer\u00edas del Distrito Creativo &#8211; Poblenou Urban District","og_description":"Comienza el a\u00f1o y con \u00e9l la actividad de los museos del Distrito Creativo no se detiene: aprovecha el mes... M\u00e1s \u2192","og_url":"https:\/\/poblenouurbandistrict.com\/es\/les-millors-exposicions-i-activitats-als-museus-i-galeries-del-districte-creatiu\/","og_site_name":"Poblenou Urban District","article_published_time":"2026-01-08T13:29:14+00:00","article_modified_time":"2026-01-09T12:48:19+00:00","og_image":[{"width":2560,"height":1706,"url":"https:\/\/poblenouurbandistrict.com\/wp-content\/uploads\/2026\/01\/unnamed-12.jpg","type":"image\/jpeg"}],"author":"pnud","twitter_card":"summary_large_image","twitter_misc":{"Escrito por":"pnud","Tiempo de lectura":"4 minutos"},"schema":{"@context":"https:\/\/schema.org","@graph":[{"@type":"Article","@id":"https:\/\/poblenouurbandistrict.com\/les-millors-exposicions-i-activitats-als-museus-i-galeries-del-districte-creatiu\/#article","isPartOf":{"@id":"https:\/\/poblenouurbandistrict.com\/les-millors-exposicions-i-activitats-als-museus-i-galeries-del-districte-creatiu\/"},"author":{"name":"pnud","@id":"https:\/\/poblenouurbandistrict.com\/#\/schema\/person\/980a2cf34b399d5218205730acd54a7e"},"headline":"Las mejores exposiciones y actividades en los museos y galer\u00edas del Distrito Creativo","datePublished":"2026-01-08T13:29:14+00:00","dateModified":"2026-01-09T12:48:19+00:00","mainEntityOfPage":{"@id":"https:\/\/poblenouurbandistrict.com\/les-millors-exposicions-i-activitats-als-museus-i-galeries-del-districte-creatiu\/"},"wordCount":2175,"image":{"@id":"https:\/\/poblenouurbandistrict.com\/les-millors-exposicions-i-activitats-als-museus-i-galeries-del-districte-creatiu\/#primaryimage"},"thumbnailUrl":"https:\/\/media.poblenouurbandistrict.com\/2026\/01\/25100435\/unnamed-12.jpg","articleSection":["Espacios","Arte"],"inLanguage":"es"},{"@type":"WebPage","@id":"https:\/\/poblenouurbandistrict.com\/es\/les-millors-exposicions-i-activitats-als-museus-i-galeries-del-districte-creatiu\/","url":"https:\/\/poblenouurbandistrict.com\/es\/les-millors-exposicions-i-activitats-als-museus-i-galeries-del-districte-creatiu\/","name":"Las mejores exposiciones y actividades en los museos y galer\u00edas del Distrito Creativo &#8211; Poblenou Urban District","isPartOf":{"@id":"https:\/\/poblenouurbandistrict.com\/es\/#website"},"primaryImageOfPage":{"@id":"https:\/\/poblenouurbandistrict.com\/es\/les-millors-exposicions-i-activitats-als-museus-i-galeries-del-districte-creatiu\/#primaryimage"},"image":{"@id":"https:\/\/poblenouurbandistrict.com\/les-millors-exposicions-i-activitats-als-museus-i-galeries-del-districte-creatiu\/#primaryimage"},"thumbnailUrl":"https:\/\/media.poblenouurbandistrict.com\/2026\/01\/25100435\/unnamed-12.jpg","datePublished":"2026-01-08T13:29:14+00:00","dateModified":"2026-01-09T12:48:19+00:00","author":{"@id":"https:\/\/poblenouurbandistrict.com\/#\/schema\/person\/980a2cf34b399d5218205730acd54a7e"},"breadcrumb":{"@id":"https:\/\/poblenouurbandistrict.com\/es\/les-millors-exposicions-i-activitats-als-museus-i-galeries-del-districte-creatiu\/#breadcrumb"},"inLanguage":"es","potentialAction":[{"@type":"ReadAction","target":[["https:\/\/poblenouurbandistrict.com\/es\/les-millors-exposicions-i-activitats-als-museus-i-galeries-del-districte-creatiu\/"]]}]},{"@type":"ImageObject","inLanguage":"es","@id":"https:\/\/poblenouurbandistrict.com\/es\/les-millors-exposicions-i-activitats-als-museus-i-galeries-del-districte-creatiu\/#primaryimage","url":"https:\/\/media.poblenouurbandistrict.com\/2026\/01\/25100435\/unnamed-12.jpg","contentUrl":"https:\/\/media.poblenouurbandistrict.com\/2026\/01\/25100435\/unnamed-12.jpg","width":2560,"height":1706},{"@type":"BreadcrumbList","@id":"https:\/\/poblenouurbandistrict.com\/es\/les-millors-exposicions-i-activitats-als-museus-i-galeries-del-districte-creatiu\/#breadcrumb","itemListElement":[{"@type":"ListItem","position":1,"name":"Home","item":"https:\/\/poblenouurbandistrict.com\/es\/"},{"@type":"ListItem","position":2,"name":"Les millors exposicions i activitats als museus i galeries del Districte Creatiu"}]},{"@type":"WebSite","@id":"https:\/\/poblenouurbandistrict.com\/es\/#website","url":"https:\/\/poblenouurbandistrict.com\/es\/","name":"Poblenou Urban District","description":"Comunidad Creativa","potentialAction":[{"@type":"SearchAction","target":{"@type":"EntryPoint","urlTemplate":"https:\/\/poblenouurbandistrict.com\/es\/?s={search_term_string}"},"query-input":{"@type":"PropertyValueSpecification","valueRequired":true,"valueName":"search_term_string"}}],"inLanguage":"es"},{"@type":"Person","@id":"https:\/\/poblenouurbandistrict.com\/#\/schema\/person\/980a2cf34b399d5218205730acd54a7e","name":"pnud","image":{"@type":"ImageObject","inLanguage":"es","@id":"https:\/\/secure.gravatar.com\/avatar\/67146597b405ee077a24e519f75c3e2031736596d6ce35af3a34c122c93d0d7b?s=96&d=retro&r=g","url":"https:\/\/secure.gravatar.com\/avatar\/67146597b405ee077a24e519f75c3e2031736596d6ce35af3a34c122c93d0d7b?s=96&d=retro&r=g","contentUrl":"https:\/\/secure.gravatar.com\/avatar\/67146597b405ee077a24e519f75c3e2031736596d6ce35af3a34c122c93d0d7b?s=96&d=retro&r=g","caption":"pnud"}}]}},"_links":{"self":[{"href":"https:\/\/poblenouurbandistrict.com\/es\/wp-json\/wp\/v2\/posts\/54350","targetHints":{"allow":["GET"]}}],"collection":[{"href":"https:\/\/poblenouurbandistrict.com\/es\/wp-json\/wp\/v2\/posts"}],"about":[{"href":"https:\/\/poblenouurbandistrict.com\/es\/wp-json\/wp\/v2\/types\/post"}],"author":[{"embeddable":true,"href":"https:\/\/poblenouurbandistrict.com\/es\/wp-json\/wp\/v2\/users\/5"}],"replies":[{"embeddable":true,"href":"https:\/\/poblenouurbandistrict.com\/es\/wp-json\/wp\/v2\/comments?post=54350"}],"version-history":[{"count":6,"href":"https:\/\/poblenouurbandistrict.com\/es\/wp-json\/wp\/v2\/posts\/54350\/revisions"}],"predecessor-version":[{"id":54371,"href":"https:\/\/poblenouurbandistrict.com\/es\/wp-json\/wp\/v2\/posts\/54350\/revisions\/54371"}],"wp:featuredmedia":[{"embeddable":true,"href":"https:\/\/poblenouurbandistrict.com\/es\/wp-json\/wp\/v2\/media\/54359"}],"wp:attachment":[{"href":"https:\/\/poblenouurbandistrict.com\/es\/wp-json\/wp\/v2\/media?parent=54350"}],"wp:term":[{"taxonomy":"category","embeddable":true,"href":"https:\/\/poblenouurbandistrict.com\/es\/wp-json\/wp\/v2\/categories?post=54350"},{"taxonomy":"post_tag","embeddable":true,"href":"https:\/\/poblenouurbandistrict.com\/es\/wp-json\/wp\/v2\/tags?post=54350"}],"curies":[{"name":"wp","href":"https:\/\/api.w.org\/{rel}","templated":true}]}}