{"id":54535,"date":"2026-01-22T12:59:20","date_gmt":"2026-01-22T11:59:20","guid":{"rendered":"https:\/\/poblenouurbandistrict.com\/?p=54535"},"modified":"2026-01-22T12:59:20","modified_gmt":"2026-01-22T11:59:20","slug":"sisi-rooftop-nominat-als-premis-conde-nast-traveler-en-la-categoria-millor-terrassa","status":"publish","type":"post","link":"https:\/\/poblenouurbandistrict.com\/es\/sisi-rooftop-nominat-als-premis-conde-nast-traveler-en-la-categoria-millor-terrassa\/","title":{"rendered":"S\u00edS\u00ed Rooftop, nominado a los Premios Cond\u00e9 Nast Traveler en la categor\u00eda \u00abMejor Terraza\u00bb"},"content":{"rendered":"<p><\/p>\n<p data-start=\"30\" data-end=\"268\">El restaurante <a href=\"https:\/\/www.sisirooftop.com\/es\/barcelona\">S\u00edS\u00ed Rooftop<\/a>, del hotel <a href=\"https:\/\/www.thesocialhub.co\/es\/barcelona-poblenou\/estancia-hotel\/?utm_source=google&amp;utm_medium=cpc&amp;utm_campaign=all_bcn03_always-on_b2c&amp;utm_content=esp-es&amp;utm_source_platform=google_brand&amp;utm_creative_format=text&amp;utm_marketing_tactic=convert&amp;gad_source=1&amp;gad_campaignid=18091586769&amp;gbraid=0AAAAADNotMtxdISmveMGa2l4wt4ps3wkx&amp;gclid=CjwKCAiAssfLBhBDEiwAcLpwfhUPeZ4_v4Z9oR1oXHIEmr58ObhP9QYLeXm0HvzlUpDJ7JbN5iKd1BoCoIwQAvD_BwE\">The Social Hub<\/a>, ha sido nominado a los Premios Cond\u00e9 Nast Traveler gracias a su magn\u00edfica terraza. <strong>Gastronom\u00eda mexicana, c\u00f3cteles y una programaci\u00f3n que no se detiene, con unas vistas espectaculares.<\/strong><\/p>\n<p data-start=\"270\" data-end=\"725\">El local se presenta como un trocito de M\u00e9xico sobre el cielo de Barcelona, con una premisa fresca y sabrosa. El chef Adam Rawson propone su giro moderno a los platillos cl\u00e1sicos seg\u00fan el concepto \u201cMexicana\u201d. Este movimiento cultural y gastron\u00f3mico, que<strong> reinterpreta las tradiciones culinarias de M\u00e9xico<\/strong> desde una perspectiva contempor\u00e1nea, fusiona sabores, apuesta por ingredientes de proximidad y dialoga con la tradici\u00f3n para elevarla a nuevos niveles.<\/p>\n<p data-start=\"727\" data-end=\"1031\">La oferta gastron\u00f3mica est\u00e1 acompa\u00f1ada de una\u00a0carta de<strong> c\u00f3cteles de autor <\/strong>de la mano de Marc \u00c1lvarez, creados con influencias mexicanas, peruanas y asi\u00e1ticas. Para redondear la experiencia, se celebran <strong>sesiones semanales de DJ, eventos culturales y fiestas<\/strong> que sacan el m\u00e1ximo partido a la amplia terraza.<\/p>\n<p data-start=\"1033\" data-end=\"1166\">S\u00edS\u00ed Rooftop es un oasis donde deleitarse con la piscina, buena gastronom\u00eda y c\u00f3cteles atrevidos, con vistas incre\u00edbles de la ciudad.<\/p>\n<p>&nbsp;<\/p>","protected":false},"excerpt":{"rendered":"<p>El restaurante S\u00edS\u00ed Rooftop, del hotel The Social Hub, ha sido nominado a los Premios Cond\u00e9 Nast Traveler gracias a&#8230; <a href=\"https:\/\/poblenouurbandistrict.com\/es\/sisi-rooftop-nominat-als-premis-conde-nast-traveler-en-la-categoria-millor-terrassa\/\">M\u00e1s  \u2192<\/a><\/p>\n","protected":false},"author":5,"featured_media":54539,"comment_status":"closed","ping_status":"closed","sticky":false,"template":"","format":"standard","meta":{"_acf_changed":false,"footnotes":""},"categories":[3637,3353],"tags":[],"class_list":["post-54535","post","type-post","status-publish","format-standard","has-post-thumbnail","hentry","category-premis","category-gastronomia"],"acf":[],"yoast_head":"<!-- This site is optimized with the Yoast SEO plugin v27.4 - https:\/\/yoast.com\/product\/yoast-seo-wordpress\/ -->\n<title>S\u00edS\u00ed Rooftop, nominado a los Premios Cond\u00e9 Nast Traveler en la categor\u00eda &quot;Mejor Terraza&quot; &#8211; Poblenou Urban District<\/title>\n<meta name=\"robots\" content=\"index, follow, max-snippet:-1, max-image-preview:large, max-video-preview:-1\" \/>\n<link rel=\"canonical\" href=\"https:\/\/poblenouurbandistrict.com\/es\/sisi-rooftop-nominat-als-premis-conde-nast-traveler-en-la-categoria-millor-terrassa\/\" \/>\n<meta property=\"og:locale\" content=\"es_ES\" \/>\n<meta property=\"og:type\" content=\"article\" \/>\n<meta property=\"og:title\" content=\"S\u00edS\u00ed Rooftop, nominado a los Premios Cond\u00e9 Nast Traveler en la categor\u00eda &quot;Mejor Terraza&quot; &#8211; Poblenou Urban District\" \/>\n<meta property=\"og:description\" content=\"El restaurante S\u00edS\u00ed Rooftop, del hotel The Social Hub, ha sido nominado a los Premios Cond\u00e9 Nast Traveler gracias a... M\u00e1s \u2192\" \/>\n<meta property=\"og:url\" content=\"https:\/\/poblenouurbandistrict.com\/es\/sisi-rooftop-nominat-als-premis-conde-nast-traveler-en-la-categoria-millor-terrassa\/\" \/>\n<meta property=\"og:site_name\" content=\"Poblenou Urban District\" \/>\n<meta property=\"article:published_time\" content=\"2026-01-22T11:59:20+00:00\" \/>\n<meta property=\"og:image\" content=\"https:\/\/poblenouurbandistrict.com\/wp-content\/uploads\/2026\/01\/sisi-barcelona-exterior.webp\" \/>\n\t<meta property=\"og:image:width\" content=\"1600\" \/>\n\t<meta property=\"og:image:height\" content=\"1067\" \/>\n\t<meta property=\"og:image:type\" content=\"image\/webp\" \/>\n<meta name=\"author\" content=\"pnud\" \/>\n<meta name=\"twitter:card\" content=\"summary_large_image\" \/>\n<meta name=\"twitter:label1\" content=\"Escrito por\" \/>\n\t<meta name=\"twitter:data1\" content=\"pnud\" \/>\n\t<meta name=\"twitter:label2\" content=\"Tiempo de lectura\" \/>\n\t<meta name=\"twitter:data2\" content=\"2 minutos\" \/>\n<script type=\"application\/ld+json\" class=\"yoast-schema-graph\">{\"@context\":\"https:\\\/\\\/schema.org\",\"@graph\":[{\"@type\":\"Article\",\"@id\":\"https:\\\/\\\/poblenouurbandistrict.com\\\/sisi-rooftop-nominat-als-premis-conde-nast-traveler-en-la-categoria-millor-terrassa\\\/#article\",\"isPartOf\":{\"@id\":\"https:\\\/\\\/poblenouurbandistrict.com\\\/sisi-rooftop-nominat-als-premis-conde-nast-traveler-en-la-categoria-millor-terrassa\\\/\"},\"author\":{\"name\":\"pnud\",\"@id\":\"https:\\\/\\\/poblenouurbandistrict.com\\\/#\\\/schema\\\/person\\\/980a2cf34b399d5218205730acd54a7e\"},\"headline\":\"S\u00edS\u00ed Rooftop, nominado a los Premios Cond\u00e9 Nast Traveler en la categor\u00eda \u00abMejor Terraza\u00bb\",\"datePublished\":\"2026-01-22T11:59:20+00:00\",\"mainEntityOfPage\":{\"@id\":\"https:\\\/\\\/poblenouurbandistrict.com\\\/sisi-rooftop-nominat-als-premis-conde-nast-traveler-en-la-categoria-millor-terrassa\\\/\"},\"wordCount\":618,\"image\":{\"@id\":\"https:\\\/\\\/poblenouurbandistrict.com\\\/sisi-rooftop-nominat-als-premis-conde-nast-traveler-en-la-categoria-millor-terrassa\\\/#primaryimage\"},\"thumbnailUrl\":\"https:\\\/\\\/media.poblenouurbandistrict.com\\\/2026\\\/01\\\/25100743\\\/sisi-barcelona-exterior.webp\",\"articleSection\":[\"Premis\",\"Gastronom\u00eda\"],\"inLanguage\":\"es\"},{\"@type\":\"WebPage\",\"@id\":\"https:\\\/\\\/poblenouurbandistrict.com\\\/es\\\/sisi-rooftop-nominat-als-premis-conde-nast-traveler-en-la-categoria-millor-terrassa\\\/\",\"url\":\"https:\\\/\\\/poblenouurbandistrict.com\\\/es\\\/sisi-rooftop-nominat-als-premis-conde-nast-traveler-en-la-categoria-millor-terrassa\\\/\",\"name\":\"S\u00edS\u00ed Rooftop, nominado a los Premios Cond\u00e9 Nast Traveler en la categor\u00eda \\\"Mejor Terraza\\\" &#8211; Poblenou Urban District\",\"isPartOf\":{\"@id\":\"https:\\\/\\\/poblenouurbandistrict.com\\\/es\\\/#website\"},\"primaryImageOfPage\":{\"@id\":\"https:\\\/\\\/poblenouurbandistrict.com\\\/es\\\/sisi-rooftop-nominat-als-premis-conde-nast-traveler-en-la-categoria-millor-terrassa\\\/#primaryimage\"},\"image\":{\"@id\":\"https:\\\/\\\/poblenouurbandistrict.com\\\/sisi-rooftop-nominat-als-premis-conde-nast-traveler-en-la-categoria-millor-terrassa\\\/#primaryimage\"},\"thumbnailUrl\":\"https:\\\/\\\/media.poblenouurbandistrict.com\\\/2026\\\/01\\\/25100743\\\/sisi-barcelona-exterior.webp\",\"datePublished\":\"2026-01-22T11:59:20+00:00\",\"author\":{\"@id\":\"https:\\\/\\\/poblenouurbandistrict.com\\\/#\\\/schema\\\/person\\\/980a2cf34b399d5218205730acd54a7e\"},\"breadcrumb\":{\"@id\":\"https:\\\/\\\/poblenouurbandistrict.com\\\/es\\\/sisi-rooftop-nominat-als-premis-conde-nast-traveler-en-la-categoria-millor-terrassa\\\/#breadcrumb\"},\"inLanguage\":\"es\",\"potentialAction\":[{\"@type\":\"ReadAction\",\"target\":[[\"https:\\\/\\\/poblenouurbandistrict.com\\\/es\\\/sisi-rooftop-nominat-als-premis-conde-nast-traveler-en-la-categoria-millor-terrassa\\\/\"]]}]},{\"@type\":\"ImageObject\",\"inLanguage\":\"es\",\"@id\":\"https:\\\/\\\/poblenouurbandistrict.com\\\/es\\\/sisi-rooftop-nominat-als-premis-conde-nast-traveler-en-la-categoria-millor-terrassa\\\/#primaryimage\",\"url\":\"https:\\\/\\\/media.poblenouurbandistrict.com\\\/2026\\\/01\\\/25100743\\\/sisi-barcelona-exterior.webp\",\"contentUrl\":\"https:\\\/\\\/media.poblenouurbandistrict.com\\\/2026\\\/01\\\/25100743\\\/sisi-barcelona-exterior.webp\",\"width\":1600,\"height\":1067},{\"@type\":\"BreadcrumbList\",\"@id\":\"https:\\\/\\\/poblenouurbandistrict.com\\\/es\\\/sisi-rooftop-nominat-als-premis-conde-nast-traveler-en-la-categoria-millor-terrassa\\\/#breadcrumb\",\"itemListElement\":[{\"@type\":\"ListItem\",\"position\":1,\"name\":\"Home\",\"item\":\"https:\\\/\\\/poblenouurbandistrict.com\\\/es\\\/\"},{\"@type\":\"ListItem\",\"position\":2,\"name\":\"S\u00edS\u00ed Rooftop, nominat als Premis Cond\u00e9 Nast Traveler en la categor\u00eda &#8220;Millor Terrassa&#8221;\"}]},{\"@type\":\"WebSite\",\"@id\":\"https:\\\/\\\/poblenouurbandistrict.com\\\/es\\\/#website\",\"url\":\"https:\\\/\\\/poblenouurbandistrict.com\\\/es\\\/\",\"name\":\"Poblenou Urban District\",\"description\":\"Comunidad Creativa\",\"potentialAction\":[{\"@type\":\"SearchAction\",\"target\":{\"@type\":\"EntryPoint\",\"urlTemplate\":\"https:\\\/\\\/poblenouurbandistrict.com\\\/es\\\/?s={search_term_string}\"},\"query-input\":{\"@type\":\"PropertyValueSpecification\",\"valueRequired\":true,\"valueName\":\"search_term_string\"}}],\"inLanguage\":\"es\"},{\"@type\":\"Person\",\"@id\":\"https:\\\/\\\/poblenouurbandistrict.com\\\/#\\\/schema\\\/person\\\/980a2cf34b399d5218205730acd54a7e\",\"name\":\"pnud\",\"image\":{\"@type\":\"ImageObject\",\"inLanguage\":\"es\",\"@id\":\"https:\\\/\\\/secure.gravatar.com\\\/avatar\\\/67146597b405ee077a24e519f75c3e2031736596d6ce35af3a34c122c93d0d7b?s=96&d=retro&r=g\",\"url\":\"https:\\\/\\\/secure.gravatar.com\\\/avatar\\\/67146597b405ee077a24e519f75c3e2031736596d6ce35af3a34c122c93d0d7b?s=96&d=retro&r=g\",\"contentUrl\":\"https:\\\/\\\/secure.gravatar.com\\\/avatar\\\/67146597b405ee077a24e519f75c3e2031736596d6ce35af3a34c122c93d0d7b?s=96&d=retro&r=g\",\"caption\":\"pnud\"}}]}<\/script>\n<!-- \/ Yoast SEO plugin. -->","yoast_head_json":{"title":"S\u00edS\u00ed Rooftop, nominado a los Premios Cond\u00e9 Nast Traveler en la categor\u00eda \"Mejor Terraza\" &#8211; Poblenou Urban District","robots":{"index":"index","follow":"follow","max-snippet":"max-snippet:-1","max-image-preview":"max-image-preview:large","max-video-preview":"max-video-preview:-1"},"canonical":"https:\/\/poblenouurbandistrict.com\/es\/sisi-rooftop-nominat-als-premis-conde-nast-traveler-en-la-categoria-millor-terrassa\/","og_locale":"es_ES","og_type":"article","og_title":"S\u00edS\u00ed Rooftop, nominado a los Premios Cond\u00e9 Nast Traveler en la categor\u00eda \"Mejor Terraza\" &#8211; Poblenou Urban District","og_description":"El restaurante S\u00edS\u00ed Rooftop, del hotel The Social Hub, ha sido nominado a los Premios Cond\u00e9 Nast Traveler gracias a... M\u00e1s \u2192","og_url":"https:\/\/poblenouurbandistrict.com\/es\/sisi-rooftop-nominat-als-premis-conde-nast-traveler-en-la-categoria-millor-terrassa\/","og_site_name":"Poblenou Urban District","article_published_time":"2026-01-22T11:59:20+00:00","og_image":[{"width":1600,"height":1067,"url":"https:\/\/poblenouurbandistrict.com\/wp-content\/uploads\/2026\/01\/sisi-barcelona-exterior.webp","type":"image\/webp"}],"author":"pnud","twitter_card":"summary_large_image","twitter_misc":{"Escrito por":"pnud","Tiempo de lectura":"2 minutos"},"schema":{"@context":"https:\/\/schema.org","@graph":[{"@type":"Article","@id":"https:\/\/poblenouurbandistrict.com\/sisi-rooftop-nominat-als-premis-conde-nast-traveler-en-la-categoria-millor-terrassa\/#article","isPartOf":{"@id":"https:\/\/poblenouurbandistrict.com\/sisi-rooftop-nominat-als-premis-conde-nast-traveler-en-la-categoria-millor-terrassa\/"},"author":{"name":"pnud","@id":"https:\/\/poblenouurbandistrict.com\/#\/schema\/person\/980a2cf34b399d5218205730acd54a7e"},"headline":"S\u00edS\u00ed Rooftop, nominado a los Premios Cond\u00e9 Nast Traveler en la categor\u00eda \u00abMejor Terraza\u00bb","datePublished":"2026-01-22T11:59:20+00:00","mainEntityOfPage":{"@id":"https:\/\/poblenouurbandistrict.com\/sisi-rooftop-nominat-als-premis-conde-nast-traveler-en-la-categoria-millor-terrassa\/"},"wordCount":618,"image":{"@id":"https:\/\/poblenouurbandistrict.com\/sisi-rooftop-nominat-als-premis-conde-nast-traveler-en-la-categoria-millor-terrassa\/#primaryimage"},"thumbnailUrl":"https:\/\/media.poblenouurbandistrict.com\/2026\/01\/25100743\/sisi-barcelona-exterior.webp","articleSection":["Premis","Gastronom\u00eda"],"inLanguage":"es"},{"@type":"WebPage","@id":"https:\/\/poblenouurbandistrict.com\/es\/sisi-rooftop-nominat-als-premis-conde-nast-traveler-en-la-categoria-millor-terrassa\/","url":"https:\/\/poblenouurbandistrict.com\/es\/sisi-rooftop-nominat-als-premis-conde-nast-traveler-en-la-categoria-millor-terrassa\/","name":"S\u00edS\u00ed Rooftop, nominado a los Premios Cond\u00e9 Nast Traveler en la categor\u00eda \"Mejor Terraza\" &#8211; Poblenou Urban District","isPartOf":{"@id":"https:\/\/poblenouurbandistrict.com\/es\/#website"},"primaryImageOfPage":{"@id":"https:\/\/poblenouurbandistrict.com\/es\/sisi-rooftop-nominat-als-premis-conde-nast-traveler-en-la-categoria-millor-terrassa\/#primaryimage"},"image":{"@id":"https:\/\/poblenouurbandistrict.com\/sisi-rooftop-nominat-als-premis-conde-nast-traveler-en-la-categoria-millor-terrassa\/#primaryimage"},"thumbnailUrl":"https:\/\/media.poblenouurbandistrict.com\/2026\/01\/25100743\/sisi-barcelona-exterior.webp","datePublished":"2026-01-22T11:59:20+00:00","author":{"@id":"https:\/\/poblenouurbandistrict.com\/#\/schema\/person\/980a2cf34b399d5218205730acd54a7e"},"breadcrumb":{"@id":"https:\/\/poblenouurbandistrict.com\/es\/sisi-rooftop-nominat-als-premis-conde-nast-traveler-en-la-categoria-millor-terrassa\/#breadcrumb"},"inLanguage":"es","potentialAction":[{"@type":"ReadAction","target":[["https:\/\/poblenouurbandistrict.com\/es\/sisi-rooftop-nominat-als-premis-conde-nast-traveler-en-la-categoria-millor-terrassa\/"]]}]},{"@type":"ImageObject","inLanguage":"es","@id":"https:\/\/poblenouurbandistrict.com\/es\/sisi-rooftop-nominat-als-premis-conde-nast-traveler-en-la-categoria-millor-terrassa\/#primaryimage","url":"https:\/\/media.poblenouurbandistrict.com\/2026\/01\/25100743\/sisi-barcelona-exterior.webp","contentUrl":"https:\/\/media.poblenouurbandistrict.com\/2026\/01\/25100743\/sisi-barcelona-exterior.webp","width":1600,"height":1067},{"@type":"BreadcrumbList","@id":"https:\/\/poblenouurbandistrict.com\/es\/sisi-rooftop-nominat-als-premis-conde-nast-traveler-en-la-categoria-millor-terrassa\/#breadcrumb","itemListElement":[{"@type":"ListItem","position":1,"name":"Home","item":"https:\/\/poblenouurbandistrict.com\/es\/"},{"@type":"ListItem","position":2,"name":"S\u00edS\u00ed Rooftop, nominat als Premis Cond\u00e9 Nast Traveler en la categor\u00eda &#8220;Millor Terrassa&#8221;"}]},{"@type":"WebSite","@id":"https:\/\/poblenouurbandistrict.com\/es\/#website","url":"https:\/\/poblenouurbandistrict.com\/es\/","name":"Poblenou Urban District","description":"Comunidad Creativa","potentialAction":[{"@type":"SearchAction","target":{"@type":"EntryPoint","urlTemplate":"https:\/\/poblenouurbandistrict.com\/es\/?s={search_term_string}"},"query-input":{"@type":"PropertyValueSpecification","valueRequired":true,"valueName":"search_term_string"}}],"inLanguage":"es"},{"@type":"Person","@id":"https:\/\/poblenouurbandistrict.com\/#\/schema\/person\/980a2cf34b399d5218205730acd54a7e","name":"pnud","image":{"@type":"ImageObject","inLanguage":"es","@id":"https:\/\/secure.gravatar.com\/avatar\/67146597b405ee077a24e519f75c3e2031736596d6ce35af3a34c122c93d0d7b?s=96&d=retro&r=g","url":"https:\/\/secure.gravatar.com\/avatar\/67146597b405ee077a24e519f75c3e2031736596d6ce35af3a34c122c93d0d7b?s=96&d=retro&r=g","contentUrl":"https:\/\/secure.gravatar.com\/avatar\/67146597b405ee077a24e519f75c3e2031736596d6ce35af3a34c122c93d0d7b?s=96&d=retro&r=g","caption":"pnud"}}]}},"_links":{"self":[{"href":"https:\/\/poblenouurbandistrict.com\/es\/wp-json\/wp\/v2\/posts\/54535","targetHints":{"allow":["GET"]}}],"collection":[{"href":"https:\/\/poblenouurbandistrict.com\/es\/wp-json\/wp\/v2\/posts"}],"about":[{"href":"https:\/\/poblenouurbandistrict.com\/es\/wp-json\/wp\/v2\/types\/post"}],"author":[{"embeddable":true,"href":"https:\/\/poblenouurbandistrict.com\/es\/wp-json\/wp\/v2\/users\/5"}],"replies":[{"embeddable":true,"href":"https:\/\/poblenouurbandistrict.com\/es\/wp-json\/wp\/v2\/comments?post=54535"}],"version-history":[{"count":7,"href":"https:\/\/poblenouurbandistrict.com\/es\/wp-json\/wp\/v2\/posts\/54535\/revisions"}],"predecessor-version":[{"id":54547,"href":"https:\/\/poblenouurbandistrict.com\/es\/wp-json\/wp\/v2\/posts\/54535\/revisions\/54547"}],"wp:featuredmedia":[{"embeddable":true,"href":"https:\/\/poblenouurbandistrict.com\/es\/wp-json\/wp\/v2\/media\/54539"}],"wp:attachment":[{"href":"https:\/\/poblenouurbandistrict.com\/es\/wp-json\/wp\/v2\/media?parent=54535"}],"wp:term":[{"taxonomy":"category","embeddable":true,"href":"https:\/\/poblenouurbandistrict.com\/es\/wp-json\/wp\/v2\/categories?post=54535"},{"taxonomy":"post_tag","embeddable":true,"href":"https:\/\/poblenouurbandistrict.com\/es\/wp-json\/wp\/v2\/tags?post=54535"}],"curies":[{"name":"wp","href":"https:\/\/api.w.org\/{rel}","templated":true}]}}