{"id":54582,"date":"2026-01-29T14:22:55","date_gmt":"2026-01-29T13:22:55","guid":{"rendered":"https:\/\/poblenouurbandistrict.com\/?p=54582"},"modified":"2026-01-29T14:22:55","modified_gmt":"2026-01-29T13:22:55","slug":"portes-tancades-al-21-les-galeries-del-poblenou-suneixen-a-la-vaga","status":"publish","type":"post","link":"https:\/\/poblenouurbandistrict.com\/es\/portes-tancades-al-21-les-galeries-del-poblenou-suneixen-a-la-vaga\/","title":{"rendered":"Puertas cerradas al 21%: las galer\u00edas del Poblenou se unen a la vaga"},"content":{"rendered":"<p><\/p>\n<p data-start=\"87\" data-end=\"439\"><strong>Las galer\u00edas de arte del Distrito Creativo cerrar\u00e1n del 2 al 7 de febrero en defensa de unas pol\u00edticas culturales justas<\/strong>. <a href=\"https:\/\/laplataformabcn.com\/\">La Plataforma<\/a> y <a href=\"https:\/\/www.piramidon.com\/es\/\">Piramid\u00f3n, Centro de Arte Contempor\u00e1neo<\/a>, se suman al resto de galer\u00edas del Estado ante la falta de respuesta por parte del Gobierno Central a la reivindicaci\u00f3n de una reducci\u00f3n del IVA en la venta de obras de arte.<\/p>\n<p data-start=\"441\" data-end=\"909\">Otros pa\u00edses de nuestro entorno como Italia, Francia, Alemania, B\u00e9lgica o Portugal ya cuentan con un IVA cultural reducido aplicado al arte, de entre el 5 % y el 7 %, mientras que en Espa\u00f1a es del 21 %. El hecho de no adoptar esta medida en el Estado espa\u00f1ol genera una situaci\u00f3n de clara desigualdad que afecta directamente a las galer\u00edas y a los artistas, y dificulta el acceso a la adquisici\u00f3n de obra art\u00edstica en condiciones equiparables a las del \u00e1mbito europeo.<\/p>\n<p data-start=\"911\" data-end=\"1201\">La huelga, convocada por el Consorcio de Galer\u00edas de Arte Contempor\u00e1neo, busca reivindicar la labor cultural de estos espacios de acercar el arte a la ciudadan\u00eda y defender una actividad que consideran imprescindible para la sociedad: el acceso gratuito y constante a la creaci\u00f3n art\u00edstica.<\/p>\n<p data-start=\"1203\" data-end=\"1325\"><strong>A partir del d\u00eda 9 de febrero volver\u00e1n a abrir para seguir defendiendo su papel como espacios de encuentro con la cultura.<\/strong><\/p>\n<p><\/p>","protected":false},"excerpt":{"rendered":"<p>Las galer\u00edas de arte del Distrito Creativo cerrar\u00e1n del 2 al 7 de febrero en defensa de unas pol\u00edticas culturales&#8230; <a href=\"https:\/\/poblenouurbandistrict.com\/es\/portes-tancades-al-21-les-galeries-del-poblenou-suneixen-a-la-vaga\/\">M\u00e1s  \u2192<\/a><\/p>\n","protected":false},"author":5,"featured_media":54615,"comment_status":"closed","ping_status":"closed","sticky":false,"template":"","format":"standard","meta":{"_acf_changed":false,"footnotes":""},"categories":[3342],"tags":[],"class_list":["post-54582","post","type-post","status-publish","format-standard","has-post-thumbnail","hentry","category-art"],"acf":[],"yoast_head":"<!-- This site is optimized with the Yoast SEO plugin v27.5 - https:\/\/yoast.com\/product\/yoast-seo-wordpress\/ -->\n<title>Puertas cerradas al 21%: las galer\u00edas del Poblenou se unen a la vaga &#8211; Poblenou Urban District<\/title>\n<meta name=\"robots\" content=\"index, follow, max-snippet:-1, max-image-preview:large, max-video-preview:-1\" \/>\n<link rel=\"canonical\" href=\"https:\/\/poblenouurbandistrict.com\/es\/portes-tancades-al-21-les-galeries-del-poblenou-suneixen-a-la-vaga\/\" \/>\n<meta property=\"og:locale\" content=\"es_ES\" \/>\n<meta property=\"og:type\" content=\"article\" \/>\n<meta property=\"og:title\" content=\"Puertas cerradas al 21%: las galer\u00edas del Poblenou se unen a la vaga &#8211; Poblenou Urban District\" \/>\n<meta property=\"og:description\" content=\"Las galer\u00edas de arte del Distrito Creativo cerrar\u00e1n del 2 al 7 de febrero en defensa de unas pol\u00edticas culturales... M\u00e1s \u2192\" \/>\n<meta property=\"og:url\" content=\"https:\/\/poblenouurbandistrict.com\/es\/portes-tancades-al-21-les-galeries-del-poblenou-suneixen-a-la-vaga\/\" \/>\n<meta property=\"og:site_name\" content=\"Poblenou Urban District\" \/>\n<meta property=\"article:published_time\" content=\"2026-01-29T13:22:55+00:00\" \/>\n<meta property=\"og:image\" content=\"https:\/\/poblenouurbandistrict.com\/wp-content\/uploads\/2026\/01\/ar-de-484-e1769689502180.jpg\" \/>\n\t<meta property=\"og:image:width\" content=\"2166\" \/>\n\t<meta property=\"og:image:height\" content=\"1510\" \/>\n\t<meta property=\"og:image:type\" content=\"image\/jpeg\" \/>\n<meta name=\"author\" content=\"pnud\" \/>\n<meta name=\"twitter:card\" content=\"summary_large_image\" \/>\n<meta name=\"twitter:label1\" content=\"Escrito por\" \/>\n\t<meta name=\"twitter:data1\" content=\"pnud\" \/>\n\t<meta name=\"twitter:label2\" content=\"Tiempo de lectura\" \/>\n\t<meta name=\"twitter:data2\" content=\"2 minutos\" \/>\n<script type=\"application\/ld+json\" class=\"yoast-schema-graph\">{\"@context\":\"https:\\\/\\\/schema.org\",\"@graph\":[{\"@type\":\"Article\",\"@id\":\"https:\\\/\\\/poblenouurbandistrict.com\\\/portes-tancades-al-21-les-galeries-del-poblenou-suneixen-a-la-vaga\\\/#article\",\"isPartOf\":{\"@id\":\"https:\\\/\\\/poblenouurbandistrict.com\\\/portes-tancades-al-21-les-galeries-del-poblenou-suneixen-a-la-vaga\\\/\"},\"author\":{\"name\":\"pnud\",\"@id\":\"https:\\\/\\\/poblenouurbandistrict.com\\\/#\\\/schema\\\/person\\\/980a2cf34b399d5218205730acd54a7e\"},\"headline\":\"Puertas cerradas al 21%: las galer\u00edas del Poblenou se unen a la vaga\",\"datePublished\":\"2026-01-29T13:22:55+00:00\",\"mainEntityOfPage\":{\"@id\":\"https:\\\/\\\/poblenouurbandistrict.com\\\/portes-tancades-al-21-les-galeries-del-poblenou-suneixen-a-la-vaga\\\/\"},\"wordCount\":673,\"image\":{\"@id\":\"https:\\\/\\\/poblenouurbandistrict.com\\\/portes-tancades-al-21-les-galeries-del-poblenou-suneixen-a-la-vaga\\\/#primaryimage\"},\"thumbnailUrl\":\"https:\\\/\\\/media.poblenouurbandistrict.com\\\/2026\\\/01\\\/25100826\\\/ar-de-484-e1769689502180.jpg\",\"articleSection\":[\"Arte\"],\"inLanguage\":\"es\"},{\"@type\":\"WebPage\",\"@id\":\"https:\\\/\\\/poblenouurbandistrict.com\\\/es\\\/portes-tancades-al-21-les-galeries-del-poblenou-suneixen-a-la-vaga\\\/\",\"url\":\"https:\\\/\\\/poblenouurbandistrict.com\\\/es\\\/portes-tancades-al-21-les-galeries-del-poblenou-suneixen-a-la-vaga\\\/\",\"name\":\"Puertas cerradas al 21%: las galer\u00edas del Poblenou se unen a la vaga &#8211; Poblenou Urban District\",\"isPartOf\":{\"@id\":\"https:\\\/\\\/poblenouurbandistrict.com\\\/es\\\/#website\"},\"primaryImageOfPage\":{\"@id\":\"https:\\\/\\\/poblenouurbandistrict.com\\\/es\\\/portes-tancades-al-21-les-galeries-del-poblenou-suneixen-a-la-vaga\\\/#primaryimage\"},\"image\":{\"@id\":\"https:\\\/\\\/poblenouurbandistrict.com\\\/portes-tancades-al-21-les-galeries-del-poblenou-suneixen-a-la-vaga\\\/#primaryimage\"},\"thumbnailUrl\":\"https:\\\/\\\/media.poblenouurbandistrict.com\\\/2026\\\/01\\\/25100826\\\/ar-de-484-e1769689502180.jpg\",\"datePublished\":\"2026-01-29T13:22:55+00:00\",\"author\":{\"@id\":\"https:\\\/\\\/poblenouurbandistrict.com\\\/#\\\/schema\\\/person\\\/980a2cf34b399d5218205730acd54a7e\"},\"breadcrumb\":{\"@id\":\"https:\\\/\\\/poblenouurbandistrict.com\\\/es\\\/portes-tancades-al-21-les-galeries-del-poblenou-suneixen-a-la-vaga\\\/#breadcrumb\"},\"inLanguage\":\"es\",\"potentialAction\":[{\"@type\":\"ReadAction\",\"target\":[[\"https:\\\/\\\/poblenouurbandistrict.com\\\/es\\\/portes-tancades-al-21-les-galeries-del-poblenou-suneixen-a-la-vaga\\\/\"]]}]},{\"@type\":\"ImageObject\",\"inLanguage\":\"es\",\"@id\":\"https:\\\/\\\/poblenouurbandistrict.com\\\/es\\\/portes-tancades-al-21-les-galeries-del-poblenou-suneixen-a-la-vaga\\\/#primaryimage\",\"url\":\"https:\\\/\\\/media.poblenouurbandistrict.com\\\/2026\\\/01\\\/25100826\\\/ar-de-484-e1769689502180.jpg\",\"contentUrl\":\"https:\\\/\\\/media.poblenouurbandistrict.com\\\/2026\\\/01\\\/25100826\\\/ar-de-484-e1769689502180.jpg\",\"width\":2166,\"height\":1510},{\"@type\":\"BreadcrumbList\",\"@id\":\"https:\\\/\\\/poblenouurbandistrict.com\\\/es\\\/portes-tancades-al-21-les-galeries-del-poblenou-suneixen-a-la-vaga\\\/#breadcrumb\",\"itemListElement\":[{\"@type\":\"ListItem\",\"position\":1,\"name\":\"Home\",\"item\":\"https:\\\/\\\/poblenouurbandistrict.com\\\/es\\\/\"},{\"@type\":\"ListItem\",\"position\":2,\"name\":\"Portes tancades al 21%: les galeries del Poblenou s&#8217;uneixen a la vaga\"}]},{\"@type\":\"WebSite\",\"@id\":\"https:\\\/\\\/poblenouurbandistrict.com\\\/es\\\/#website\",\"url\":\"https:\\\/\\\/poblenouurbandistrict.com\\\/es\\\/\",\"name\":\"Poblenou Urban District\",\"description\":\"Comunidad Creativa\",\"potentialAction\":[{\"@type\":\"SearchAction\",\"target\":{\"@type\":\"EntryPoint\",\"urlTemplate\":\"https:\\\/\\\/poblenouurbandistrict.com\\\/es\\\/?s={search_term_string}\"},\"query-input\":{\"@type\":\"PropertyValueSpecification\",\"valueRequired\":true,\"valueName\":\"search_term_string\"}}],\"inLanguage\":\"es\"},{\"@type\":\"Person\",\"@id\":\"https:\\\/\\\/poblenouurbandistrict.com\\\/#\\\/schema\\\/person\\\/980a2cf34b399d5218205730acd54a7e\",\"name\":\"pnud\",\"image\":{\"@type\":\"ImageObject\",\"inLanguage\":\"es\",\"@id\":\"https:\\\/\\\/secure.gravatar.com\\\/avatar\\\/67146597b405ee077a24e519f75c3e2031736596d6ce35af3a34c122c93d0d7b?s=96&d=retro&r=g\",\"url\":\"https:\\\/\\\/secure.gravatar.com\\\/avatar\\\/67146597b405ee077a24e519f75c3e2031736596d6ce35af3a34c122c93d0d7b?s=96&d=retro&r=g\",\"contentUrl\":\"https:\\\/\\\/secure.gravatar.com\\\/avatar\\\/67146597b405ee077a24e519f75c3e2031736596d6ce35af3a34c122c93d0d7b?s=96&d=retro&r=g\",\"caption\":\"pnud\"}}]}<\/script>\n<!-- \/ Yoast SEO plugin. -->","yoast_head_json":{"title":"Puertas cerradas al 21%: las galer\u00edas del Poblenou se unen a la vaga &#8211; Poblenou Urban District","robots":{"index":"index","follow":"follow","max-snippet":"max-snippet:-1","max-image-preview":"max-image-preview:large","max-video-preview":"max-video-preview:-1"},"canonical":"https:\/\/poblenouurbandistrict.com\/es\/portes-tancades-al-21-les-galeries-del-poblenou-suneixen-a-la-vaga\/","og_locale":"es_ES","og_type":"article","og_title":"Puertas cerradas al 21%: las galer\u00edas del Poblenou se unen a la vaga &#8211; Poblenou Urban District","og_description":"Las galer\u00edas de arte del Distrito Creativo cerrar\u00e1n del 2 al 7 de febrero en defensa de unas pol\u00edticas culturales... M\u00e1s \u2192","og_url":"https:\/\/poblenouurbandistrict.com\/es\/portes-tancades-al-21-les-galeries-del-poblenou-suneixen-a-la-vaga\/","og_site_name":"Poblenou Urban District","article_published_time":"2026-01-29T13:22:55+00:00","og_image":[{"width":2166,"height":1510,"url":"https:\/\/poblenouurbandistrict.com\/wp-content\/uploads\/2026\/01\/ar-de-484-e1769689502180.jpg","type":"image\/jpeg"}],"author":"pnud","twitter_card":"summary_large_image","twitter_misc":{"Escrito por":"pnud","Tiempo de lectura":"2 minutos"},"schema":{"@context":"https:\/\/schema.org","@graph":[{"@type":"Article","@id":"https:\/\/poblenouurbandistrict.com\/portes-tancades-al-21-les-galeries-del-poblenou-suneixen-a-la-vaga\/#article","isPartOf":{"@id":"https:\/\/poblenouurbandistrict.com\/portes-tancades-al-21-les-galeries-del-poblenou-suneixen-a-la-vaga\/"},"author":{"name":"pnud","@id":"https:\/\/poblenouurbandistrict.com\/#\/schema\/person\/980a2cf34b399d5218205730acd54a7e"},"headline":"Puertas cerradas al 21%: las galer\u00edas del Poblenou se unen a la vaga","datePublished":"2026-01-29T13:22:55+00:00","mainEntityOfPage":{"@id":"https:\/\/poblenouurbandistrict.com\/portes-tancades-al-21-les-galeries-del-poblenou-suneixen-a-la-vaga\/"},"wordCount":673,"image":{"@id":"https:\/\/poblenouurbandistrict.com\/portes-tancades-al-21-les-galeries-del-poblenou-suneixen-a-la-vaga\/#primaryimage"},"thumbnailUrl":"https:\/\/media.poblenouurbandistrict.com\/2026\/01\/25100826\/ar-de-484-e1769689502180.jpg","articleSection":["Arte"],"inLanguage":"es"},{"@type":"WebPage","@id":"https:\/\/poblenouurbandistrict.com\/es\/portes-tancades-al-21-les-galeries-del-poblenou-suneixen-a-la-vaga\/","url":"https:\/\/poblenouurbandistrict.com\/es\/portes-tancades-al-21-les-galeries-del-poblenou-suneixen-a-la-vaga\/","name":"Puertas cerradas al 21%: las galer\u00edas del Poblenou se unen a la vaga &#8211; Poblenou Urban District","isPartOf":{"@id":"https:\/\/poblenouurbandistrict.com\/es\/#website"},"primaryImageOfPage":{"@id":"https:\/\/poblenouurbandistrict.com\/es\/portes-tancades-al-21-les-galeries-del-poblenou-suneixen-a-la-vaga\/#primaryimage"},"image":{"@id":"https:\/\/poblenouurbandistrict.com\/portes-tancades-al-21-les-galeries-del-poblenou-suneixen-a-la-vaga\/#primaryimage"},"thumbnailUrl":"https:\/\/media.poblenouurbandistrict.com\/2026\/01\/25100826\/ar-de-484-e1769689502180.jpg","datePublished":"2026-01-29T13:22:55+00:00","author":{"@id":"https:\/\/poblenouurbandistrict.com\/#\/schema\/person\/980a2cf34b399d5218205730acd54a7e"},"breadcrumb":{"@id":"https:\/\/poblenouurbandistrict.com\/es\/portes-tancades-al-21-les-galeries-del-poblenou-suneixen-a-la-vaga\/#breadcrumb"},"inLanguage":"es","potentialAction":[{"@type":"ReadAction","target":[["https:\/\/poblenouurbandistrict.com\/es\/portes-tancades-al-21-les-galeries-del-poblenou-suneixen-a-la-vaga\/"]]}]},{"@type":"ImageObject","inLanguage":"es","@id":"https:\/\/poblenouurbandistrict.com\/es\/portes-tancades-al-21-les-galeries-del-poblenou-suneixen-a-la-vaga\/#primaryimage","url":"https:\/\/media.poblenouurbandistrict.com\/2026\/01\/25100826\/ar-de-484-e1769689502180.jpg","contentUrl":"https:\/\/media.poblenouurbandistrict.com\/2026\/01\/25100826\/ar-de-484-e1769689502180.jpg","width":2166,"height":1510},{"@type":"BreadcrumbList","@id":"https:\/\/poblenouurbandistrict.com\/es\/portes-tancades-al-21-les-galeries-del-poblenou-suneixen-a-la-vaga\/#breadcrumb","itemListElement":[{"@type":"ListItem","position":1,"name":"Home","item":"https:\/\/poblenouurbandistrict.com\/es\/"},{"@type":"ListItem","position":2,"name":"Portes tancades al 21%: les galeries del Poblenou s&#8217;uneixen a la vaga"}]},{"@type":"WebSite","@id":"https:\/\/poblenouurbandistrict.com\/es\/#website","url":"https:\/\/poblenouurbandistrict.com\/es\/","name":"Poblenou Urban District","description":"Comunidad Creativa","potentialAction":[{"@type":"SearchAction","target":{"@type":"EntryPoint","urlTemplate":"https:\/\/poblenouurbandistrict.com\/es\/?s={search_term_string}"},"query-input":{"@type":"PropertyValueSpecification","valueRequired":true,"valueName":"search_term_string"}}],"inLanguage":"es"},{"@type":"Person","@id":"https:\/\/poblenouurbandistrict.com\/#\/schema\/person\/980a2cf34b399d5218205730acd54a7e","name":"pnud","image":{"@type":"ImageObject","inLanguage":"es","@id":"https:\/\/secure.gravatar.com\/avatar\/67146597b405ee077a24e519f75c3e2031736596d6ce35af3a34c122c93d0d7b?s=96&d=retro&r=g","url":"https:\/\/secure.gravatar.com\/avatar\/67146597b405ee077a24e519f75c3e2031736596d6ce35af3a34c122c93d0d7b?s=96&d=retro&r=g","contentUrl":"https:\/\/secure.gravatar.com\/avatar\/67146597b405ee077a24e519f75c3e2031736596d6ce35af3a34c122c93d0d7b?s=96&d=retro&r=g","caption":"pnud"}}]}},"_links":{"self":[{"href":"https:\/\/poblenouurbandistrict.com\/es\/wp-json\/wp\/v2\/posts\/54582","targetHints":{"allow":["GET"]}}],"collection":[{"href":"https:\/\/poblenouurbandistrict.com\/es\/wp-json\/wp\/v2\/posts"}],"about":[{"href":"https:\/\/poblenouurbandistrict.com\/es\/wp-json\/wp\/v2\/types\/post"}],"author":[{"embeddable":true,"href":"https:\/\/poblenouurbandistrict.com\/es\/wp-json\/wp\/v2\/users\/5"}],"replies":[{"embeddable":true,"href":"https:\/\/poblenouurbandistrict.com\/es\/wp-json\/wp\/v2\/comments?post=54582"}],"version-history":[{"count":12,"href":"https:\/\/poblenouurbandistrict.com\/es\/wp-json\/wp\/v2\/posts\/54582\/revisions"}],"predecessor-version":[{"id":54631,"href":"https:\/\/poblenouurbandistrict.com\/es\/wp-json\/wp\/v2\/posts\/54582\/revisions\/54631"}],"wp:featuredmedia":[{"embeddable":true,"href":"https:\/\/poblenouurbandistrict.com\/es\/wp-json\/wp\/v2\/media\/54615"}],"wp:attachment":[{"href":"https:\/\/poblenouurbandistrict.com\/es\/wp-json\/wp\/v2\/media?parent=54582"}],"wp:term":[{"taxonomy":"category","embeddable":true,"href":"https:\/\/poblenouurbandistrict.com\/es\/wp-json\/wp\/v2\/categories?post=54582"},{"taxonomy":"post_tag","embeddable":true,"href":"https:\/\/poblenouurbandistrict.com\/es\/wp-json\/wp\/v2\/tags?post=54582"}],"curies":[{"name":"wp","href":"https:\/\/api.w.org\/{rel}","templated":true}]}}