{"id":5460,"date":"2015-03-18T17:23:00","date_gmt":"2015-03-18T16:23:00","guid":{"rendered":"https:\/\/poblenouurbandistrict.com\/new\/?p=5460"},"modified":"2016-04-22T11:16:14","modified_gmt":"2016-04-22T09:16:14","slug":"museus","status":"publish","type":"post","link":"https:\/\/poblenouurbandistrict.com\/es\/museus\/","title":{"rendered":"Museos"},"content":{"rendered":"<p><img loading=\"lazy\" decoding=\"async\" class=\"aligncenter size-full wp-image-5461\" alt=\"1257548179-fernando-guerra-museo-can-framis-31\" src=\"https:\/\/media.poblenouurbandistrict.com\/2015\/03\/25005446\/1257548179-fernando-guerra-museo-can-framis-31.jpg\" width=\"520\" height=\"520\" \/><\/p>\n<p><b>Museu Can Framis<\/b><\/p>\n<p>Con motivo del\u00a0<b>Open Day<\/b>, el\u00a0<b>Museu Can Framis<\/b>\u00a0ha decidido abrir puertas de forma gratuita a todo el p\u00fablico interesado en conocer su colecci\u00f3n de pintura contempor\u00e1nea. Si te gusta el arte y te interesa la vanguardia, no te pierdas la magn\u00edfica oportunidad de visitar\u00a0<b>Can Framis<\/b>\u00a0gratuitamente.<\/p>\n<p><b>Can Framis<\/b>\u00a0forma parte de La Fundaci\u00f3n Vila Casas, una entidad privada fundada en 1986 que se ha dedicado principalmente a la promoci\u00f3n del arte contempor\u00e1neo desde los a\u00f1os 60 hasta la actualidad, entre otras cosas. Aunque la Fundaci\u00f3n tiene diferentes espacios fuera del barrio, Can Framis es el \u00fanico que se encuentra en el Poblenou. Desde su inauguraci\u00f3n en 2009 ha funcionado como el Museo de la Pintura Catalana, con m\u00e1s de 300 obras en la colecci\u00f3n.<\/p>\n<p><b>ENTRADA GRATUITA<br \/>\nCAN FRAMIS (C\/ ROC BORONAT, 16)<br \/>\nS\u00c1BADO, 21 DE MARZO DE 11H A 18H<\/b><\/p>\n<hr\/>\n<p><img loading=\"lazy\" decoding=\"async\" class=\"aligncenter size-medium wp-image-5462\" alt=\"obert\" src=\"https:\/\/media.poblenouurbandistrict.com\/2015\/03\/25005448\/obert-620x413.jpg\" width=\"620\" height=\"413\" \/><\/p>\n<p><b>Museu del Disseny de Barcelona<\/b><\/p>\n<p>Si quieres conocer el\u00a0<b>Museu del Disseny de Barcelona<\/b>\u00a0o, si ya lo conoces y quieres repetir, aprovecha que durante el\u00a0<b>Open Day<\/b>\u00a0la entrada de las exposiciones estar\u00e1 a un 50%. Disfruta de este descuento y descubre el nuevo museo de la ciudad, situado en el Poblenou.<\/p>\n<p>El\u00a0<b>Museu del Disseny de Barcelona<\/b>\u00a0conserva un vasto patrimonio \u2013m\u00e1s de 70.000 objetos\u2013 producto de la integraci\u00f3n de las colecciones del Museo de las Artes Decorativas, el Museo de Cer\u00e1mica, el Museo Textil y de Indumentaria y el Gabinete de las Artes gr\u00e1ficas.<\/p>\n<p><b>DESCUENTO DEL 50% EN LAS EXPOSICIONES DEL MUSEO<\/b><br \/>\n<b>MUSEU DEL DISENY DE BARCELONA (PL. DE LAS GL\u00d2RIES CATALANAS, 37-38)<\/b><br \/>\n<b>S\u00c1BADO, 21 DE MARZO<\/b><\/p>\n<hr\/>\n<p>M\u00e1s Open Day<\/p>\n<p><a href=\"https:\/\/poblenouurbandistrict.com\/es\/agencies-de-publicitat-comunicacio\/\">AGENCIAS DE PUBLICIDAD Y COMUNICACI\u00d3N<\/a> \/ <a href=\"https:\/\/poblenouurbandistrict.com\/es\/bars-cocteleries\/\">BARES Y COCTELER\u00cdAS<\/a> \/ <a href=\"https:\/\/poblenouurbandistrict.com\/es\/centres-de-coworking-hubs\/\">CENTROS DE COWORKING Y HUBS<\/a> \/ <a href=\"https:\/\/poblenouurbandistrict.com\/es\/centres-de-creacio-estudis-dartistes\/\">CENTROS DE CREACI\u00d3N Y ESTUDIOS DE ARTISTAS<\/a> \/ <a href=\"https:\/\/poblenouurbandistrict.com\/es\/centres-de-formacio-en-disseny-arquitectura\/\">CENTROS DE FORMACI\u00d3N DE DISE\u00d1O Y ARQUITECTURA<\/a> \/ <a href=\"https:\/\/poblenouurbandistrict.com\/es\/delicatessen-per-emportar\/\">DELICATESSEN Y PARA LLEVAR<\/a> \/ <a href=\"https:\/\/poblenouurbandistrict.com\/es\/estudis-de-disseny-arquitectura\/\">ESTUDIOS DE DISE\u00d1O Y ARQUITECTURA<\/a> \/ <a href=\"https:\/\/poblenouurbandistrict.com\/es\/estudis-de-produccio-postproduccio\/\">ESTUDIOS DE PRODUCCI\u00d3N Y POSTPRODUCCI\u00d3N<\/a> \/ <a href=\"https:\/\/poblenouurbandistrict.com\/es\/galeries-d-art-showrooms\/\">GALER\u00cdAS DE ARTE Y SHOWROOMS<\/a> \/ <a href=\"https:\/\/poblenouurbandistrict.com\/es\/hotels-hostals\/\">HOTELES I HOSTALS<\/a> \/ <a href=\"https:\/\/poblenouurbandistrict.com\/es\/immobiliaria-assessoria\/\">INMOBILIARIAS Y ASESOR\u00cdA<\/a> \/ <a href=\"https:\/\/poblenouurbandistrict.com\/es\/impremtes\/\">IMPRENTAS<\/a> \/ <a href=\"https:\/\/poblenouurbandistrict.com\/es\/museus\/\">MUSEOS<\/a> \/ <a href=\"https:\/\/poblenouurbandistrict.com\/es\/restaurants\/\">RESTAURANTS<\/a> \/ <a href=\"https:\/\/poblenouurbandistrict.com\/es\/sales-de-concerts-teatres-promotores-musicals\/\">SALAS DE CONCIERTOS, TEATROS Y PROMOTORAS MUSICALES<\/a> \/ <a href=\"https:\/\/poblenouurbandistrict.com\/es\/salut-esports\/\">SALUD DE DEPORTES<\/a> \/ <a href=\"https:\/\/poblenouurbandistrict.com\/es\/botigues\/\">TIENDAS<\/a><\/p>\n<p><\/p>","protected":false},"excerpt":{"rendered":"<p>Museu Can Framis Con motivo del\u00a0Open Day, el\u00a0Museu Can Framis\u00a0ha decidido abrir puertas de forma gratuita a todo el p\u00fablico&#8230; <a href=\"https:\/\/poblenouurbandistrict.com\/es\/museus\/\">M\u00e1s  \u2192<\/a><\/p>\n","protected":false},"author":5,"featured_media":0,"comment_status":"closed","ping_status":"closed","sticky":false,"template":"","format":"standard","meta":{"_acf_changed":false,"footnotes":""},"categories":[1],"tags":[],"class_list":["post-5460","post","type-post","status-publish","format-standard","hentry","category-noticias"],"acf":[],"yoast_head":"<!-- This site is optimized with the Yoast SEO plugin v27.5 - https:\/\/yoast.com\/product\/yoast-seo-wordpress\/ -->\n<title>Museos &#8211; Poblenou Urban District<\/title>\n<meta name=\"robots\" content=\"index, follow, max-snippet:-1, max-image-preview:large, max-video-preview:-1\" \/>\n<link rel=\"canonical\" href=\"https:\/\/poblenouurbandistrict.com\/es\/museus\/\" \/>\n<meta property=\"og:locale\" content=\"es_ES\" \/>\n<meta property=\"og:type\" content=\"article\" \/>\n<meta property=\"og:title\" content=\"Museos &#8211; Poblenou Urban District\" \/>\n<meta property=\"og:description\" content=\"Museu Can Framis Con motivo del\u00a0Open Day, el\u00a0Museu Can Framis\u00a0ha decidido abrir puertas de forma gratuita a todo el p\u00fablico... M\u00e1s \u2192\" \/>\n<meta property=\"og:url\" content=\"https:\/\/poblenouurbandistrict.com\/es\/museus\/\" \/>\n<meta property=\"og:site_name\" content=\"Poblenou Urban District\" \/>\n<meta property=\"article:published_time\" content=\"2015-03-18T16:23:00+00:00\" \/>\n<meta property=\"article:modified_time\" content=\"2016-04-22T09:16:14+00:00\" \/>\n<meta property=\"og:image\" content=\"https:\/\/poblenouurbandistrict.com\/wp-content\/uploads\/2015\/03\/1257548179-fernando-guerra-museo-can-framis-31.jpg\" \/>\n<meta name=\"author\" content=\"pnud\" \/>\n<meta name=\"twitter:card\" content=\"summary_large_image\" \/>\n<meta name=\"twitter:label1\" content=\"Escrito por\" \/>\n\t<meta name=\"twitter:data1\" content=\"pnud\" \/>\n\t<meta name=\"twitter:label2\" content=\"Tiempo de lectura\" \/>\n\t<meta name=\"twitter:data2\" content=\"4 minutos\" \/>\n<script type=\"application\/ld+json\" class=\"yoast-schema-graph\">{\"@context\":\"https:\\\/\\\/schema.org\",\"@graph\":[{\"@type\":\"Article\",\"@id\":\"https:\\\/\\\/poblenouurbandistrict.com\\\/es\\\/museus\\\/#article\",\"isPartOf\":{\"@id\":\"https:\\\/\\\/poblenouurbandistrict.com\\\/es\\\/museus\\\/\"},\"author\":{\"name\":\"pnud\",\"@id\":\"https:\\\/\\\/poblenouurbandistrict.com\\\/#\\\/schema\\\/person\\\/980a2cf34b399d5218205730acd54a7e\"},\"headline\":\"Museos\",\"datePublished\":\"2015-03-18T16:23:00+00:00\",\"dateModified\":\"2016-04-22T09:16:14+00:00\",\"mainEntityOfPage\":{\"@id\":\"https:\\\/\\\/poblenouurbandistrict.com\\\/es\\\/museus\\\/\"},\"wordCount\":709,\"image\":{\"@id\":\"https:\\\/\\\/poblenouurbandistrict.com\\\/es\\\/museus\\\/#primaryimage\"},\"thumbnailUrl\":\"https:\\\/\\\/poblenouurbandistrict.com\\\/wp-content\\\/uploads\\\/2015\\\/03\\\/1257548179-fernando-guerra-museo-can-framis-31.jpg\",\"articleSection\":[\"Est\u00e1 pasando\"],\"inLanguage\":\"es\"},{\"@type\":\"WebPage\",\"@id\":\"https:\\\/\\\/poblenouurbandistrict.com\\\/es\\\/museus\\\/\",\"url\":\"https:\\\/\\\/poblenouurbandistrict.com\\\/es\\\/museus\\\/\",\"name\":\"MuseumsMuseosMuseus &#8211; Poblenou Urban District\",\"isPartOf\":{\"@id\":\"https:\\\/\\\/poblenouurbandistrict.com\\\/es\\\/#website\"},\"primaryImageOfPage\":{\"@id\":\"https:\\\/\\\/poblenouurbandistrict.com\\\/es\\\/museus\\\/#primaryimage\"},\"image\":{\"@id\":\"https:\\\/\\\/poblenouurbandistrict.com\\\/es\\\/museus\\\/#primaryimage\"},\"thumbnailUrl\":\"https:\\\/\\\/poblenouurbandistrict.com\\\/wp-content\\\/uploads\\\/2015\\\/03\\\/1257548179-fernando-guerra-museo-can-framis-31.jpg\",\"datePublished\":\"2015-03-18T16:23:00+00:00\",\"dateModified\":\"2016-04-22T09:16:14+00:00\",\"author\":{\"@id\":\"https:\\\/\\\/poblenouurbandistrict.com\\\/#\\\/schema\\\/person\\\/980a2cf34b399d5218205730acd54a7e\"},\"breadcrumb\":{\"@id\":\"https:\\\/\\\/poblenouurbandistrict.com\\\/es\\\/museus\\\/#breadcrumb\"},\"inLanguage\":\"es\",\"potentialAction\":[{\"@type\":\"ReadAction\",\"target\":[[\"https:\\\/\\\/poblenouurbandistrict.com\\\/es\\\/museus\\\/\"]]}]},{\"@type\":\"ImageObject\",\"inLanguage\":\"es\",\"@id\":\"https:\\\/\\\/poblenouurbandistrict.com\\\/es\\\/museus\\\/#primaryimage\",\"url\":\"https:\\\/\\\/poblenouurbandistrict.com\\\/wp-content\\\/uploads\\\/2015\\\/03\\\/1257548179-fernando-guerra-museo-can-framis-31.jpg\",\"contentUrl\":\"https:\\\/\\\/poblenouurbandistrict.com\\\/wp-content\\\/uploads\\\/2015\\\/03\\\/1257548179-fernando-guerra-museo-can-framis-31.jpg\"},{\"@type\":\"BreadcrumbList\",\"@id\":\"https:\\\/\\\/poblenouurbandistrict.com\\\/es\\\/museus\\\/#breadcrumb\",\"itemListElement\":[{\"@type\":\"ListItem\",\"position\":1,\"name\":\"Home\",\"item\":\"https:\\\/\\\/poblenouurbandistrict.com\\\/es\\\/\"},{\"@type\":\"ListItem\",\"position\":2,\"name\":\"Museos\"}]},{\"@type\":\"WebSite\",\"@id\":\"https:\\\/\\\/poblenouurbandistrict.com\\\/es\\\/#website\",\"url\":\"https:\\\/\\\/poblenouurbandistrict.com\\\/es\\\/\",\"name\":\"Poblenou Urban District\",\"description\":\"Comunidad Creativa\",\"potentialAction\":[{\"@type\":\"SearchAction\",\"target\":{\"@type\":\"EntryPoint\",\"urlTemplate\":\"https:\\\/\\\/poblenouurbandistrict.com\\\/es\\\/?s={search_term_string}\"},\"query-input\":{\"@type\":\"PropertyValueSpecification\",\"valueRequired\":true,\"valueName\":\"search_term_string\"}}],\"inLanguage\":\"es\"},{\"@type\":\"Person\",\"@id\":\"https:\\\/\\\/poblenouurbandistrict.com\\\/#\\\/schema\\\/person\\\/980a2cf34b399d5218205730acd54a7e\",\"name\":\"pnud\",\"image\":{\"@type\":\"ImageObject\",\"inLanguage\":\"es\",\"@id\":\"https:\\\/\\\/secure.gravatar.com\\\/avatar\\\/67146597b405ee077a24e519f75c3e2031736596d6ce35af3a34c122c93d0d7b?s=96&d=retro&r=g\",\"url\":\"https:\\\/\\\/secure.gravatar.com\\\/avatar\\\/67146597b405ee077a24e519f75c3e2031736596d6ce35af3a34c122c93d0d7b?s=96&d=retro&r=g\",\"contentUrl\":\"https:\\\/\\\/secure.gravatar.com\\\/avatar\\\/67146597b405ee077a24e519f75c3e2031736596d6ce35af3a34c122c93d0d7b?s=96&d=retro&r=g\",\"caption\":\"pnud\"}}]}<\/script>\n<!-- \/ Yoast SEO plugin. -->","yoast_head_json":{"title":"Museos &#8211; Poblenou Urban District","robots":{"index":"index","follow":"follow","max-snippet":"max-snippet:-1","max-image-preview":"max-image-preview:large","max-video-preview":"max-video-preview:-1"},"canonical":"https:\/\/poblenouurbandistrict.com\/es\/museus\/","og_locale":"es_ES","og_type":"article","og_title":"Museos &#8211; Poblenou Urban District","og_description":"Museu Can Framis Con motivo del\u00a0Open Day, el\u00a0Museu Can Framis\u00a0ha decidido abrir puertas de forma gratuita a todo el p\u00fablico... M\u00e1s \u2192","og_url":"https:\/\/poblenouurbandistrict.com\/es\/museus\/","og_site_name":"Poblenou Urban District","article_published_time":"2015-03-18T16:23:00+00:00","article_modified_time":"2016-04-22T09:16:14+00:00","og_image":[{"url":"https:\/\/poblenouurbandistrict.com\/wp-content\/uploads\/2015\/03\/1257548179-fernando-guerra-museo-can-framis-31.jpg","type":"","width":"","height":""}],"author":"pnud","twitter_card":"summary_large_image","twitter_misc":{"Escrito por":"pnud","Tiempo de lectura":"4 minutos"},"schema":{"@context":"https:\/\/schema.org","@graph":[{"@type":"Article","@id":"https:\/\/poblenouurbandistrict.com\/es\/museus\/#article","isPartOf":{"@id":"https:\/\/poblenouurbandistrict.com\/es\/museus\/"},"author":{"name":"pnud","@id":"https:\/\/poblenouurbandistrict.com\/#\/schema\/person\/980a2cf34b399d5218205730acd54a7e"},"headline":"Museos","datePublished":"2015-03-18T16:23:00+00:00","dateModified":"2016-04-22T09:16:14+00:00","mainEntityOfPage":{"@id":"https:\/\/poblenouurbandistrict.com\/es\/museus\/"},"wordCount":709,"image":{"@id":"https:\/\/poblenouurbandistrict.com\/es\/museus\/#primaryimage"},"thumbnailUrl":"https:\/\/poblenouurbandistrict.com\/wp-content\/uploads\/2015\/03\/1257548179-fernando-guerra-museo-can-framis-31.jpg","articleSection":["Est\u00e1 pasando"],"inLanguage":"es"},{"@type":"WebPage","@id":"https:\/\/poblenouurbandistrict.com\/es\/museus\/","url":"https:\/\/poblenouurbandistrict.com\/es\/museus\/","name":"MuseumsMuseosMuseus &#8211; Poblenou Urban District","isPartOf":{"@id":"https:\/\/poblenouurbandistrict.com\/es\/#website"},"primaryImageOfPage":{"@id":"https:\/\/poblenouurbandistrict.com\/es\/museus\/#primaryimage"},"image":{"@id":"https:\/\/poblenouurbandistrict.com\/es\/museus\/#primaryimage"},"thumbnailUrl":"https:\/\/poblenouurbandistrict.com\/wp-content\/uploads\/2015\/03\/1257548179-fernando-guerra-museo-can-framis-31.jpg","datePublished":"2015-03-18T16:23:00+00:00","dateModified":"2016-04-22T09:16:14+00:00","author":{"@id":"https:\/\/poblenouurbandistrict.com\/#\/schema\/person\/980a2cf34b399d5218205730acd54a7e"},"breadcrumb":{"@id":"https:\/\/poblenouurbandistrict.com\/es\/museus\/#breadcrumb"},"inLanguage":"es","potentialAction":[{"@type":"ReadAction","target":[["https:\/\/poblenouurbandistrict.com\/es\/museus\/"]]}]},{"@type":"ImageObject","inLanguage":"es","@id":"https:\/\/poblenouurbandistrict.com\/es\/museus\/#primaryimage","url":"https:\/\/poblenouurbandistrict.com\/wp-content\/uploads\/2015\/03\/1257548179-fernando-guerra-museo-can-framis-31.jpg","contentUrl":"https:\/\/poblenouurbandistrict.com\/wp-content\/uploads\/2015\/03\/1257548179-fernando-guerra-museo-can-framis-31.jpg"},{"@type":"BreadcrumbList","@id":"https:\/\/poblenouurbandistrict.com\/es\/museus\/#breadcrumb","itemListElement":[{"@type":"ListItem","position":1,"name":"Home","item":"https:\/\/poblenouurbandistrict.com\/es\/"},{"@type":"ListItem","position":2,"name":"Museos"}]},{"@type":"WebSite","@id":"https:\/\/poblenouurbandistrict.com\/es\/#website","url":"https:\/\/poblenouurbandistrict.com\/es\/","name":"Poblenou Urban District","description":"Comunidad Creativa","potentialAction":[{"@type":"SearchAction","target":{"@type":"EntryPoint","urlTemplate":"https:\/\/poblenouurbandistrict.com\/es\/?s={search_term_string}"},"query-input":{"@type":"PropertyValueSpecification","valueRequired":true,"valueName":"search_term_string"}}],"inLanguage":"es"},{"@type":"Person","@id":"https:\/\/poblenouurbandistrict.com\/#\/schema\/person\/980a2cf34b399d5218205730acd54a7e","name":"pnud","image":{"@type":"ImageObject","inLanguage":"es","@id":"https:\/\/secure.gravatar.com\/avatar\/67146597b405ee077a24e519f75c3e2031736596d6ce35af3a34c122c93d0d7b?s=96&d=retro&r=g","url":"https:\/\/secure.gravatar.com\/avatar\/67146597b405ee077a24e519f75c3e2031736596d6ce35af3a34c122c93d0d7b?s=96&d=retro&r=g","contentUrl":"https:\/\/secure.gravatar.com\/avatar\/67146597b405ee077a24e519f75c3e2031736596d6ce35af3a34c122c93d0d7b?s=96&d=retro&r=g","caption":"pnud"}}]}},"_links":{"self":[{"href":"https:\/\/poblenouurbandistrict.com\/es\/wp-json\/wp\/v2\/posts\/5460","targetHints":{"allow":["GET"]}}],"collection":[{"href":"https:\/\/poblenouurbandistrict.com\/es\/wp-json\/wp\/v2\/posts"}],"about":[{"href":"https:\/\/poblenouurbandistrict.com\/es\/wp-json\/wp\/v2\/types\/post"}],"author":[{"embeddable":true,"href":"https:\/\/poblenouurbandistrict.com\/es\/wp-json\/wp\/v2\/users\/5"}],"replies":[{"embeddable":true,"href":"https:\/\/poblenouurbandistrict.com\/es\/wp-json\/wp\/v2\/comments?post=5460"}],"version-history":[{"count":4,"href":"https:\/\/poblenouurbandistrict.com\/es\/wp-json\/wp\/v2\/posts\/5460\/revisions"}],"predecessor-version":[{"id":5573,"href":"https:\/\/poblenouurbandistrict.com\/es\/wp-json\/wp\/v2\/posts\/5460\/revisions\/5573"}],"wp:attachment":[{"href":"https:\/\/poblenouurbandistrict.com\/es\/wp-json\/wp\/v2\/media?parent=5460"}],"wp:term":[{"taxonomy":"category","embeddable":true,"href":"https:\/\/poblenouurbandistrict.com\/es\/wp-json\/wp\/v2\/categories?post=5460"},{"taxonomy":"post_tag","embeddable":true,"href":"https:\/\/poblenouurbandistrict.com\/es\/wp-json\/wp\/v2\/tags?post=5460"}],"curies":[{"name":"wp","href":"https:\/\/api.w.org\/{rel}","templated":true}]}}