{"id":54736,"date":"2026-02-12T13:17:32","date_gmt":"2026-02-12T12:17:32","guid":{"rendered":"https:\/\/poblenouurbandistrict.com\/?p=54736"},"modified":"2026-02-12T13:17:32","modified_gmt":"2026-02-12T12:17:32","slug":"haus-inaugura-el-2026-amb-la-sorpresa-algunos-proyectos-de-roberto-jacoby","status":"publish","type":"post","link":"https:\/\/poblenouurbandistrict.com\/es\/haus-inaugura-el-2026-amb-la-sorpresa-algunos-proyectos-de-roberto-jacoby\/","title":{"rendered":"HAUS inaugura 2026 con \u201cLa sorpresa. Algunos proyectos de Roberto Jacoby\u00bb"},"content":{"rendered":"<p><\/p>\n<p data-start=\"125\" data-end=\"540\">HAUS abre su programaci\u00f3n expositiva de 2026 con <em data-start=\"174\" data-end=\"226\">\u201c<a href=\"https:\/\/news.baued.es\/index.php\/2026\/02\/04\/la-sorpresa-algunos-proyectos-de-roberto-jacoby-es-la-primera-exposicion-en-haus-de-este-2026\/\">La sorpresa. Algunos proyectos de Roberto Jacoby<\/a>\u201d<\/em>, la primera muestra del a\u00f1o en el espacio de arte y pr\u00e1cticas contempor\u00e1neas de Bau. Presentada por <span class=\"hover:entity-accent entity-underline inline cursor-pointer align-baseline\"><span class=\"whitespace-normal\">BAR project<\/span><\/span>, la exposici\u00f3n propone un recorrido por la trayectoria del polivalente artista argentino <span class=\"hover:entity-accent entity-underline inline cursor-pointer align-baseline\"><span class=\"whitespace-normal\">Roberto Jacoby<\/span><\/span>, figura clave del arte conceptual y de acci\u00f3n en Latinoam\u00e9rica.<\/p>\n<p data-start=\"542\" data-end=\"1011\">Comisariada por <span class=\"hover:entity-accent entity-underline inline cursor-pointer align-baseline\"><span class=\"whitespace-normal\">Santiago Villanueva<\/span><\/span>, la muestra re\u00fane tres piezas significativas \u2014<em data-start=\"642\" data-end=\"654\">Fotos 2016<\/em> (2016), <em data-start=\"663\" data-end=\"673\">Darkroom<\/em> (2002) y <em data-start=\"683\" data-end=\"693\">Body Art<\/em> (1988)\u2014 que condensan el car\u00e1cter perform\u00e1tico, disidente y radicalmente contempor\u00e1neo de su pr\u00e1ctica. A trav\u00e9s de estas obras, el proyecto traza un recorrido temporal por una trayectoria que despeg\u00f3 en el Buenos Aires de los a\u00f1os sesenta, en un contexto insumiso y vanguardista que marc\u00f3 profundamente su producci\u00f3n.<\/p>\n<p data-start=\"1013\" data-end=\"1488\">Las obras seleccionadas evidencian la voluntad creativa de Jacoby de constituir una escena porte\u00f1a alternativa, empoderada y visionaria, situando el arte en el cruce entre la experimentaci\u00f3n est\u00e9tica y la invenci\u00f3n de nuevas formas de vida. Su trabajo, a medio camino entre la fiesta y la investigaci\u00f3n, ha cuestionado de manera radical los l\u00edmites del arte, desplaz\u00e1ndolo hacia los medios de comunicaci\u00f3n, la performance, la escritura y las formas de organizaci\u00f3n colectiva.<\/p>\n<p data-start=\"1490\" data-end=\"1929\">En esta ocasi\u00f3n, BAR project colabora con el espacio EX de L\u2019Hospitalet del Llobregat, estableciendo un di\u00e1logo con la exposici\u00f3n <em data-start=\"1620\" data-end=\"1717\">\u201cEl cocoliche en la epopeya. Formas de la inmadurez entre Buenos Aires y Barcelona (1932\u20132025)\u201d<\/em>, tambi\u00e9n comisariada por Villanueva.<\/p>\n<p data-start=\"1931\" data-end=\"2319\">A lo largo de su trayectoria, Jacoby ha presentado su obra en instituciones como el <span class=\"hover:entity-accent entity-underline inline cursor-pointer align-baseline\"><span class=\"whitespace-normal\">MALBA \u2013 Museo de Arte Latinoamericano de Buenos Aires<\/span><\/span> o el <span class=\"hover:entity-accent entity-underline inline cursor-pointer align-baseline\"><span class=\"whitespace-normal\">Museo Reina Sof\u00eda<\/span><\/span>, y ha participado en bienales como las de Lyon, Pontevedra y Mercosur, entre otras. En 2002 recibi\u00f3 la Beca Guggenheim y ha sido distinguido en Argentina por el Fondo Nacional de las Artes por el conjunto de su trayectoria.<\/p>\n<p data-start=\"2459\" data-end=\"2602\" data-is-last-node=\"\" data-is-only-node=\"\">11 de febrero \u2013 12 de abril de 2026<br data-start=\"2498\" data-end=\"2501\" \/>HAUS, Edifici Granada \u2014 Carrer de la Ciutat de Granada, 34\u201336<\/p>\n<p><\/p>","protected":false},"excerpt":{"rendered":"<p>HAUS abre su programaci\u00f3n expositiva de 2026 con \u201cLa sorpresa. Algunos proyectos de Roberto Jacoby\u201d, la primera muestra del a\u00f1o&#8230; <a href=\"https:\/\/poblenouurbandistrict.com\/es\/haus-inaugura-el-2026-amb-la-sorpresa-algunos-proyectos-de-roberto-jacoby\/\">M\u00e1s  \u2192<\/a><\/p>\n","protected":false},"author":5,"featured_media":54742,"comment_status":"closed","ping_status":"closed","sticky":false,"template":"","format":"standard","meta":{"_acf_changed":false,"footnotes":""},"categories":[3342],"tags":[],"class_list":["post-54736","post","type-post","status-publish","format-standard","has-post-thumbnail","hentry","category-art"],"acf":[],"yoast_head":"<!-- This site is optimized with the Yoast SEO plugin v27.5 - https:\/\/yoast.com\/product\/yoast-seo-wordpress\/ -->\n<title>HAUS inaugura 2026 con \u201cLa sorpresa. Algunos proyectos de Roberto Jacoby&quot; &#8211; Poblenou Urban District<\/title>\n<meta name=\"robots\" content=\"index, follow, max-snippet:-1, max-image-preview:large, max-video-preview:-1\" \/>\n<link rel=\"canonical\" href=\"https:\/\/poblenouurbandistrict.com\/es\/haus-inaugura-el-2026-amb-la-sorpresa-algunos-proyectos-de-roberto-jacoby\/\" \/>\n<meta property=\"og:locale\" content=\"es_ES\" \/>\n<meta property=\"og:type\" content=\"article\" \/>\n<meta property=\"og:title\" content=\"HAUS inaugura 2026 con \u201cLa sorpresa. Algunos proyectos de Roberto Jacoby&quot; &#8211; Poblenou Urban District\" \/>\n<meta property=\"og:description\" content=\"HAUS abre su programaci\u00f3n expositiva de 2026 con \u201cLa sorpresa. Algunos proyectos de Roberto Jacoby\u201d, la primera muestra del a\u00f1o... M\u00e1s \u2192\" \/>\n<meta property=\"og:url\" content=\"https:\/\/poblenouurbandistrict.com\/es\/haus-inaugura-el-2026-amb-la-sorpresa-algunos-proyectos-de-roberto-jacoby\/\" \/>\n<meta property=\"og:site_name\" content=\"Poblenou Urban District\" \/>\n<meta property=\"article:published_time\" content=\"2026-02-12T12:17:32+00:00\" \/>\n<meta property=\"og:image\" content=\"https:\/\/poblenouurbandistrict.com\/wp-content\/uploads\/2026\/02\/captura-de-pantalla-2026-02-12-131551.png\" \/>\n\t<meta property=\"og:image:width\" content=\"1012\" \/>\n\t<meta property=\"og:image:height\" content=\"622\" \/>\n\t<meta property=\"og:image:type\" content=\"image\/png\" \/>\n<meta name=\"author\" content=\"pnud\" \/>\n<meta name=\"twitter:card\" content=\"summary_large_image\" \/>\n<meta name=\"twitter:label1\" content=\"Escrito por\" \/>\n\t<meta name=\"twitter:data1\" content=\"pnud\" \/>\n\t<meta name=\"twitter:label2\" content=\"Tiempo de lectura\" \/>\n\t<meta name=\"twitter:data2\" content=\"2 minutos\" \/>\n<script type=\"application\/ld+json\" class=\"yoast-schema-graph\">{\"@context\":\"https:\\\/\\\/schema.org\",\"@graph\":[{\"@type\":\"Article\",\"@id\":\"https:\\\/\\\/poblenouurbandistrict.com\\\/haus-inaugura-el-2026-amb-la-sorpresa-algunos-proyectos-de-roberto-jacoby\\\/#article\",\"isPartOf\":{\"@id\":\"https:\\\/\\\/poblenouurbandistrict.com\\\/haus-inaugura-el-2026-amb-la-sorpresa-algunos-proyectos-de-roberto-jacoby\\\/\"},\"author\":{\"name\":\"pnud\",\"@id\":\"https:\\\/\\\/poblenouurbandistrict.com\\\/#\\\/schema\\\/person\\\/980a2cf34b399d5218205730acd54a7e\"},\"headline\":\"HAUS inaugura 2026 con \u201cLa sorpresa. Algunos proyectos de Roberto Jacoby\u00bb\",\"datePublished\":\"2026-02-12T12:17:32+00:00\",\"mainEntityOfPage\":{\"@id\":\"https:\\\/\\\/poblenouurbandistrict.com\\\/haus-inaugura-el-2026-amb-la-sorpresa-algunos-proyectos-de-roberto-jacoby\\\/\"},\"wordCount\":1004,\"image\":{\"@id\":\"https:\\\/\\\/poblenouurbandistrict.com\\\/haus-inaugura-el-2026-amb-la-sorpresa-algunos-proyectos-de-roberto-jacoby\\\/#primaryimage\"},\"thumbnailUrl\":\"https:\\\/\\\/media.poblenouurbandistrict.com\\\/2026\\\/02\\\/25101054\\\/captura-de-pantalla-2026-02-12-131551.png\",\"articleSection\":[\"Arte\"],\"inLanguage\":\"es\"},{\"@type\":\"WebPage\",\"@id\":\"https:\\\/\\\/poblenouurbandistrict.com\\\/es\\\/haus-inaugura-el-2026-amb-la-sorpresa-algunos-proyectos-de-roberto-jacoby\\\/\",\"url\":\"https:\\\/\\\/poblenouurbandistrict.com\\\/es\\\/haus-inaugura-el-2026-amb-la-sorpresa-algunos-proyectos-de-roberto-jacoby\\\/\",\"name\":\"HAUS inaugura 2026 con \u201cLa sorpresa. Algunos proyectos de Roberto Jacoby\\\" &#8211; Poblenou Urban District\",\"isPartOf\":{\"@id\":\"https:\\\/\\\/poblenouurbandistrict.com\\\/es\\\/#website\"},\"primaryImageOfPage\":{\"@id\":\"https:\\\/\\\/poblenouurbandistrict.com\\\/es\\\/haus-inaugura-el-2026-amb-la-sorpresa-algunos-proyectos-de-roberto-jacoby\\\/#primaryimage\"},\"image\":{\"@id\":\"https:\\\/\\\/poblenouurbandistrict.com\\\/haus-inaugura-el-2026-amb-la-sorpresa-algunos-proyectos-de-roberto-jacoby\\\/#primaryimage\"},\"thumbnailUrl\":\"https:\\\/\\\/media.poblenouurbandistrict.com\\\/2026\\\/02\\\/25101054\\\/captura-de-pantalla-2026-02-12-131551.png\",\"datePublished\":\"2026-02-12T12:17:32+00:00\",\"author\":{\"@id\":\"https:\\\/\\\/poblenouurbandistrict.com\\\/#\\\/schema\\\/person\\\/980a2cf34b399d5218205730acd54a7e\"},\"breadcrumb\":{\"@id\":\"https:\\\/\\\/poblenouurbandistrict.com\\\/es\\\/haus-inaugura-el-2026-amb-la-sorpresa-algunos-proyectos-de-roberto-jacoby\\\/#breadcrumb\"},\"inLanguage\":\"es\",\"potentialAction\":[{\"@type\":\"ReadAction\",\"target\":[[\"https:\\\/\\\/poblenouurbandistrict.com\\\/es\\\/haus-inaugura-el-2026-amb-la-sorpresa-algunos-proyectos-de-roberto-jacoby\\\/\"]]}]},{\"@type\":\"ImageObject\",\"inLanguage\":\"es\",\"@id\":\"https:\\\/\\\/poblenouurbandistrict.com\\\/es\\\/haus-inaugura-el-2026-amb-la-sorpresa-algunos-proyectos-de-roberto-jacoby\\\/#primaryimage\",\"url\":\"https:\\\/\\\/media.poblenouurbandistrict.com\\\/2026\\\/02\\\/25101054\\\/captura-de-pantalla-2026-02-12-131551.png\",\"contentUrl\":\"https:\\\/\\\/media.poblenouurbandistrict.com\\\/2026\\\/02\\\/25101054\\\/captura-de-pantalla-2026-02-12-131551.png\",\"width\":1012,\"height\":622},{\"@type\":\"BreadcrumbList\",\"@id\":\"https:\\\/\\\/poblenouurbandistrict.com\\\/es\\\/haus-inaugura-el-2026-amb-la-sorpresa-algunos-proyectos-de-roberto-jacoby\\\/#breadcrumb\",\"itemListElement\":[{\"@type\":\"ListItem\",\"position\":1,\"name\":\"Home\",\"item\":\"https:\\\/\\\/poblenouurbandistrict.com\\\/es\\\/\"},{\"@type\":\"ListItem\",\"position\":2,\"name\":\"HAUS inaugura el 2026 amb \u201cLa sorpresa. Algunos proyectos de Roberto Jacoby\u201d\"}]},{\"@type\":\"WebSite\",\"@id\":\"https:\\\/\\\/poblenouurbandistrict.com\\\/es\\\/#website\",\"url\":\"https:\\\/\\\/poblenouurbandistrict.com\\\/es\\\/\",\"name\":\"Poblenou Urban District\",\"description\":\"Comunidad Creativa\",\"potentialAction\":[{\"@type\":\"SearchAction\",\"target\":{\"@type\":\"EntryPoint\",\"urlTemplate\":\"https:\\\/\\\/poblenouurbandistrict.com\\\/es\\\/?s={search_term_string}\"},\"query-input\":{\"@type\":\"PropertyValueSpecification\",\"valueRequired\":true,\"valueName\":\"search_term_string\"}}],\"inLanguage\":\"es\"},{\"@type\":\"Person\",\"@id\":\"https:\\\/\\\/poblenouurbandistrict.com\\\/#\\\/schema\\\/person\\\/980a2cf34b399d5218205730acd54a7e\",\"name\":\"pnud\",\"image\":{\"@type\":\"ImageObject\",\"inLanguage\":\"es\",\"@id\":\"https:\\\/\\\/secure.gravatar.com\\\/avatar\\\/67146597b405ee077a24e519f75c3e2031736596d6ce35af3a34c122c93d0d7b?s=96&d=retro&r=g\",\"url\":\"https:\\\/\\\/secure.gravatar.com\\\/avatar\\\/67146597b405ee077a24e519f75c3e2031736596d6ce35af3a34c122c93d0d7b?s=96&d=retro&r=g\",\"contentUrl\":\"https:\\\/\\\/secure.gravatar.com\\\/avatar\\\/67146597b405ee077a24e519f75c3e2031736596d6ce35af3a34c122c93d0d7b?s=96&d=retro&r=g\",\"caption\":\"pnud\"}}]}<\/script>\n<!-- \/ Yoast SEO plugin. -->","yoast_head_json":{"title":"HAUS inaugura 2026 con \u201cLa sorpresa. Algunos proyectos de Roberto Jacoby\" &#8211; Poblenou Urban District","robots":{"index":"index","follow":"follow","max-snippet":"max-snippet:-1","max-image-preview":"max-image-preview:large","max-video-preview":"max-video-preview:-1"},"canonical":"https:\/\/poblenouurbandistrict.com\/es\/haus-inaugura-el-2026-amb-la-sorpresa-algunos-proyectos-de-roberto-jacoby\/","og_locale":"es_ES","og_type":"article","og_title":"HAUS inaugura 2026 con \u201cLa sorpresa. Algunos proyectos de Roberto Jacoby\" &#8211; Poblenou Urban District","og_description":"HAUS abre su programaci\u00f3n expositiva de 2026 con \u201cLa sorpresa. Algunos proyectos de Roberto Jacoby\u201d, la primera muestra del a\u00f1o... M\u00e1s \u2192","og_url":"https:\/\/poblenouurbandistrict.com\/es\/haus-inaugura-el-2026-amb-la-sorpresa-algunos-proyectos-de-roberto-jacoby\/","og_site_name":"Poblenou Urban District","article_published_time":"2026-02-12T12:17:32+00:00","og_image":[{"width":1012,"height":622,"url":"https:\/\/poblenouurbandistrict.com\/wp-content\/uploads\/2026\/02\/captura-de-pantalla-2026-02-12-131551.png","type":"image\/png"}],"author":"pnud","twitter_card":"summary_large_image","twitter_misc":{"Escrito por":"pnud","Tiempo de lectura":"2 minutos"},"schema":{"@context":"https:\/\/schema.org","@graph":[{"@type":"Article","@id":"https:\/\/poblenouurbandistrict.com\/haus-inaugura-el-2026-amb-la-sorpresa-algunos-proyectos-de-roberto-jacoby\/#article","isPartOf":{"@id":"https:\/\/poblenouurbandistrict.com\/haus-inaugura-el-2026-amb-la-sorpresa-algunos-proyectos-de-roberto-jacoby\/"},"author":{"name":"pnud","@id":"https:\/\/poblenouurbandistrict.com\/#\/schema\/person\/980a2cf34b399d5218205730acd54a7e"},"headline":"HAUS inaugura 2026 con \u201cLa sorpresa. Algunos proyectos de Roberto Jacoby\u00bb","datePublished":"2026-02-12T12:17:32+00:00","mainEntityOfPage":{"@id":"https:\/\/poblenouurbandistrict.com\/haus-inaugura-el-2026-amb-la-sorpresa-algunos-proyectos-de-roberto-jacoby\/"},"wordCount":1004,"image":{"@id":"https:\/\/poblenouurbandistrict.com\/haus-inaugura-el-2026-amb-la-sorpresa-algunos-proyectos-de-roberto-jacoby\/#primaryimage"},"thumbnailUrl":"https:\/\/media.poblenouurbandistrict.com\/2026\/02\/25101054\/captura-de-pantalla-2026-02-12-131551.png","articleSection":["Arte"],"inLanguage":"es"},{"@type":"WebPage","@id":"https:\/\/poblenouurbandistrict.com\/es\/haus-inaugura-el-2026-amb-la-sorpresa-algunos-proyectos-de-roberto-jacoby\/","url":"https:\/\/poblenouurbandistrict.com\/es\/haus-inaugura-el-2026-amb-la-sorpresa-algunos-proyectos-de-roberto-jacoby\/","name":"HAUS inaugura 2026 con \u201cLa sorpresa. Algunos proyectos de Roberto Jacoby\" &#8211; Poblenou Urban District","isPartOf":{"@id":"https:\/\/poblenouurbandistrict.com\/es\/#website"},"primaryImageOfPage":{"@id":"https:\/\/poblenouurbandistrict.com\/es\/haus-inaugura-el-2026-amb-la-sorpresa-algunos-proyectos-de-roberto-jacoby\/#primaryimage"},"image":{"@id":"https:\/\/poblenouurbandistrict.com\/haus-inaugura-el-2026-amb-la-sorpresa-algunos-proyectos-de-roberto-jacoby\/#primaryimage"},"thumbnailUrl":"https:\/\/media.poblenouurbandistrict.com\/2026\/02\/25101054\/captura-de-pantalla-2026-02-12-131551.png","datePublished":"2026-02-12T12:17:32+00:00","author":{"@id":"https:\/\/poblenouurbandistrict.com\/#\/schema\/person\/980a2cf34b399d5218205730acd54a7e"},"breadcrumb":{"@id":"https:\/\/poblenouurbandistrict.com\/es\/haus-inaugura-el-2026-amb-la-sorpresa-algunos-proyectos-de-roberto-jacoby\/#breadcrumb"},"inLanguage":"es","potentialAction":[{"@type":"ReadAction","target":[["https:\/\/poblenouurbandistrict.com\/es\/haus-inaugura-el-2026-amb-la-sorpresa-algunos-proyectos-de-roberto-jacoby\/"]]}]},{"@type":"ImageObject","inLanguage":"es","@id":"https:\/\/poblenouurbandistrict.com\/es\/haus-inaugura-el-2026-amb-la-sorpresa-algunos-proyectos-de-roberto-jacoby\/#primaryimage","url":"https:\/\/media.poblenouurbandistrict.com\/2026\/02\/25101054\/captura-de-pantalla-2026-02-12-131551.png","contentUrl":"https:\/\/media.poblenouurbandistrict.com\/2026\/02\/25101054\/captura-de-pantalla-2026-02-12-131551.png","width":1012,"height":622},{"@type":"BreadcrumbList","@id":"https:\/\/poblenouurbandistrict.com\/es\/haus-inaugura-el-2026-amb-la-sorpresa-algunos-proyectos-de-roberto-jacoby\/#breadcrumb","itemListElement":[{"@type":"ListItem","position":1,"name":"Home","item":"https:\/\/poblenouurbandistrict.com\/es\/"},{"@type":"ListItem","position":2,"name":"HAUS inaugura el 2026 amb \u201cLa sorpresa. Algunos proyectos de Roberto Jacoby\u201d"}]},{"@type":"WebSite","@id":"https:\/\/poblenouurbandistrict.com\/es\/#website","url":"https:\/\/poblenouurbandistrict.com\/es\/","name":"Poblenou Urban District","description":"Comunidad Creativa","potentialAction":[{"@type":"SearchAction","target":{"@type":"EntryPoint","urlTemplate":"https:\/\/poblenouurbandistrict.com\/es\/?s={search_term_string}"},"query-input":{"@type":"PropertyValueSpecification","valueRequired":true,"valueName":"search_term_string"}}],"inLanguage":"es"},{"@type":"Person","@id":"https:\/\/poblenouurbandistrict.com\/#\/schema\/person\/980a2cf34b399d5218205730acd54a7e","name":"pnud","image":{"@type":"ImageObject","inLanguage":"es","@id":"https:\/\/secure.gravatar.com\/avatar\/67146597b405ee077a24e519f75c3e2031736596d6ce35af3a34c122c93d0d7b?s=96&d=retro&r=g","url":"https:\/\/secure.gravatar.com\/avatar\/67146597b405ee077a24e519f75c3e2031736596d6ce35af3a34c122c93d0d7b?s=96&d=retro&r=g","contentUrl":"https:\/\/secure.gravatar.com\/avatar\/67146597b405ee077a24e519f75c3e2031736596d6ce35af3a34c122c93d0d7b?s=96&d=retro&r=g","caption":"pnud"}}]}},"_links":{"self":[{"href":"https:\/\/poblenouurbandistrict.com\/es\/wp-json\/wp\/v2\/posts\/54736","targetHints":{"allow":["GET"]}}],"collection":[{"href":"https:\/\/poblenouurbandistrict.com\/es\/wp-json\/wp\/v2\/posts"}],"about":[{"href":"https:\/\/poblenouurbandistrict.com\/es\/wp-json\/wp\/v2\/types\/post"}],"author":[{"embeddable":true,"href":"https:\/\/poblenouurbandistrict.com\/es\/wp-json\/wp\/v2\/users\/5"}],"replies":[{"embeddable":true,"href":"https:\/\/poblenouurbandistrict.com\/es\/wp-json\/wp\/v2\/comments?post=54736"}],"version-history":[{"count":2,"href":"https:\/\/poblenouurbandistrict.com\/es\/wp-json\/wp\/v2\/posts\/54736\/revisions"}],"predecessor-version":[{"id":54743,"href":"https:\/\/poblenouurbandistrict.com\/es\/wp-json\/wp\/v2\/posts\/54736\/revisions\/54743"}],"wp:featuredmedia":[{"embeddable":true,"href":"https:\/\/poblenouurbandistrict.com\/es\/wp-json\/wp\/v2\/media\/54742"}],"wp:attachment":[{"href":"https:\/\/poblenouurbandistrict.com\/es\/wp-json\/wp\/v2\/media?parent=54736"}],"wp:term":[{"taxonomy":"category","embeddable":true,"href":"https:\/\/poblenouurbandistrict.com\/es\/wp-json\/wp\/v2\/categories?post=54736"},{"taxonomy":"post_tag","embeddable":true,"href":"https:\/\/poblenouurbandistrict.com\/es\/wp-json\/wp\/v2\/tags?post=54736"}],"curies":[{"name":"wp","href":"https:\/\/api.w.org\/{rel}","templated":true}]}}