{"id":5530,"date":"2015-03-19T21:21:13","date_gmt":"2015-03-19T20:21:13","guid":{"rendered":"https:\/\/poblenouurbandistrict.com\/new\/?p=5530"},"modified":"2016-04-22T11:14:29","modified_gmt":"2016-04-22T09:14:29","slug":"galeries-d-art-showrooms","status":"publish","type":"post","link":"https:\/\/poblenouurbandistrict.com\/es\/galeries-d-art-showrooms\/","title":{"rendered":"Galer\u00edas de Arte y Showrooms"},"content":{"rendered":"<p><b>Addicted to Life<\/b><\/p>\n<p><b>Addicted to Life<\/b>\u00a0celebrar\u00e1 el\u00a0<b>Open Day<\/b>\u00a0de\u00a0<b>Poblenou Urban District<\/b>\u00a0con la inauguraci\u00f3n de la Concept Store! La tienda de ropa vintage\u00a0<b>Kinky Merengue<\/b>\u00a0tendr\u00e1 por ejemplo un open corner en el espacio, donde podr\u00e1s encontrar la mejor selecci\u00f3n de ropa independiente. Adem\u00e1s, a las 12.30h habr\u00e1 una cata de vinos ecol\u00f3gicos gratuita y, a las 17h, una exposici\u00f3n de fotos que contar\u00e1 con performance de danza y Dj.<\/p>\n<p>M\u00e1s sobre\u00a0<b>Addicted To Life<\/b>: concept store y galer\u00eda de arte situada en un espacio privilegiado, una antigua f\u00e1brica restaurada e insonorizada.<\/p>\n<p><b>INAUGURACI\u00d3N CONCEPT STORE + CATA DE VINOS ECOL\u00d3GICOS (12.30H) + EXPO FOTOGR\u00c1FICA + PERFORMANCE DANZA + DJ (17)<\/b><br \/>\n<b>ADDICTED TO LIFE (C \/ SUBIDAS, 156bis)<\/b><br \/>\n<b>S\u00c1BADO, 21 DE MARZO DE 11H A 20H<\/b><\/p>\n<hr \/>\n<p><img loading=\"lazy\" decoding=\"async\" class=\"aligncenter size-medium wp-image-5531\" alt=\"10383550_10154887726510181_3643340556032298636_n\" src=\"https:\/\/poblenouurbandistrict.com\/wp-content\/uploads\/2015\/03\/10383550_10154887726510181_3643340556032298636_n-620x437.jpg\" width=\"620\" height=\"437\" \/><\/p>\n<p><b>BD\u00a0<\/b><\/p>\n<p>Para celebrar la pr\u00f3xima edici\u00f3n del <b>Open Day<\/b>, la firma hist\u00f3rica del dise\u00f1o en Catalu\u00f1a <b>BD<\/b> abre especialmente su showroom de muebles entre las 11h y las 19h. Las obras y productos de <b>BD<\/b> que has visto en cat\u00e1logo pueden ser aqu\u00ed vistas, probadas y compradas en un espacio de 600m<sup>2<\/sup> situado en una antigua nave industrial de Poblenou. Dise\u00f1os expuestos que podr\u00e1s comprar adem\u00e1s con un 30% de descuento si presentas el flyer del Open Day.<\/p>\n<p><a href=\"http:\/\/bdbarcelona.com\/\"><b>BD<\/b><\/a> es una firma de arte y dise\u00f1o vinculada en partes iguales a la tradici\u00f3n y a las nuevas tecnolog\u00edas, movi\u00e9ndose hacia el futuro sin olvidar el pasado. Su espacio de exposici\u00f3n y venta <a href=\"http:\/\/bdbarcelona.com\/\"><b>Barcelona Design Gallery<\/b><\/a><b> <\/b>es un universo con showroom, outlet, sala de exposici\u00f3n y editorial de dise\u00f1o de muebles y complementos, punto de encuentro entre dise\u00f1adores y consumidores.<\/p>\n<p><b>SHOWROOM DE MUEBLES Y DESCUENTO DEL 30%<\/b><br \/>\n<b>BD (C \/ RAM\u00d3N TURR\u00d3, 126)<\/b><br \/>\n<b>S\u00c1BADO, 21 DE MARZO DE 11H A 19H<\/b><\/p>\n<hr \/>\n<p><img loading=\"lazy\" decoding=\"async\" class=\"aligncenter size-medium wp-image-5532\" alt=\"OPEN DAY 21-03-15\" src=\"https:\/\/media.poblenouurbandistrict.com\/2015\/03\/25005530\/OPEN-DAY-21-03-15-620x859.jpg\" width=\"620\" height=\"859\" \/><\/p>\n<p align=\"left\"><b>Chez Xefo\u00a0<\/b><\/p>\n<p>La galer\u00eda de arte de <b>Chez Xefo<\/b> inaugura la exposici\u00f3n \u00abAbstracto + Abstracto\u00bb de los artistas Pall\u00e0s y Merc\u00e8 Girona en la celebraci\u00f3n del <b>Open Day<\/b> de <b>Poblenou Urban District<\/b>. Es m\u00e1s, para que disfrutes especialmente de la visita te ofrecen una degustaci\u00f3n primaveral en manos de Arty-fun Snacks de Joelfunkat catering: Buffet Raw (crudit\u00e9s, ceviches y carpaccios) por 12 \u20ac y mojitos y caipirinhas por 4 \u20ac.<\/p>\n<p>La <a href=\"https:\/\/www.facebook.com\/ChezXefo\/timeline\"><b>Chez Xefo Art Gallery<\/b><\/a> es una galer\u00eda de arte poco convencional. Espacio singular de naturaleza ecl\u00e9ctica dedico al arte, un espacio donde disfrutar de la muestra de artistas emergentes o ya consolidados del panorama contempor\u00e1neo actual.<br \/>\n<b>EXPOSICI\u00d3N \u00abABSTRACTE+ABSTRACTE\u00bb Y DEGUSTACI\u00d3N PRIMAVERAL<\/b><br \/>\n<b>CHEZ XEFO ART GALLERY (C \/ BADAJOZ, 46)<\/b><br \/>\n<b>S\u00c1BADO, 21 DE MARZO DE 11H A 20H<\/b><\/p>\n<hr \/>\n<p align=\"left\"><img loading=\"lazy\" decoding=\"async\" class=\"aligncenter size-full wp-image-5533\" alt=\"1517717_620460641388793_4830616924947860893_n\" src=\"https:\/\/media.poblenouurbandistrict.com\/2015\/03\/25005531\/1517717_620460641388793_4830616924947860893_n1.jpg\" width=\"254\" height=\"398\" \/><\/p>\n<p><b>Noak Room y Eterna<\/b><\/p>\n<p><strong><em>Noak Room meets Eterna<\/em>.<\/strong>\u00a0El destino uni\u00f3 \u2013 puerta por puerta \u2013 a\u00a0<strong>Noak Room y Eterna<\/strong>\u00a0que, en esta edici\u00f3n del\u00a0<strong>Open Day<\/strong>, han decidido complacernos con un trabajo conjunto. \u00a1Adem\u00e1s, 10% de descuento y \u2013 entre las 12.30 y las 14.30, cerveza gratuita!<\/p>\n<p><a href=\"https:\/\/www.facebook.com\/pages\/Espacio-Eterna\/233867160133895?fref=ts\"><strong>Eterna<\/strong><\/a>\u00a0se trata de un continente dedicado a la creaci\u00f3n, el arte y el dise\u00f1o, que combina tres actividades a la vez: un espacio de coworking con profesionales del dise\u00f1o, un espacio de arte o galer\u00eda que ofrecer\u00e1 diferentes propuestas relacionadas con este \u00e1mbito y espacio-showroom de productos \u2018Modelo\u2019, marca que se dedica a la recuperaci\u00f3n de modelos industriales y de otros productos vintage para la decoraci\u00f3n.<\/p>\n<p><a href=\"http:\/\/www.noakroom.com\/\"><strong>Noak Room<\/strong><\/a>\u00a0son Martin y Sara, expertos en decoraci\u00f3n vintage y estilo escandinavo, que han recopilado una colecci\u00f3n de muebles de los a\u00f1os cincuenta, sesenta y setenta que han llevado de sus viajes por Suecia, Noruega y Dinamarca.<\/p>\n<p><b>Noak ROOM meets ETERNA<br \/>\nNoak ROOM (C \/ ROC BORONAT 69)<br \/>\nDE 11.00H a 20.00h<\/b><\/p>\n<hr \/>\n<p><img loading=\"lazy\" decoding=\"async\" class=\"aligncenter size-full wp-image-5534\" alt=\"flyer L&#038;B JOAN ILL .pptx\" src=\"https:\/\/media.poblenouurbandistrict.com\/2015\/03\/25005532\/joanill.jpg\" width=\"540\" height=\"720\" \/><\/p>\n<p>NUEVO ESPACIO dedicado al Arte Contempor\u00e1neo en Barcelona.<\/p>\n<p>La inauguraci\u00f3n de la exposici\u00f3n de<strong>\u00a0JOAN ILL<\/strong>. Hibernaci\u00f3n es la 1\u00aa propuesta de la Galer\u00eda\u00a0<strong>L&#038;B contemporary art<\/strong>\u00a0a su nuevo espacio de Poblenou (C \/ de \u00c1lava 58). Una muestra donde se presentan las \u00faltimas creaciones de la artista y una instalaci\u00f3n site-specific de gran formato que da t\u00edtulo a la exposici\u00f3n.\u00a0Las cavas <strong>PERE VENTURA<\/strong> nos ofrece una copa de cava para celebrar la ocasi\u00f3n.<\/p>\n<p><a href=\"http:\/\/www.lbartcomunicacio.com\/\"><strong>L&#038;B contemporary art<\/strong><\/a> nace en 2006 de la mano de la agencia de comunicaci\u00f3n <strong>L&#038;B art+comunicaci\u00f3<\/strong>. Con presencia virtual en la plataforma de arte internacional ARTNET entre 2006- 2012, L&#038;B <strong>contemporary art<\/strong> ha organizado showrooms privados, eventos y exposiciones de los artistas que representaba a espacios alternativos p\u00fablicos y privados: fundaciones, instituciones oficiales, museos, hoteles de 5 *, centros de arte Contempor\u00e1neo&#8230;<\/p>\n<p><b>INAUGURACI\u00d3N GALER\u00cdA &#8211; EXPOSICI\u00d3N \u00abHIVERNACI\u00d3\u00bb DE JOAN ILL<\/b><br \/>\n<b>L&#038;B CONTEMPORARY ART (C \/ D\u2019\u00c0LAVA, 58)<\/b><br \/>\n<b>S\u00c1BADO, 21 DE MARZO DE 11H A 14H Y DE 17H A 22H<\/b><\/p>\n<hr \/>\n<p><img loading=\"lazy\" decoding=\"async\" class=\"aligncenter size-medium wp-image-5535\" alt=\"PostalOpenDay\" src=\"https:\/\/media.poblenouurbandistrict.com\/2015\/03\/25005533\/PostalOpenDay-620x826.jpg\" width=\"620\" height=\"826\" \/><b>La Plataforma<\/b><\/p>\n<p>La galer\u00eda de arte y estudio de producci\u00f3n <b>La Plataforma<\/b>, tiene una propuesta m\u00e1s que especial durante la jornada del <b>Open Day<\/b> de <b>Poblenou Urban District<\/b> &#8211; asociaci\u00f3n de la cual es sede. Arte, gastronom\u00eda, m\u00fasica&#8230; Habr\u00e1 una exposici\u00f3n colectiva de una variada propuesta de artistas contempor\u00e1neos en el tema de arte, dise\u00f1o y editoriales. <b>La Cocina Palpita<\/b> tendr\u00e1 una barra especial de tacos de confit de pato, de salm\u00f3n marinado y quesadillas. <b>Mixology Mobile <\/b>preparar\u00e1 c\u00f3cteles especiales para la ocasi\u00f3n y, junto con <b>La Cocina Palpita,<\/b> os propondr\u00e1n una deliciosa degustaci\u00f3n de ostras y chupitos. <b>Estrella Damm<\/b> os invitar\u00e1 a una cerveza en la galer\u00eda de las 12h a las 15h. Por \u00faltimo, para animar definitivamente el d\u00eda te presentan tres propuestas musicales diferentes que se intercalar\u00e1n durante la jornada: el trio de jazz <b>Tresax, Dj Miguelito Superstar<\/b> y<b> Dj Makala<\/b>.<b>\u00a0<\/b><\/p>\n<p><b>M\u00daSICA, GASTRONOMIA I ART<\/b><br \/>\n<b>LA PLATAFORMA (C\/PUJADES, 99)<\/b><br \/>\n<b>S\u00c1BADO, 21 DE MAZO DE 11H A 20H<\/b><\/p>\n<p><strong>M\u00daSICA<\/strong><br \/>\n<strong> Programaci\u00f3n Musical en La Plataforma:<\/strong><\/p>\n<ul>\n<li>12.00h &#8211; 13.00h TRESAX<\/li>\n<li>13.00h &#8211; 15.00h DJ MIGUELITO SUPERSTAR<\/li>\n<li>15.00h &#8211; 17.30h DJ MAKALA<\/li>\n<li>17.30h &#8211; 20.00h TRESAX<\/li>\n<\/ul>\n<p><strong>ARTE<\/strong><br \/>\n<strong> Exposici\u00f3n colectiva de artistas contempor\u00e1neos:<\/strong><\/p>\n<ul>\n<li>Diego Mallo<\/li>\n<li>Ricard Aymar<\/li>\n<li>Patrick Thomas<\/li>\n<li>Sergio Mora<\/li>\n<li>Angela Bonadies<\/li>\n<li>Serena Salvadori<\/li>\n<li>Ico Rosales<\/li>\n<li>Fran Romero (Asis)<\/li>\n<li>Karel Cudlin<\/li>\n<li>Orio Tarridas<\/li>\n<li>Ramon Paris<\/li>\n<\/ul>\n<p><strong>DISE\u00d1O<\/strong><br \/>\n<strong> Exposici\u00f3n colectiva de dise\u00f1adores contempor\u00e1neos:<\/strong><\/p>\n<ul>\n<li>Sm\u00e4ll Studio<\/li>\n<li>Aparentmet<\/li>\n<li>Jordi Canudas Studio<\/li>\n<li>Javier Blanco<\/li>\n<li>Microminiaturas<\/li>\n<li>Twistab<\/li>\n<\/ul>\n<p><strong>EDITORIALES<\/strong><br \/>\n<strong> Edici\u00f3n Especial de Serigraf\u00edas con 180 Hilos con los artistas:<\/strong><\/p>\n<ul>\n<li>Pau Sanz Vila<\/li>\n<li>Forma &#038;Co<\/li>\n<li>Sergio Mora<\/li>\n<li>Malag\u00f3n<\/li>\n<li>Brosmind<\/li>\n<li>Jorge Ar\u00e9valo<\/li>\n<\/ul>\n<hr\/>\n<p>M\u00e1s Open Day<\/p>\n<p><a href=\"https:\/\/poblenouurbandistrict.com\/es\/agencies-de-publicitat-comunicacio\/\">AGENCIAS DE PUBLICIDAD Y COMUNICACI\u00d3N<\/a> \/ <a href=\"https:\/\/poblenouurbandistrict.com\/es\/bars-cocteleries\/\">BARES Y COCTELER\u00cdAS<\/a> \/ <a href=\"https:\/\/poblenouurbandistrict.com\/es\/centres-de-coworking-hubs\/\">CENTROS DE COWORKING Y HUBS<\/a> \/ <a href=\"https:\/\/poblenouurbandistrict.com\/es\/centres-de-creacio-estudis-dartistes\/\">CENTROS DE CREACI\u00d3N Y ESTUDIOS DE ARTISTAS<\/a> \/ <a href=\"https:\/\/poblenouurbandistrict.com\/es\/centres-de-formacio-en-disseny-arquitectura\/\">CENTROS DE FORMACI\u00d3N DE DISE\u00d1O Y ARQUITECTURA<\/a> \/ <a href=\"https:\/\/poblenouurbandistrict.com\/es\/delicatessen-per-emportar\/\">DELICATESSEN Y PARA LLEVAR<\/a> \/ <a href=\"https:\/\/poblenouurbandistrict.com\/es\/estudis-de-disseny-arquitectura\/\">ESTUDIOS DE DISE\u00d1O Y ARQUITECTURA<\/a> \/ <a href=\"https:\/\/poblenouurbandistrict.com\/es\/estudis-de-produccio-postproduccio\/\">ESTUDIOS DE PRODUCCI\u00d3N Y POSTPRODUCCI\u00d3N<\/a> \/ <a href=\"https:\/\/poblenouurbandistrict.com\/es\/galeries-d-art-showrooms\/\">GALER\u00cdAS DE ARTE Y SHOWROOMS<\/a> \/ <a href=\"https:\/\/poblenouurbandistrict.com\/es\/hotels-hostals\/\">HOTELES I HOSTALS<\/a> \/ <a href=\"https:\/\/poblenouurbandistrict.com\/es\/immobiliaria-assessoria\/\">INMOBILIARIAS Y ASESOR\u00cdA<\/a> \/ <a href=\"https:\/\/poblenouurbandistrict.com\/es\/impremtes\/\">IMPRENTAS<\/a> \/ <a href=\"https:\/\/poblenouurbandistrict.com\/es\/museus\/\">MUSEOS<\/a> \/ <a href=\"https:\/\/poblenouurbandistrict.com\/es\/restaurants\/\">RESTAURANTS<\/a> \/ <a href=\"https:\/\/poblenouurbandistrict.com\/es\/sales-de-concerts-teatres-promotores-musicals\/\">SALAS DE CONCIERTOS, TEATROS Y PROMOTORAS MUSICALES<\/a> \/ <a href=\"https:\/\/poblenouurbandistrict.com\/es\/salut-esports\/\">SALUD DE DEPORTES<\/a> \/ <a href=\"https:\/\/poblenouurbandistrict.com\/es\/botigues\/\">TIENDAS<\/a><\/p>\n<p><\/p>","protected":false},"excerpt":{"rendered":"<p>Addicted to Life Addicted to Life\u00a0celebrar\u00e1 el\u00a0Open Day\u00a0de\u00a0Poblenou Urban District\u00a0con la inauguraci\u00f3n de la Concept Store! La tienda de ropa&#8230; <a href=\"https:\/\/poblenouurbandistrict.com\/es\/galeries-d-art-showrooms\/\">M\u00e1s  \u2192<\/a><\/p>\n","protected":false},"author":5,"featured_media":0,"comment_status":"closed","ping_status":"closed","sticky":false,"template":"","format":"standard","meta":{"_acf_changed":false,"footnotes":""},"categories":[1],"tags":[],"class_list":["post-5530","post","type-post","status-publish","format-standard","hentry","category-noticias"],"acf":[],"yoast_head":"<!-- This site is optimized with the Yoast SEO plugin v27.5 - https:\/\/yoast.com\/product\/yoast-seo-wordpress\/ -->\n<title>Galer\u00edas de Arte y Showrooms &#8211; Poblenou Urban District<\/title>\n<meta name=\"robots\" content=\"index, follow, max-snippet:-1, max-image-preview:large, max-video-preview:-1\" \/>\n<link rel=\"canonical\" href=\"https:\/\/poblenouurbandistrict.com\/es\/galeries-d-art-showrooms\/\" \/>\n<meta property=\"og:locale\" content=\"es_ES\" \/>\n<meta property=\"og:type\" content=\"article\" \/>\n<meta property=\"og:title\" content=\"Galer\u00edas de Arte y Showrooms &#8211; Poblenou Urban District\" \/>\n<meta property=\"og:description\" content=\"Addicted to Life Addicted to Life\u00a0celebrar\u00e1 el\u00a0Open Day\u00a0de\u00a0Poblenou Urban District\u00a0con la inauguraci\u00f3n de la Concept Store! La tienda de ropa... M\u00e1s \u2192\" \/>\n<meta property=\"og:url\" content=\"https:\/\/poblenouurbandistrict.com\/es\/galeries-d-art-showrooms\/\" \/>\n<meta property=\"og:site_name\" content=\"Poblenou Urban District\" \/>\n<meta property=\"article:published_time\" content=\"2015-03-19T20:21:13+00:00\" \/>\n<meta property=\"article:modified_time\" content=\"2016-04-22T09:14:29+00:00\" \/>\n<meta property=\"og:image\" content=\"https:\/\/poblenouurbandistrict.com\/wp-content\/uploads\/2015\/03\/10383550_10154887726510181_3643340556032298636_n-620x437.jpg\" \/>\n<meta name=\"author\" content=\"pnud\" \/>\n<meta name=\"twitter:card\" content=\"summary_large_image\" \/>\n<meta name=\"twitter:label1\" content=\"Escrito por\" \/>\n\t<meta name=\"twitter:data1\" content=\"pnud\" \/>\n\t<meta name=\"twitter:label2\" content=\"Tiempo de lectura\" \/>\n\t<meta name=\"twitter:data2\" content=\"11 minutos\" \/>\n<script type=\"application\/ld+json\" class=\"yoast-schema-graph\">{\"@context\":\"https:\\\/\\\/schema.org\",\"@graph\":[{\"@type\":\"Article\",\"@id\":\"https:\\\/\\\/poblenouurbandistrict.com\\\/galeries-d-art-showrooms\\\/#article\",\"isPartOf\":{\"@id\":\"https:\\\/\\\/poblenouurbandistrict.com\\\/galeries-d-art-showrooms\\\/\"},\"author\":{\"name\":\"pnud\",\"@id\":\"https:\\\/\\\/poblenouurbandistrict.com\\\/#\\\/schema\\\/person\\\/980a2cf34b399d5218205730acd54a7e\"},\"headline\":\"Galer\u00edas de Arte y Showrooms\",\"datePublished\":\"2015-03-19T20:21:13+00:00\",\"dateModified\":\"2016-04-22T09:14:29+00:00\",\"mainEntityOfPage\":{\"@id\":\"https:\\\/\\\/poblenouurbandistrict.com\\\/galeries-d-art-showrooms\\\/\"},\"wordCount\":2266,\"image\":{\"@id\":\"https:\\\/\\\/poblenouurbandistrict.com\\\/galeries-d-art-showrooms\\\/#primaryimage\"},\"thumbnailUrl\":\"https:\\\/\\\/poblenouurbandistrict.com\\\/wp-content\\\/uploads\\\/2015\\\/03\\\/10383550_10154887726510181_3643340556032298636_n-620x437.jpg\",\"articleSection\":[\"Est\u00e1 pasando\"],\"inLanguage\":\"es\"},{\"@type\":\"WebPage\",\"@id\":\"https:\\\/\\\/poblenouurbandistrict.com\\\/es\\\/galeries-d-art-showrooms\\\/\",\"url\":\"https:\\\/\\\/poblenouurbandistrict.com\\\/es\\\/galeries-d-art-showrooms\\\/\",\"name\":\"Art Galeries and ShowroomsGaler\u00edas de Arte y ShowroomsGaleries d\u2019 art i showrooms &#8211; Poblenou Urban District\",\"isPartOf\":{\"@id\":\"https:\\\/\\\/poblenouurbandistrict.com\\\/es\\\/#website\"},\"primaryImageOfPage\":{\"@id\":\"https:\\\/\\\/poblenouurbandistrict.com\\\/es\\\/galeries-d-art-showrooms\\\/#primaryimage\"},\"image\":{\"@id\":\"https:\\\/\\\/poblenouurbandistrict.com\\\/galeries-d-art-showrooms\\\/#primaryimage\"},\"thumbnailUrl\":\"https:\\\/\\\/poblenouurbandistrict.com\\\/wp-content\\\/uploads\\\/2015\\\/03\\\/10383550_10154887726510181_3643340556032298636_n-620x437.jpg\",\"datePublished\":\"2015-03-19T20:21:13+00:00\",\"dateModified\":\"2016-04-22T09:14:29+00:00\",\"author\":{\"@id\":\"https:\\\/\\\/poblenouurbandistrict.com\\\/#\\\/schema\\\/person\\\/980a2cf34b399d5218205730acd54a7e\"},\"breadcrumb\":{\"@id\":\"https:\\\/\\\/poblenouurbandistrict.com\\\/es\\\/galeries-d-art-showrooms\\\/#breadcrumb\"},\"inLanguage\":\"es\",\"potentialAction\":[{\"@type\":\"ReadAction\",\"target\":[[\"https:\\\/\\\/poblenouurbandistrict.com\\\/es\\\/galeries-d-art-showrooms\\\/\"]]}]},{\"@type\":\"ImageObject\",\"inLanguage\":\"es\",\"@id\":\"https:\\\/\\\/poblenouurbandistrict.com\\\/es\\\/galeries-d-art-showrooms\\\/#primaryimage\",\"url\":\"https:\\\/\\\/poblenouurbandistrict.com\\\/wp-content\\\/uploads\\\/2015\\\/03\\\/10383550_10154887726510181_3643340556032298636_n-620x437.jpg\",\"contentUrl\":\"https:\\\/\\\/poblenouurbandistrict.com\\\/wp-content\\\/uploads\\\/2015\\\/03\\\/10383550_10154887726510181_3643340556032298636_n-620x437.jpg\"},{\"@type\":\"BreadcrumbList\",\"@id\":\"https:\\\/\\\/poblenouurbandistrict.com\\\/es\\\/galeries-d-art-showrooms\\\/#breadcrumb\",\"itemListElement\":[{\"@type\":\"ListItem\",\"position\":1,\"name\":\"Home\",\"item\":\"https:\\\/\\\/poblenouurbandistrict.com\\\/es\\\/\"},{\"@type\":\"ListItem\",\"position\":2,\"name\":\"Galer\u00edas de Arte y Showrooms\"}]},{\"@type\":\"WebSite\",\"@id\":\"https:\\\/\\\/poblenouurbandistrict.com\\\/es\\\/#website\",\"url\":\"https:\\\/\\\/poblenouurbandistrict.com\\\/es\\\/\",\"name\":\"Poblenou Urban District\",\"description\":\"Comunidad Creativa\",\"potentialAction\":[{\"@type\":\"SearchAction\",\"target\":{\"@type\":\"EntryPoint\",\"urlTemplate\":\"https:\\\/\\\/poblenouurbandistrict.com\\\/es\\\/?s={search_term_string}\"},\"query-input\":{\"@type\":\"PropertyValueSpecification\",\"valueRequired\":true,\"valueName\":\"search_term_string\"}}],\"inLanguage\":\"es\"},{\"@type\":\"Person\",\"@id\":\"https:\\\/\\\/poblenouurbandistrict.com\\\/#\\\/schema\\\/person\\\/980a2cf34b399d5218205730acd54a7e\",\"name\":\"pnud\",\"image\":{\"@type\":\"ImageObject\",\"inLanguage\":\"es\",\"@id\":\"https:\\\/\\\/secure.gravatar.com\\\/avatar\\\/67146597b405ee077a24e519f75c3e2031736596d6ce35af3a34c122c93d0d7b?s=96&d=retro&r=g\",\"url\":\"https:\\\/\\\/secure.gravatar.com\\\/avatar\\\/67146597b405ee077a24e519f75c3e2031736596d6ce35af3a34c122c93d0d7b?s=96&d=retro&r=g\",\"contentUrl\":\"https:\\\/\\\/secure.gravatar.com\\\/avatar\\\/67146597b405ee077a24e519f75c3e2031736596d6ce35af3a34c122c93d0d7b?s=96&d=retro&r=g\",\"caption\":\"pnud\"}}]}<\/script>\n<!-- \/ Yoast SEO plugin. -->","yoast_head_json":{"title":"Galer\u00edas de Arte y Showrooms &#8211; Poblenou Urban District","robots":{"index":"index","follow":"follow","max-snippet":"max-snippet:-1","max-image-preview":"max-image-preview:large","max-video-preview":"max-video-preview:-1"},"canonical":"https:\/\/poblenouurbandistrict.com\/es\/galeries-d-art-showrooms\/","og_locale":"es_ES","og_type":"article","og_title":"Galer\u00edas de Arte y Showrooms &#8211; Poblenou Urban District","og_description":"Addicted to Life Addicted to Life\u00a0celebrar\u00e1 el\u00a0Open Day\u00a0de\u00a0Poblenou Urban District\u00a0con la inauguraci\u00f3n de la Concept Store! La tienda de ropa... M\u00e1s \u2192","og_url":"https:\/\/poblenouurbandistrict.com\/es\/galeries-d-art-showrooms\/","og_site_name":"Poblenou Urban District","article_published_time":"2015-03-19T20:21:13+00:00","article_modified_time":"2016-04-22T09:14:29+00:00","og_image":[{"url":"https:\/\/poblenouurbandistrict.com\/wp-content\/uploads\/2015\/03\/10383550_10154887726510181_3643340556032298636_n-620x437.jpg","type":"","width":"","height":""}],"author":"pnud","twitter_card":"summary_large_image","twitter_misc":{"Escrito por":"pnud","Tiempo de lectura":"11 minutos"},"schema":{"@context":"https:\/\/schema.org","@graph":[{"@type":"Article","@id":"https:\/\/poblenouurbandistrict.com\/galeries-d-art-showrooms\/#article","isPartOf":{"@id":"https:\/\/poblenouurbandistrict.com\/galeries-d-art-showrooms\/"},"author":{"name":"pnud","@id":"https:\/\/poblenouurbandistrict.com\/#\/schema\/person\/980a2cf34b399d5218205730acd54a7e"},"headline":"Galer\u00edas de Arte y Showrooms","datePublished":"2015-03-19T20:21:13+00:00","dateModified":"2016-04-22T09:14:29+00:00","mainEntityOfPage":{"@id":"https:\/\/poblenouurbandistrict.com\/galeries-d-art-showrooms\/"},"wordCount":2266,"image":{"@id":"https:\/\/poblenouurbandistrict.com\/galeries-d-art-showrooms\/#primaryimage"},"thumbnailUrl":"https:\/\/poblenouurbandistrict.com\/wp-content\/uploads\/2015\/03\/10383550_10154887726510181_3643340556032298636_n-620x437.jpg","articleSection":["Est\u00e1 pasando"],"inLanguage":"es"},{"@type":"WebPage","@id":"https:\/\/poblenouurbandistrict.com\/es\/galeries-d-art-showrooms\/","url":"https:\/\/poblenouurbandistrict.com\/es\/galeries-d-art-showrooms\/","name":"Art Galeries and ShowroomsGaler\u00edas de Arte y ShowroomsGaleries d\u2019 art i showrooms &#8211; Poblenou Urban District","isPartOf":{"@id":"https:\/\/poblenouurbandistrict.com\/es\/#website"},"primaryImageOfPage":{"@id":"https:\/\/poblenouurbandistrict.com\/es\/galeries-d-art-showrooms\/#primaryimage"},"image":{"@id":"https:\/\/poblenouurbandistrict.com\/galeries-d-art-showrooms\/#primaryimage"},"thumbnailUrl":"https:\/\/poblenouurbandistrict.com\/wp-content\/uploads\/2015\/03\/10383550_10154887726510181_3643340556032298636_n-620x437.jpg","datePublished":"2015-03-19T20:21:13+00:00","dateModified":"2016-04-22T09:14:29+00:00","author":{"@id":"https:\/\/poblenouurbandistrict.com\/#\/schema\/person\/980a2cf34b399d5218205730acd54a7e"},"breadcrumb":{"@id":"https:\/\/poblenouurbandistrict.com\/es\/galeries-d-art-showrooms\/#breadcrumb"},"inLanguage":"es","potentialAction":[{"@type":"ReadAction","target":[["https:\/\/poblenouurbandistrict.com\/es\/galeries-d-art-showrooms\/"]]}]},{"@type":"ImageObject","inLanguage":"es","@id":"https:\/\/poblenouurbandistrict.com\/es\/galeries-d-art-showrooms\/#primaryimage","url":"https:\/\/poblenouurbandistrict.com\/wp-content\/uploads\/2015\/03\/10383550_10154887726510181_3643340556032298636_n-620x437.jpg","contentUrl":"https:\/\/poblenouurbandistrict.com\/wp-content\/uploads\/2015\/03\/10383550_10154887726510181_3643340556032298636_n-620x437.jpg"},{"@type":"BreadcrumbList","@id":"https:\/\/poblenouurbandistrict.com\/es\/galeries-d-art-showrooms\/#breadcrumb","itemListElement":[{"@type":"ListItem","position":1,"name":"Home","item":"https:\/\/poblenouurbandistrict.com\/es\/"},{"@type":"ListItem","position":2,"name":"Galer\u00edas de Arte y Showrooms"}]},{"@type":"WebSite","@id":"https:\/\/poblenouurbandistrict.com\/es\/#website","url":"https:\/\/poblenouurbandistrict.com\/es\/","name":"Poblenou Urban District","description":"Comunidad Creativa","potentialAction":[{"@type":"SearchAction","target":{"@type":"EntryPoint","urlTemplate":"https:\/\/poblenouurbandistrict.com\/es\/?s={search_term_string}"},"query-input":{"@type":"PropertyValueSpecification","valueRequired":true,"valueName":"search_term_string"}}],"inLanguage":"es"},{"@type":"Person","@id":"https:\/\/poblenouurbandistrict.com\/#\/schema\/person\/980a2cf34b399d5218205730acd54a7e","name":"pnud","image":{"@type":"ImageObject","inLanguage":"es","@id":"https:\/\/secure.gravatar.com\/avatar\/67146597b405ee077a24e519f75c3e2031736596d6ce35af3a34c122c93d0d7b?s=96&d=retro&r=g","url":"https:\/\/secure.gravatar.com\/avatar\/67146597b405ee077a24e519f75c3e2031736596d6ce35af3a34c122c93d0d7b?s=96&d=retro&r=g","contentUrl":"https:\/\/secure.gravatar.com\/avatar\/67146597b405ee077a24e519f75c3e2031736596d6ce35af3a34c122c93d0d7b?s=96&d=retro&r=g","caption":"pnud"}}]}},"_links":{"self":[{"href":"https:\/\/poblenouurbandistrict.com\/es\/wp-json\/wp\/v2\/posts\/5530","targetHints":{"allow":["GET"]}}],"collection":[{"href":"https:\/\/poblenouurbandistrict.com\/es\/wp-json\/wp\/v2\/posts"}],"about":[{"href":"https:\/\/poblenouurbandistrict.com\/es\/wp-json\/wp\/v2\/types\/post"}],"author":[{"embeddable":true,"href":"https:\/\/poblenouurbandistrict.com\/es\/wp-json\/wp\/v2\/users\/5"}],"replies":[{"embeddable":true,"href":"https:\/\/poblenouurbandistrict.com\/es\/wp-json\/wp\/v2\/comments?post=5530"}],"version-history":[{"count":8,"href":"https:\/\/poblenouurbandistrict.com\/es\/wp-json\/wp\/v2\/posts\/5530\/revisions"}],"predecessor-version":[{"id":5584,"href":"https:\/\/poblenouurbandistrict.com\/es\/wp-json\/wp\/v2\/posts\/5530\/revisions\/5584"}],"wp:attachment":[{"href":"https:\/\/poblenouurbandistrict.com\/es\/wp-json\/wp\/v2\/media?parent=5530"}],"wp:term":[{"taxonomy":"category","embeddable":true,"href":"https:\/\/poblenouurbandistrict.com\/es\/wp-json\/wp\/v2\/categories?post=5530"},{"taxonomy":"post_tag","embeddable":true,"href":"https:\/\/poblenouurbandistrict.com\/es\/wp-json\/wp\/v2\/tags?post=5530"}],"curies":[{"name":"wp","href":"https:\/\/api.w.org\/{rel}","templated":true}]}}