{"id":55858,"date":"2026-04-28T11:45:10","date_gmt":"2026-04-28T09:45:10","guid":{"rendered":"https:\/\/poblenouurbandistrict.com\/?p=55858"},"modified":"2026-04-28T12:13:36","modified_gmt":"2026-04-28T10:13:36","slug":"els-teatres-alcen-el-telo-pel-poblenou-open-day","status":"publish","type":"post","link":"https:\/\/poblenouurbandistrict.com\/es\/els-teatres-alcen-el-telo-pel-poblenou-open-day\/","title":{"rendered":"Los teatros alzan el telon para el Poblenou Open Day"},"content":{"rendered":"<p>Ir al teatro es como emprender un viaje hacia lo desconocido, una experiencia que jam\u00e1s deja indiferente, que emociona y que provoca reacciones. En el marco del Poblenou Open Day, del pr\u00f3ximo 9 de mayo, las principales salas de teatro de Poblenou ofrecen descuentos para disfrutar de sus espect\u00e1culos a un precio m\u00e1s reducido.<\/p>\n<h3><a href=\"https:\/\/www.tnc.cat\/\">Teatre Nacional de Catalunya<\/a><\/h3>\n<p data-start=\"962\" data-end=\"1349\">El\u00a0<strong>TNC<\/strong> estrena <em><strong><a href=\"https:\/\/www.tnc.cat\/ca\/edip-antigona\">\u00c9dip &amp; Ant\u00edgona.<\/a><\/strong><\/em>\u00a0En esta versi\u00f3n libre de Carlota Subir\u00f3s de las tres grandes tragedias de S\u00f3focles \u2014<em data-start=\"1080\" data-end=\"1091\">Edipo Rey<\/em>,\u00a0<em data-start=\"1093\" data-end=\"1110\">Edipo en Colono<\/em>\u00a0y\u00a0<em data-start=\"1113\" data-end=\"1123\">Ant\u00edgona<\/em>\u2014 viajamos al coraz\u00f3n de nuestra cultura, al trastorno absoluto de todas las certezas donde, en medio de las violencias desatadas, la voz de Ant\u00edgona clama con fuerza por la piedad, la dignidad humana y el amor frente al odio.<\/p>\n<p data-start=\"962\" data-end=\"1349\">Con el c\u00f3digo\u00a0<strong data-start=\"55\" data-end=\"79\" data-is-only-node=\"\">OPENDAY_EDIPANTIGONA<\/strong>\u00a0ten\u00e9is un 15% de descuento en la funci\u00f3n del 9\/5.<\/p>\n<h5 style=\"text-align: center;\">Pla\u00e7a de les Arts, 1<br \/>\n19 h<\/h5>\n<h3><a href=\"https:\/\/www.salabeckett.cat\/es\/\">Sala Beckett<\/a><\/h3>\n<p>Este Open Day la Sala Beckett te invita a disfrutar de <em><strong><a href=\"https:\/\/www.salabeckett.cat\/espectacle\/tinc-un-bosc-al-cervell\/\">Tinc un bosc al cervell<\/a>,<\/strong>\u00a0<\/em>un espect\u00e1culo que oscila entre el thriller y la poes\u00eda\u00a0<strong>a un precio reducido con el c\u00f3digo Open Day.\u00a0<\/strong>Reserva las entradas\u00a0<a href=\"http:\/\/www.salabeckett.cat\/\">en su web.<\/a><\/p>\n<h5 style=\"text-align: center;\">Pere IV, 228<br \/>\n20h<\/h5>\n<h3><a href=\"https:\/\/www.casinoalianca.cat\/\">Casino l\u2019Alian\u00e7a del Poblenou<\/a><\/h3>\n<p>La Sala Petit Club de l\u2019Alian\u00e7a del Poblenou se transforma en una aut\u00e9ntica pista de baile con la <strong><a href=\"https:\/\/casinoalianca.cat\/petit-club-disco-party-9-de-maig-19h\/\">Petit Club Disco Party.<\/a><\/strong> Un \u00abtardeo\u00bb dedicado a los grandes \u00e9xitos de los 80 y 90, donde los ritmos pop, disco y dance ser\u00e1n los protagonistas. El evento cuenta con servicio de barra y la entrada es gratuita (aforo limitado), ideal para disfrutar de la cultura del barrio y quemar la pista con la mejor m\u00fasica retro.<\/p>\n<h5 style=\"text-align: center;\">Rambla del Poblenou, 42<br \/>\n19 h \u2013 22 h<\/h5>\n<h4 style=\"text-align: center;\"><\/h4>\n<p><\/p>","protected":false},"excerpt":{"rendered":"<p>Ir al teatro es como emprender un viaje hacia lo desconocido, una experiencia que jam\u00e1s deja indiferente, que emociona y&#8230; <a href=\"https:\/\/poblenouurbandistrict.com\/es\/els-teatres-alcen-el-telo-pel-poblenou-open-day\/\">M\u00e1s  \u2192<\/a><\/p>\n","protected":false},"author":5,"featured_media":55738,"comment_status":"closed","ping_status":"closed","sticky":false,"template":"","format":"standard","meta":{"_acf_changed":false,"footnotes":""},"categories":[3565,3560],"tags":[],"class_list":["post-55858","post","type-post","status-publish","format-standard","has-post-thumbnail","hentry","category-poblenou-open-day","category-teatre"],"acf":[],"yoast_head":"<!-- This site is optimized with the Yoast SEO plugin v27.4 - https:\/\/yoast.com\/product\/yoast-seo-wordpress\/ -->\n<title>Los teatros alzan el telon para el Poblenou Open Day &#8211; Poblenou Urban District<\/title>\n<meta name=\"robots\" content=\"index, follow, max-snippet:-1, max-image-preview:large, max-video-preview:-1\" \/>\n<link rel=\"canonical\" href=\"https:\/\/poblenouurbandistrict.com\/es\/els-teatres-alcen-el-telo-pel-poblenou-open-day\/\" \/>\n<meta property=\"og:locale\" content=\"es_ES\" \/>\n<meta property=\"og:type\" content=\"article\" \/>\n<meta property=\"og:title\" content=\"Los teatros alzan el telon para el Poblenou Open Day &#8211; Poblenou Urban District\" \/>\n<meta property=\"og:description\" content=\"Ir al teatro es como emprender un viaje hacia lo desconocido, una experiencia que jam\u00e1s deja indiferente, que emociona y... M\u00e1s \u2192\" \/>\n<meta property=\"og:url\" content=\"https:\/\/poblenouurbandistrict.com\/es\/els-teatres-alcen-el-telo-pel-poblenou-open-day\/\" \/>\n<meta property=\"og:site_name\" content=\"Poblenou Urban District\" \/>\n<meta property=\"article:published_time\" content=\"2026-04-28T09:45:10+00:00\" \/>\n<meta property=\"article:modified_time\" content=\"2026-04-28T10:13:36+00:00\" \/>\n<meta property=\"og:image\" content=\"https:\/\/media.poblenouurbandistrict.com\/2026\/04\/22104904\/cartell-tinc-un-bosc-al-cervell0369-copia-sala-beckett.jpg\" \/>\n\t<meta property=\"og:image:width\" content=\"2560\" \/>\n\t<meta property=\"og:image:height\" content=\"1708\" \/>\n\t<meta property=\"og:image:type\" content=\"image\/jpeg\" \/>\n<meta name=\"author\" content=\"pnud\" \/>\n<meta name=\"twitter:card\" content=\"summary_large_image\" \/>\n<meta name=\"twitter:label1\" content=\"Escrito por\" \/>\n\t<meta name=\"twitter:data1\" content=\"pnud\" \/>\n\t<meta name=\"twitter:label2\" content=\"Tiempo de lectura\" \/>\n\t<meta name=\"twitter:data2\" content=\"2 minutos\" \/>\n<script type=\"application\/ld+json\" class=\"yoast-schema-graph\">{\"@context\":\"https:\\\/\\\/schema.org\",\"@graph\":[{\"@type\":\"Article\",\"@id\":\"https:\\\/\\\/poblenouurbandistrict.com\\\/els-teatres-alcen-el-telo-pel-poblenou-open-day\\\/#article\",\"isPartOf\":{\"@id\":\"https:\\\/\\\/poblenouurbandistrict.com\\\/els-teatres-alcen-el-telo-pel-poblenou-open-day\\\/\"},\"author\":{\"name\":\"pnud\",\"@id\":\"https:\\\/\\\/poblenouurbandistrict.com\\\/#\\\/schema\\\/person\\\/980a2cf34b399d5218205730acd54a7e\"},\"headline\":\"Los teatros alzan el telon para el Poblenou Open Day\",\"datePublished\":\"2026-04-28T09:45:10+00:00\",\"dateModified\":\"2026-04-28T10:13:36+00:00\",\"mainEntityOfPage\":{\"@id\":\"https:\\\/\\\/poblenouurbandistrict.com\\\/els-teatres-alcen-el-telo-pel-poblenou-open-day\\\/\"},\"wordCount\":880,\"image\":{\"@id\":\"https:\\\/\\\/poblenouurbandistrict.com\\\/els-teatres-alcen-el-telo-pel-poblenou-open-day\\\/#primaryimage\"},\"thumbnailUrl\":\"https:\\\/\\\/media.poblenouurbandistrict.com\\\/2026\\\/04\\\/22104904\\\/cartell-tinc-un-bosc-al-cervell0369-copia-sala-beckett.jpg\",\"articleSection\":[\"Poblenou Open Day\",\"Teatro\"],\"inLanguage\":\"es\"},{\"@type\":\"WebPage\",\"@id\":\"https:\\\/\\\/poblenouurbandistrict.com\\\/es\\\/els-teatres-alcen-el-telo-pel-poblenou-open-day\\\/\",\"url\":\"https:\\\/\\\/poblenouurbandistrict.com\\\/es\\\/els-teatres-alcen-el-telo-pel-poblenou-open-day\\\/\",\"name\":\"Los teatros alzan el telon para el Poblenou Open Day &#8211; Poblenou Urban District\",\"isPartOf\":{\"@id\":\"https:\\\/\\\/poblenouurbandistrict.com\\\/es\\\/#website\"},\"primaryImageOfPage\":{\"@id\":\"https:\\\/\\\/poblenouurbandistrict.com\\\/es\\\/els-teatres-alcen-el-telo-pel-poblenou-open-day\\\/#primaryimage\"},\"image\":{\"@id\":\"https:\\\/\\\/poblenouurbandistrict.com\\\/els-teatres-alcen-el-telo-pel-poblenou-open-day\\\/#primaryimage\"},\"thumbnailUrl\":\"https:\\\/\\\/media.poblenouurbandistrict.com\\\/2026\\\/04\\\/22104904\\\/cartell-tinc-un-bosc-al-cervell0369-copia-sala-beckett.jpg\",\"datePublished\":\"2026-04-28T09:45:10+00:00\",\"dateModified\":\"2026-04-28T10:13:36+00:00\",\"author\":{\"@id\":\"https:\\\/\\\/poblenouurbandistrict.com\\\/#\\\/schema\\\/person\\\/980a2cf34b399d5218205730acd54a7e\"},\"breadcrumb\":{\"@id\":\"https:\\\/\\\/poblenouurbandistrict.com\\\/es\\\/els-teatres-alcen-el-telo-pel-poblenou-open-day\\\/#breadcrumb\"},\"inLanguage\":\"es\",\"potentialAction\":[{\"@type\":\"ReadAction\",\"target\":[[\"https:\\\/\\\/poblenouurbandistrict.com\\\/es\\\/els-teatres-alcen-el-telo-pel-poblenou-open-day\\\/\"]]}]},{\"@type\":\"ImageObject\",\"inLanguage\":\"es\",\"@id\":\"https:\\\/\\\/poblenouurbandistrict.com\\\/es\\\/els-teatres-alcen-el-telo-pel-poblenou-open-day\\\/#primaryimage\",\"url\":\"https:\\\/\\\/media.poblenouurbandistrict.com\\\/2026\\\/04\\\/22104904\\\/cartell-tinc-un-bosc-al-cervell0369-copia-sala-beckett.jpg\",\"contentUrl\":\"https:\\\/\\\/media.poblenouurbandistrict.com\\\/2026\\\/04\\\/22104904\\\/cartell-tinc-un-bosc-al-cervell0369-copia-sala-beckett.jpg\",\"width\":2560,\"height\":1708},{\"@type\":\"BreadcrumbList\",\"@id\":\"https:\\\/\\\/poblenouurbandistrict.com\\\/es\\\/els-teatres-alcen-el-telo-pel-poblenou-open-day\\\/#breadcrumb\",\"itemListElement\":[{\"@type\":\"ListItem\",\"position\":1,\"name\":\"Home\",\"item\":\"https:\\\/\\\/poblenouurbandistrict.com\\\/es\\\/\"},{\"@type\":\"ListItem\",\"position\":2,\"name\":\"Els teatres alcen el tel\u00f3 pel Poblenou Open Day\"}]},{\"@type\":\"WebSite\",\"@id\":\"https:\\\/\\\/poblenouurbandistrict.com\\\/es\\\/#website\",\"url\":\"https:\\\/\\\/poblenouurbandistrict.com\\\/es\\\/\",\"name\":\"Poblenou Urban District\",\"description\":\"Comunidad Creativa\",\"potentialAction\":[{\"@type\":\"SearchAction\",\"target\":{\"@type\":\"EntryPoint\",\"urlTemplate\":\"https:\\\/\\\/poblenouurbandistrict.com\\\/es\\\/?s={search_term_string}\"},\"query-input\":{\"@type\":\"PropertyValueSpecification\",\"valueRequired\":true,\"valueName\":\"search_term_string\"}}],\"inLanguage\":\"es\"},{\"@type\":\"Person\",\"@id\":\"https:\\\/\\\/poblenouurbandistrict.com\\\/#\\\/schema\\\/person\\\/980a2cf34b399d5218205730acd54a7e\",\"name\":\"pnud\",\"image\":{\"@type\":\"ImageObject\",\"inLanguage\":\"es\",\"@id\":\"https:\\\/\\\/secure.gravatar.com\\\/avatar\\\/67146597b405ee077a24e519f75c3e2031736596d6ce35af3a34c122c93d0d7b?s=96&d=retro&r=g\",\"url\":\"https:\\\/\\\/secure.gravatar.com\\\/avatar\\\/67146597b405ee077a24e519f75c3e2031736596d6ce35af3a34c122c93d0d7b?s=96&d=retro&r=g\",\"contentUrl\":\"https:\\\/\\\/secure.gravatar.com\\\/avatar\\\/67146597b405ee077a24e519f75c3e2031736596d6ce35af3a34c122c93d0d7b?s=96&d=retro&r=g\",\"caption\":\"pnud\"}}]}<\/script>\n<!-- \/ Yoast SEO plugin. -->","yoast_head_json":{"title":"Los teatros alzan el telon para el Poblenou Open Day &#8211; Poblenou Urban District","robots":{"index":"index","follow":"follow","max-snippet":"max-snippet:-1","max-image-preview":"max-image-preview:large","max-video-preview":"max-video-preview:-1"},"canonical":"https:\/\/poblenouurbandistrict.com\/es\/els-teatres-alcen-el-telo-pel-poblenou-open-day\/","og_locale":"es_ES","og_type":"article","og_title":"Los teatros alzan el telon para el Poblenou Open Day &#8211; Poblenou Urban District","og_description":"Ir al teatro es como emprender un viaje hacia lo desconocido, una experiencia que jam\u00e1s deja indiferente, que emociona y... M\u00e1s \u2192","og_url":"https:\/\/poblenouurbandistrict.com\/es\/els-teatres-alcen-el-telo-pel-poblenou-open-day\/","og_site_name":"Poblenou Urban District","article_published_time":"2026-04-28T09:45:10+00:00","article_modified_time":"2026-04-28T10:13:36+00:00","og_image":[{"width":2560,"height":1708,"url":"https:\/\/media.poblenouurbandistrict.com\/2026\/04\/22104904\/cartell-tinc-un-bosc-al-cervell0369-copia-sala-beckett.jpg","type":"image\/jpeg"}],"author":"pnud","twitter_card":"summary_large_image","twitter_misc":{"Escrito por":"pnud","Tiempo de lectura":"2 minutos"},"schema":{"@context":"https:\/\/schema.org","@graph":[{"@type":"Article","@id":"https:\/\/poblenouurbandistrict.com\/els-teatres-alcen-el-telo-pel-poblenou-open-day\/#article","isPartOf":{"@id":"https:\/\/poblenouurbandistrict.com\/els-teatres-alcen-el-telo-pel-poblenou-open-day\/"},"author":{"name":"pnud","@id":"https:\/\/poblenouurbandistrict.com\/#\/schema\/person\/980a2cf34b399d5218205730acd54a7e"},"headline":"Los teatros alzan el telon para el Poblenou Open Day","datePublished":"2026-04-28T09:45:10+00:00","dateModified":"2026-04-28T10:13:36+00:00","mainEntityOfPage":{"@id":"https:\/\/poblenouurbandistrict.com\/els-teatres-alcen-el-telo-pel-poblenou-open-day\/"},"wordCount":880,"image":{"@id":"https:\/\/poblenouurbandistrict.com\/els-teatres-alcen-el-telo-pel-poblenou-open-day\/#primaryimage"},"thumbnailUrl":"https:\/\/media.poblenouurbandistrict.com\/2026\/04\/22104904\/cartell-tinc-un-bosc-al-cervell0369-copia-sala-beckett.jpg","articleSection":["Poblenou Open Day","Teatro"],"inLanguage":"es"},{"@type":"WebPage","@id":"https:\/\/poblenouurbandistrict.com\/es\/els-teatres-alcen-el-telo-pel-poblenou-open-day\/","url":"https:\/\/poblenouurbandistrict.com\/es\/els-teatres-alcen-el-telo-pel-poblenou-open-day\/","name":"Los teatros alzan el telon para el Poblenou Open Day &#8211; Poblenou Urban District","isPartOf":{"@id":"https:\/\/poblenouurbandistrict.com\/es\/#website"},"primaryImageOfPage":{"@id":"https:\/\/poblenouurbandistrict.com\/es\/els-teatres-alcen-el-telo-pel-poblenou-open-day\/#primaryimage"},"image":{"@id":"https:\/\/poblenouurbandistrict.com\/els-teatres-alcen-el-telo-pel-poblenou-open-day\/#primaryimage"},"thumbnailUrl":"https:\/\/media.poblenouurbandistrict.com\/2026\/04\/22104904\/cartell-tinc-un-bosc-al-cervell0369-copia-sala-beckett.jpg","datePublished":"2026-04-28T09:45:10+00:00","dateModified":"2026-04-28T10:13:36+00:00","author":{"@id":"https:\/\/poblenouurbandistrict.com\/#\/schema\/person\/980a2cf34b399d5218205730acd54a7e"},"breadcrumb":{"@id":"https:\/\/poblenouurbandistrict.com\/es\/els-teatres-alcen-el-telo-pel-poblenou-open-day\/#breadcrumb"},"inLanguage":"es","potentialAction":[{"@type":"ReadAction","target":[["https:\/\/poblenouurbandistrict.com\/es\/els-teatres-alcen-el-telo-pel-poblenou-open-day\/"]]}]},{"@type":"ImageObject","inLanguage":"es","@id":"https:\/\/poblenouurbandistrict.com\/es\/els-teatres-alcen-el-telo-pel-poblenou-open-day\/#primaryimage","url":"https:\/\/media.poblenouurbandistrict.com\/2026\/04\/22104904\/cartell-tinc-un-bosc-al-cervell0369-copia-sala-beckett.jpg","contentUrl":"https:\/\/media.poblenouurbandistrict.com\/2026\/04\/22104904\/cartell-tinc-un-bosc-al-cervell0369-copia-sala-beckett.jpg","width":2560,"height":1708},{"@type":"BreadcrumbList","@id":"https:\/\/poblenouurbandistrict.com\/es\/els-teatres-alcen-el-telo-pel-poblenou-open-day\/#breadcrumb","itemListElement":[{"@type":"ListItem","position":1,"name":"Home","item":"https:\/\/poblenouurbandistrict.com\/es\/"},{"@type":"ListItem","position":2,"name":"Els teatres alcen el tel\u00f3 pel Poblenou Open Day"}]},{"@type":"WebSite","@id":"https:\/\/poblenouurbandistrict.com\/es\/#website","url":"https:\/\/poblenouurbandistrict.com\/es\/","name":"Poblenou Urban District","description":"Comunidad Creativa","potentialAction":[{"@type":"SearchAction","target":{"@type":"EntryPoint","urlTemplate":"https:\/\/poblenouurbandistrict.com\/es\/?s={search_term_string}"},"query-input":{"@type":"PropertyValueSpecification","valueRequired":true,"valueName":"search_term_string"}}],"inLanguage":"es"},{"@type":"Person","@id":"https:\/\/poblenouurbandistrict.com\/#\/schema\/person\/980a2cf34b399d5218205730acd54a7e","name":"pnud","image":{"@type":"ImageObject","inLanguage":"es","@id":"https:\/\/secure.gravatar.com\/avatar\/67146597b405ee077a24e519f75c3e2031736596d6ce35af3a34c122c93d0d7b?s=96&d=retro&r=g","url":"https:\/\/secure.gravatar.com\/avatar\/67146597b405ee077a24e519f75c3e2031736596d6ce35af3a34c122c93d0d7b?s=96&d=retro&r=g","contentUrl":"https:\/\/secure.gravatar.com\/avatar\/67146597b405ee077a24e519f75c3e2031736596d6ce35af3a34c122c93d0d7b?s=96&d=retro&r=g","caption":"pnud"}}]}},"_links":{"self":[{"href":"https:\/\/poblenouurbandistrict.com\/es\/wp-json\/wp\/v2\/posts\/55858","targetHints":{"allow":["GET"]}}],"collection":[{"href":"https:\/\/poblenouurbandistrict.com\/es\/wp-json\/wp\/v2\/posts"}],"about":[{"href":"https:\/\/poblenouurbandistrict.com\/es\/wp-json\/wp\/v2\/types\/post"}],"author":[{"embeddable":true,"href":"https:\/\/poblenouurbandistrict.com\/es\/wp-json\/wp\/v2\/users\/5"}],"replies":[{"embeddable":true,"href":"https:\/\/poblenouurbandistrict.com\/es\/wp-json\/wp\/v2\/comments?post=55858"}],"version-history":[{"count":8,"href":"https:\/\/poblenouurbandistrict.com\/es\/wp-json\/wp\/v2\/posts\/55858\/revisions"}],"predecessor-version":[{"id":55877,"href":"https:\/\/poblenouurbandistrict.com\/es\/wp-json\/wp\/v2\/posts\/55858\/revisions\/55877"}],"wp:featuredmedia":[{"embeddable":true,"href":"https:\/\/poblenouurbandistrict.com\/es\/wp-json\/wp\/v2\/media\/55738"}],"wp:attachment":[{"href":"https:\/\/poblenouurbandistrict.com\/es\/wp-json\/wp\/v2\/media?parent=55858"}],"wp:term":[{"taxonomy":"category","embeddable":true,"href":"https:\/\/poblenouurbandistrict.com\/es\/wp-json\/wp\/v2\/categories?post=55858"},{"taxonomy":"post_tag","embeddable":true,"href":"https:\/\/poblenouurbandistrict.com\/es\/wp-json\/wp\/v2\/tags?post=55858"}],"curies":[{"name":"wp","href":"https:\/\/api.w.org\/{rel}","templated":true}]}}