{"id":55868,"date":"2026-04-28T12:32:37","date_gmt":"2026-04-28T10:32:37","guid":{"rendered":"https:\/\/poblenouurbandistrict.com\/?p=55868"},"modified":"2026-04-28T12:33:26","modified_gmt":"2026-04-28T10:33:26","slug":"els-hotels-que-participen-al-poblenou-open-day","status":"publish","type":"post","link":"https:\/\/poblenouurbandistrict.com\/es\/els-hotels-que-participen-al-poblenou-open-day\/","title":{"rendered":"Los hoteles que participan en el Poblenou Open Day"},"content":{"rendered":"<p>Los hoteles de la comunidad de Pobleno Urban District se han sumado al Open Day con una gran variedad de ofertas culturales. Este 9 de mayo prep\u00e1rate para disfrutar de sesiones musicales, c\u00f3cteles, gastronomia y vistas espectaculares de Barcelona desde sus terrazas.<\/p>\n<h3 data-start=\"2035\" data-end=\"2068\"><span style=\"color: #333333;\"><a style=\"color: #333333;\" href=\"https:\/\/www.hilton.com\/en\/hotels\/bcndmhi-hilton-diagonal-mar-barcelona\/\"><strong data-start=\"2035\" data-end=\"2068\">Purobeach Barcelona<\/strong><\/a><\/span><\/h3>\n<p data-path-to-node=\"5\">El hotel Hilton Diagonal Mar Barcelona invita a descubrir la experiencia de Purobeach Barcelona, su reconocido oasis urbano con vistas al mar. Para esta jornada, el espacio ofrece su entorno exclusivo junto a la piscina para disfrutar de su oferta gastron\u00f3mica y de cocteler\u00eda en un ambiente relajado y sofisticado.<\/p>\n<h6 style=\"text-align: center;\" data-start=\"2259\" data-end=\"2282\"><strong>Pg. del Taulat, 262-264<br \/>\n10h &#8211; 18h<\/strong><\/h6>\n<h3 data-start=\"2289\" data-end=\"2318\"><\/h3>\n<h3 data-start=\"2289\" data-end=\"2318\"><span style=\"color: #333333;\"><a style=\"color: #333333;\" href=\"https:\/\/all.accor.com\/hotel\/9663\/index.es.shtml?utm_campaign=seo+maps&amp;utm_medium=seo+maps&amp;utm_source=google+Maps\"><strong data-start=\"2289\" data-end=\"2318\">Ibis Styles City Bogatell<\/strong><\/a><\/span><\/h3>\n<p data-path-to-node=\"5\">El hotel Ibis Styles Barcelona City Bogatell organiza un Brunch a la fresca en su rooftop con piscina. Y despu\u00e9s los usuarios del Open Day podran acceder a la terraza inferior del hotel hasta las 23h.<\/p>\n<h6 style=\"text-align: center;\" data-start=\"2464\" data-end=\"2487\"><span style=\"color: #333333;\"><strong>Llull, 71<\/strong><\/span><br data-start=\"2473\" data-end=\"2476\" \/><span style=\"color: #333333;\"><strong>11 h a 23 h<\/strong><\/span><\/h6>\n<p>&nbsp;<\/p>\n<h3><span style=\"color: #333333;\"><a style=\"color: #333333;\" href=\"https:\/\/thehoxton.com\/poblenou\/\">The Hoxton Poblenou<\/a><\/span><\/h3>\n<p>The Hoxton, Poblenou acoge una propuesta especial con un fashion market de Casa Amunet, DJs y una oferta gastron\u00f3mica en Four Corners. Una jornada para disfrutar de moda, m\u00fasica y ambiente creativo.<\/p>\n<h6 style=\"text-align: center;\">Av. Diagonal 205<br \/>\n11h a 23h<\/h6>\n<p>&nbsp;<\/p>\n<h3 style=\"text-align: left;\" data-start=\"4416\" data-end=\"4912\"><span style=\"color: #333333;\"><a style=\"color: #333333;\" href=\"https:\/\/www.instagram.com\/amateur.bar\/\"><strong data-start=\"4416\" data-end=\"4434\">The Social Hub<\/strong><\/a><\/span><\/h3>\n<p data-start=\"435\" data-end=\"730\">The Social Hub Barcelona Poblenou celebra\u00a0<a href=\"https:\/\/www.eventbrite.co.uk\/e\/art-hub-poblenou-open-day-tickets-1987604147510?aff=oddtdtcreator\">Art Hub 2.0<\/a> en el marco del Poblenou Open Day, una jornada para vivir la creatividad local en primera persona. Con entrada libre, el market re\u00fane a artistas y dise\u00f1adores emergentes con piezas \u00fanicas de moda, arte y dise\u00f1o, con la participaci\u00f3n de Casa Caprichos y Moda Sostenible. Por la tarde podr\u00e9is subir al <a href=\"https:\/\/www.sisirooftop.com\/es\/barcelona\">S\u00edS\u00ed Roodtop<\/a> y disfrutar de canap\u00e9s gourmet, bebidas y sesiones de DJ en directo.<\/p>\n<h6 style=\"text-align: center;\" data-start=\"4416\" data-end=\"4912\"><span style=\"color: #333333;\">Crist\u00f2bal de Moura, 49<\/span><br data-start=\"4898\" data-end=\"4901\" \/><span style=\"color: #333333;\">11 h a 14h<\/span><\/h6>\n<p>&nbsp;<\/p>\n<h3 data-start=\"2494\" data-end=\"2518\"><span style=\"color: #333333;\"><a style=\"color: #333333;\" href=\"https:\/\/www.hotelpereiv.com\/\"><strong data-start=\"2494\" data-end=\"2518\">Sall\u00e9s Hotel Pere IV<\/strong><\/a><\/span><\/h3>\n<p data-start=\"373\" data-end=\"659\">Hotel Sall\u00e9s Pere IV propone un rooftop lunch para dos personas con platos para compartir: pan de cristal con tomate y jam\u00f3n ib\u00e9rico, ensaladilla de gambas con mayonesa trufada, nachos con guacamole, patatas bravas y croquetas variadas. Incluye una bebida por persona.<\/p>\n<p data-start=\"373\" data-end=\"659\">La jornada se completa con DJ en directo con Rachel de 19h a 22h.<\/p>\n<h6 style=\"text-align: center;\" data-start=\"2748\" data-end=\"2774\"><strong>Pallars, 128<\/strong><br data-start=\"2760\" data-end=\"2763\" \/><strong>13 h a 22 h<\/strong><\/h6>\n<h3 data-start=\"2781\" data-end=\"2826\"><\/h3>\n<h3 data-start=\"2781\" data-end=\"2826\"><span style=\"color: #333333;\"><a style=\"color: #333333;\" href=\"https:\/\/www.hotelbarcelonaprincess.com\/es\/\"><strong data-start=\"2781\" data-end=\"2826\">Hotel Barcelona Princess<\/strong><\/a><\/span><\/h3>\n<p class=\"\" data-start=\"2828\" data-end=\"3084\">Disfruta de un mediod\u00eda diferente donde la m\u00fasica y el vermut se convierten en los protagonistas en<strong>\u00a0The Corner del Hotel Barcelona Princess<\/strong>. Su DJ acompa\u00f1a una selecci\u00f3n de aperitivos creando una atm\u00f3sfera vibrante y relajada, ideal para desconectar sin salir de la ciudad.<\/p>\n<h6 style=\"text-align: center;\" data-start=\"3086\" data-end=\"3115\"><span style=\"color: #333333;\"><strong>Av. Diagonal, 1<\/strong><\/span><br data-start=\"3101\" data-end=\"3104\" \/><span style=\"color: #333333;\"><strong>12 h a 15 h<\/strong><\/span><\/h6>\n<h3><\/h3>\n<h3><a href=\"https:\/\/www.labtwentytwo.com\/\">Labtwentytwo Barcelona, a Tribute Portfolio Hotel<\/a><\/h3>\n<div class=\"location-content\">\n<p>Labtwentytwo Barcelona, a Tribute Portfolio Hotel, se une al Open Day con una propuesta vibrante para cerrar la jornada. El hotel ofrecer\u00e1 una experiencia de afterwork con DJ set en directo.<\/p>\n<\/div>\n<h6 style=\"text-align: center;\" data-start=\"3423\" data-end=\"3457\"><strong>Per\u00fa, 102<\/strong><br data-start=\"3443\" data-end=\"3446\" \/><strong>19 h a 23 h<\/strong><\/h6>\n<h3><\/h3>\n<h3><a href=\"https:\/\/all.accor.com\/hotel\/5560\/index.es.shtml\">Novotel Barcelona City<\/a><\/h3>\n<p>Novotel Barcelona City propone Vinyl Sunset Vermut, una sesi\u00f3n de vermut con DJ de vinilos de estilo vintage.<\/p>\n<h6 style=\"text-align: center;\" data-start=\"3423\" data-end=\"3457\"><strong>Ciutat de Granada,201<\/strong><br data-start=\"3443\" data-end=\"3446\" \/><strong>A partir de las 18h<\/strong><\/h6>\n<p class=\"\" data-start=\"3464\" data-end=\"3543\">\n<p><\/p>","protected":false},"excerpt":{"rendered":"<p>Los hoteles de la comunidad de Pobleno Urban District se han sumado al Open Day con una gran variedad de&#8230; <a href=\"https:\/\/poblenouurbandistrict.com\/es\/els-hotels-que-participen-al-poblenou-open-day\/\">M\u00e1s  \u2192<\/a><\/p>\n","protected":false},"author":5,"featured_media":55884,"comment_status":"closed","ping_status":"closed","sticky":false,"template":"","format":"standard","meta":{"_acf_changed":false,"footnotes":""},"categories":[3595,3565],"tags":[],"class_list":["post-55868","post","type-post","status-publish","format-standard","has-post-thumbnail","hentry","category-hotels","category-poblenou-open-day"],"acf":[],"yoast_head":"<!-- This site is optimized with the Yoast SEO plugin v27.4 - https:\/\/yoast.com\/product\/yoast-seo-wordpress\/ -->\n<title>Los hoteles que participan en el Poblenou Open Day &#8211; Poblenou Urban District<\/title>\n<meta name=\"robots\" content=\"index, follow, max-snippet:-1, max-image-preview:large, max-video-preview:-1\" \/>\n<link rel=\"canonical\" href=\"https:\/\/poblenouurbandistrict.com\/es\/els-hotels-que-participen-al-poblenou-open-day\/\" \/>\n<meta property=\"og:locale\" content=\"es_ES\" \/>\n<meta property=\"og:type\" content=\"article\" \/>\n<meta property=\"og:title\" content=\"Los hoteles que participan en el Poblenou Open Day &#8211; Poblenou Urban District\" \/>\n<meta property=\"og:description\" content=\"Los hoteles de la comunidad de Pobleno Urban District se han sumado al Open Day con una gran variedad de... M\u00e1s \u2192\" \/>\n<meta property=\"og:url\" content=\"https:\/\/poblenouurbandistrict.com\/es\/els-hotels-que-participen-al-poblenou-open-day\/\" \/>\n<meta property=\"og:site_name\" content=\"Poblenou Urban District\" \/>\n<meta property=\"article:published_time\" content=\"2026-04-28T10:32:37+00:00\" \/>\n<meta property=\"article:modified_time\" content=\"2026-04-28T10:33:26+00:00\" \/>\n<meta property=\"og:image\" content=\"https:\/\/media.poblenouurbandistrict.com\/2026\/04\/28122727\/5560-fa-02-p-2048x1536-1.jpg\" \/>\n\t<meta property=\"og:image:width\" content=\"2048\" \/>\n\t<meta property=\"og:image:height\" content=\"1536\" \/>\n\t<meta property=\"og:image:type\" content=\"image\/jpeg\" \/>\n<meta name=\"author\" content=\"pnud\" \/>\n<meta name=\"twitter:card\" content=\"summary_large_image\" \/>\n<meta name=\"twitter:label1\" content=\"Escrito por\" \/>\n\t<meta name=\"twitter:data1\" content=\"pnud\" \/>\n\t<meta name=\"twitter:label2\" content=\"Tiempo de lectura\" \/>\n\t<meta name=\"twitter:data2\" content=\"3 minutos\" \/>\n<script type=\"application\/ld+json\" class=\"yoast-schema-graph\">{\"@context\":\"https:\\\/\\\/schema.org\",\"@graph\":[{\"@type\":\"Article\",\"@id\":\"https:\\\/\\\/poblenouurbandistrict.com\\\/els-hotels-que-participen-al-poblenou-open-day\\\/#article\",\"isPartOf\":{\"@id\":\"https:\\\/\\\/poblenouurbandistrict.com\\\/els-hotels-que-participen-al-poblenou-open-day\\\/\"},\"author\":{\"name\":\"pnud\",\"@id\":\"https:\\\/\\\/poblenouurbandistrict.com\\\/#\\\/schema\\\/person\\\/980a2cf34b399d5218205730acd54a7e\"},\"headline\":\"Los hoteles que participan en el Poblenou Open Day\",\"datePublished\":\"2026-04-28T10:32:37+00:00\",\"dateModified\":\"2026-04-28T10:33:26+00:00\",\"mainEntityOfPage\":{\"@id\":\"https:\\\/\\\/poblenouurbandistrict.com\\\/els-hotels-que-participen-al-poblenou-open-day\\\/\"},\"wordCount\":1410,\"image\":{\"@id\":\"https:\\\/\\\/poblenouurbandistrict.com\\\/els-hotels-que-participen-al-poblenou-open-day\\\/#primaryimage\"},\"thumbnailUrl\":\"https:\\\/\\\/media.poblenouurbandistrict.com\\\/2026\\\/04\\\/28122727\\\/5560-fa-02-p-2048x1536-1.jpg\",\"articleSection\":[\"Hotels\",\"Poblenou Open Day\"],\"inLanguage\":\"es\"},{\"@type\":\"WebPage\",\"@id\":\"https:\\\/\\\/poblenouurbandistrict.com\\\/es\\\/els-hotels-que-participen-al-poblenou-open-day\\\/\",\"url\":\"https:\\\/\\\/poblenouurbandistrict.com\\\/es\\\/els-hotels-que-participen-al-poblenou-open-day\\\/\",\"name\":\"Los hoteles que participan en el Poblenou Open Day &#8211; Poblenou Urban District\",\"isPartOf\":{\"@id\":\"https:\\\/\\\/poblenouurbandistrict.com\\\/es\\\/#website\"},\"primaryImageOfPage\":{\"@id\":\"https:\\\/\\\/poblenouurbandistrict.com\\\/es\\\/els-hotels-que-participen-al-poblenou-open-day\\\/#primaryimage\"},\"image\":{\"@id\":\"https:\\\/\\\/poblenouurbandistrict.com\\\/els-hotels-que-participen-al-poblenou-open-day\\\/#primaryimage\"},\"thumbnailUrl\":\"https:\\\/\\\/media.poblenouurbandistrict.com\\\/2026\\\/04\\\/28122727\\\/5560-fa-02-p-2048x1536-1.jpg\",\"datePublished\":\"2026-04-28T10:32:37+00:00\",\"dateModified\":\"2026-04-28T10:33:26+00:00\",\"author\":{\"@id\":\"https:\\\/\\\/poblenouurbandistrict.com\\\/#\\\/schema\\\/person\\\/980a2cf34b399d5218205730acd54a7e\"},\"breadcrumb\":{\"@id\":\"https:\\\/\\\/poblenouurbandistrict.com\\\/es\\\/els-hotels-que-participen-al-poblenou-open-day\\\/#breadcrumb\"},\"inLanguage\":\"es\",\"potentialAction\":[{\"@type\":\"ReadAction\",\"target\":[[\"https:\\\/\\\/poblenouurbandistrict.com\\\/es\\\/els-hotels-que-participen-al-poblenou-open-day\\\/\"]]}]},{\"@type\":\"ImageObject\",\"inLanguage\":\"es\",\"@id\":\"https:\\\/\\\/poblenouurbandistrict.com\\\/es\\\/els-hotels-que-participen-al-poblenou-open-day\\\/#primaryimage\",\"url\":\"https:\\\/\\\/media.poblenouurbandistrict.com\\\/2026\\\/04\\\/28122727\\\/5560-fa-02-p-2048x1536-1.jpg\",\"contentUrl\":\"https:\\\/\\\/media.poblenouurbandistrict.com\\\/2026\\\/04\\\/28122727\\\/5560-fa-02-p-2048x1536-1.jpg\",\"width\":2048,\"height\":1536},{\"@type\":\"BreadcrumbList\",\"@id\":\"https:\\\/\\\/poblenouurbandistrict.com\\\/es\\\/els-hotels-que-participen-al-poblenou-open-day\\\/#breadcrumb\",\"itemListElement\":[{\"@type\":\"ListItem\",\"position\":1,\"name\":\"Home\",\"item\":\"https:\\\/\\\/poblenouurbandistrict.com\\\/es\\\/\"},{\"@type\":\"ListItem\",\"position\":2,\"name\":\"Els hotels que participen al Poblenou Open Day\"}]},{\"@type\":\"WebSite\",\"@id\":\"https:\\\/\\\/poblenouurbandistrict.com\\\/es\\\/#website\",\"url\":\"https:\\\/\\\/poblenouurbandistrict.com\\\/es\\\/\",\"name\":\"Poblenou Urban District\",\"description\":\"Comunidad Creativa\",\"potentialAction\":[{\"@type\":\"SearchAction\",\"target\":{\"@type\":\"EntryPoint\",\"urlTemplate\":\"https:\\\/\\\/poblenouurbandistrict.com\\\/es\\\/?s={search_term_string}\"},\"query-input\":{\"@type\":\"PropertyValueSpecification\",\"valueRequired\":true,\"valueName\":\"search_term_string\"}}],\"inLanguage\":\"es\"},{\"@type\":\"Person\",\"@id\":\"https:\\\/\\\/poblenouurbandistrict.com\\\/#\\\/schema\\\/person\\\/980a2cf34b399d5218205730acd54a7e\",\"name\":\"pnud\",\"image\":{\"@type\":\"ImageObject\",\"inLanguage\":\"es\",\"@id\":\"https:\\\/\\\/secure.gravatar.com\\\/avatar\\\/67146597b405ee077a24e519f75c3e2031736596d6ce35af3a34c122c93d0d7b?s=96&d=retro&r=g\",\"url\":\"https:\\\/\\\/secure.gravatar.com\\\/avatar\\\/67146597b405ee077a24e519f75c3e2031736596d6ce35af3a34c122c93d0d7b?s=96&d=retro&r=g\",\"contentUrl\":\"https:\\\/\\\/secure.gravatar.com\\\/avatar\\\/67146597b405ee077a24e519f75c3e2031736596d6ce35af3a34c122c93d0d7b?s=96&d=retro&r=g\",\"caption\":\"pnud\"}}]}<\/script>\n<!-- \/ Yoast SEO plugin. -->","yoast_head_json":{"title":"Los hoteles que participan en el Poblenou Open Day &#8211; Poblenou Urban District","robots":{"index":"index","follow":"follow","max-snippet":"max-snippet:-1","max-image-preview":"max-image-preview:large","max-video-preview":"max-video-preview:-1"},"canonical":"https:\/\/poblenouurbandistrict.com\/es\/els-hotels-que-participen-al-poblenou-open-day\/","og_locale":"es_ES","og_type":"article","og_title":"Los hoteles que participan en el Poblenou Open Day &#8211; Poblenou Urban District","og_description":"Los hoteles de la comunidad de Pobleno Urban District se han sumado al Open Day con una gran variedad de... M\u00e1s \u2192","og_url":"https:\/\/poblenouurbandistrict.com\/es\/els-hotels-que-participen-al-poblenou-open-day\/","og_site_name":"Poblenou Urban District","article_published_time":"2026-04-28T10:32:37+00:00","article_modified_time":"2026-04-28T10:33:26+00:00","og_image":[{"width":2048,"height":1536,"url":"https:\/\/media.poblenouurbandistrict.com\/2026\/04\/28122727\/5560-fa-02-p-2048x1536-1.jpg","type":"image\/jpeg"}],"author":"pnud","twitter_card":"summary_large_image","twitter_misc":{"Escrito por":"pnud","Tiempo de lectura":"3 minutos"},"schema":{"@context":"https:\/\/schema.org","@graph":[{"@type":"Article","@id":"https:\/\/poblenouurbandistrict.com\/els-hotels-que-participen-al-poblenou-open-day\/#article","isPartOf":{"@id":"https:\/\/poblenouurbandistrict.com\/els-hotels-que-participen-al-poblenou-open-day\/"},"author":{"name":"pnud","@id":"https:\/\/poblenouurbandistrict.com\/#\/schema\/person\/980a2cf34b399d5218205730acd54a7e"},"headline":"Los hoteles que participan en el Poblenou Open Day","datePublished":"2026-04-28T10:32:37+00:00","dateModified":"2026-04-28T10:33:26+00:00","mainEntityOfPage":{"@id":"https:\/\/poblenouurbandistrict.com\/els-hotels-que-participen-al-poblenou-open-day\/"},"wordCount":1410,"image":{"@id":"https:\/\/poblenouurbandistrict.com\/els-hotels-que-participen-al-poblenou-open-day\/#primaryimage"},"thumbnailUrl":"https:\/\/media.poblenouurbandistrict.com\/2026\/04\/28122727\/5560-fa-02-p-2048x1536-1.jpg","articleSection":["Hotels","Poblenou Open Day"],"inLanguage":"es"},{"@type":"WebPage","@id":"https:\/\/poblenouurbandistrict.com\/es\/els-hotels-que-participen-al-poblenou-open-day\/","url":"https:\/\/poblenouurbandistrict.com\/es\/els-hotels-que-participen-al-poblenou-open-day\/","name":"Los hoteles que participan en el Poblenou Open Day &#8211; Poblenou Urban District","isPartOf":{"@id":"https:\/\/poblenouurbandistrict.com\/es\/#website"},"primaryImageOfPage":{"@id":"https:\/\/poblenouurbandistrict.com\/es\/els-hotels-que-participen-al-poblenou-open-day\/#primaryimage"},"image":{"@id":"https:\/\/poblenouurbandistrict.com\/els-hotels-que-participen-al-poblenou-open-day\/#primaryimage"},"thumbnailUrl":"https:\/\/media.poblenouurbandistrict.com\/2026\/04\/28122727\/5560-fa-02-p-2048x1536-1.jpg","datePublished":"2026-04-28T10:32:37+00:00","dateModified":"2026-04-28T10:33:26+00:00","author":{"@id":"https:\/\/poblenouurbandistrict.com\/#\/schema\/person\/980a2cf34b399d5218205730acd54a7e"},"breadcrumb":{"@id":"https:\/\/poblenouurbandistrict.com\/es\/els-hotels-que-participen-al-poblenou-open-day\/#breadcrumb"},"inLanguage":"es","potentialAction":[{"@type":"ReadAction","target":[["https:\/\/poblenouurbandistrict.com\/es\/els-hotels-que-participen-al-poblenou-open-day\/"]]}]},{"@type":"ImageObject","inLanguage":"es","@id":"https:\/\/poblenouurbandistrict.com\/es\/els-hotels-que-participen-al-poblenou-open-day\/#primaryimage","url":"https:\/\/media.poblenouurbandistrict.com\/2026\/04\/28122727\/5560-fa-02-p-2048x1536-1.jpg","contentUrl":"https:\/\/media.poblenouurbandistrict.com\/2026\/04\/28122727\/5560-fa-02-p-2048x1536-1.jpg","width":2048,"height":1536},{"@type":"BreadcrumbList","@id":"https:\/\/poblenouurbandistrict.com\/es\/els-hotels-que-participen-al-poblenou-open-day\/#breadcrumb","itemListElement":[{"@type":"ListItem","position":1,"name":"Home","item":"https:\/\/poblenouurbandistrict.com\/es\/"},{"@type":"ListItem","position":2,"name":"Els hotels que participen al Poblenou Open Day"}]},{"@type":"WebSite","@id":"https:\/\/poblenouurbandistrict.com\/es\/#website","url":"https:\/\/poblenouurbandistrict.com\/es\/","name":"Poblenou Urban District","description":"Comunidad Creativa","potentialAction":[{"@type":"SearchAction","target":{"@type":"EntryPoint","urlTemplate":"https:\/\/poblenouurbandistrict.com\/es\/?s={search_term_string}"},"query-input":{"@type":"PropertyValueSpecification","valueRequired":true,"valueName":"search_term_string"}}],"inLanguage":"es"},{"@type":"Person","@id":"https:\/\/poblenouurbandistrict.com\/#\/schema\/person\/980a2cf34b399d5218205730acd54a7e","name":"pnud","image":{"@type":"ImageObject","inLanguage":"es","@id":"https:\/\/secure.gravatar.com\/avatar\/67146597b405ee077a24e519f75c3e2031736596d6ce35af3a34c122c93d0d7b?s=96&d=retro&r=g","url":"https:\/\/secure.gravatar.com\/avatar\/67146597b405ee077a24e519f75c3e2031736596d6ce35af3a34c122c93d0d7b?s=96&d=retro&r=g","contentUrl":"https:\/\/secure.gravatar.com\/avatar\/67146597b405ee077a24e519f75c3e2031736596d6ce35af3a34c122c93d0d7b?s=96&d=retro&r=g","caption":"pnud"}}]}},"_links":{"self":[{"href":"https:\/\/poblenouurbandistrict.com\/es\/wp-json\/wp\/v2\/posts\/55868","targetHints":{"allow":["GET"]}}],"collection":[{"href":"https:\/\/poblenouurbandistrict.com\/es\/wp-json\/wp\/v2\/posts"}],"about":[{"href":"https:\/\/poblenouurbandistrict.com\/es\/wp-json\/wp\/v2\/types\/post"}],"author":[{"embeddable":true,"href":"https:\/\/poblenouurbandistrict.com\/es\/wp-json\/wp\/v2\/users\/5"}],"replies":[{"embeddable":true,"href":"https:\/\/poblenouurbandistrict.com\/es\/wp-json\/wp\/v2\/comments?post=55868"}],"version-history":[{"count":15,"href":"https:\/\/poblenouurbandistrict.com\/es\/wp-json\/wp\/v2\/posts\/55868\/revisions"}],"predecessor-version":[{"id":55895,"href":"https:\/\/poblenouurbandistrict.com\/es\/wp-json\/wp\/v2\/posts\/55868\/revisions\/55895"}],"wp:featuredmedia":[{"embeddable":true,"href":"https:\/\/poblenouurbandistrict.com\/es\/wp-json\/wp\/v2\/media\/55884"}],"wp:attachment":[{"href":"https:\/\/poblenouurbandistrict.com\/es\/wp-json\/wp\/v2\/media?parent=55868"}],"wp:term":[{"taxonomy":"category","embeddable":true,"href":"https:\/\/poblenouurbandistrict.com\/es\/wp-json\/wp\/v2\/categories?post=55868"},{"taxonomy":"post_tag","embeddable":true,"href":"https:\/\/poblenouurbandistrict.com\/es\/wp-json\/wp\/v2\/tags?post=55868"}],"curies":[{"name":"wp","href":"https:\/\/api.w.org\/{rel}","templated":true}]}}