{"id":55872,"date":"2026-04-29T16:48:41","date_gmt":"2026-04-29T14:48:41","guid":{"rendered":"https:\/\/poblenouurbandistrict.com\/?p=55872"},"modified":"2026-04-29T16:48:41","modified_gmt":"2026-04-29T14:48:41","slug":"primavera-soul-el-ritme-del-cap-de-setmana-a-palo-alto","status":"publish","type":"post","link":"https:\/\/poblenouurbandistrict.com\/es\/primavera-soul-el-ritme-del-cap-de-setmana-a-palo-alto\/","title":{"rendered":"Primavera Soul: El ritmo del fin de semana en Palo Alto"},"content":{"rendered":"<p><\/p>\n<p data-path-to-node=\"3\"><span class=\"\">El <\/span><a href=\"https:\/\/palomarketfest.com\/es\"><b class=\"\" data-path-to-node=\"3\" data-index-in-node=\"3\">Palo Market Fest<\/b><\/a><span class=\"\"> vuelve a Palo Alto el <\/span><b class=\"\" data-path-to-node=\"3\" data-index-in-node=\"42\">2 y 3 de mayo<\/b><span class=\"\"> con una mezcla de dise\u00f1o,<\/span><span class=\"\"> gastronom\u00eda y mucha m\u00fasica.<\/span><span class=\"\"> El evento se organiza en dos turnos diarios (<\/span><b class=\"\" data-path-to-node=\"3\" data-index-in-node=\"155\">12:00-17:00<\/b><span class=\"\"> y <\/span><b class=\"\" data-path-to-node=\"3\" data-index-in-node=\"169\">17:30-22:00<\/b><span class=\"\">) y la entrada tiene un coste de <\/span><b class=\"\" data-path-to-node=\"3\" data-index-in-node=\"213\">6,50 \u20ac\u00a0<b data-path-to-node=\"0\" data-index-in-node=\"212\"><a href=\"https:\/\/palomarketfest.com\/es\/tickets\">(ENLACE)<\/a><\/b><\/b><\/p>\n<p data-path-to-node=\"4\"><span class=\"\">La programaci\u00f3n musical destaca con los directos de <\/span><b class=\"\" data-path-to-node=\"4\" data-index-in-node=\"52\">Tonia Richii &amp; Lessus<\/b><span class=\"\"> en el escenario Aperol,<\/span><span class=\"\"> con cuatro pases cada d\u00eda.<\/span><span class=\"\"> El s\u00e1bado,<\/span><span class=\"\"> los DJ sets correr\u00e1n a cargo de <\/span><b class=\"\" data-path-to-node=\"4\" data-index-in-node=\"168\">Guifer<\/b><span class=\"\"> y <\/span><b class=\"\" data-path-to-node=\"4\" data-index-in-node=\"177\">Zonzo<\/b><span class=\"\">,<\/span><span class=\"\"> mientras que el domingo ser\u00e1 el turno de <\/span><b class=\"\" data-path-to-node=\"4\" data-index-in-node=\"225\">Mama\u2019s Gun<\/b><span class=\"\"> y <\/span><b class=\"\" data-path-to-node=\"4\" data-index-in-node=\"238\">Gee Lane<\/b><span class=\"\">.<\/span><\/p>\n<p data-path-to-node=\"5\"><span class=\"\">El recinto es <\/span><i class=\"\" data-path-to-node=\"5\" data-index-in-node=\"14\">pet friendly<\/i><span class=\"\"> y se aconseja llegar en transporte p\u00fablico,<\/span><span class=\"\"> especialmente con la l\u00ednea <\/span><b class=\"\" data-path-to-node=\"5\" data-index-in-node=\"98\">L4 (Selva de Mar)<\/b><span class=\"\">.<\/span><span class=\"\"> Si no puedes asistir este fin de semana,<\/span><span class=\"\"> el festival repetir\u00e1 el mismo formato los d\u00edas <\/span><b class=\"\" data-path-to-node=\"5\" data-index-in-node=\"205\">16 y 17 de mayo<\/b><span class=\"\">.<\/span><\/p>\n<p data-path-to-node=\"5\">\u00a1No te lo pierdas!<\/p>\n<p><\/p>","protected":false},"excerpt":{"rendered":"<p>El Palo Market Fest vuelve a Palo Alto el 2 y 3 de mayo con una mezcla de dise\u00f1o, gastronom\u00eda&#8230; <a href=\"https:\/\/poblenouurbandistrict.com\/es\/primavera-soul-el-ritme-del-cap-de-setmana-a-palo-alto\/\">M\u00e1s  \u2192<\/a><\/p>\n","protected":false},"author":5,"featured_media":55888,"comment_status":"closed","ping_status":"closed","sticky":false,"template":"","format":"standard","meta":{"_acf_changed":false,"footnotes":""},"categories":[3501,3353,3348],"tags":[],"class_list":["post-55872","post","type-post","status-publish","format-standard","has-post-thumbnail","hentry","category-disseny","category-gastronomia","category-musica"],"acf":[],"yoast_head":"<!-- This site is optimized with the Yoast SEO plugin v27.5 - https:\/\/yoast.com\/product\/yoast-seo-wordpress\/ -->\n<title>Primavera Soul: El ritmo del fin de semana en Palo Alto &#8211; Poblenou Urban District<\/title>\n<meta name=\"robots\" content=\"index, follow, max-snippet:-1, max-image-preview:large, max-video-preview:-1\" \/>\n<link rel=\"canonical\" href=\"https:\/\/poblenouurbandistrict.com\/es\/primavera-soul-el-ritme-del-cap-de-setmana-a-palo-alto\/\" \/>\n<meta property=\"og:locale\" content=\"es_ES\" \/>\n<meta property=\"og:type\" content=\"article\" \/>\n<meta property=\"og:title\" content=\"Primavera Soul: El ritmo del fin de semana en Palo Alto &#8211; Poblenou Urban District\" \/>\n<meta property=\"og:description\" content=\"El Palo Market Fest vuelve a Palo Alto el 2 y 3 de mayo con una mezcla de dise\u00f1o, gastronom\u00eda... M\u00e1s \u2192\" \/>\n<meta property=\"og:url\" content=\"https:\/\/poblenouurbandistrict.com\/es\/primavera-soul-el-ritme-del-cap-de-setmana-a-palo-alto\/\" \/>\n<meta property=\"og:site_name\" content=\"Poblenou Urban District\" \/>\n<meta property=\"article:published_time\" content=\"2026-04-29T14:48:41+00:00\" \/>\n<meta property=\"og:image\" content=\"https:\/\/media.poblenouurbandistrict.com\/2026\/04\/28123011\/gastro-mayo23-8-e1777372283431.jpg\" \/>\n\t<meta property=\"og:image:width\" content=\"1200\" \/>\n\t<meta property=\"og:image:height\" content=\"948\" \/>\n\t<meta property=\"og:image:type\" content=\"image\/jpeg\" \/>\n<meta name=\"author\" content=\"pnud\" \/>\n<meta name=\"twitter:card\" content=\"summary_large_image\" \/>\n<meta name=\"twitter:label1\" content=\"Escrito por\" \/>\n\t<meta name=\"twitter:data1\" content=\"pnud\" \/>\n\t<meta name=\"twitter:label2\" content=\"Tiempo de lectura\" \/>\n\t<meta name=\"twitter:data2\" content=\"1 minuto\" \/>\n<script type=\"application\/ld+json\" class=\"yoast-schema-graph\">{\"@context\":\"https:\\\/\\\/schema.org\",\"@graph\":[{\"@type\":\"Article\",\"@id\":\"https:\\\/\\\/poblenouurbandistrict.com\\\/primavera-soul-el-ritme-del-cap-de-setmana-a-palo-alto\\\/#article\",\"isPartOf\":{\"@id\":\"https:\\\/\\\/poblenouurbandistrict.com\\\/primavera-soul-el-ritme-del-cap-de-setmana-a-palo-alto\\\/\"},\"author\":{\"name\":\"pnud\",\"@id\":\"https:\\\/\\\/poblenouurbandistrict.com\\\/#\\\/schema\\\/person\\\/980a2cf34b399d5218205730acd54a7e\"},\"headline\":\"Primavera Soul: El ritmo del fin de semana en Palo Alto\",\"datePublished\":\"2026-04-29T14:48:41+00:00\",\"mainEntityOfPage\":{\"@id\":\"https:\\\/\\\/poblenouurbandistrict.com\\\/primavera-soul-el-ritme-del-cap-de-setmana-a-palo-alto\\\/\"},\"wordCount\":431,\"image\":{\"@id\":\"https:\\\/\\\/poblenouurbandistrict.com\\\/primavera-soul-el-ritme-del-cap-de-setmana-a-palo-alto\\\/#primaryimage\"},\"thumbnailUrl\":\"https:\\\/\\\/media.poblenouurbandistrict.com\\\/2026\\\/04\\\/28123011\\\/gastro-mayo23-8-e1777372283431.jpg\",\"articleSection\":[\"Disseny\",\"Gastronom\u00eda\",\"M\u00fasica\"],\"inLanguage\":\"es\"},{\"@type\":\"WebPage\",\"@id\":\"https:\\\/\\\/poblenouurbandistrict.com\\\/es\\\/primavera-soul-el-ritme-del-cap-de-setmana-a-palo-alto\\\/\",\"url\":\"https:\\\/\\\/poblenouurbandistrict.com\\\/es\\\/primavera-soul-el-ritme-del-cap-de-setmana-a-palo-alto\\\/\",\"name\":\"Primavera Soul: El ritmo del fin de semana en Palo Alto &#8211; Poblenou Urban District\",\"isPartOf\":{\"@id\":\"https:\\\/\\\/poblenouurbandistrict.com\\\/es\\\/#website\"},\"primaryImageOfPage\":{\"@id\":\"https:\\\/\\\/poblenouurbandistrict.com\\\/es\\\/primavera-soul-el-ritme-del-cap-de-setmana-a-palo-alto\\\/#primaryimage\"},\"image\":{\"@id\":\"https:\\\/\\\/poblenouurbandistrict.com\\\/primavera-soul-el-ritme-del-cap-de-setmana-a-palo-alto\\\/#primaryimage\"},\"thumbnailUrl\":\"https:\\\/\\\/media.poblenouurbandistrict.com\\\/2026\\\/04\\\/28123011\\\/gastro-mayo23-8-e1777372283431.jpg\",\"datePublished\":\"2026-04-29T14:48:41+00:00\",\"author\":{\"@id\":\"https:\\\/\\\/poblenouurbandistrict.com\\\/#\\\/schema\\\/person\\\/980a2cf34b399d5218205730acd54a7e\"},\"breadcrumb\":{\"@id\":\"https:\\\/\\\/poblenouurbandistrict.com\\\/es\\\/primavera-soul-el-ritme-del-cap-de-setmana-a-palo-alto\\\/#breadcrumb\"},\"inLanguage\":\"es\",\"potentialAction\":[{\"@type\":\"ReadAction\",\"target\":[[\"https:\\\/\\\/poblenouurbandistrict.com\\\/es\\\/primavera-soul-el-ritme-del-cap-de-setmana-a-palo-alto\\\/\"]]}]},{\"@type\":\"ImageObject\",\"inLanguage\":\"es\",\"@id\":\"https:\\\/\\\/poblenouurbandistrict.com\\\/es\\\/primavera-soul-el-ritme-del-cap-de-setmana-a-palo-alto\\\/#primaryimage\",\"url\":\"https:\\\/\\\/media.poblenouurbandistrict.com\\\/2026\\\/04\\\/28123011\\\/gastro-mayo23-8-e1777372283431.jpg\",\"contentUrl\":\"https:\\\/\\\/media.poblenouurbandistrict.com\\\/2026\\\/04\\\/28123011\\\/gastro-mayo23-8-e1777372283431.jpg\",\"width\":1200,\"height\":948},{\"@type\":\"BreadcrumbList\",\"@id\":\"https:\\\/\\\/poblenouurbandistrict.com\\\/es\\\/primavera-soul-el-ritme-del-cap-de-setmana-a-palo-alto\\\/#breadcrumb\",\"itemListElement\":[{\"@type\":\"ListItem\",\"position\":1,\"name\":\"Home\",\"item\":\"https:\\\/\\\/poblenouurbandistrict.com\\\/es\\\/\"},{\"@type\":\"ListItem\",\"position\":2,\"name\":\"Primavera Soul: El ritme del cap de setmana a Palo Alto\"}]},{\"@type\":\"WebSite\",\"@id\":\"https:\\\/\\\/poblenouurbandistrict.com\\\/es\\\/#website\",\"url\":\"https:\\\/\\\/poblenouurbandistrict.com\\\/es\\\/\",\"name\":\"Poblenou Urban District\",\"description\":\"Comunidad Creativa\",\"potentialAction\":[{\"@type\":\"SearchAction\",\"target\":{\"@type\":\"EntryPoint\",\"urlTemplate\":\"https:\\\/\\\/poblenouurbandistrict.com\\\/es\\\/?s={search_term_string}\"},\"query-input\":{\"@type\":\"PropertyValueSpecification\",\"valueRequired\":true,\"valueName\":\"search_term_string\"}}],\"inLanguage\":\"es\"},{\"@type\":\"Person\",\"@id\":\"https:\\\/\\\/poblenouurbandistrict.com\\\/#\\\/schema\\\/person\\\/980a2cf34b399d5218205730acd54a7e\",\"name\":\"pnud\",\"image\":{\"@type\":\"ImageObject\",\"inLanguage\":\"es\",\"@id\":\"https:\\\/\\\/secure.gravatar.com\\\/avatar\\\/67146597b405ee077a24e519f75c3e2031736596d6ce35af3a34c122c93d0d7b?s=96&d=retro&r=g\",\"url\":\"https:\\\/\\\/secure.gravatar.com\\\/avatar\\\/67146597b405ee077a24e519f75c3e2031736596d6ce35af3a34c122c93d0d7b?s=96&d=retro&r=g\",\"contentUrl\":\"https:\\\/\\\/secure.gravatar.com\\\/avatar\\\/67146597b405ee077a24e519f75c3e2031736596d6ce35af3a34c122c93d0d7b?s=96&d=retro&r=g\",\"caption\":\"pnud\"}}]}<\/script>\n<!-- \/ Yoast SEO plugin. -->","yoast_head_json":{"title":"Primavera Soul: El ritmo del fin de semana en Palo Alto &#8211; Poblenou Urban District","robots":{"index":"index","follow":"follow","max-snippet":"max-snippet:-1","max-image-preview":"max-image-preview:large","max-video-preview":"max-video-preview:-1"},"canonical":"https:\/\/poblenouurbandistrict.com\/es\/primavera-soul-el-ritme-del-cap-de-setmana-a-palo-alto\/","og_locale":"es_ES","og_type":"article","og_title":"Primavera Soul: El ritmo del fin de semana en Palo Alto &#8211; Poblenou Urban District","og_description":"El Palo Market Fest vuelve a Palo Alto el 2 y 3 de mayo con una mezcla de dise\u00f1o, gastronom\u00eda... M\u00e1s \u2192","og_url":"https:\/\/poblenouurbandistrict.com\/es\/primavera-soul-el-ritme-del-cap-de-setmana-a-palo-alto\/","og_site_name":"Poblenou Urban District","article_published_time":"2026-04-29T14:48:41+00:00","og_image":[{"width":1200,"height":948,"url":"https:\/\/media.poblenouurbandistrict.com\/2026\/04\/28123011\/gastro-mayo23-8-e1777372283431.jpg","type":"image\/jpeg"}],"author":"pnud","twitter_card":"summary_large_image","twitter_misc":{"Escrito por":"pnud","Tiempo de lectura":"1 minuto"},"schema":{"@context":"https:\/\/schema.org","@graph":[{"@type":"Article","@id":"https:\/\/poblenouurbandistrict.com\/primavera-soul-el-ritme-del-cap-de-setmana-a-palo-alto\/#article","isPartOf":{"@id":"https:\/\/poblenouurbandistrict.com\/primavera-soul-el-ritme-del-cap-de-setmana-a-palo-alto\/"},"author":{"name":"pnud","@id":"https:\/\/poblenouurbandistrict.com\/#\/schema\/person\/980a2cf34b399d5218205730acd54a7e"},"headline":"Primavera Soul: El ritmo del fin de semana en Palo Alto","datePublished":"2026-04-29T14:48:41+00:00","mainEntityOfPage":{"@id":"https:\/\/poblenouurbandistrict.com\/primavera-soul-el-ritme-del-cap-de-setmana-a-palo-alto\/"},"wordCount":431,"image":{"@id":"https:\/\/poblenouurbandistrict.com\/primavera-soul-el-ritme-del-cap-de-setmana-a-palo-alto\/#primaryimage"},"thumbnailUrl":"https:\/\/media.poblenouurbandistrict.com\/2026\/04\/28123011\/gastro-mayo23-8-e1777372283431.jpg","articleSection":["Disseny","Gastronom\u00eda","M\u00fasica"],"inLanguage":"es"},{"@type":"WebPage","@id":"https:\/\/poblenouurbandistrict.com\/es\/primavera-soul-el-ritme-del-cap-de-setmana-a-palo-alto\/","url":"https:\/\/poblenouurbandistrict.com\/es\/primavera-soul-el-ritme-del-cap-de-setmana-a-palo-alto\/","name":"Primavera Soul: El ritmo del fin de semana en Palo Alto &#8211; Poblenou Urban District","isPartOf":{"@id":"https:\/\/poblenouurbandistrict.com\/es\/#website"},"primaryImageOfPage":{"@id":"https:\/\/poblenouurbandistrict.com\/es\/primavera-soul-el-ritme-del-cap-de-setmana-a-palo-alto\/#primaryimage"},"image":{"@id":"https:\/\/poblenouurbandistrict.com\/primavera-soul-el-ritme-del-cap-de-setmana-a-palo-alto\/#primaryimage"},"thumbnailUrl":"https:\/\/media.poblenouurbandistrict.com\/2026\/04\/28123011\/gastro-mayo23-8-e1777372283431.jpg","datePublished":"2026-04-29T14:48:41+00:00","author":{"@id":"https:\/\/poblenouurbandistrict.com\/#\/schema\/person\/980a2cf34b399d5218205730acd54a7e"},"breadcrumb":{"@id":"https:\/\/poblenouurbandistrict.com\/es\/primavera-soul-el-ritme-del-cap-de-setmana-a-palo-alto\/#breadcrumb"},"inLanguage":"es","potentialAction":[{"@type":"ReadAction","target":[["https:\/\/poblenouurbandistrict.com\/es\/primavera-soul-el-ritme-del-cap-de-setmana-a-palo-alto\/"]]}]},{"@type":"ImageObject","inLanguage":"es","@id":"https:\/\/poblenouurbandistrict.com\/es\/primavera-soul-el-ritme-del-cap-de-setmana-a-palo-alto\/#primaryimage","url":"https:\/\/media.poblenouurbandistrict.com\/2026\/04\/28123011\/gastro-mayo23-8-e1777372283431.jpg","contentUrl":"https:\/\/media.poblenouurbandistrict.com\/2026\/04\/28123011\/gastro-mayo23-8-e1777372283431.jpg","width":1200,"height":948},{"@type":"BreadcrumbList","@id":"https:\/\/poblenouurbandistrict.com\/es\/primavera-soul-el-ritme-del-cap-de-setmana-a-palo-alto\/#breadcrumb","itemListElement":[{"@type":"ListItem","position":1,"name":"Home","item":"https:\/\/poblenouurbandistrict.com\/es\/"},{"@type":"ListItem","position":2,"name":"Primavera Soul: El ritme del cap de setmana a Palo Alto"}]},{"@type":"WebSite","@id":"https:\/\/poblenouurbandistrict.com\/es\/#website","url":"https:\/\/poblenouurbandistrict.com\/es\/","name":"Poblenou Urban District","description":"Comunidad Creativa","potentialAction":[{"@type":"SearchAction","target":{"@type":"EntryPoint","urlTemplate":"https:\/\/poblenouurbandistrict.com\/es\/?s={search_term_string}"},"query-input":{"@type":"PropertyValueSpecification","valueRequired":true,"valueName":"search_term_string"}}],"inLanguage":"es"},{"@type":"Person","@id":"https:\/\/poblenouurbandistrict.com\/#\/schema\/person\/980a2cf34b399d5218205730acd54a7e","name":"pnud","image":{"@type":"ImageObject","inLanguage":"es","@id":"https:\/\/secure.gravatar.com\/avatar\/67146597b405ee077a24e519f75c3e2031736596d6ce35af3a34c122c93d0d7b?s=96&d=retro&r=g","url":"https:\/\/secure.gravatar.com\/avatar\/67146597b405ee077a24e519f75c3e2031736596d6ce35af3a34c122c93d0d7b?s=96&d=retro&r=g","contentUrl":"https:\/\/secure.gravatar.com\/avatar\/67146597b405ee077a24e519f75c3e2031736596d6ce35af3a34c122c93d0d7b?s=96&d=retro&r=g","caption":"pnud"}}]}},"_links":{"self":[{"href":"https:\/\/poblenouurbandistrict.com\/es\/wp-json\/wp\/v2\/posts\/55872","targetHints":{"allow":["GET"]}}],"collection":[{"href":"https:\/\/poblenouurbandistrict.com\/es\/wp-json\/wp\/v2\/posts"}],"about":[{"href":"https:\/\/poblenouurbandistrict.com\/es\/wp-json\/wp\/v2\/types\/post"}],"author":[{"embeddable":true,"href":"https:\/\/poblenouurbandistrict.com\/es\/wp-json\/wp\/v2\/users\/5"}],"replies":[{"embeddable":true,"href":"https:\/\/poblenouurbandistrict.com\/es\/wp-json\/wp\/v2\/comments?post=55872"}],"version-history":[{"count":8,"href":"https:\/\/poblenouurbandistrict.com\/es\/wp-json\/wp\/v2\/posts\/55872\/revisions"}],"predecessor-version":[{"id":55933,"href":"https:\/\/poblenouurbandistrict.com\/es\/wp-json\/wp\/v2\/posts\/55872\/revisions\/55933"}],"wp:featuredmedia":[{"embeddable":true,"href":"https:\/\/poblenouurbandistrict.com\/es\/wp-json\/wp\/v2\/media\/55888"}],"wp:attachment":[{"href":"https:\/\/poblenouurbandistrict.com\/es\/wp-json\/wp\/v2\/media?parent=55872"}],"wp:term":[{"taxonomy":"category","embeddable":true,"href":"https:\/\/poblenouurbandistrict.com\/es\/wp-json\/wp\/v2\/categories?post=55872"},{"taxonomy":"post_tag","embeddable":true,"href":"https:\/\/poblenouurbandistrict.com\/es\/wp-json\/wp\/v2\/tags?post=55872"}],"curies":[{"name":"wp","href":"https:\/\/api.w.org\/{rel}","templated":true}]}}