{"id":55901,"date":"2026-04-28T13:02:37","date_gmt":"2026-04-28T11:02:37","guid":{"rendered":"https:\/\/poblenouurbandistrict.com\/?p=55901"},"modified":"2026-04-28T13:02:37","modified_gmt":"2026-04-28T11:02:37","slug":"botigues-i-showrooms-del-poblenou-open-day-2","status":"publish","type":"post","link":"https:\/\/poblenouurbandistrict.com\/es\/botigues-i-showrooms-del-poblenou-open-day-2\/","title":{"rendered":"Tiendas y showrooms del Poblenou Open Day"},"content":{"rendered":"<p><span style=\"color: #333333;\">Las tiendas y showrooms asociadas al Poblenou Urban District participar\u00e1n este 9 de mayo en el Open Day con promociones especiales y nuevas colecciones.<\/span><\/p>\n<h3 data-start=\"252\" data-end=\"266\"><span style=\"color: #333333;\"><a style=\"color: #333333;\" href=\"https:\/\/www.casapampa.net\/\"><strong data-start=\"252\" data-end=\"266\">Casa Pampa<\/strong><\/a><\/span><\/h3>\n<p>Casa Pampa ofrece una selecci\u00f3n exclusiva para transformar cualquier hogar. Durante el Open Day, destacar\u00e1n sus ofertas especiales en una amplia variedad de plantas y macetas que combinan naturaleza y estilo. Es la oportunidad ideal para renovar espacios con piezas de dise\u00f1o y la esencia \u00fanica de la marca.<\/p>\n<h6 style=\"text-align: center;\" data-start=\"527\" data-end=\"551\"><span style=\"color: #333333;\">Pujades, 140<\/span><br data-start=\"539\" data-end=\"542\" \/><span style=\"color: #333333;\">12h a 23h<\/span><\/h6>\n<h3 data-start=\"558\" data-end=\"575\"><\/h3>\n<h3 data-start=\"558\" data-end=\"575\"><span style=\"color: #333333;\"><a style=\"color: #333333;\" href=\"https:\/\/www.instagram.com\/feos_poblenou\"><strong data-start=\"558\" data-end=\"575\">Feos Poblenou<\/strong><\/a><\/span><\/h3>\n<p data-path-to-node=\"5\">Feos Poblenou monta su propio festival urbano para presentar la nueva colecci\u00f3n Verano 26 y una c\u00e1psula de ropa exclusiva. La jornada tendr\u00e1 todo lo esencial: DJ sets en directo, sesi\u00f3n de tattoos y una colaboraci\u00f3n especial con el tejido local del barrio. Moda, tinta y ritmo para celebrar la creatividad del Poblenou.<\/p>\n<h6 style=\"text-align: center;\" data-start=\"817\" data-end=\"849\"><span style=\"color: #333333;\">Almog\u00e0vers, 213, bxs<\/span><br data-start=\"837\" data-end=\"840\" \/><span style=\"color: #333333;\">11:30h a 22:30h<\/span><\/h6>\n<h3 data-start=\"856\" data-end=\"866\"><\/h3>\n<h3 data-start=\"1376\" data-end=\"1396\"><span style=\"color: #333333;\"><a style=\"color: #333333;\" href=\"https:\/\/moryarty.es\/\"><strong data-start=\"1376\" data-end=\"1396\">Moryarty Posters<\/strong><\/a><\/span><\/h3>\n<p>Moryarty ofrece una sesi\u00f3n de DJ y una cerveza gratis con cada compra.<\/p>\n<h6 style=\"text-align: center;\" data-start=\"1735\" data-end=\"1759\"><span style=\"color: #333333;\">Pujades, 140<\/span><br data-start=\"1747\" data-end=\"1750\" \/><strong>11h a 15h y 16h a 20h<\/strong><\/h6>\n<h3 data-start=\"1766\" data-end=\"1810\"><\/h3>\n<h3 data-start=\"1766\" data-end=\"1810\"><span style=\"color: #333333;\"><a style=\"color: #333333;\" href=\"http:\/\/www.noakroom.com\/\"><strong data-start=\"1766\" data-end=\"1810\">NOAK ROOM SCANDINAVIAN VINTAGE FURNITURE<\/strong><\/a><\/span><\/h3>\n<p data-path-to-node=\"2\">Noak Room invita a los amantes del dise\u00f1o a descubrir su exclusiva colecci\u00f3n de mobiliario y decoraci\u00f3n escandinava vintage. Durante el Open Day, el espacio abre sus puertas para mostrar piezas \u00fanicas seleccionadas con mimo que aportan la autenticidad y la calidez del estilo n\u00f3rdico. Una parada imprescindible para quienes buscan dise\u00f1o con historia y una est\u00e9tica atemporal.<\/p>\n<h6 style=\"text-align: center;\" data-start=\"2184\" data-end=\"2223\"><span style=\"color: #333333;\">Roc Boronat, 69<\/span><br data-start=\"2199\" data-end=\"2202\" \/><span style=\"color: #333333;\">11h a 14h y 17h a 20h<\/span><\/h6>\n<h3 data-start=\"2230\" data-end=\"2256\"><\/h3>\n<h3 data-start=\"2230\" data-end=\"2256\"><span style=\"color: #333333;\"><a style=\"color: #333333;\" href=\"https:\/\/unusualconcept.store\/es\/\">Unusual Concept Store*<\/a><\/span><\/h3>\n<p data-path-to-node=\"5\">PERFUME ON THE ROCKS. Un d\u00eda de experiencia sensorial de lujo: A las 12:00h descubre junto con el experto en perfumer\u00eda de autor, Abel D\u00edaz, un sorprendente maridaje entre perfume y paladar. A partir de las 17:00h, un coctelero amenizar\u00e1 el shopping de moda con c\u00f3cteles inspirados en sus perfumes. AROMA, COPA, CAPRICHO.<\/p>\n<h6 style=\"text-align: center;\" data-start=\"2532\" data-end=\"2568\"><span style=\"color: #333333;\">Ram\u00f3n Turr\u00f3, 147, Bxs, 1<\/span><br data-start=\"2556\" data-end=\"2559\" \/><span style=\"color: #333333;\">11h a 22h<\/span><\/h6>\n<h3 data-start=\"2575\" data-end=\"2595\"><\/h3>\n<h3 data-start=\"2575\" data-end=\"2595\"><span style=\"color: #333333;\"><a style=\"color: #333333;\" href=\"https:\/\/www.marketsbarcelona.com\/\"><strong data-start=\"2575\" data-end=\"2595\">Vintage Poblenou<\/strong><\/a><\/span><\/h3>\n<p>Combina estilo y sostenibilidad en\u00a0<strong>Vintage Poblenou<\/strong>\u00a0con sus tres tiendas y los talleres de Upcycling.<\/p>\n<h6 style=\"text-align: center;\" data-start=\"2754\" data-end=\"2775\">\u00c0vila, 78<br data-start=\"2763\" data-end=\"2766\" \/>11h a 23h<\/h6>\n<p><\/p>","protected":false},"excerpt":{"rendered":"<p>Las tiendas y showrooms asociadas al Poblenou Urban District participar\u00e1n este 9 de mayo en el Open Day con promociones&#8230; <a href=\"https:\/\/poblenouurbandistrict.com\/es\/botigues-i-showrooms-del-poblenou-open-day-2\/\">M\u00e1s  \u2192<\/a><\/p>\n","protected":false},"author":5,"featured_media":55625,"comment_status":"closed","ping_status":"closed","sticky":false,"template":"","format":"standard","meta":{"_acf_changed":false,"footnotes":""},"categories":[3609,3565,3501],"tags":[],"class_list":["post-55901","post","type-post","status-publish","format-standard","has-post-thumbnail","hentry","category-moda","category-poblenou-open-day","category-disseny"],"acf":[],"yoast_head":"<!-- This site is optimized with the Yoast SEO plugin v27.4 - https:\/\/yoast.com\/product\/yoast-seo-wordpress\/ -->\n<title>Tiendas y showrooms del Poblenou Open Day &#8211; Poblenou Urban District<\/title>\n<meta name=\"robots\" content=\"index, follow, max-snippet:-1, max-image-preview:large, max-video-preview:-1\" \/>\n<link rel=\"canonical\" href=\"https:\/\/poblenouurbandistrict.com\/es\/botigues-i-showrooms-del-poblenou-open-day-2\/\" \/>\n<meta property=\"og:locale\" content=\"es_ES\" \/>\n<meta property=\"og:type\" content=\"article\" \/>\n<meta property=\"og:title\" content=\"Tiendas y showrooms del Poblenou Open Day &#8211; Poblenou Urban District\" \/>\n<meta property=\"og:description\" content=\"Las tiendas y showrooms asociadas al Poblenou Urban District participar\u00e1n este 9 de mayo en el Open Day con promociones... M\u00e1s \u2192\" \/>\n<meta property=\"og:url\" content=\"https:\/\/poblenouurbandistrict.com\/es\/botigues-i-showrooms-del-poblenou-open-day-2\/\" \/>\n<meta property=\"og:site_name\" content=\"Poblenou Urban District\" \/>\n<meta property=\"article:published_time\" content=\"2026-04-28T11:02:37+00:00\" \/>\n<meta property=\"og:image\" content=\"https:\/\/media.poblenouurbandistrict.com\/2026\/04\/17112515\/dsc0333-2-marie-dubois.jpg\" \/>\n\t<meta property=\"og:image:width\" content=\"2048\" \/>\n\t<meta property=\"og:image:height\" content=\"1362\" \/>\n\t<meta property=\"og:image:type\" content=\"image\/jpeg\" \/>\n<meta name=\"author\" content=\"pnud\" \/>\n<meta name=\"twitter:card\" content=\"summary_large_image\" \/>\n<meta name=\"twitter:label1\" content=\"Escrito por\" \/>\n\t<meta name=\"twitter:data1\" content=\"pnud\" \/>\n\t<meta name=\"twitter:label2\" content=\"Tiempo de lectura\" \/>\n\t<meta name=\"twitter:data2\" content=\"2 minutos\" \/>\n<script type=\"application\/ld+json\" class=\"yoast-schema-graph\">{\"@context\":\"https:\\\/\\\/schema.org\",\"@graph\":[{\"@type\":\"Article\",\"@id\":\"https:\\\/\\\/poblenouurbandistrict.com\\\/botigues-i-showrooms-del-poblenou-open-day-2\\\/#article\",\"isPartOf\":{\"@id\":\"https:\\\/\\\/poblenouurbandistrict.com\\\/botigues-i-showrooms-del-poblenou-open-day-2\\\/\"},\"author\":{\"name\":\"pnud\",\"@id\":\"https:\\\/\\\/poblenouurbandistrict.com\\\/#\\\/schema\\\/person\\\/980a2cf34b399d5218205730acd54a7e\"},\"headline\":\"Tiendas y showrooms del Poblenou Open Day\",\"datePublished\":\"2026-04-28T11:02:37+00:00\",\"mainEntityOfPage\":{\"@id\":\"https:\\\/\\\/poblenouurbandistrict.com\\\/botigues-i-showrooms-del-poblenou-open-day-2\\\/\"},\"wordCount\":1007,\"image\":{\"@id\":\"https:\\\/\\\/poblenouurbandistrict.com\\\/botigues-i-showrooms-del-poblenou-open-day-2\\\/#primaryimage\"},\"thumbnailUrl\":\"https:\\\/\\\/media.poblenouurbandistrict.com\\\/2026\\\/04\\\/17112515\\\/dsc0333-2-marie-dubois.jpg\",\"articleSection\":[\"Moda\",\"Poblenou Open Day\",\"Disseny\"],\"inLanguage\":\"es\"},{\"@type\":\"WebPage\",\"@id\":\"https:\\\/\\\/poblenouurbandistrict.com\\\/es\\\/botigues-i-showrooms-del-poblenou-open-day-2\\\/\",\"url\":\"https:\\\/\\\/poblenouurbandistrict.com\\\/es\\\/botigues-i-showrooms-del-poblenou-open-day-2\\\/\",\"name\":\"Tiendas y showrooms del Poblenou Open Day &#8211; Poblenou Urban District\",\"isPartOf\":{\"@id\":\"https:\\\/\\\/poblenouurbandistrict.com\\\/es\\\/#website\"},\"primaryImageOfPage\":{\"@id\":\"https:\\\/\\\/poblenouurbandistrict.com\\\/es\\\/botigues-i-showrooms-del-poblenou-open-day-2\\\/#primaryimage\"},\"image\":{\"@id\":\"https:\\\/\\\/poblenouurbandistrict.com\\\/botigues-i-showrooms-del-poblenou-open-day-2\\\/#primaryimage\"},\"thumbnailUrl\":\"https:\\\/\\\/media.poblenouurbandistrict.com\\\/2026\\\/04\\\/17112515\\\/dsc0333-2-marie-dubois.jpg\",\"datePublished\":\"2026-04-28T11:02:37+00:00\",\"author\":{\"@id\":\"https:\\\/\\\/poblenouurbandistrict.com\\\/#\\\/schema\\\/person\\\/980a2cf34b399d5218205730acd54a7e\"},\"breadcrumb\":{\"@id\":\"https:\\\/\\\/poblenouurbandistrict.com\\\/es\\\/botigues-i-showrooms-del-poblenou-open-day-2\\\/#breadcrumb\"},\"inLanguage\":\"es\",\"potentialAction\":[{\"@type\":\"ReadAction\",\"target\":[[\"https:\\\/\\\/poblenouurbandistrict.com\\\/es\\\/botigues-i-showrooms-del-poblenou-open-day-2\\\/\"]]}]},{\"@type\":\"ImageObject\",\"inLanguage\":\"es\",\"@id\":\"https:\\\/\\\/poblenouurbandistrict.com\\\/es\\\/botigues-i-showrooms-del-poblenou-open-day-2\\\/#primaryimage\",\"url\":\"https:\\\/\\\/media.poblenouurbandistrict.com\\\/2026\\\/04\\\/17112515\\\/dsc0333-2-marie-dubois.jpg\",\"contentUrl\":\"https:\\\/\\\/media.poblenouurbandistrict.com\\\/2026\\\/04\\\/17112515\\\/dsc0333-2-marie-dubois.jpg\",\"width\":2048,\"height\":1362},{\"@type\":\"BreadcrumbList\",\"@id\":\"https:\\\/\\\/poblenouurbandistrict.com\\\/es\\\/botigues-i-showrooms-del-poblenou-open-day-2\\\/#breadcrumb\",\"itemListElement\":[{\"@type\":\"ListItem\",\"position\":1,\"name\":\"Home\",\"item\":\"https:\\\/\\\/poblenouurbandistrict.com\\\/es\\\/\"},{\"@type\":\"ListItem\",\"position\":2,\"name\":\"Botigues i showrooms del Poblenou Open Day\"}]},{\"@type\":\"WebSite\",\"@id\":\"https:\\\/\\\/poblenouurbandistrict.com\\\/es\\\/#website\",\"url\":\"https:\\\/\\\/poblenouurbandistrict.com\\\/es\\\/\",\"name\":\"Poblenou Urban District\",\"description\":\"Comunidad Creativa\",\"potentialAction\":[{\"@type\":\"SearchAction\",\"target\":{\"@type\":\"EntryPoint\",\"urlTemplate\":\"https:\\\/\\\/poblenouurbandistrict.com\\\/es\\\/?s={search_term_string}\"},\"query-input\":{\"@type\":\"PropertyValueSpecification\",\"valueRequired\":true,\"valueName\":\"search_term_string\"}}],\"inLanguage\":\"es\"},{\"@type\":\"Person\",\"@id\":\"https:\\\/\\\/poblenouurbandistrict.com\\\/#\\\/schema\\\/person\\\/980a2cf34b399d5218205730acd54a7e\",\"name\":\"pnud\",\"image\":{\"@type\":\"ImageObject\",\"inLanguage\":\"es\",\"@id\":\"https:\\\/\\\/secure.gravatar.com\\\/avatar\\\/67146597b405ee077a24e519f75c3e2031736596d6ce35af3a34c122c93d0d7b?s=96&d=retro&r=g\",\"url\":\"https:\\\/\\\/secure.gravatar.com\\\/avatar\\\/67146597b405ee077a24e519f75c3e2031736596d6ce35af3a34c122c93d0d7b?s=96&d=retro&r=g\",\"contentUrl\":\"https:\\\/\\\/secure.gravatar.com\\\/avatar\\\/67146597b405ee077a24e519f75c3e2031736596d6ce35af3a34c122c93d0d7b?s=96&d=retro&r=g\",\"caption\":\"pnud\"}}]}<\/script>\n<!-- \/ Yoast SEO plugin. -->","yoast_head_json":{"title":"Tiendas y showrooms del Poblenou Open Day &#8211; Poblenou Urban District","robots":{"index":"index","follow":"follow","max-snippet":"max-snippet:-1","max-image-preview":"max-image-preview:large","max-video-preview":"max-video-preview:-1"},"canonical":"https:\/\/poblenouurbandistrict.com\/es\/botigues-i-showrooms-del-poblenou-open-day-2\/","og_locale":"es_ES","og_type":"article","og_title":"Tiendas y showrooms del Poblenou Open Day &#8211; Poblenou Urban District","og_description":"Las tiendas y showrooms asociadas al Poblenou Urban District participar\u00e1n este 9 de mayo en el Open Day con promociones... M\u00e1s \u2192","og_url":"https:\/\/poblenouurbandistrict.com\/es\/botigues-i-showrooms-del-poblenou-open-day-2\/","og_site_name":"Poblenou Urban District","article_published_time":"2026-04-28T11:02:37+00:00","og_image":[{"width":2048,"height":1362,"url":"https:\/\/media.poblenouurbandistrict.com\/2026\/04\/17112515\/dsc0333-2-marie-dubois.jpg","type":"image\/jpeg"}],"author":"pnud","twitter_card":"summary_large_image","twitter_misc":{"Escrito por":"pnud","Tiempo de lectura":"2 minutos"},"schema":{"@context":"https:\/\/schema.org","@graph":[{"@type":"Article","@id":"https:\/\/poblenouurbandistrict.com\/botigues-i-showrooms-del-poblenou-open-day-2\/#article","isPartOf":{"@id":"https:\/\/poblenouurbandistrict.com\/botigues-i-showrooms-del-poblenou-open-day-2\/"},"author":{"name":"pnud","@id":"https:\/\/poblenouurbandistrict.com\/#\/schema\/person\/980a2cf34b399d5218205730acd54a7e"},"headline":"Tiendas y showrooms del Poblenou Open Day","datePublished":"2026-04-28T11:02:37+00:00","mainEntityOfPage":{"@id":"https:\/\/poblenouurbandistrict.com\/botigues-i-showrooms-del-poblenou-open-day-2\/"},"wordCount":1007,"image":{"@id":"https:\/\/poblenouurbandistrict.com\/botigues-i-showrooms-del-poblenou-open-day-2\/#primaryimage"},"thumbnailUrl":"https:\/\/media.poblenouurbandistrict.com\/2026\/04\/17112515\/dsc0333-2-marie-dubois.jpg","articleSection":["Moda","Poblenou Open Day","Disseny"],"inLanguage":"es"},{"@type":"WebPage","@id":"https:\/\/poblenouurbandistrict.com\/es\/botigues-i-showrooms-del-poblenou-open-day-2\/","url":"https:\/\/poblenouurbandistrict.com\/es\/botigues-i-showrooms-del-poblenou-open-day-2\/","name":"Tiendas y showrooms del Poblenou Open Day &#8211; Poblenou Urban District","isPartOf":{"@id":"https:\/\/poblenouurbandistrict.com\/es\/#website"},"primaryImageOfPage":{"@id":"https:\/\/poblenouurbandistrict.com\/es\/botigues-i-showrooms-del-poblenou-open-day-2\/#primaryimage"},"image":{"@id":"https:\/\/poblenouurbandistrict.com\/botigues-i-showrooms-del-poblenou-open-day-2\/#primaryimage"},"thumbnailUrl":"https:\/\/media.poblenouurbandistrict.com\/2026\/04\/17112515\/dsc0333-2-marie-dubois.jpg","datePublished":"2026-04-28T11:02:37+00:00","author":{"@id":"https:\/\/poblenouurbandistrict.com\/#\/schema\/person\/980a2cf34b399d5218205730acd54a7e"},"breadcrumb":{"@id":"https:\/\/poblenouurbandistrict.com\/es\/botigues-i-showrooms-del-poblenou-open-day-2\/#breadcrumb"},"inLanguage":"es","potentialAction":[{"@type":"ReadAction","target":[["https:\/\/poblenouurbandistrict.com\/es\/botigues-i-showrooms-del-poblenou-open-day-2\/"]]}]},{"@type":"ImageObject","inLanguage":"es","@id":"https:\/\/poblenouurbandistrict.com\/es\/botigues-i-showrooms-del-poblenou-open-day-2\/#primaryimage","url":"https:\/\/media.poblenouurbandistrict.com\/2026\/04\/17112515\/dsc0333-2-marie-dubois.jpg","contentUrl":"https:\/\/media.poblenouurbandistrict.com\/2026\/04\/17112515\/dsc0333-2-marie-dubois.jpg","width":2048,"height":1362},{"@type":"BreadcrumbList","@id":"https:\/\/poblenouurbandistrict.com\/es\/botigues-i-showrooms-del-poblenou-open-day-2\/#breadcrumb","itemListElement":[{"@type":"ListItem","position":1,"name":"Home","item":"https:\/\/poblenouurbandistrict.com\/es\/"},{"@type":"ListItem","position":2,"name":"Botigues i showrooms del Poblenou Open Day"}]},{"@type":"WebSite","@id":"https:\/\/poblenouurbandistrict.com\/es\/#website","url":"https:\/\/poblenouurbandistrict.com\/es\/","name":"Poblenou Urban District","description":"Comunidad Creativa","potentialAction":[{"@type":"SearchAction","target":{"@type":"EntryPoint","urlTemplate":"https:\/\/poblenouurbandistrict.com\/es\/?s={search_term_string}"},"query-input":{"@type":"PropertyValueSpecification","valueRequired":true,"valueName":"search_term_string"}}],"inLanguage":"es"},{"@type":"Person","@id":"https:\/\/poblenouurbandistrict.com\/#\/schema\/person\/980a2cf34b399d5218205730acd54a7e","name":"pnud","image":{"@type":"ImageObject","inLanguage":"es","@id":"https:\/\/secure.gravatar.com\/avatar\/67146597b405ee077a24e519f75c3e2031736596d6ce35af3a34c122c93d0d7b?s=96&d=retro&r=g","url":"https:\/\/secure.gravatar.com\/avatar\/67146597b405ee077a24e519f75c3e2031736596d6ce35af3a34c122c93d0d7b?s=96&d=retro&r=g","contentUrl":"https:\/\/secure.gravatar.com\/avatar\/67146597b405ee077a24e519f75c3e2031736596d6ce35af3a34c122c93d0d7b?s=96&d=retro&r=g","caption":"pnud"}}]}},"_links":{"self":[{"href":"https:\/\/poblenouurbandistrict.com\/es\/wp-json\/wp\/v2\/posts\/55901","targetHints":{"allow":["GET"]}}],"collection":[{"href":"https:\/\/poblenouurbandistrict.com\/es\/wp-json\/wp\/v2\/posts"}],"about":[{"href":"https:\/\/poblenouurbandistrict.com\/es\/wp-json\/wp\/v2\/types\/post"}],"author":[{"embeddable":true,"href":"https:\/\/poblenouurbandistrict.com\/es\/wp-json\/wp\/v2\/users\/5"}],"replies":[{"embeddable":true,"href":"https:\/\/poblenouurbandistrict.com\/es\/wp-json\/wp\/v2\/comments?post=55901"}],"version-history":[{"count":11,"href":"https:\/\/poblenouurbandistrict.com\/es\/wp-json\/wp\/v2\/posts\/55901\/revisions"}],"predecessor-version":[{"id":55915,"href":"https:\/\/poblenouurbandistrict.com\/es\/wp-json\/wp\/v2\/posts\/55901\/revisions\/55915"}],"wp:featuredmedia":[{"embeddable":true,"href":"https:\/\/poblenouurbandistrict.com\/es\/wp-json\/wp\/v2\/media\/55625"}],"wp:attachment":[{"href":"https:\/\/poblenouurbandistrict.com\/es\/wp-json\/wp\/v2\/media?parent=55901"}],"wp:term":[{"taxonomy":"category","embeddable":true,"href":"https:\/\/poblenouurbandistrict.com\/es\/wp-json\/wp\/v2\/categories?post=55901"},{"taxonomy":"post_tag","embeddable":true,"href":"https:\/\/poblenouurbandistrict.com\/es\/wp-json\/wp\/v2\/tags?post=55901"}],"curies":[{"name":"wp","href":"https:\/\/api.w.org\/{rel}","templated":true}]}}