{"id":55916,"date":"2026-04-28T13:48:34","date_gmt":"2026-04-28T11:48:34","guid":{"rendered":"https:\/\/poblenouurbandistrict.com\/?p=55916"},"modified":"2026-04-28T13:48:34","modified_gmt":"2026-04-28T11:48:34","slug":"tota-la-proposta-gastronomica-del-poblenou-open-day-4","status":"publish","type":"post","link":"https:\/\/poblenouurbandistrict.com\/es\/tota-la-proposta-gastronomica-del-poblenou-open-day-4\/","title":{"rendered":"Toda la propuesta gastron\u00f3mica del Poblenou Open Day"},"content":{"rendered":"<p><\/p>\n<p class=\"\" data-start=\"123\" data-end=\"399\"><span style=\"color: #333333;\">D\u00e9jate sorprender con la gran variedad de oferta gastron\u00f3mica y coctelera que han preparado los restaurantes y bares asociados a Poblenou Urban District para este Open Day. Deliciosas delicatessen acompa\u00f1adas con m\u00fasica en directo, DJs y dem\u00e1s propuestas culturales.<\/span><\/p>\n<h3><\/h3>\n<h3 data-start=\"596\" data-end=\"783\"><span style=\"color: #333333;\"><a style=\"color: #333333;\" href=\"https:\/\/botanicusbcn.com\/\"><strong data-start=\"596\" data-end=\"609\">Botanicus<\/strong><\/a><\/span><\/h3>\n<p class=\"\" data-start=\"596\" data-end=\"783\">Para esta edici\u00f3n del Open Day, presenta un c\u00f3ctel exclusivo a un precio especial.<\/p>\n<h6 style=\"text-align: center;\" data-start=\"596\" data-end=\"783\"><span style=\"color: #333333;\">Pujades, 177<\/span><br data-start=\"769\" data-end=\"772\" \/><span style=\"color: #333333;\">18 h a 03 h<\/span><\/h6>\n<h3 data-start=\"785\" data-end=\"1057\"><a href=\"https:\/\/www.instagram.com\/cuadrobcn\/?hl=es\">Cuadro<\/a><\/h3>\n<p data-path-to-node=\"5\">Disfruta de una promoci\u00f3n de 2\u00d71 en vermut durante todo el d\u00eda para refrescar la jornada. Para cerrar la tarde con la mejor energ\u00eda, el espacio contar\u00e1 con un DJ Set de m\u00fasica funky de 18:00h a 20:00h.<\/p>\n<h6 style=\"text-align: center;\" data-start=\"785\" data-end=\"1057\"><span style=\"color: #333333;\">Pamplona, 33<\/span><br data-start=\"1043\" data-end=\"1046\" \/><span style=\"color: #333333;\">12 h a 00 h<\/span><\/h6>\n<h3 data-start=\"1059\" data-end=\"1295\"><\/h3>\n<h3 data-start=\"785\" data-end=\"1057\"><span style=\"color: #333333;\"><a style=\"color: #333333;\" href=\"https:\/\/wearecacho.com\/\"><strong data-start=\"785\" data-end=\"794\">Cacho<\/strong><\/a><\/span><\/h3>\n<p data-path-to-node=\"5\">Disfruta del \u00abCombo Open Day\u00bb de empanada y vino natural, disponible de 17:00 h a 23:00 h. Una opci\u00f3n r\u00e1pida y artesana para hacer una parada durante la jornada en el barrio.<\/p>\n<h6 style=\"text-align: center;\" data-start=\"785\" data-end=\"1057\"><span style=\"color: #333333;\">Llull, 27 Baixos<\/span><br data-start=\"1043\" data-end=\"1046\" \/><span style=\"color: #333333;\">12 h a 00 h<\/span><\/h6>\n<h3 data-start=\"785\" data-end=\"1057\"><span style=\"color: #333333;\"><a style=\"color: #333333;\" href=\"https:\/\/wearecacho.com\/\"><strong data-start=\"785\" data-end=\"794\">Cacho Burgers<\/strong><\/a><\/span><\/h3>\n<p data-path-to-node=\"5\">Si buscas comer bien y sin l\u00edos, Cacho Burger es tu sitio. Durante el Open Day, puedes pillar su combo estrella: la Cheese Burger y una Cacho Beer APA artesana por solo 9,9 \u20ac. El plan ideal para cargar pilas con una buena burger y una birra de la casa antes de seguir con la ruta.<\/p>\n<h6 style=\"text-align: center;\" data-start=\"785\" data-end=\"1057\"><span style=\"color: #333333;\">Pujades, 195<\/span><br data-start=\"1043\" data-end=\"1046\" \/><span style=\"color: #333333;\">13h a 16h y de 19h a 23h\u00a0<\/span><\/h6>\n<h3 data-start=\"1059\" data-end=\"1295\"><\/h3>\n<h3 data-start=\"1059\" data-end=\"1295\"><span style=\"color: #333333;\"><a style=\"color: #333333;\" href=\"https:\/\/catacroquet.es\/\"><strong data-start=\"1059\" data-end=\"1074\">Catacroquet<\/strong><\/a><\/span><\/h3>\n<p>Catacroquet es el para\u00edso para los amantes de las buenas\u00a0croquetas\u00a0donde podr\u00e1s escoger entre muchas variedades y disfrutar de otras\u00a0tapas, vinos y copas\u00a0en su\u00a0enorme terraza.<\/p>\n<h6 style=\"text-align: center;\" data-start=\"1059\" data-end=\"1295\"><span style=\"color: #333333;\">Almog\u00e0vers, 211<\/span><br data-start=\"1278\" data-end=\"1281\" \/><span style=\"color: #333333;\">12.30 h a 01 h<\/span><\/h6>\n<h3 data-start=\"1297\" data-end=\"1634\"><\/h3>\n<h3 data-start=\"1297\" data-end=\"1634\"><span style=\"color: #333333;\"><a style=\"color: #333333;\" href=\"https:\/\/www.corpenbarcelona.com\/\"><strong data-start=\"1297\" data-end=\"1311\">Corpen Gin<\/strong><\/a><\/span><\/h3>\n<p data-start=\"367\" data-end=\"655\">\u00a1Vuelve el BLOCK PARTY de CORPEN para el Open Day! Una jornada para disfrutar de m\u00fasica, gastronom\u00eda y buen ambiente. Habr\u00e1 c\u00f3cteles de Corpen Gin y opciones sin alcohol, propuesta gastron\u00f3mica de Hi-Fried y sesiones de DJ con Chloe de Gucci y Realname Travis &amp; Friends.<\/p>\n<p data-start=\"657\" data-end=\"743\">Con la participaci\u00f3n especial de Soil \u2013 Savory Spirits.<\/p>\n<h6 style=\"text-align: center;\" data-start=\"1297\" data-end=\"1634\"><span style=\"color: #333333;\">Pujades, 74, local 6<\/span><br data-start=\"1620\" data-end=\"1623\" \/><span style=\"color: #333333;\">12 h a 23 h<\/span><\/h6>\n<h3 data-start=\"2090\" data-end=\"2352\"><\/h3>\n<h3 data-start=\"2090\" data-end=\"2352\"><span style=\"color: #333333;\"><a style=\"color: #333333;\" href=\"https:\/\/escuelapizzamakers.com\/\"><strong data-start=\"2090\" data-end=\"2105\">Escuela Pizza Makers<\/strong><\/a><\/span><\/h3>\n<p>Experiencia Gastron\u00f3mica \u2013 Talleres de Pizza &amp; Degustaci\u00f3n. <strong><a href=\"https:\/\/www.eventbrite.com\/e\/taller-pizza-open-day-degustacion-open-day-tickets-1987902623259?aff=oddtdtcreator\">Reserva tu plaza.<\/a><\/strong><\/p>\n<p>Taller Pr\u00e1ctico de pizzas (1:30h): Aprende a hacer pizza desde zero. Una propuesta que combina aprendizaje, creatividad y gastronom\u00eda en torno al mundo de la pizza, en un formato din\u00e1mico pensado para disfrutar en grupo. La experiencia se desarrolla en una escuela profesional de pizzeros, aportando un enfoque aut\u00e9ntico y especializado.<\/p>\n<h6 style=\"text-align: center;\"><strong>11:30h a 13:00h<\/strong><br \/>\n<strong>18:00h a 19:30h<\/strong><\/h6>\n<p data-path-to-node=\"2,1,0\">Degustaci\u00f3n Italiana en la zona lounge, un espacio pensado para relajarse y disfrutar sin prisas. Se ofrece una selecci\u00f3n de pizzas y focaccias variadas, acompa\u00f1adas de postre italiano y bebidas incluidas, en un formato ideal para compartir y alargar la experiencia en un ambiente distendido.<\/p>\n<h6 style=\"text-align: center;\"><strong>14:00h a 16:00h<br \/>\n<\/strong><span style=\"color: #333333;\">Bilbao, 58<\/span><\/h6>\n<p>&nbsp;<\/p>\n<h3 data-start=\"2354\" data-end=\"2679\"><span style=\"color: #333333;\"><a style=\"color: #333333;\" href=\"https:\/\/garagebeer.co\/\"><strong data-start=\"2354\" data-end=\"2381\">Garage Beer Co Poblenou<\/strong><\/a><\/span><\/h3>\n<p data-path-to-node=\"5\">Garage Beer Co Poblenou marida cerveza artesana y arte local con la exposici\u00f3n de Silustra. Una oportunidad para disfrutar de la propuesta visual de esta artista en el ambiente industrial y relajado del Garage, ideal para los amantes de la ilustraci\u00f3n y la buena birra.<\/p>\n<h6 style=\"text-align: center;\" data-start=\"2354\" data-end=\"2679\"><span style=\"color: #333333;\">Passeig de Calvell, 45<\/span><br data-start=\"2665\" data-end=\"2668\" \/><span style=\"color: #333333;\">13 h a 01 h<\/span><\/h6>\n<h3 data-start=\"2681\" data-end=\"2855\"><\/h3>\n<h3 data-start=\"2681\" data-end=\"2855\"><span style=\"color: #333333;\"><a style=\"color: #333333;\" href=\"https:\/\/www.instagram.com\/hoppinessbcn\/?hl=es\"><strong data-start=\"2681\" data-end=\"2694\">Hoppiness<\/strong><\/a><\/span><\/h3>\n<p data-path-to-node=\"5\">Con motivo del Open Day, se ofrece una promoci\u00f3n especial que combina gastronom\u00eda local y cerveza de proximidad. La propuesta incluye una media raci\u00f3n de nuestras patatas bravas acompa\u00f1ada de una media pinta de la cerveza artesana Tokiski Pils por un precio cerrado de 5,50 \u20ac.<\/p>\n<h6 style=\"text-align: center;\" data-start=\"2681\" data-end=\"2855\"><span style=\"color: #333333;\">Ramon Turr\u00f3, 180<\/span><br data-start=\"2841\" data-end=\"2844\" \/><span style=\"color: #333333;\">12:30 h a 0:30 h<\/span><\/h6>\n<h3 data-start=\"2857\" data-end=\"3130\"><\/h3>\n<h3 data-start=\"3132\" data-end=\"3398\"><span style=\"color: #333333;\"><a style=\"color: #333333;\" href=\"https:\/\/www.instagram.com\/lataqueriabcn\/?hl=es\"><strong data-start=\"3132\" data-end=\"3147\">La Taquer\u00eda<\/strong><\/a><\/span><\/h3>\n<section class=\"text-token-text-primary w-full focus:outline-none [--shadow-height:45px] has-data-writing-block:pointer-events-none has-data-writing-block:-mt-(--shadow-height) has-data-writing-block:pt-(--shadow-height) [&amp;:has([data-writing-block])&gt;*]:pointer-events-auto [content-visibility:auto] supports-[content-visibility:auto]:[contain-intrinsic-size:auto_100lvh] R6Vx5W_threadScrollVars scroll-mb-[calc(var(--scroll-root-safe-area-inset-bottom,0px)+var(--thread-response-height))] scroll-mt-[calc(var(--header-height)+min(200px,max(70px,20svh)))]\" dir=\"auto\" data-turn-id=\"request-69e1f095-1474-83eb-a84e-bf8243ff4cbc-0\" data-testid=\"conversation-turn-50\" data-scroll-anchor=\"false\" data-turn=\"assistant\">\n<div class=\"text-base my-auto mx-auto pb-10 [--thread-content-margin:var(--thread-content-margin-xs,calc(var(--spacing)*4))] @w-sm\/main:[--thread-content-margin:var(--thread-content-margin-sm,calc(var(--spacing)*6))] @w-lg\/main:[--thread-content-margin:var(--thread-content-margin-lg,calc(var(--spacing)*16))] px-(--thread-content-margin)\">\n<div class=\"[--thread-content-max-width:40rem] @w-lg\/main:[--thread-content-max-width:48rem] mx-auto max-w-(--thread-content-max-width) flex-1 group\/turn-messages focus-visible:outline-hidden relative flex w-full min-w-0 flex-col agent-turn\">\n<div class=\"flex max-w-full flex-col gap-4 grow\">\n<div class=\"min-h-8 text-message relative flex w-full flex-col items-end gap-2 text-start break-words whitespace-normal outline-none keyboard-focused:focus-ring [.text-message+&amp;]:mt-1\" dir=\"auto\" tabindex=\"0\" data-message-author-role=\"assistant\" data-message-id=\"d3adbb3e-bafc-4a9e-8f47-799c1c2aa5ee\" data-message-model-slug=\"gpt-5-3\" data-turn-start-message=\"true\">\n<div class=\"flex w-full flex-col gap-1 empty:hidden\">\n<div class=\"markdown prose dark:prose-invert w-full wrap-break-word light markdown-new-styling\">\n<p data-start=\"577\" data-end=\"853\" data-is-last-node=\"\" data-is-only-node=\"\">La Taquer\u00eda de Poblenou presenta una exposici\u00f3n de pi\u00f1atas mexicanas y una propuesta gastron\u00f3mica con la mejor birria de res, tacos y quesabirrias con su consom\u00e9. Todo acompa\u00f1ado de micheladas con cerveza Chabela y, para terminar, mojitos mexicanos de mezcal y guayaba.<\/p>\n<\/div>\n<\/div>\n<\/div>\n<\/div>\n<\/div>\n<\/div>\n<\/section>\n<h6 style=\"text-align: center;\" data-start=\"3132\" data-end=\"3398\"><span style=\"color: #333333;\">Pujades, 172<\/span><br data-start=\"3384\" data-end=\"3387\" \/><span style=\"color: #333333;\">13 h a 00 h<\/span><\/h6>\n<h3 data-start=\"3400\" data-end=\"3769\"><\/h3>\n<h3 data-start=\"3400\" data-end=\"3769\"><span style=\"color: #333333;\"><a style=\"color: #333333;\" href=\"https:\/\/latavernicola.com\/\"><strong data-start=\"3400\" data-end=\"3418\">La Tavern\u00edcola<\/strong><\/a><\/span><\/h3>\n<p data-start=\"297\" data-end=\"553\">Un restaurante para disfrutar de exquisitas carnes argentinas y nacionales con una amplia selecci\u00f3n de vinos. Con motivo del Open Day, ofrece el \u201cCombo Open Day\u201d: loco de Angus en pan de chapata con chimichurri + copa de Malbec Alma Loca por 12\u20ac.<\/p>\n<p data-start=\"243\" data-end=\"248\">Combo Open Day: 15.30h \u2013 22.30h<\/p>\n<h6 style=\"text-align: center;\" data-start=\"3400\" data-end=\"3769\"><span style=\"color: #333333;\">Roc Boronat, 70<\/span><br data-start=\"3749\" data-end=\"3752\" \/><span style=\"color: #333333;\">12 h a 23:00 h<\/span><\/h6>\n<h3 data-start=\"3771\" data-end=\"3991\"><\/h3>\n<h3>Local 225<\/h3>\n<p class=\"\" data-start=\"4147\" data-end=\"4414\">D\u00eda de vermut en Local 225 Barrio Bar. Carta de tapas y tortillas non stop, terraza, sol y por la tarde \u00a1Habr\u00e1 DJs!<\/p>\n<h6 style=\"text-align: center;\" data-start=\"4147\" data-end=\"4414\"><span style=\"color: #333333;\">Doctor Trueta, 225<\/span><br data-start=\"4400\" data-end=\"4403\" \/><span style=\"color: #333333;\">12 h a 00 h<\/span><\/h6>\n<p>&nbsp;<\/p>\n<h3><a href=\"https:\/\/www.sisirooftop.com\/es\/barcelona\"><strong>S\u00edS\u00ed Rooftop<\/strong><\/a><\/h3>\n<p>Da la bienvenida a la temporada de verano con un animado encuentro junto a la piscina con vistas panor\u00e1micas de Barcelona. Disfruta de refrescantes bebidas seleccionadas, degusta canap\u00e9s gourmet de nuestro nuevo men\u00fa y vive sesiones de DJ en directo con MR. B y Crossroads de 15:00 a 18:00, seguidas de Dixselia y Pau Za\u00f1artu de 18:00 a 22:00, todo en un ambiente relajado pero animado. El comienzo perfecto del verano.<\/p>\n<h6 style=\"text-align: center;\" data-start=\"4914\" data-end=\"5113\"><span style=\"color: #333333;\">Cristobal de Moura, 49<\/span><br data-start=\"5090\" data-end=\"5093\" \/><span style=\"color: #333333;\">14h a 22h<\/span><\/h6>\n<p>&nbsp;<\/p>\n<h3 data-start=\"4914\" data-end=\"5113\"><span style=\"color: #333333;\"><a style=\"color: #333333;\" href=\"https:\/\/www.warikeproject.com\/\"><strong data-start=\"4914\" data-end=\"4932\">Warike Project<\/strong><\/a><\/span><\/h3>\n<p class=\"\" data-start=\"4914\" data-end=\"5113\">No te pierdas el autentico sabor de la cocina peruana en Warike durante su Happy Hour en Pisco Sour y tapas.<\/p>\n<h6 style=\"text-align: center;\" data-start=\"4914\" data-end=\"5113\"><span style=\"color: #333333;\">Bilbao, 24<\/span><br data-start=\"5090\" data-end=\"5093\" \/><span style=\"color: #333333;\">13h a 15:30 h<\/span><\/h6>\n<p>&nbsp;<\/p>","protected":false},"excerpt":{"rendered":"<p>D\u00e9jate sorprender con la gran variedad de oferta gastron\u00f3mica y coctelera que han preparado los restaurantes y bares asociados a&#8230; <a href=\"https:\/\/poblenouurbandistrict.com\/es\/tota-la-proposta-gastronomica-del-poblenou-open-day-4\/\">M\u00e1s  \u2192<\/a><\/p>\n","protected":false},"author":5,"featured_media":55701,"comment_status":"closed","ping_status":"closed","sticky":false,"template":"","format":"standard","meta":{"_acf_changed":false,"footnotes":""},"categories":[3565,3353],"tags":[],"class_list":["post-55916","post","type-post","status-publish","format-standard","has-post-thumbnail","hentry","category-poblenou-open-day","category-gastronomia"],"acf":[],"yoast_head":"<!-- This site is optimized with the Yoast SEO plugin v27.4 - https:\/\/yoast.com\/product\/yoast-seo-wordpress\/ -->\n<title>Toda la propuesta gastron\u00f3mica del Poblenou Open Day &#8211; Poblenou Urban District<\/title>\n<meta name=\"robots\" content=\"index, follow, max-snippet:-1, max-image-preview:large, max-video-preview:-1\" \/>\n<link rel=\"canonical\" href=\"https:\/\/poblenouurbandistrict.com\/es\/tota-la-proposta-gastronomica-del-poblenou-open-day-4\/\" \/>\n<meta property=\"og:locale\" content=\"es_ES\" \/>\n<meta property=\"og:type\" content=\"article\" \/>\n<meta property=\"og:title\" content=\"Toda la propuesta gastron\u00f3mica del Poblenou Open Day &#8211; Poblenou Urban District\" \/>\n<meta property=\"og:description\" content=\"D\u00e9jate sorprender con la gran variedad de oferta gastron\u00f3mica y coctelera que han preparado los restaurantes y bares asociados a... M\u00e1s \u2192\" \/>\n<meta property=\"og:url\" content=\"https:\/\/poblenouurbandistrict.com\/es\/tota-la-proposta-gastronomica-del-poblenou-open-day-4\/\" \/>\n<meta property=\"og:site_name\" content=\"Poblenou Urban District\" \/>\n<meta property=\"article:published_time\" content=\"2026-04-28T11:48:34+00:00\" \/>\n<meta property=\"og:image\" content=\"https:\/\/media.poblenouurbandistrict.com\/2026\/04\/20134112\/saveclipapp-582604782-18547174387005217-4615677867561810026-n-e1776685291290.jpg\" \/>\n\t<meta property=\"og:image:width\" content=\"1440\" \/>\n\t<meta property=\"og:image:height\" content=\"1080\" \/>\n\t<meta property=\"og:image:type\" content=\"image\/jpeg\" \/>\n<meta name=\"author\" content=\"pnud\" \/>\n<meta name=\"twitter:card\" content=\"summary_large_image\" \/>\n<meta name=\"twitter:label1\" content=\"Escrito por\" \/>\n\t<meta name=\"twitter:data1\" content=\"pnud\" \/>\n\t<meta name=\"twitter:label2\" content=\"Tiempo de lectura\" \/>\n\t<meta name=\"twitter:data2\" content=\"5 minutos\" \/>\n<script type=\"application\/ld+json\" class=\"yoast-schema-graph\">{\"@context\":\"https:\\\/\\\/schema.org\",\"@graph\":[{\"@type\":\"Article\",\"@id\":\"https:\\\/\\\/poblenouurbandistrict.com\\\/tota-la-proposta-gastronomica-del-poblenou-open-day-4\\\/#article\",\"isPartOf\":{\"@id\":\"https:\\\/\\\/poblenouurbandistrict.com\\\/tota-la-proposta-gastronomica-del-poblenou-open-day-4\\\/\"},\"author\":{\"name\":\"pnud\",\"@id\":\"https:\\\/\\\/poblenouurbandistrict.com\\\/#\\\/schema\\\/person\\\/980a2cf34b399d5218205730acd54a7e\"},\"headline\":\"Toda la propuesta gastron\u00f3mica del Poblenou Open Day\",\"datePublished\":\"2026-04-28T11:48:34+00:00\",\"mainEntityOfPage\":{\"@id\":\"https:\\\/\\\/poblenouurbandistrict.com\\\/tota-la-proposta-gastronomica-del-poblenou-open-day-4\\\/\"},\"wordCount\":2420,\"image\":{\"@id\":\"https:\\\/\\\/poblenouurbandistrict.com\\\/tota-la-proposta-gastronomica-del-poblenou-open-day-4\\\/#primaryimage\"},\"thumbnailUrl\":\"https:\\\/\\\/media.poblenouurbandistrict.com\\\/2026\\\/04\\\/20134112\\\/saveclipapp-582604782-18547174387005217-4615677867561810026-n-e1776685291290.jpg\",\"articleSection\":[\"Poblenou Open Day\",\"Gastronom\u00eda\"],\"inLanguage\":\"es\"},{\"@type\":\"WebPage\",\"@id\":\"https:\\\/\\\/poblenouurbandistrict.com\\\/es\\\/tota-la-proposta-gastronomica-del-poblenou-open-day-4\\\/\",\"url\":\"https:\\\/\\\/poblenouurbandistrict.com\\\/es\\\/tota-la-proposta-gastronomica-del-poblenou-open-day-4\\\/\",\"name\":\"Toda la propuesta gastron\u00f3mica del Poblenou Open Day &#8211; Poblenou Urban District\",\"isPartOf\":{\"@id\":\"https:\\\/\\\/poblenouurbandistrict.com\\\/es\\\/#website\"},\"primaryImageOfPage\":{\"@id\":\"https:\\\/\\\/poblenouurbandistrict.com\\\/es\\\/tota-la-proposta-gastronomica-del-poblenou-open-day-4\\\/#primaryimage\"},\"image\":{\"@id\":\"https:\\\/\\\/poblenouurbandistrict.com\\\/tota-la-proposta-gastronomica-del-poblenou-open-day-4\\\/#primaryimage\"},\"thumbnailUrl\":\"https:\\\/\\\/media.poblenouurbandistrict.com\\\/2026\\\/04\\\/20134112\\\/saveclipapp-582604782-18547174387005217-4615677867561810026-n-e1776685291290.jpg\",\"datePublished\":\"2026-04-28T11:48:34+00:00\",\"author\":{\"@id\":\"https:\\\/\\\/poblenouurbandistrict.com\\\/#\\\/schema\\\/person\\\/980a2cf34b399d5218205730acd54a7e\"},\"breadcrumb\":{\"@id\":\"https:\\\/\\\/poblenouurbandistrict.com\\\/es\\\/tota-la-proposta-gastronomica-del-poblenou-open-day-4\\\/#breadcrumb\"},\"inLanguage\":\"es\",\"potentialAction\":[{\"@type\":\"ReadAction\",\"target\":[[\"https:\\\/\\\/poblenouurbandistrict.com\\\/es\\\/tota-la-proposta-gastronomica-del-poblenou-open-day-4\\\/\"]]}]},{\"@type\":\"ImageObject\",\"inLanguage\":\"es\",\"@id\":\"https:\\\/\\\/poblenouurbandistrict.com\\\/es\\\/tota-la-proposta-gastronomica-del-poblenou-open-day-4\\\/#primaryimage\",\"url\":\"https:\\\/\\\/media.poblenouurbandistrict.com\\\/2026\\\/04\\\/20134112\\\/saveclipapp-582604782-18547174387005217-4615677867561810026-n-e1776685291290.jpg\",\"contentUrl\":\"https:\\\/\\\/media.poblenouurbandistrict.com\\\/2026\\\/04\\\/20134112\\\/saveclipapp-582604782-18547174387005217-4615677867561810026-n-e1776685291290.jpg\",\"width\":1440,\"height\":1080},{\"@type\":\"BreadcrumbList\",\"@id\":\"https:\\\/\\\/poblenouurbandistrict.com\\\/es\\\/tota-la-proposta-gastronomica-del-poblenou-open-day-4\\\/#breadcrumb\",\"itemListElement\":[{\"@type\":\"ListItem\",\"position\":1,\"name\":\"Home\",\"item\":\"https:\\\/\\\/poblenouurbandistrict.com\\\/es\\\/\"},{\"@type\":\"ListItem\",\"position\":2,\"name\":\"Tota la proposta gastron\u00f2mica del Poblenou Open Day\"}]},{\"@type\":\"WebSite\",\"@id\":\"https:\\\/\\\/poblenouurbandistrict.com\\\/es\\\/#website\",\"url\":\"https:\\\/\\\/poblenouurbandistrict.com\\\/es\\\/\",\"name\":\"Poblenou Urban District\",\"description\":\"Comunidad Creativa\",\"potentialAction\":[{\"@type\":\"SearchAction\",\"target\":{\"@type\":\"EntryPoint\",\"urlTemplate\":\"https:\\\/\\\/poblenouurbandistrict.com\\\/es\\\/?s={search_term_string}\"},\"query-input\":{\"@type\":\"PropertyValueSpecification\",\"valueRequired\":true,\"valueName\":\"search_term_string\"}}],\"inLanguage\":\"es\"},{\"@type\":\"Person\",\"@id\":\"https:\\\/\\\/poblenouurbandistrict.com\\\/#\\\/schema\\\/person\\\/980a2cf34b399d5218205730acd54a7e\",\"name\":\"pnud\",\"image\":{\"@type\":\"ImageObject\",\"inLanguage\":\"es\",\"@id\":\"https:\\\/\\\/secure.gravatar.com\\\/avatar\\\/67146597b405ee077a24e519f75c3e2031736596d6ce35af3a34c122c93d0d7b?s=96&d=retro&r=g\",\"url\":\"https:\\\/\\\/secure.gravatar.com\\\/avatar\\\/67146597b405ee077a24e519f75c3e2031736596d6ce35af3a34c122c93d0d7b?s=96&d=retro&r=g\",\"contentUrl\":\"https:\\\/\\\/secure.gravatar.com\\\/avatar\\\/67146597b405ee077a24e519f75c3e2031736596d6ce35af3a34c122c93d0d7b?s=96&d=retro&r=g\",\"caption\":\"pnud\"}}]}<\/script>\n<!-- \/ Yoast SEO plugin. -->","yoast_head_json":{"title":"Toda la propuesta gastron\u00f3mica del Poblenou Open Day &#8211; Poblenou Urban District","robots":{"index":"index","follow":"follow","max-snippet":"max-snippet:-1","max-image-preview":"max-image-preview:large","max-video-preview":"max-video-preview:-1"},"canonical":"https:\/\/poblenouurbandistrict.com\/es\/tota-la-proposta-gastronomica-del-poblenou-open-day-4\/","og_locale":"es_ES","og_type":"article","og_title":"Toda la propuesta gastron\u00f3mica del Poblenou Open Day &#8211; Poblenou Urban District","og_description":"D\u00e9jate sorprender con la gran variedad de oferta gastron\u00f3mica y coctelera que han preparado los restaurantes y bares asociados a... M\u00e1s \u2192","og_url":"https:\/\/poblenouurbandistrict.com\/es\/tota-la-proposta-gastronomica-del-poblenou-open-day-4\/","og_site_name":"Poblenou Urban District","article_published_time":"2026-04-28T11:48:34+00:00","og_image":[{"width":1440,"height":1080,"url":"https:\/\/media.poblenouurbandistrict.com\/2026\/04\/20134112\/saveclipapp-582604782-18547174387005217-4615677867561810026-n-e1776685291290.jpg","type":"image\/jpeg"}],"author":"pnud","twitter_card":"summary_large_image","twitter_misc":{"Escrito por":"pnud","Tiempo de lectura":"5 minutos"},"schema":{"@context":"https:\/\/schema.org","@graph":[{"@type":"Article","@id":"https:\/\/poblenouurbandistrict.com\/tota-la-proposta-gastronomica-del-poblenou-open-day-4\/#article","isPartOf":{"@id":"https:\/\/poblenouurbandistrict.com\/tota-la-proposta-gastronomica-del-poblenou-open-day-4\/"},"author":{"name":"pnud","@id":"https:\/\/poblenouurbandistrict.com\/#\/schema\/person\/980a2cf34b399d5218205730acd54a7e"},"headline":"Toda la propuesta gastron\u00f3mica del Poblenou Open Day","datePublished":"2026-04-28T11:48:34+00:00","mainEntityOfPage":{"@id":"https:\/\/poblenouurbandistrict.com\/tota-la-proposta-gastronomica-del-poblenou-open-day-4\/"},"wordCount":2420,"image":{"@id":"https:\/\/poblenouurbandistrict.com\/tota-la-proposta-gastronomica-del-poblenou-open-day-4\/#primaryimage"},"thumbnailUrl":"https:\/\/media.poblenouurbandistrict.com\/2026\/04\/20134112\/saveclipapp-582604782-18547174387005217-4615677867561810026-n-e1776685291290.jpg","articleSection":["Poblenou Open Day","Gastronom\u00eda"],"inLanguage":"es"},{"@type":"WebPage","@id":"https:\/\/poblenouurbandistrict.com\/es\/tota-la-proposta-gastronomica-del-poblenou-open-day-4\/","url":"https:\/\/poblenouurbandistrict.com\/es\/tota-la-proposta-gastronomica-del-poblenou-open-day-4\/","name":"Toda la propuesta gastron\u00f3mica del Poblenou Open Day &#8211; Poblenou Urban District","isPartOf":{"@id":"https:\/\/poblenouurbandistrict.com\/es\/#website"},"primaryImageOfPage":{"@id":"https:\/\/poblenouurbandistrict.com\/es\/tota-la-proposta-gastronomica-del-poblenou-open-day-4\/#primaryimage"},"image":{"@id":"https:\/\/poblenouurbandistrict.com\/tota-la-proposta-gastronomica-del-poblenou-open-day-4\/#primaryimage"},"thumbnailUrl":"https:\/\/media.poblenouurbandistrict.com\/2026\/04\/20134112\/saveclipapp-582604782-18547174387005217-4615677867561810026-n-e1776685291290.jpg","datePublished":"2026-04-28T11:48:34+00:00","author":{"@id":"https:\/\/poblenouurbandistrict.com\/#\/schema\/person\/980a2cf34b399d5218205730acd54a7e"},"breadcrumb":{"@id":"https:\/\/poblenouurbandistrict.com\/es\/tota-la-proposta-gastronomica-del-poblenou-open-day-4\/#breadcrumb"},"inLanguage":"es","potentialAction":[{"@type":"ReadAction","target":[["https:\/\/poblenouurbandistrict.com\/es\/tota-la-proposta-gastronomica-del-poblenou-open-day-4\/"]]}]},{"@type":"ImageObject","inLanguage":"es","@id":"https:\/\/poblenouurbandistrict.com\/es\/tota-la-proposta-gastronomica-del-poblenou-open-day-4\/#primaryimage","url":"https:\/\/media.poblenouurbandistrict.com\/2026\/04\/20134112\/saveclipapp-582604782-18547174387005217-4615677867561810026-n-e1776685291290.jpg","contentUrl":"https:\/\/media.poblenouurbandistrict.com\/2026\/04\/20134112\/saveclipapp-582604782-18547174387005217-4615677867561810026-n-e1776685291290.jpg","width":1440,"height":1080},{"@type":"BreadcrumbList","@id":"https:\/\/poblenouurbandistrict.com\/es\/tota-la-proposta-gastronomica-del-poblenou-open-day-4\/#breadcrumb","itemListElement":[{"@type":"ListItem","position":1,"name":"Home","item":"https:\/\/poblenouurbandistrict.com\/es\/"},{"@type":"ListItem","position":2,"name":"Tota la proposta gastron\u00f2mica del Poblenou Open Day"}]},{"@type":"WebSite","@id":"https:\/\/poblenouurbandistrict.com\/es\/#website","url":"https:\/\/poblenouurbandistrict.com\/es\/","name":"Poblenou Urban District","description":"Comunidad Creativa","potentialAction":[{"@type":"SearchAction","target":{"@type":"EntryPoint","urlTemplate":"https:\/\/poblenouurbandistrict.com\/es\/?s={search_term_string}"},"query-input":{"@type":"PropertyValueSpecification","valueRequired":true,"valueName":"search_term_string"}}],"inLanguage":"es"},{"@type":"Person","@id":"https:\/\/poblenouurbandistrict.com\/#\/schema\/person\/980a2cf34b399d5218205730acd54a7e","name":"pnud","image":{"@type":"ImageObject","inLanguage":"es","@id":"https:\/\/secure.gravatar.com\/avatar\/67146597b405ee077a24e519f75c3e2031736596d6ce35af3a34c122c93d0d7b?s=96&d=retro&r=g","url":"https:\/\/secure.gravatar.com\/avatar\/67146597b405ee077a24e519f75c3e2031736596d6ce35af3a34c122c93d0d7b?s=96&d=retro&r=g","contentUrl":"https:\/\/secure.gravatar.com\/avatar\/67146597b405ee077a24e519f75c3e2031736596d6ce35af3a34c122c93d0d7b?s=96&d=retro&r=g","caption":"pnud"}}]}},"_links":{"self":[{"href":"https:\/\/poblenouurbandistrict.com\/es\/wp-json\/wp\/v2\/posts\/55916","targetHints":{"allow":["GET"]}}],"collection":[{"href":"https:\/\/poblenouurbandistrict.com\/es\/wp-json\/wp\/v2\/posts"}],"about":[{"href":"https:\/\/poblenouurbandistrict.com\/es\/wp-json\/wp\/v2\/types\/post"}],"author":[{"embeddable":true,"href":"https:\/\/poblenouurbandistrict.com\/es\/wp-json\/wp\/v2\/users\/5"}],"replies":[{"embeddable":true,"href":"https:\/\/poblenouurbandistrict.com\/es\/wp-json\/wp\/v2\/comments?post=55916"}],"version-history":[{"count":14,"href":"https:\/\/poblenouurbandistrict.com\/es\/wp-json\/wp\/v2\/posts\/55916\/revisions"}],"predecessor-version":[{"id":55930,"href":"https:\/\/poblenouurbandistrict.com\/es\/wp-json\/wp\/v2\/posts\/55916\/revisions\/55930"}],"wp:featuredmedia":[{"embeddable":true,"href":"https:\/\/poblenouurbandistrict.com\/es\/wp-json\/wp\/v2\/media\/55701"}],"wp:attachment":[{"href":"https:\/\/poblenouurbandistrict.com\/es\/wp-json\/wp\/v2\/media?parent=55916"}],"wp:term":[{"taxonomy":"category","embeddable":true,"href":"https:\/\/poblenouurbandistrict.com\/es\/wp-json\/wp\/v2\/categories?post=55916"},{"taxonomy":"post_tag","embeddable":true,"href":"https:\/\/poblenouurbandistrict.com\/es\/wp-json\/wp\/v2\/tags?post=55916"}],"curies":[{"name":"wp","href":"https:\/\/api.w.org\/{rel}","templated":true}]}}