{"id":55937,"date":"2026-04-29T11:21:33","date_gmt":"2026-04-29T09:21:33","guid":{"rendered":"https:\/\/poblenouurbandistrict.com\/?p=55937"},"modified":"2026-04-29T11:46:28","modified_gmt":"2026-04-29T09:46:28","slug":"tallers-xerrades-i-activitats-per-a-tothom-al-poblenou-open-day-2","status":"publish","type":"post","link":"https:\/\/poblenouurbandistrict.com\/es\/tallers-xerrades-i-activitats-per-a-tothom-al-poblenou-open-day-2\/","title":{"rendered":"Talleres, charlas y actividades para todos en el Poblenou Open Day"},"content":{"rendered":"<p>Con motivo del Open Day, este 9 de mayo varios espacios asociados a Poblenou Urban District han organizado una variada programaci\u00f3n de talleres, charlas y actividades. Una oportunidad perfecta para aprender, inspirarte y vivir nuevas experiencias en un ambiente creativo. Aqu\u00ed te contamos m\u00e1s:<\/p>\n<p>&nbsp;<\/p>\n<div class=\"location-content\">\n<h3><span style=\"color: #333333;\"><a style=\"color: #333333;\" href=\"https:\/\/blit.studio\/pages\/unfolded\">UNFOLDED by Blit.<\/a><\/span><\/h3>\n<p>Unfolded es el laboratorio creativo de blit., donde se experimenta con IA y formatos como viajes virtuales, escenograf\u00edas digitales y mapping. Descubre NOCTURNA, experiencia gastron\u00f3mica multisensorial que fusiona arte y tecnolog\u00eda. Las instalaciones interactivas y ef\u00edmeras invitan a participar activamente, conectando arte y espectador. El arte y la tecnolog\u00eda se unen en una experiencia inmersiva donde las barreras entre lo digital y lo f\u00edsico se disuelven.<\/p>\n<p><a href=\"http:\/\/google.com\/url?q=https:\/\/blit.studio\/&amp;sa=D&amp;source=editors&amp;ust=1776420326872821&amp;usg=AOvVaw34xnHNuQdH2HeEr1hkr2gA\">Reserva a trav\u00e9s de su web o por tel\u00e9fono.<\/a><\/p>\n<div class=\"location-content\">\n<h6 style=\"text-align: center;\" data-start=\"553\" data-end=\"623\">Pallars, 84-88 6\u00e8 1a<br \/>\n<strong>11h a 20h<\/strong><\/h6>\n<p>&nbsp;<\/p>\n<h3 data-start=\"146\" data-end=\"180\"><span style=\"color: #333333;\"><a style=\"color: #333333;\" href=\"https:\/\/barcelonaschoolofcreativity.com\/\"><strong data-start=\"146\" data-end=\"180\">Barcelona School of Creativity<\/strong><\/a><\/span><\/h3>\n<p data-start=\"17\" data-end=\"499\">Barcelona School of Creativity presenta el taller de MALA HIERBA, con 3 horas de creatividad salvaje. Una ma\u00f1ana para conectar con la creatividad, aflojar el cuerpo, mover la atenci\u00f3n y crear. Un espacio para detenerte, sentir y salir del ruido cotidiano. Y entender que no hace falta inspiraci\u00f3n externa para crear desde un lugar genuino.<br data-start=\"356\" data-end=\"359\" \/>Aprende a disfrutar del proceso creativo y conoce el trabajo de Creatividad Inside-Out en este workshop. Es imprescindible inscribirse <strong><a href=\"https:\/\/www.creatividadinsideout.com\/malahierba_26\">aqu\u00ed<\/a><\/strong>.<\/p>\n<h6 style=\"text-align: center;\" data-start=\"598\" data-end=\"645\"><span style=\"color: #333333;\">Pallars 65, interior, Nau 4<\/span><br data-start=\"625\" data-end=\"628\" \/><span style=\"color: #333333;\">10.30 h a 13.30 h<\/span><\/h6>\n<h3 data-start=\"647\" data-end=\"675\"><\/h3>\n<h3 data-start=\"647\" data-end=\"675\"><span style=\"color: #333333;\"><a style=\"color: #333333;\" href=\"https:\/\/www.fxbarcelonafilmschool.com\/es\"><strong data-start=\"647\" data-end=\"675\">FX Barcelona Film School<\/strong><\/a><\/span><\/h3>\n<p data-path-to-node=\"2\">FX Barcelona Film School abre sus puertas por el Poblenou Open Day. El campus ofrecer\u00e1 talleres de cine, 3D y videojuegos, exposiciones y proyecciones de cortos con coloquios con sus directores. La jornada incluye m\u00fasica en directo, intervenciones de arte del WAC y un rooftop con barbacoa gourmet y vinos naturales. Una inmersi\u00f3n total en el proceso creativo con acceso libre.<\/p>\n<h6 style=\"text-align: center;\" data-start=\"1323\" data-end=\"1349\"><span style=\"color: #333333;\">Pujades, 112<\/span><br data-start=\"1335\" data-end=\"1338\" \/><span style=\"color: #333333;\">11 h a 23 h<\/span><\/h6>\n<h3 data-start=\"1351\" data-end=\"1378\"><\/h3>\n<h3><a href=\"https:\/\/www.baued.es\/\">BAU<\/a><\/h3>\n<p data-start=\"17\" data-end=\"165\">Coincidiendo con las Jornadas de Puertas Abiertas del centro, BAU ha programado toda una tarde de ocio y cultura en la entrada del Edificio Pujades:<\/p>\n<ul>\n<li data-start=\"167\" data-end=\"319\">12:00 \u2013 14:00 \u2013\u00a0<strong>Vermut para los asistentes a Puertas Abiertas<\/strong><\/li>\n<li data-start=\"167\" data-end=\"319\">17:00 \u2013 18:00 \u2013\u00a0<strong>Concierto de Perd\u00f3n Domingo<\/strong><\/li>\n<li data-start=\"167\" data-end=\"319\">18:00 \u2013 19:00 \u2013<strong>\u00a0DJ Set de Perd\u00f3n Domingo<\/strong><\/li>\n<\/ul>\n<p data-start=\"321\" data-end=\"547\">Adem\u00e1s, durante toda la tarde y hasta las 20:00, el Consejo de Estudiantes de BAU tendr\u00e1 su propio puesto donde varios estudiantes del Grado en Dise\u00f1o y del Grado en Bellas Artes mostrar\u00e1n sus obras, disponibles para la venta.<\/p>\n<h6 style=\"text-align: center;\" data-start=\"1802\" data-end=\"1840\"><span style=\"color: #333333;\">Ciutat de Granada, 53-57<\/span><br data-start=\"1826\" data-end=\"1829\" \/><span style=\"color: #333333;\">12 h a 19 h<\/span><\/h6>\n<h3 data-start=\"1842\" data-end=\"1859\"><\/h3>\n<h3 data-start=\"1842\" data-end=\"1859\"><span style=\"color: #333333;\"><a style=\"color: #333333;\" href=\"https:\/\/barcelona.lcieducation.com\/es\"><strong data-start=\"1842\" data-end=\"1859\">LCI BARCELONA<\/strong><\/a><\/span><\/h3>\n<p data-path-to-node=\"5\">LCI Barcelona abre sus puertas para ofrecer un recorrido por las diferentes plantas de su emblem\u00e1tico edificio. Una experiencia doble donde los visitantes podr\u00e1n admirar la arquitectura de vanguardia del espacio y, al mismo tiempo, descubrir de cerca los proyectos m\u00e1s innovadores del alumnado de todas las \u00e1reas creativas de la escuela.<\/p>\n<h6 style=\"text-align: center;\" data-start=\"2573\" data-end=\"2597\">\u00c0laba, 124<br data-start=\"2583\" data-end=\"2586\" \/>12 h a 17 h<\/h6>\n<h3><\/h3>\n<h3><a href=\"https:\/\/www.futur-2.com\/\">Futur2<\/a><\/h3>\n<footer>\n<p data-start=\"461\" data-end=\"797\">Futur celebra tres d\u00e9cadas de dise\u00f1o con una jornada que explora c\u00f3mo los espacios han evolucionado hacia experiencias inmersivas. La programaci\u00f3n incluye una exposici\u00f3n retrospectiva y un coloquio, seguidos de la inauguraci\u00f3n de sus nuevas oficinas y la Futur Party con DJ y presentaci\u00f3n de su nueva identidad visual.<\/p>\n<p data-start=\"799\" data-end=\"935\">16.30h Apertura<br data-start=\"814\" data-end=\"817\" \/>17.00h Exposici\u00f3n<br data-start=\"834\" data-end=\"837\" \/>17.30h Coloquio<br data-start=\"852\" data-end=\"855\" \/>19.00h Futur Party e inauguraci\u00f3n<br data-start=\"888\" data-end=\"891\" data-is-only-node=\"\" \/>19.30h Rebrand reveal<br data-start=\"912\" data-end=\"915\" \/>19.00h \u2013 23.00h DJ<\/p>\n<p data-start=\"1253\" data-end=\"1378\" data-is-last-node=\"\" data-is-only-node=\"\"><a href=\"https:\/\/www.eventbrite.es\/e\/futur2-rebrand-reveal-new-space-opening-party-tickets-1987492088338?aff=oddtdtcreator&amp;utm_source=ig&amp;utm_medium=social&amp;utm_content=link_in_bio&amp;fbclid=PAdGRzdgRW3HdleHRuA2FlbQIxMQBzcnRjBmFwcF9pZA81NjcwNjczNDMzNTI0MjcAAacEh5GShiG4QLLj8g4hWB5GBmSwvY2LugaxfgHPr307QjmeVRuFdrBPBgcOhQ_aem_jWtU2TCCctBWEGRMnXa2dw&amp;utm_id=97760_v0_s00_e0_tv3_a1dennhb6wwcub\">Reserva tu plaza a trav\u00e9s de este enlace.<\/a><\/p>\n<\/footer>\n<div class=\"location-content\">\n<h6 style=\"text-align: center;\">Llull, 51, 6\u00e8 4a<br \/>\n<strong>16:30 h a 23 h<\/strong><\/h6>\n<\/div>\n<div class=\"location-content\">\n<h3><\/h3>\n<h3><span style=\"color: #333333;\"><a style=\"color: #333333;\" href=\"https:\/\/alfa5xrsports.com\/\">Alfa5<\/a><\/span><\/h3>\n<footer>\n<p data-start=\"344\" data-end=\"607\">Un espacio inmersivo donde la tecnolog\u00eda, la luz y el movimiento crean experiencias interactivas para jugar, competir y divertirse. Hasta 9 actividades para disfrutar en grupo. El 9 de mayo, 50% de descuento con el c\u00f3digo ALFAOPENDAY durante el Poblenou Open Day.<\/p>\n<\/footer>\n<div class=\"location-content\">\n<h6 style=\"text-align: center;\"><span style=\"color: #333333;\">Almog\u00e0vers, 169<br \/>\n<\/span><span style=\"color: #333333;\"><strong>10 h a 20h<\/strong><\/span><\/h6>\n<\/div>\n<\/div>\n<h3><\/h3>\n<h3><span style=\"color: #333333;\"><a style=\"color: #333333;\" href=\"https:\/\/bridge48.com\/\">BRIDGE_48<\/a><\/span><\/h3>\n<div class=\"location-content\">\n<p data-start=\"522\" data-end=\"864\">En el marco del Poblenou Open Day, BRIDGE_48 se transforma en un espacio donde sonido y comunidad convergen. La jornada incluye escuchas inmersivas 5.1 con AUDE dedicadas a artistas ic\u00f3nicos, talleres de DJ para iniciarse en la mezcla, m\u00e1s de 16 DJs en cuatro espacios y el directo de Carynia con una propuesta performativa.<\/p>\n<p data-start=\"866\" data-end=\"1052\">Los estudios abiertos invitan a descubrir procesos creativos en vivo, con sesiones y encuentros espont\u00e1neos. Tambi\u00e9n habr\u00e1 barbacoa al aire libre para compartir y disfrutar del ambiente.<\/p>\n<p data-start=\"0\" data-end=\"325\"><span style=\"text-align: center;\">Llull, 48 baixos esquerra<\/span><\/p>\n<h6 style=\"text-align: center;\">11h a 23h<\/h6>\n<h3><a href=\"https:\/\/onairbarcelona.com\/\">Onair Barcelona<\/a><\/h3>\n<div class=\"location-content\">\n<p data-start=\"0\" data-end=\"325\">Onair Barcelona convida a gaudir d\u2019una Jam de Dansa A\u00e8ria, una proposta plena de moviment que combina acrob\u00e0cies amb el millor ambient del barri. La jornada estar\u00e0 acompanyada de bona m\u00fasica i servei de begudes per gaudir de l\u2019espectacle o participar-hi en un entorn relaxat i creatiu.<\/p>\n<h6 style=\"text-align: center;\">Pere IV, 99<br \/>\n18 h a 21 h<\/h6>\n<\/div>\n<\/div>\n<\/div>\n<\/div>\n<p><\/p>","protected":false},"excerpt":{"rendered":"<p>Con motivo del Open Day, este 9 de mayo varios espacios asociados a Poblenou Urban District han organizado una variada&#8230; <a href=\"https:\/\/poblenouurbandistrict.com\/es\/tallers-xerrades-i-activitats-per-a-tothom-al-poblenou-open-day-2\/\">M\u00e1s  \u2192<\/a><\/p>\n","protected":false},"author":5,"featured_media":55713,"comment_status":"closed","ping_status":"closed","sticky":false,"template":"","format":"standard","meta":{"_acf_changed":false,"footnotes":""},"categories":[3629,3596,3565],"tags":[],"class_list":["post-55937","post","type-post","status-publish","format-standard","has-post-thumbnail","hentry","category-xerrades","category-tallers","category-poblenou-open-day"],"acf":[],"yoast_head":"<!-- This site is optimized with the Yoast SEO plugin v27.5 - https:\/\/yoast.com\/product\/yoast-seo-wordpress\/ -->\n<title>Talleres, charlas y actividades para todos en el Poblenou Open Day &#8211; Poblenou Urban District<\/title>\n<meta name=\"robots\" content=\"index, follow, max-snippet:-1, max-image-preview:large, max-video-preview:-1\" \/>\n<link rel=\"canonical\" href=\"https:\/\/poblenouurbandistrict.com\/es\/tallers-xerrades-i-activitats-per-a-tothom-al-poblenou-open-day-2\/\" \/>\n<meta property=\"og:locale\" content=\"es_ES\" \/>\n<meta property=\"og:type\" content=\"article\" \/>\n<meta property=\"og:title\" content=\"Talleres, charlas y actividades para todos en el Poblenou Open Day &#8211; Poblenou Urban District\" \/>\n<meta property=\"og:description\" content=\"Con motivo del Open Day, este 9 de mayo varios espacios asociados a Poblenou Urban District han organizado una variada... M\u00e1s \u2192\" \/>\n<meta property=\"og:url\" content=\"https:\/\/poblenouurbandistrict.com\/es\/tallers-xerrades-i-activitats-per-a-tothom-al-poblenou-open-day-2\/\" \/>\n<meta property=\"og:site_name\" content=\"Poblenou Urban District\" \/>\n<meta property=\"article:published_time\" content=\"2026-04-29T09:21:33+00:00\" \/>\n<meta property=\"article:modified_time\" content=\"2026-04-29T09:46:28+00:00\" \/>\n<meta property=\"og:image\" content=\"https:\/\/media.poblenouurbandistrict.com\/2026\/04\/21121641\/image-3.webp\" \/>\n\t<meta property=\"og:image:width\" content=\"1880\" \/>\n\t<meta property=\"og:image:height\" content=\"940\" \/>\n\t<meta property=\"og:image:type\" content=\"image\/webp\" \/>\n<meta name=\"author\" content=\"pnud\" \/>\n<meta name=\"twitter:card\" content=\"summary_large_image\" \/>\n<meta name=\"twitter:label1\" content=\"Escrito por\" \/>\n\t<meta name=\"twitter:data1\" content=\"pnud\" \/>\n\t<meta name=\"twitter:label2\" content=\"Tiempo de lectura\" \/>\n\t<meta name=\"twitter:data2\" content=\"4 minutos\" \/>\n<script type=\"application\/ld+json\" class=\"yoast-schema-graph\">{\"@context\":\"https:\\\/\\\/schema.org\",\"@graph\":[{\"@type\":\"Article\",\"@id\":\"https:\\\/\\\/poblenouurbandistrict.com\\\/tallers-xerrades-i-activitats-per-a-tothom-al-poblenou-open-day-2\\\/#article\",\"isPartOf\":{\"@id\":\"https:\\\/\\\/poblenouurbandistrict.com\\\/tallers-xerrades-i-activitats-per-a-tothom-al-poblenou-open-day-2\\\/\"},\"author\":{\"name\":\"pnud\",\"@id\":\"https:\\\/\\\/poblenouurbandistrict.com\\\/#\\\/schema\\\/person\\\/980a2cf34b399d5218205730acd54a7e\"},\"headline\":\"Talleres, charlas y actividades para todos en el Poblenou Open Day\",\"datePublished\":\"2026-04-29T09:21:33+00:00\",\"dateModified\":\"2026-04-29T09:46:28+00:00\",\"mainEntityOfPage\":{\"@id\":\"https:\\\/\\\/poblenouurbandistrict.com\\\/tallers-xerrades-i-activitats-per-a-tothom-al-poblenou-open-day-2\\\/\"},\"wordCount\":2162,\"image\":{\"@id\":\"https:\\\/\\\/poblenouurbandistrict.com\\\/tallers-xerrades-i-activitats-per-a-tothom-al-poblenou-open-day-2\\\/#primaryimage\"},\"thumbnailUrl\":\"https:\\\/\\\/media.poblenouurbandistrict.com\\\/2026\\\/04\\\/21121641\\\/image-3.webp\",\"articleSection\":[\"Xerrades\",\"Tallers\",\"Poblenou Open Day\"],\"inLanguage\":\"es\"},{\"@type\":\"WebPage\",\"@id\":\"https:\\\/\\\/poblenouurbandistrict.com\\\/es\\\/tallers-xerrades-i-activitats-per-a-tothom-al-poblenou-open-day-2\\\/\",\"url\":\"https:\\\/\\\/poblenouurbandistrict.com\\\/es\\\/tallers-xerrades-i-activitats-per-a-tothom-al-poblenou-open-day-2\\\/\",\"name\":\"Talleres, charlas y actividades para todos en el Poblenou Open Day &#8211; Poblenou Urban District\",\"isPartOf\":{\"@id\":\"https:\\\/\\\/poblenouurbandistrict.com\\\/es\\\/#website\"},\"primaryImageOfPage\":{\"@id\":\"https:\\\/\\\/poblenouurbandistrict.com\\\/es\\\/tallers-xerrades-i-activitats-per-a-tothom-al-poblenou-open-day-2\\\/#primaryimage\"},\"image\":{\"@id\":\"https:\\\/\\\/poblenouurbandistrict.com\\\/tallers-xerrades-i-activitats-per-a-tothom-al-poblenou-open-day-2\\\/#primaryimage\"},\"thumbnailUrl\":\"https:\\\/\\\/media.poblenouurbandistrict.com\\\/2026\\\/04\\\/21121641\\\/image-3.webp\",\"datePublished\":\"2026-04-29T09:21:33+00:00\",\"dateModified\":\"2026-04-29T09:46:28+00:00\",\"author\":{\"@id\":\"https:\\\/\\\/poblenouurbandistrict.com\\\/#\\\/schema\\\/person\\\/980a2cf34b399d5218205730acd54a7e\"},\"breadcrumb\":{\"@id\":\"https:\\\/\\\/poblenouurbandistrict.com\\\/es\\\/tallers-xerrades-i-activitats-per-a-tothom-al-poblenou-open-day-2\\\/#breadcrumb\"},\"inLanguage\":\"es\",\"potentialAction\":[{\"@type\":\"ReadAction\",\"target\":[[\"https:\\\/\\\/poblenouurbandistrict.com\\\/es\\\/tallers-xerrades-i-activitats-per-a-tothom-al-poblenou-open-day-2\\\/\"]]}]},{\"@type\":\"ImageObject\",\"inLanguage\":\"es\",\"@id\":\"https:\\\/\\\/poblenouurbandistrict.com\\\/es\\\/tallers-xerrades-i-activitats-per-a-tothom-al-poblenou-open-day-2\\\/#primaryimage\",\"url\":\"https:\\\/\\\/media.poblenouurbandistrict.com\\\/2026\\\/04\\\/21121641\\\/image-3.webp\",\"contentUrl\":\"https:\\\/\\\/media.poblenouurbandistrict.com\\\/2026\\\/04\\\/21121641\\\/image-3.webp\",\"width\":1880,\"height\":940},{\"@type\":\"BreadcrumbList\",\"@id\":\"https:\\\/\\\/poblenouurbandistrict.com\\\/es\\\/tallers-xerrades-i-activitats-per-a-tothom-al-poblenou-open-day-2\\\/#breadcrumb\",\"itemListElement\":[{\"@type\":\"ListItem\",\"position\":1,\"name\":\"Home\",\"item\":\"https:\\\/\\\/poblenouurbandistrict.com\\\/es\\\/\"},{\"@type\":\"ListItem\",\"position\":2,\"name\":\"Tallers, xerrades i activitats per a tothom al Poblenou Open Day\"}]},{\"@type\":\"WebSite\",\"@id\":\"https:\\\/\\\/poblenouurbandistrict.com\\\/es\\\/#website\",\"url\":\"https:\\\/\\\/poblenouurbandistrict.com\\\/es\\\/\",\"name\":\"Poblenou Urban District\",\"description\":\"Comunidad Creativa\",\"potentialAction\":[{\"@type\":\"SearchAction\",\"target\":{\"@type\":\"EntryPoint\",\"urlTemplate\":\"https:\\\/\\\/poblenouurbandistrict.com\\\/es\\\/?s={search_term_string}\"},\"query-input\":{\"@type\":\"PropertyValueSpecification\",\"valueRequired\":true,\"valueName\":\"search_term_string\"}}],\"inLanguage\":\"es\"},{\"@type\":\"Person\",\"@id\":\"https:\\\/\\\/poblenouurbandistrict.com\\\/#\\\/schema\\\/person\\\/980a2cf34b399d5218205730acd54a7e\",\"name\":\"pnud\",\"image\":{\"@type\":\"ImageObject\",\"inLanguage\":\"es\",\"@id\":\"https:\\\/\\\/secure.gravatar.com\\\/avatar\\\/67146597b405ee077a24e519f75c3e2031736596d6ce35af3a34c122c93d0d7b?s=96&d=retro&r=g\",\"url\":\"https:\\\/\\\/secure.gravatar.com\\\/avatar\\\/67146597b405ee077a24e519f75c3e2031736596d6ce35af3a34c122c93d0d7b?s=96&d=retro&r=g\",\"contentUrl\":\"https:\\\/\\\/secure.gravatar.com\\\/avatar\\\/67146597b405ee077a24e519f75c3e2031736596d6ce35af3a34c122c93d0d7b?s=96&d=retro&r=g\",\"caption\":\"pnud\"}}]}<\/script>\n<!-- \/ Yoast SEO plugin. -->","yoast_head_json":{"title":"Talleres, charlas y actividades para todos en el Poblenou Open Day &#8211; Poblenou Urban District","robots":{"index":"index","follow":"follow","max-snippet":"max-snippet:-1","max-image-preview":"max-image-preview:large","max-video-preview":"max-video-preview:-1"},"canonical":"https:\/\/poblenouurbandistrict.com\/es\/tallers-xerrades-i-activitats-per-a-tothom-al-poblenou-open-day-2\/","og_locale":"es_ES","og_type":"article","og_title":"Talleres, charlas y actividades para todos en el Poblenou Open Day &#8211; Poblenou Urban District","og_description":"Con motivo del Open Day, este 9 de mayo varios espacios asociados a Poblenou Urban District han organizado una variada... M\u00e1s \u2192","og_url":"https:\/\/poblenouurbandistrict.com\/es\/tallers-xerrades-i-activitats-per-a-tothom-al-poblenou-open-day-2\/","og_site_name":"Poblenou Urban District","article_published_time":"2026-04-29T09:21:33+00:00","article_modified_time":"2026-04-29T09:46:28+00:00","og_image":[{"width":1880,"height":940,"url":"https:\/\/media.poblenouurbandistrict.com\/2026\/04\/21121641\/image-3.webp","type":"image\/webp"}],"author":"pnud","twitter_card":"summary_large_image","twitter_misc":{"Escrito por":"pnud","Tiempo de lectura":"4 minutos"},"schema":{"@context":"https:\/\/schema.org","@graph":[{"@type":"Article","@id":"https:\/\/poblenouurbandistrict.com\/tallers-xerrades-i-activitats-per-a-tothom-al-poblenou-open-day-2\/#article","isPartOf":{"@id":"https:\/\/poblenouurbandistrict.com\/tallers-xerrades-i-activitats-per-a-tothom-al-poblenou-open-day-2\/"},"author":{"name":"pnud","@id":"https:\/\/poblenouurbandistrict.com\/#\/schema\/person\/980a2cf34b399d5218205730acd54a7e"},"headline":"Talleres, charlas y actividades para todos en el Poblenou Open Day","datePublished":"2026-04-29T09:21:33+00:00","dateModified":"2026-04-29T09:46:28+00:00","mainEntityOfPage":{"@id":"https:\/\/poblenouurbandistrict.com\/tallers-xerrades-i-activitats-per-a-tothom-al-poblenou-open-day-2\/"},"wordCount":2162,"image":{"@id":"https:\/\/poblenouurbandistrict.com\/tallers-xerrades-i-activitats-per-a-tothom-al-poblenou-open-day-2\/#primaryimage"},"thumbnailUrl":"https:\/\/media.poblenouurbandistrict.com\/2026\/04\/21121641\/image-3.webp","articleSection":["Xerrades","Tallers","Poblenou Open Day"],"inLanguage":"es"},{"@type":"WebPage","@id":"https:\/\/poblenouurbandistrict.com\/es\/tallers-xerrades-i-activitats-per-a-tothom-al-poblenou-open-day-2\/","url":"https:\/\/poblenouurbandistrict.com\/es\/tallers-xerrades-i-activitats-per-a-tothom-al-poblenou-open-day-2\/","name":"Talleres, charlas y actividades para todos en el Poblenou Open Day &#8211; Poblenou Urban District","isPartOf":{"@id":"https:\/\/poblenouurbandistrict.com\/es\/#website"},"primaryImageOfPage":{"@id":"https:\/\/poblenouurbandistrict.com\/es\/tallers-xerrades-i-activitats-per-a-tothom-al-poblenou-open-day-2\/#primaryimage"},"image":{"@id":"https:\/\/poblenouurbandistrict.com\/tallers-xerrades-i-activitats-per-a-tothom-al-poblenou-open-day-2\/#primaryimage"},"thumbnailUrl":"https:\/\/media.poblenouurbandistrict.com\/2026\/04\/21121641\/image-3.webp","datePublished":"2026-04-29T09:21:33+00:00","dateModified":"2026-04-29T09:46:28+00:00","author":{"@id":"https:\/\/poblenouurbandistrict.com\/#\/schema\/person\/980a2cf34b399d5218205730acd54a7e"},"breadcrumb":{"@id":"https:\/\/poblenouurbandistrict.com\/es\/tallers-xerrades-i-activitats-per-a-tothom-al-poblenou-open-day-2\/#breadcrumb"},"inLanguage":"es","potentialAction":[{"@type":"ReadAction","target":[["https:\/\/poblenouurbandistrict.com\/es\/tallers-xerrades-i-activitats-per-a-tothom-al-poblenou-open-day-2\/"]]}]},{"@type":"ImageObject","inLanguage":"es","@id":"https:\/\/poblenouurbandistrict.com\/es\/tallers-xerrades-i-activitats-per-a-tothom-al-poblenou-open-day-2\/#primaryimage","url":"https:\/\/media.poblenouurbandistrict.com\/2026\/04\/21121641\/image-3.webp","contentUrl":"https:\/\/media.poblenouurbandistrict.com\/2026\/04\/21121641\/image-3.webp","width":1880,"height":940},{"@type":"BreadcrumbList","@id":"https:\/\/poblenouurbandistrict.com\/es\/tallers-xerrades-i-activitats-per-a-tothom-al-poblenou-open-day-2\/#breadcrumb","itemListElement":[{"@type":"ListItem","position":1,"name":"Home","item":"https:\/\/poblenouurbandistrict.com\/es\/"},{"@type":"ListItem","position":2,"name":"Tallers, xerrades i activitats per a tothom al Poblenou Open Day"}]},{"@type":"WebSite","@id":"https:\/\/poblenouurbandistrict.com\/es\/#website","url":"https:\/\/poblenouurbandistrict.com\/es\/","name":"Poblenou Urban District","description":"Comunidad Creativa","potentialAction":[{"@type":"SearchAction","target":{"@type":"EntryPoint","urlTemplate":"https:\/\/poblenouurbandistrict.com\/es\/?s={search_term_string}"},"query-input":{"@type":"PropertyValueSpecification","valueRequired":true,"valueName":"search_term_string"}}],"inLanguage":"es"},{"@type":"Person","@id":"https:\/\/poblenouurbandistrict.com\/#\/schema\/person\/980a2cf34b399d5218205730acd54a7e","name":"pnud","image":{"@type":"ImageObject","inLanguage":"es","@id":"https:\/\/secure.gravatar.com\/avatar\/67146597b405ee077a24e519f75c3e2031736596d6ce35af3a34c122c93d0d7b?s=96&d=retro&r=g","url":"https:\/\/secure.gravatar.com\/avatar\/67146597b405ee077a24e519f75c3e2031736596d6ce35af3a34c122c93d0d7b?s=96&d=retro&r=g","contentUrl":"https:\/\/secure.gravatar.com\/avatar\/67146597b405ee077a24e519f75c3e2031736596d6ce35af3a34c122c93d0d7b?s=96&d=retro&r=g","caption":"pnud"}}]}},"_links":{"self":[{"href":"https:\/\/poblenouurbandistrict.com\/es\/wp-json\/wp\/v2\/posts\/55937","targetHints":{"allow":["GET"]}}],"collection":[{"href":"https:\/\/poblenouurbandistrict.com\/es\/wp-json\/wp\/v2\/posts"}],"about":[{"href":"https:\/\/poblenouurbandistrict.com\/es\/wp-json\/wp\/v2\/types\/post"}],"author":[{"embeddable":true,"href":"https:\/\/poblenouurbandistrict.com\/es\/wp-json\/wp\/v2\/users\/5"}],"replies":[{"embeddable":true,"href":"https:\/\/poblenouurbandistrict.com\/es\/wp-json\/wp\/v2\/comments?post=55937"}],"version-history":[{"count":21,"href":"https:\/\/poblenouurbandistrict.com\/es\/wp-json\/wp\/v2\/posts\/55937\/revisions"}],"predecessor-version":[{"id":55975,"href":"https:\/\/poblenouurbandistrict.com\/es\/wp-json\/wp\/v2\/posts\/55937\/revisions\/55975"}],"wp:featuredmedia":[{"embeddable":true,"href":"https:\/\/poblenouurbandistrict.com\/es\/wp-json\/wp\/v2\/media\/55713"}],"wp:attachment":[{"href":"https:\/\/poblenouurbandistrict.com\/es\/wp-json\/wp\/v2\/media?parent=55937"}],"wp:term":[{"taxonomy":"category","embeddable":true,"href":"https:\/\/poblenouurbandistrict.com\/es\/wp-json\/wp\/v2\/categories?post=55937"},{"taxonomy":"post_tag","embeddable":true,"href":"https:\/\/poblenouurbandistrict.com\/es\/wp-json\/wp\/v2\/tags?post=55937"}],"curies":[{"name":"wp","href":"https:\/\/api.w.org\/{rel}","templated":true}]}}