{"id":55958,"date":"2026-04-29T11:48:42","date_gmt":"2026-04-29T09:48:42","guid":{"rendered":"https:\/\/poblenouurbandistrict.com\/?p=55958"},"modified":"2026-04-29T11:48:42","modified_gmt":"2026-04-29T09:48:42","slug":"art-i-creativitat-les-propostes-del-poblenou-open-day-2","status":"publish","type":"post","link":"https:\/\/poblenouurbandistrict.com\/es\/art-i-creativitat-les-propostes-del-poblenou-open-day-2\/","title":{"rendered":"Arte y creatividad: las propuestas del Poblenou Open Day"},"content":{"rendered":"<p>Museos y galerias de arte vinculados a Poblenou Urban District abrir\u00e1n sus puertas el pr\u00f3ximo 9 de mayo para celebrar el Open Day. Una jornada para descubrir arte y dise\u00f1o a trav\u00e9s de diferentes formatos, cat\u00e1logos y exposiciones.<\/p>\n<h3><\/h3>\n<h3 style=\"text-align: left;\"><strong><a href=\"https:\/\/www.paloalto.barcelona\/expogest\">Fundaci\u00f3n Palo Alto<\/a><\/strong><\/h3>\n<p data-path-to-node=\"5\">Palo Alto acoge \u00abArt en Connexi\u00f3\u00bb, una jornada que vincula el arte emergente de Catalunya con la creatividad ucraniana contempor\u00e1nea. El programa incluye la exposici\u00f3n \u00abFem art\u00bb, con proyectos de escuelas de dise\u00f1o catalanas, y el espacio \u00abUA Culture Lab\u00bb, con una muestra de Daria Alyoshkina, talleres, DJ y venta de obra. El evento es una iniciativa del Centre Cultural Ucra\u00efn\u00e8s y la Fundaci\u00f3 Palo Alto, y toda la recaudaci\u00f3n se destinar\u00e1 a fines ben\u00e9ficos.<\/p>\n<h6 style=\"text-align: center;\">Pellaires 30 &#8211; 38<br \/>\n11h a 00h<\/h6>\n<h3 data-start=\"823\" data-end=\"848\"><\/h3>\n<h3 data-start=\"823\" data-end=\"848\"><span style=\"color: #333333;\"><a style=\"color: #333333;\" href=\"https:\/\/www.dissenyhub.barcelona\/\"><strong data-start=\"823\" data-end=\"848\">Disseny Hub Barcelona<\/strong><\/a><\/span><\/h3>\n<p>Disseny Hub Barcelona abre sus puertas de forma gratuita durante todo el s\u00e1bado 9 de mayo. Descubre su variedad de exposiciones permanentes y una muestra temporal:<\/p>\n<ul>\n<li><a href=\"https:\/\/ajuntament.barcelona.cat\/museudeldisseny\/ca\/exposicio\/objectes-comuns-histories-locals-debats-globals\">\u201cObjectes comuns. Hist\u00f2ries locals, debats globals\u201d<\/a><\/li>\n<li><a href=\"https:\/\/ajuntament.barcelona.cat\/museudeldisseny\/ca\/exposicio\/el-cos-vestit-siluetes-i-moda-1550-2015\">\u201cEl cos vestit. Siluetes i moda (1550-2015)\u201d<\/a><\/li>\n<li><a href=\"https:\/\/ajuntament.barcelona.cat\/museudeldisseny\/ca\/exposicio\/dissenyes-o-treballes-la-nova-comunicacio-visual-1980-2003\">\u201cDissenyes o treballes? La nova comunicaci\u00f3 visual (1980-2003)\u201d<\/a><\/li>\n<li><a href=\"https:\/\/www.dissenyhub.barcelona\/ca\/exposicio\/matter-matters-dissenyar-amb-el-mon\">Matter Matters. Dissenyar amb el m\u00f3n<\/a><\/li>\n<li><a href=\"https:\/\/www.dissenyhub.barcelona\/ca\/exposicio\/tecniques-del-ferro-del-treball-artesanal-la-produccio-industrial\">T\u00e8cniques del ferro. Del treball artesanal a la producci\u00f3 industrial.<\/a><\/li>\n<\/ul>\n<h6 style=\"text-align: center;\" data-start=\"1293\" data-end=\"1340\"><span style=\"color: #333333;\">Pl. de les Gl\u00f2ries Catalanes, 37-38<\/span><br data-start=\"1328\" data-end=\"1331\" \/><span style=\"color: #333333;\">10h a 20h<\/span><\/h6>\n<h3 data-start=\"1342\" data-end=\"1359\"><span style=\"color: #333333;\"><a style=\"color: #333333;\" href=\"https:\/\/laplataformabcn.com\/\"><strong data-start=\"1342\" data-end=\"1359\">La Plataforma<\/strong><\/a><\/span><\/h3>\n<p>La Plataforma presenta el opening de \u201cEsfinges\u201d, de la artista Blanca Haddad, una propuesta que invita a adentrarse en un universo simb\u00f3lico y sugerente. La jornada comienza con una preview exclusiva hasta las 15h con reserva previa. A partir de las 15h, el espacio se transforma con sesiones de DJ, una performance po\u00e9tica de la artista a las 18h, cocteler\u00eda y un corner de venta del archivo en papel de la galer\u00eda.<\/p>\n<h6 style=\"text-align: center;\" data-start=\"1654\" data-end=\"1677\"><span style=\"color: #333333;\">Pujades, 99<\/span><br data-start=\"1665\" data-end=\"1668\" \/><span style=\"color: #333333;\">11h a 22h<\/span><\/h6>\n<h6 style=\"text-align: center;\" data-start=\"273\" data-end=\"423\"><\/h6>\n<h3><span style=\"color: #333333;\"><a style=\"color: #333333;\" href=\"https:\/\/fundaciocarulla.cat\/\">Sala Barcelona del Museu Terra<\/a><\/span><\/h3>\n<div class=\"location-content\">\n<p data-path-to-node=\"5\">La Sala Barcelona del Museu Terra presenta una propuesta de arte y reflexi\u00f3n ambiental con un taller de estampaci\u00f3n a cargo de Ana Mercau, utilizando materiales reutilizados, y visitas guiadas gratuitas a la exposici\u00f3n \u00abPl\u00e0stic. Genial o pervers?\u00bb. La muestra analiza el uso de este material desde una perspectiva visual e hist\u00f3rica. Reserva tu plaza a trav\u00e9s de los siguientes enlaces:<\/p>\n<ul>\n<li style=\"list-style-type: none;\">\n<ul type=\"disc\">\n<li><a href=\"https:\/\/museuterra.cat\/taller-estampacio-artistica\/\">Taller de estampaci\u00f3n art\u00edstica.<\/a><u><\/u><\/li>\n<li><a href=\"https:\/\/museuterra.cat\/visites-comentades-plastic-genial-pervers\/\">Visitas comentadas a \u201cPl\u00e0stic. Genial o pervers?\u201d.<\/a><\/li>\n<\/ul>\n<\/li>\n<\/ul>\n<h6 style=\"text-align: center;\">Dels Almog\u00e0vers, 214<br \/>\n10h a 21h<\/h6>\n<h3><a href=\"https:\/\/fundaciovilacasas.com\/\">Museu Can Framis<\/a><\/h3>\n<div class=\"location-content\">\n<p data-start=\"79\" data-end=\"344\">El museo ofrece una visita guiada a la exposici\u00f3n \u201cUn gran fracaso\u201d de Gon\u00e7al Sobrer, dirigida por Pere Pedrals. Una oportunidad para descubrir los detalles y el concepto de la muestra de la mano del propio autor, profundizando en el relato art\u00edstico y las piezas que la componen.<\/p>\n<p data-start=\"346\" data-end=\"400\"><a href=\"https:\/\/www.fundaciovilacasas.com\/es\/a\/visitas-guiadas-a-la-exposicion-un-gran-fracaso-con-pere-pedrals\">Se requiere reserva previa y es una actividad de pago.<\/a><\/p>\n<h6 style=\"text-align: center;\">Dels Almog\u00e0vers, 214<br \/>\nA les 12h<\/h6>\n<h3><a href=\"https:\/\/load-gallery.com\/\">Load Gallery<\/a><\/h3>\n<div class=\"location-content\">\n<p data-start=\"482\" data-end=\"850\">Load Gallery presenta \u201cAuntiescapes\u201d de niceaunties, una exploraci\u00f3n del cuerpo como un paisaje vivo que se transforma y responde a fuerzas invisibles como la energ\u00eda, la emoci\u00f3n o el contexto cultural. A trav\u00e9s de obras generadas con IA y una instalaci\u00f3n interactiva, el cuerpo se convierte en materia cambiante, moldeada por el tiempo y los ciclos.<\/p>\n<p data-start=\"852\" data-end=\"1003\">Visita a la exposici\u00f3n con la artista a las 19h con reserva previa.<\/p>\n<h6 style=\"text-align: center;\">Lull, 134<br \/>\n16h a 22h<\/h6>\n<\/div>\n<\/div>\n<\/div>\n<p><\/p>","protected":false},"excerpt":{"rendered":"<p>Museos y galerias de arte vinculados a Poblenou Urban District abrir\u00e1n sus puertas el pr\u00f3ximo 9 de mayo para celebrar&#8230; <a href=\"https:\/\/poblenouurbandistrict.com\/es\/art-i-creativitat-les-propostes-del-poblenou-open-day-2\/\">M\u00e1s  \u2192<\/a><\/p>\n","protected":false},"author":5,"featured_media":55709,"comment_status":"closed","ping_status":"closed","sticky":false,"template":"","format":"standard","meta":{"_acf_changed":false,"footnotes":""},"categories":[3565,3501,3342],"tags":[],"class_list":["post-55958","post","type-post","status-publish","format-standard","has-post-thumbnail","hentry","category-poblenou-open-day","category-disseny","category-art"],"acf":[],"yoast_head":"<!-- This site is optimized with the Yoast SEO plugin v27.5 - https:\/\/yoast.com\/product\/yoast-seo-wordpress\/ -->\n<title>Arte y creatividad: las propuestas del Poblenou Open Day &#8211; Poblenou Urban District<\/title>\n<meta name=\"robots\" content=\"index, follow, max-snippet:-1, max-image-preview:large, max-video-preview:-1\" \/>\n<link rel=\"canonical\" href=\"https:\/\/poblenouurbandistrict.com\/es\/art-i-creativitat-les-propostes-del-poblenou-open-day-2\/\" \/>\n<meta property=\"og:locale\" content=\"es_ES\" \/>\n<meta property=\"og:type\" content=\"article\" \/>\n<meta property=\"og:title\" content=\"Arte y creatividad: las propuestas del Poblenou Open Day &#8211; Poblenou Urban District\" \/>\n<meta property=\"og:description\" content=\"Museos y galerias de arte vinculados a Poblenou Urban District abrir\u00e1n sus puertas el pr\u00f3ximo 9 de mayo para celebrar... M\u00e1s \u2192\" \/>\n<meta property=\"og:url\" content=\"https:\/\/poblenouurbandistrict.com\/es\/art-i-creativitat-les-propostes-del-poblenou-open-day-2\/\" \/>\n<meta property=\"og:site_name\" content=\"Poblenou Urban District\" \/>\n<meta property=\"article:published_time\" content=\"2026-04-29T09:48:42+00:00\" \/>\n<meta name=\"author\" content=\"pnud\" \/>\n<meta name=\"twitter:card\" content=\"summary_large_image\" \/>\n<meta name=\"twitter:label1\" content=\"Escrito por\" \/>\n\t<meta name=\"twitter:data1\" content=\"pnud\" \/>\n\t<meta name=\"twitter:label2\" content=\"Tiempo de lectura\" \/>\n\t<meta name=\"twitter:data2\" content=\"3 minutos\" \/>\n<script type=\"application\/ld+json\" class=\"yoast-schema-graph\">{\"@context\":\"https:\\\/\\\/schema.org\",\"@graph\":[{\"@type\":\"Article\",\"@id\":\"https:\\\/\\\/poblenouurbandistrict.com\\\/art-i-creativitat-les-propostes-del-poblenou-open-day-2\\\/#article\",\"isPartOf\":{\"@id\":\"https:\\\/\\\/poblenouurbandistrict.com\\\/art-i-creativitat-les-propostes-del-poblenou-open-day-2\\\/\"},\"author\":{\"name\":\"pnud\",\"@id\":\"https:\\\/\\\/poblenouurbandistrict.com\\\/#\\\/schema\\\/person\\\/980a2cf34b399d5218205730acd54a7e\"},\"headline\":\"Arte y creatividad: las propuestas del Poblenou Open Day\",\"datePublished\":\"2026-04-29T09:48:42+00:00\",\"mainEntityOfPage\":{\"@id\":\"https:\\\/\\\/poblenouurbandistrict.com\\\/art-i-creativitat-les-propostes-del-poblenou-open-day-2\\\/\"},\"wordCount\":1564,\"image\":{\"@id\":\"https:\\\/\\\/poblenouurbandistrict.com\\\/art-i-creativitat-les-propostes-del-poblenou-open-day-2\\\/#primaryimage\"},\"thumbnailUrl\":\"https:\\\/\\\/media.poblenouurbandistrict.com\\\/2026\\\/04\\\/21113356\\\/ugf0a6se63oovjwsxbzlf1v89m.avif\",\"articleSection\":[\"Poblenou Open Day\",\"Disseny\",\"Arte\"],\"inLanguage\":\"es\"},{\"@type\":\"WebPage\",\"@id\":\"https:\\\/\\\/poblenouurbandistrict.com\\\/es\\\/art-i-creativitat-les-propostes-del-poblenou-open-day-2\\\/\",\"url\":\"https:\\\/\\\/poblenouurbandistrict.com\\\/es\\\/art-i-creativitat-les-propostes-del-poblenou-open-day-2\\\/\",\"name\":\"Arte y creatividad: las propuestas del Poblenou Open Day &#8211; Poblenou Urban District\",\"isPartOf\":{\"@id\":\"https:\\\/\\\/poblenouurbandistrict.com\\\/es\\\/#website\"},\"primaryImageOfPage\":{\"@id\":\"https:\\\/\\\/poblenouurbandistrict.com\\\/es\\\/art-i-creativitat-les-propostes-del-poblenou-open-day-2\\\/#primaryimage\"},\"image\":{\"@id\":\"https:\\\/\\\/poblenouurbandistrict.com\\\/art-i-creativitat-les-propostes-del-poblenou-open-day-2\\\/#primaryimage\"},\"thumbnailUrl\":\"https:\\\/\\\/media.poblenouurbandistrict.com\\\/2026\\\/04\\\/21113356\\\/ugf0a6se63oovjwsxbzlf1v89m.avif\",\"datePublished\":\"2026-04-29T09:48:42+00:00\",\"author\":{\"@id\":\"https:\\\/\\\/poblenouurbandistrict.com\\\/#\\\/schema\\\/person\\\/980a2cf34b399d5218205730acd54a7e\"},\"breadcrumb\":{\"@id\":\"https:\\\/\\\/poblenouurbandistrict.com\\\/es\\\/art-i-creativitat-les-propostes-del-poblenou-open-day-2\\\/#breadcrumb\"},\"inLanguage\":\"es\",\"potentialAction\":[{\"@type\":\"ReadAction\",\"target\":[[\"https:\\\/\\\/poblenouurbandistrict.com\\\/es\\\/art-i-creativitat-les-propostes-del-poblenou-open-day-2\\\/\"]]}]},{\"@type\":\"ImageObject\",\"inLanguage\":\"es\",\"@id\":\"https:\\\/\\\/poblenouurbandistrict.com\\\/es\\\/art-i-creativitat-les-propostes-del-poblenou-open-day-2\\\/#primaryimage\",\"url\":\"https:\\\/\\\/media.poblenouurbandistrict.com\\\/2026\\\/04\\\/21113356\\\/ugf0a6se63oovjwsxbzlf1v89m.avif\",\"contentUrl\":\"https:\\\/\\\/media.poblenouurbandistrict.com\\\/2026\\\/04\\\/21113356\\\/ugf0a6se63oovjwsxbzlf1v89m.avif\",\"width\":2048,\"height\":1367},{\"@type\":\"BreadcrumbList\",\"@id\":\"https:\\\/\\\/poblenouurbandistrict.com\\\/es\\\/art-i-creativitat-les-propostes-del-poblenou-open-day-2\\\/#breadcrumb\",\"itemListElement\":[{\"@type\":\"ListItem\",\"position\":1,\"name\":\"Home\",\"item\":\"https:\\\/\\\/poblenouurbandistrict.com\\\/es\\\/\"},{\"@type\":\"ListItem\",\"position\":2,\"name\":\"Art i creativitat: les propostes del Poblenou Open Day\"}]},{\"@type\":\"WebSite\",\"@id\":\"https:\\\/\\\/poblenouurbandistrict.com\\\/es\\\/#website\",\"url\":\"https:\\\/\\\/poblenouurbandistrict.com\\\/es\\\/\",\"name\":\"Poblenou Urban District\",\"description\":\"Comunidad Creativa\",\"potentialAction\":[{\"@type\":\"SearchAction\",\"target\":{\"@type\":\"EntryPoint\",\"urlTemplate\":\"https:\\\/\\\/poblenouurbandistrict.com\\\/es\\\/?s={search_term_string}\"},\"query-input\":{\"@type\":\"PropertyValueSpecification\",\"valueRequired\":true,\"valueName\":\"search_term_string\"}}],\"inLanguage\":\"es\"},{\"@type\":\"Person\",\"@id\":\"https:\\\/\\\/poblenouurbandistrict.com\\\/#\\\/schema\\\/person\\\/980a2cf34b399d5218205730acd54a7e\",\"name\":\"pnud\",\"image\":{\"@type\":\"ImageObject\",\"inLanguage\":\"es\",\"@id\":\"https:\\\/\\\/secure.gravatar.com\\\/avatar\\\/67146597b405ee077a24e519f75c3e2031736596d6ce35af3a34c122c93d0d7b?s=96&d=retro&r=g\",\"url\":\"https:\\\/\\\/secure.gravatar.com\\\/avatar\\\/67146597b405ee077a24e519f75c3e2031736596d6ce35af3a34c122c93d0d7b?s=96&d=retro&r=g\",\"contentUrl\":\"https:\\\/\\\/secure.gravatar.com\\\/avatar\\\/67146597b405ee077a24e519f75c3e2031736596d6ce35af3a34c122c93d0d7b?s=96&d=retro&r=g\",\"caption\":\"pnud\"}}]}<\/script>\n<!-- \/ Yoast SEO plugin. -->","yoast_head_json":{"title":"Arte y creatividad: las propuestas del Poblenou Open Day &#8211; Poblenou Urban District","robots":{"index":"index","follow":"follow","max-snippet":"max-snippet:-1","max-image-preview":"max-image-preview:large","max-video-preview":"max-video-preview:-1"},"canonical":"https:\/\/poblenouurbandistrict.com\/es\/art-i-creativitat-les-propostes-del-poblenou-open-day-2\/","og_locale":"es_ES","og_type":"article","og_title":"Arte y creatividad: las propuestas del Poblenou Open Day &#8211; Poblenou Urban District","og_description":"Museos y galerias de arte vinculados a Poblenou Urban District abrir\u00e1n sus puertas el pr\u00f3ximo 9 de mayo para celebrar... M\u00e1s \u2192","og_url":"https:\/\/poblenouurbandistrict.com\/es\/art-i-creativitat-les-propostes-del-poblenou-open-day-2\/","og_site_name":"Poblenou Urban District","article_published_time":"2026-04-29T09:48:42+00:00","author":"pnud","twitter_card":"summary_large_image","twitter_misc":{"Escrito por":"pnud","Tiempo de lectura":"3 minutos"},"schema":{"@context":"https:\/\/schema.org","@graph":[{"@type":"Article","@id":"https:\/\/poblenouurbandistrict.com\/art-i-creativitat-les-propostes-del-poblenou-open-day-2\/#article","isPartOf":{"@id":"https:\/\/poblenouurbandistrict.com\/art-i-creativitat-les-propostes-del-poblenou-open-day-2\/"},"author":{"name":"pnud","@id":"https:\/\/poblenouurbandistrict.com\/#\/schema\/person\/980a2cf34b399d5218205730acd54a7e"},"headline":"Arte y creatividad: las propuestas del Poblenou Open Day","datePublished":"2026-04-29T09:48:42+00:00","mainEntityOfPage":{"@id":"https:\/\/poblenouurbandistrict.com\/art-i-creativitat-les-propostes-del-poblenou-open-day-2\/"},"wordCount":1564,"image":{"@id":"https:\/\/poblenouurbandistrict.com\/art-i-creativitat-les-propostes-del-poblenou-open-day-2\/#primaryimage"},"thumbnailUrl":"https:\/\/media.poblenouurbandistrict.com\/2026\/04\/21113356\/ugf0a6se63oovjwsxbzlf1v89m.avif","articleSection":["Poblenou Open Day","Disseny","Arte"],"inLanguage":"es"},{"@type":"WebPage","@id":"https:\/\/poblenouurbandistrict.com\/es\/art-i-creativitat-les-propostes-del-poblenou-open-day-2\/","url":"https:\/\/poblenouurbandistrict.com\/es\/art-i-creativitat-les-propostes-del-poblenou-open-day-2\/","name":"Arte y creatividad: las propuestas del Poblenou Open Day &#8211; Poblenou Urban District","isPartOf":{"@id":"https:\/\/poblenouurbandistrict.com\/es\/#website"},"primaryImageOfPage":{"@id":"https:\/\/poblenouurbandistrict.com\/es\/art-i-creativitat-les-propostes-del-poblenou-open-day-2\/#primaryimage"},"image":{"@id":"https:\/\/poblenouurbandistrict.com\/art-i-creativitat-les-propostes-del-poblenou-open-day-2\/#primaryimage"},"thumbnailUrl":"https:\/\/media.poblenouurbandistrict.com\/2026\/04\/21113356\/ugf0a6se63oovjwsxbzlf1v89m.avif","datePublished":"2026-04-29T09:48:42+00:00","author":{"@id":"https:\/\/poblenouurbandistrict.com\/#\/schema\/person\/980a2cf34b399d5218205730acd54a7e"},"breadcrumb":{"@id":"https:\/\/poblenouurbandistrict.com\/es\/art-i-creativitat-les-propostes-del-poblenou-open-day-2\/#breadcrumb"},"inLanguage":"es","potentialAction":[{"@type":"ReadAction","target":[["https:\/\/poblenouurbandistrict.com\/es\/art-i-creativitat-les-propostes-del-poblenou-open-day-2\/"]]}]},{"@type":"ImageObject","inLanguage":"es","@id":"https:\/\/poblenouurbandistrict.com\/es\/art-i-creativitat-les-propostes-del-poblenou-open-day-2\/#primaryimage","url":"https:\/\/media.poblenouurbandistrict.com\/2026\/04\/21113356\/ugf0a6se63oovjwsxbzlf1v89m.avif","contentUrl":"https:\/\/media.poblenouurbandistrict.com\/2026\/04\/21113356\/ugf0a6se63oovjwsxbzlf1v89m.avif","width":2048,"height":1367},{"@type":"BreadcrumbList","@id":"https:\/\/poblenouurbandistrict.com\/es\/art-i-creativitat-les-propostes-del-poblenou-open-day-2\/#breadcrumb","itemListElement":[{"@type":"ListItem","position":1,"name":"Home","item":"https:\/\/poblenouurbandistrict.com\/es\/"},{"@type":"ListItem","position":2,"name":"Art i creativitat: les propostes del Poblenou Open Day"}]},{"@type":"WebSite","@id":"https:\/\/poblenouurbandistrict.com\/es\/#website","url":"https:\/\/poblenouurbandistrict.com\/es\/","name":"Poblenou Urban District","description":"Comunidad Creativa","potentialAction":[{"@type":"SearchAction","target":{"@type":"EntryPoint","urlTemplate":"https:\/\/poblenouurbandistrict.com\/es\/?s={search_term_string}"},"query-input":{"@type":"PropertyValueSpecification","valueRequired":true,"valueName":"search_term_string"}}],"inLanguage":"es"},{"@type":"Person","@id":"https:\/\/poblenouurbandistrict.com\/#\/schema\/person\/980a2cf34b399d5218205730acd54a7e","name":"pnud","image":{"@type":"ImageObject","inLanguage":"es","@id":"https:\/\/secure.gravatar.com\/avatar\/67146597b405ee077a24e519f75c3e2031736596d6ce35af3a34c122c93d0d7b?s=96&d=retro&r=g","url":"https:\/\/secure.gravatar.com\/avatar\/67146597b405ee077a24e519f75c3e2031736596d6ce35af3a34c122c93d0d7b?s=96&d=retro&r=g","contentUrl":"https:\/\/secure.gravatar.com\/avatar\/67146597b405ee077a24e519f75c3e2031736596d6ce35af3a34c122c93d0d7b?s=96&d=retro&r=g","caption":"pnud"}}]}},"_links":{"self":[{"href":"https:\/\/poblenouurbandistrict.com\/es\/wp-json\/wp\/v2\/posts\/55958","targetHints":{"allow":["GET"]}}],"collection":[{"href":"https:\/\/poblenouurbandistrict.com\/es\/wp-json\/wp\/v2\/posts"}],"about":[{"href":"https:\/\/poblenouurbandistrict.com\/es\/wp-json\/wp\/v2\/types\/post"}],"author":[{"embeddable":true,"href":"https:\/\/poblenouurbandistrict.com\/es\/wp-json\/wp\/v2\/users\/5"}],"replies":[{"embeddable":true,"href":"https:\/\/poblenouurbandistrict.com\/es\/wp-json\/wp\/v2\/comments?post=55958"}],"version-history":[{"count":15,"href":"https:\/\/poblenouurbandistrict.com\/es\/wp-json\/wp\/v2\/posts\/55958\/revisions"}],"predecessor-version":[{"id":55976,"href":"https:\/\/poblenouurbandistrict.com\/es\/wp-json\/wp\/v2\/posts\/55958\/revisions\/55976"}],"wp:featuredmedia":[{"embeddable":true,"href":"https:\/\/poblenouurbandistrict.com\/es\/wp-json\/wp\/v2\/media\/55709"}],"wp:attachment":[{"href":"https:\/\/poblenouurbandistrict.com\/es\/wp-json\/wp\/v2\/media?parent=55958"}],"wp:term":[{"taxonomy":"category","embeddable":true,"href":"https:\/\/poblenouurbandistrict.com\/es\/wp-json\/wp\/v2\/categories?post=55958"},{"taxonomy":"post_tag","embeddable":true,"href":"https:\/\/poblenouurbandistrict.com\/es\/wp-json\/wp\/v2\/tags?post=55958"}],"curies":[{"name":"wp","href":"https:\/\/api.w.org\/{rel}","templated":true}]}}