{"id":56013,"date":"2026-04-30T11:06:11","date_gmt":"2026-04-30T09:06:11","guid":{"rendered":"https:\/\/poblenouurbandistrict.com\/?p=56013"},"modified":"2026-04-30T11:06:11","modified_gmt":"2026-04-30T09:06:11","slug":"tarda-performatica-a-lexposicio-un-gran-fracas-de-goncal-sobrer","status":"publish","type":"post","link":"https:\/\/poblenouurbandistrict.com\/es\/tarda-performatica-a-lexposicio-un-gran-fracas-de-goncal-sobrer\/","title":{"rendered":"Tarde perform\u00e1tica en la exposici\u00f3n \u00abUn gran fracaso\u00bb de Gon\u00e7al Sobrer"},"content":{"rendered":"<p>En el a\u00f1o 1966,\u00a0<strong>Gon\u00e7al Sobrer<\/strong>\u00a0promovi\u00f3, en la Rambla del Poblenou, el que se considera el primer happening documentado en el Estado:\u00a0<em>Soberbia<\/em>. A trav\u00e9s de este tipo de acciones, Sobrer rompi\u00f3 con el arte tradicional, hizo visible la cultura popular y convirti\u00f3 la cotidianidad en experiencia art\u00edstica a la vez que lo convirtieron en una figura precoz en el desarrollo de la performance y del arte conceptual en Catalu\u00f1a.<\/p>\n<p>As\u00ed pues, evocando el esp\u00edritu inconformista y rompedor de Gon\u00e7al Sobrer, el <a href=\"https:\/\/www.fundaciovilacasas.com\/ca\/museu\/museu-can-framis-barcelona\"><strong>Museu Can Framis<\/strong> <\/a> programan una tarde perform\u00e1tica dentro de la exposici\u00f3n <em>Un gran fracaso.<\/em><\/p>\n<p>Con las intervenciones art\u00edsticas de\u00a0<strong>Quim Pujol<\/strong>\u00a0(Varietats\u00a0pel Gon\u00e7al ) y\u00a0<strong>Llapispanc<\/strong>\u00a0(No m\u2019agrada passar per la porta principal.).<\/p>\n<p>Fecha: <strong>Jueves 7 de mayo, 18.30 h<\/strong><br \/>\nLugar:<strong> Museo Can Framis<\/strong><br \/>\nDuraci\u00f3n: <strong>1 hora\u00a0<\/strong><\/p>\n<p><strong>Entrada libre con <a href=\"https:\/\/www.fundaciovilacasas.com\/ca\/a\/tarda-performatica-a-lexposicio-un-gran-fracas-de-goncal-sobrer\">inscripci\u00f3n previa.<\/a><\/strong><\/p>\n<ul>\n<li><strong>Varietats pel Gon\u00e7al<\/strong><\/li>\n<\/ul>\n<p>Siguiendo el modelo del teatro de variedades, donde a menudo los n\u00fameros duran solo unos minutos, Quim Pujol propone una serie de intervenciones cortas en relaci\u00f3n con piezas espec\u00edficas de la exposici\u00f3n\u00a0<em>Un gran fracaso<\/em>\u00a0de Gon\u00e7al Sobrer.<\/p>\n<p>Algunas de estas propuestas provienen de su pr\u00e1ctica y resuenan de manera natural con el trabajo de Sobrer. Otras intervenciones han sido dise\u00f1adas espec\u00edficamente por\u00a0<em>Un gran fracaso<\/em>\u00a0para reflexionar sobre el arte xava, procesos de identificaci\u00f3n queer, la condici\u00f3n de artista en Catalu\u00f1a o bien experimentos que los artistas esconden a los cajones por razones inconfesables.<\/p>\n<ul>\n<li><strong>No m\u2019agrada passar per la porta principal.<br \/>\n<\/strong><\/li>\n<\/ul>\n<p>Llapispanc parte de una trayectoria en el arte de acci\u00f3n donde intenta romper la barrera con el espectador tomando elementos del mundo cotidiano y utiliz\u00e1ndolos para crear las acciones participativas. Su \u00e1mbito de acci\u00f3n est\u00e1 fuera del espacio art\u00edstico y se sit\u00faa en espacios como la calle o dentro del \u00e1mbito de la escena musical y la improvisaci\u00f3n.<\/p>","protected":false},"excerpt":{"rendered":"<p>En el a\u00f1o 1966,\u00a0Gon\u00e7al Sobrer\u00a0promovi\u00f3, en la Rambla del Poblenou, el que se considera el primer happening documentado en el&#8230; <a href=\"https:\/\/poblenouurbandistrict.com\/es\/tarda-performatica-a-lexposicio-un-gran-fracas-de-goncal-sobrer\/\">M\u00e1s  \u2192<\/a><\/p>\n","protected":false},"author":5,"featured_media":56033,"comment_status":"closed","ping_status":"closed","sticky":false,"template":"","format":"standard","meta":{"_acf_changed":false,"footnotes":""},"categories":[3560,3342],"tags":[],"class_list":["post-56013","post","type-post","status-publish","format-standard","has-post-thumbnail","hentry","category-teatre","category-art"],"acf":[],"yoast_head":"<!-- This site is optimized with the Yoast SEO plugin v27.5 - https:\/\/yoast.com\/product\/yoast-seo-wordpress\/ -->\n<title>Tarde perform\u00e1tica en la exposici\u00f3n &quot;Un gran fracaso&quot; de Gon\u00e7al Sobrer &#8211; Poblenou Urban District<\/title>\n<meta name=\"robots\" content=\"index, follow, max-snippet:-1, max-image-preview:large, max-video-preview:-1\" \/>\n<link rel=\"canonical\" href=\"https:\/\/poblenouurbandistrict.com\/es\/tarda-performatica-a-lexposicio-un-gran-fracas-de-goncal-sobrer\/\" \/>\n<meta property=\"og:locale\" content=\"es_ES\" \/>\n<meta property=\"og:type\" content=\"article\" \/>\n<meta property=\"og:title\" content=\"Tarde perform\u00e1tica en la exposici\u00f3n &quot;Un gran fracaso&quot; de Gon\u00e7al Sobrer &#8211; Poblenou Urban District\" \/>\n<meta property=\"og:description\" content=\"En el a\u00f1o 1966,\u00a0Gon\u00e7al Sobrer\u00a0promovi\u00f3, en la Rambla del Poblenou, el que se considera el primer happening documentado en el... M\u00e1s \u2192\" \/>\n<meta property=\"og:url\" content=\"https:\/\/poblenouurbandistrict.com\/es\/tarda-performatica-a-lexposicio-un-gran-fracas-de-goncal-sobrer\/\" \/>\n<meta property=\"og:site_name\" content=\"Poblenou Urban District\" \/>\n<meta property=\"article:published_time\" content=\"2026-04-30T09:06:11+00:00\" \/>\n<meta property=\"og:image\" content=\"https:\/\/media.poblenouurbandistrict.com\/2026\/04\/30105543\/th-th-a49333143.jpg\" \/>\n\t<meta property=\"og:image:width\" content=\"900\" \/>\n\t<meta property=\"og:image:height\" content=\"529\" \/>\n\t<meta property=\"og:image:type\" content=\"image\/jpeg\" \/>\n<meta name=\"author\" content=\"pnud\" \/>\n<meta name=\"twitter:card\" content=\"summary_large_image\" \/>\n<meta name=\"twitter:label1\" content=\"Escrito por\" \/>\n\t<meta name=\"twitter:data1\" content=\"pnud\" \/>\n\t<meta name=\"twitter:label2\" content=\"Tiempo de lectura\" \/>\n\t<meta name=\"twitter:data2\" content=\"2 minutos\" \/>\n<script type=\"application\/ld+json\" class=\"yoast-schema-graph\">{\"@context\":\"https:\\\/\\\/schema.org\",\"@graph\":[{\"@type\":\"Article\",\"@id\":\"https:\\\/\\\/poblenouurbandistrict.com\\\/tarda-performatica-a-lexposicio-un-gran-fracas-de-goncal-sobrer\\\/#article\",\"isPartOf\":{\"@id\":\"https:\\\/\\\/poblenouurbandistrict.com\\\/tarda-performatica-a-lexposicio-un-gran-fracas-de-goncal-sobrer\\\/\"},\"author\":{\"name\":\"pnud\",\"@id\":\"https:\\\/\\\/poblenouurbandistrict.com\\\/#\\\/schema\\\/person\\\/980a2cf34b399d5218205730acd54a7e\"},\"headline\":\"Tarde perform\u00e1tica en la exposici\u00f3n \u00abUn gran fracaso\u00bb de Gon\u00e7al Sobrer\",\"datePublished\":\"2026-04-30T09:06:11+00:00\",\"mainEntityOfPage\":{\"@id\":\"https:\\\/\\\/poblenouurbandistrict.com\\\/tarda-performatica-a-lexposicio-un-gran-fracas-de-goncal-sobrer\\\/\"},\"wordCount\":986,\"image\":{\"@id\":\"https:\\\/\\\/poblenouurbandistrict.com\\\/tarda-performatica-a-lexposicio-un-gran-fracas-de-goncal-sobrer\\\/#primaryimage\"},\"thumbnailUrl\":\"https:\\\/\\\/media.poblenouurbandistrict.com\\\/2026\\\/04\\\/30105543\\\/th-th-a49333143.jpg\",\"articleSection\":[\"Teatro\",\"Arte\"],\"inLanguage\":\"es\"},{\"@type\":\"WebPage\",\"@id\":\"https:\\\/\\\/poblenouurbandistrict.com\\\/es\\\/tarda-performatica-a-lexposicio-un-gran-fracas-de-goncal-sobrer\\\/\",\"url\":\"https:\\\/\\\/poblenouurbandistrict.com\\\/es\\\/tarda-performatica-a-lexposicio-un-gran-fracas-de-goncal-sobrer\\\/\",\"name\":\"Tarde perform\u00e1tica en la exposici\u00f3n \\\"Un gran fracaso\\\" de Gon\u00e7al Sobrer &#8211; Poblenou Urban District\",\"isPartOf\":{\"@id\":\"https:\\\/\\\/poblenouurbandistrict.com\\\/es\\\/#website\"},\"primaryImageOfPage\":{\"@id\":\"https:\\\/\\\/poblenouurbandistrict.com\\\/es\\\/tarda-performatica-a-lexposicio-un-gran-fracas-de-goncal-sobrer\\\/#primaryimage\"},\"image\":{\"@id\":\"https:\\\/\\\/poblenouurbandistrict.com\\\/tarda-performatica-a-lexposicio-un-gran-fracas-de-goncal-sobrer\\\/#primaryimage\"},\"thumbnailUrl\":\"https:\\\/\\\/media.poblenouurbandistrict.com\\\/2026\\\/04\\\/30105543\\\/th-th-a49333143.jpg\",\"datePublished\":\"2026-04-30T09:06:11+00:00\",\"author\":{\"@id\":\"https:\\\/\\\/poblenouurbandistrict.com\\\/#\\\/schema\\\/person\\\/980a2cf34b399d5218205730acd54a7e\"},\"breadcrumb\":{\"@id\":\"https:\\\/\\\/poblenouurbandistrict.com\\\/es\\\/tarda-performatica-a-lexposicio-un-gran-fracas-de-goncal-sobrer\\\/#breadcrumb\"},\"inLanguage\":\"es\",\"potentialAction\":[{\"@type\":\"ReadAction\",\"target\":[[\"https:\\\/\\\/poblenouurbandistrict.com\\\/es\\\/tarda-performatica-a-lexposicio-un-gran-fracas-de-goncal-sobrer\\\/\"]]}]},{\"@type\":\"ImageObject\",\"inLanguage\":\"es\",\"@id\":\"https:\\\/\\\/poblenouurbandistrict.com\\\/es\\\/tarda-performatica-a-lexposicio-un-gran-fracas-de-goncal-sobrer\\\/#primaryimage\",\"url\":\"https:\\\/\\\/media.poblenouurbandistrict.com\\\/2026\\\/04\\\/30105543\\\/th-th-a49333143.jpg\",\"contentUrl\":\"https:\\\/\\\/media.poblenouurbandistrict.com\\\/2026\\\/04\\\/30105543\\\/th-th-a49333143.jpg\",\"width\":900,\"height\":529},{\"@type\":\"BreadcrumbList\",\"@id\":\"https:\\\/\\\/poblenouurbandistrict.com\\\/es\\\/tarda-performatica-a-lexposicio-un-gran-fracas-de-goncal-sobrer\\\/#breadcrumb\",\"itemListElement\":[{\"@type\":\"ListItem\",\"position\":1,\"name\":\"Home\",\"item\":\"https:\\\/\\\/poblenouurbandistrict.com\\\/es\\\/\"},{\"@type\":\"ListItem\",\"position\":2,\"name\":\"Tarda perform\u00e0tica a l&#8217;exposici\u00f3 &#8220;Un gran frac\u00e0s&#8221; de Gon\u00e7al Sobrer\"}]},{\"@type\":\"WebSite\",\"@id\":\"https:\\\/\\\/poblenouurbandistrict.com\\\/es\\\/#website\",\"url\":\"https:\\\/\\\/poblenouurbandistrict.com\\\/es\\\/\",\"name\":\"Poblenou Urban District\",\"description\":\"Comunidad Creativa\",\"potentialAction\":[{\"@type\":\"SearchAction\",\"target\":{\"@type\":\"EntryPoint\",\"urlTemplate\":\"https:\\\/\\\/poblenouurbandistrict.com\\\/es\\\/?s={search_term_string}\"},\"query-input\":{\"@type\":\"PropertyValueSpecification\",\"valueRequired\":true,\"valueName\":\"search_term_string\"}}],\"inLanguage\":\"es\"},{\"@type\":\"Person\",\"@id\":\"https:\\\/\\\/poblenouurbandistrict.com\\\/#\\\/schema\\\/person\\\/980a2cf34b399d5218205730acd54a7e\",\"name\":\"pnud\",\"image\":{\"@type\":\"ImageObject\",\"inLanguage\":\"es\",\"@id\":\"https:\\\/\\\/secure.gravatar.com\\\/avatar\\\/67146597b405ee077a24e519f75c3e2031736596d6ce35af3a34c122c93d0d7b?s=96&d=retro&r=g\",\"url\":\"https:\\\/\\\/secure.gravatar.com\\\/avatar\\\/67146597b405ee077a24e519f75c3e2031736596d6ce35af3a34c122c93d0d7b?s=96&d=retro&r=g\",\"contentUrl\":\"https:\\\/\\\/secure.gravatar.com\\\/avatar\\\/67146597b405ee077a24e519f75c3e2031736596d6ce35af3a34c122c93d0d7b?s=96&d=retro&r=g\",\"caption\":\"pnud\"}}]}<\/script>\n<!-- \/ Yoast SEO plugin. -->","yoast_head_json":{"title":"Tarde perform\u00e1tica en la exposici\u00f3n \"Un gran fracaso\" de Gon\u00e7al Sobrer &#8211; Poblenou Urban District","robots":{"index":"index","follow":"follow","max-snippet":"max-snippet:-1","max-image-preview":"max-image-preview:large","max-video-preview":"max-video-preview:-1"},"canonical":"https:\/\/poblenouurbandistrict.com\/es\/tarda-performatica-a-lexposicio-un-gran-fracas-de-goncal-sobrer\/","og_locale":"es_ES","og_type":"article","og_title":"Tarde perform\u00e1tica en la exposici\u00f3n \"Un gran fracaso\" de Gon\u00e7al Sobrer &#8211; Poblenou Urban District","og_description":"En el a\u00f1o 1966,\u00a0Gon\u00e7al Sobrer\u00a0promovi\u00f3, en la Rambla del Poblenou, el que se considera el primer happening documentado en el... M\u00e1s \u2192","og_url":"https:\/\/poblenouurbandistrict.com\/es\/tarda-performatica-a-lexposicio-un-gran-fracas-de-goncal-sobrer\/","og_site_name":"Poblenou Urban District","article_published_time":"2026-04-30T09:06:11+00:00","og_image":[{"width":900,"height":529,"url":"https:\/\/media.poblenouurbandistrict.com\/2026\/04\/30105543\/th-th-a49333143.jpg","type":"image\/jpeg"}],"author":"pnud","twitter_card":"summary_large_image","twitter_misc":{"Escrito por":"pnud","Tiempo de lectura":"2 minutos"},"schema":{"@context":"https:\/\/schema.org","@graph":[{"@type":"Article","@id":"https:\/\/poblenouurbandistrict.com\/tarda-performatica-a-lexposicio-un-gran-fracas-de-goncal-sobrer\/#article","isPartOf":{"@id":"https:\/\/poblenouurbandistrict.com\/tarda-performatica-a-lexposicio-un-gran-fracas-de-goncal-sobrer\/"},"author":{"name":"pnud","@id":"https:\/\/poblenouurbandistrict.com\/#\/schema\/person\/980a2cf34b399d5218205730acd54a7e"},"headline":"Tarde perform\u00e1tica en la exposici\u00f3n \u00abUn gran fracaso\u00bb de Gon\u00e7al Sobrer","datePublished":"2026-04-30T09:06:11+00:00","mainEntityOfPage":{"@id":"https:\/\/poblenouurbandistrict.com\/tarda-performatica-a-lexposicio-un-gran-fracas-de-goncal-sobrer\/"},"wordCount":986,"image":{"@id":"https:\/\/poblenouurbandistrict.com\/tarda-performatica-a-lexposicio-un-gran-fracas-de-goncal-sobrer\/#primaryimage"},"thumbnailUrl":"https:\/\/media.poblenouurbandistrict.com\/2026\/04\/30105543\/th-th-a49333143.jpg","articleSection":["Teatro","Arte"],"inLanguage":"es"},{"@type":"WebPage","@id":"https:\/\/poblenouurbandistrict.com\/es\/tarda-performatica-a-lexposicio-un-gran-fracas-de-goncal-sobrer\/","url":"https:\/\/poblenouurbandistrict.com\/es\/tarda-performatica-a-lexposicio-un-gran-fracas-de-goncal-sobrer\/","name":"Tarde perform\u00e1tica en la exposici\u00f3n \"Un gran fracaso\" de Gon\u00e7al Sobrer &#8211; Poblenou Urban District","isPartOf":{"@id":"https:\/\/poblenouurbandistrict.com\/es\/#website"},"primaryImageOfPage":{"@id":"https:\/\/poblenouurbandistrict.com\/es\/tarda-performatica-a-lexposicio-un-gran-fracas-de-goncal-sobrer\/#primaryimage"},"image":{"@id":"https:\/\/poblenouurbandistrict.com\/tarda-performatica-a-lexposicio-un-gran-fracas-de-goncal-sobrer\/#primaryimage"},"thumbnailUrl":"https:\/\/media.poblenouurbandistrict.com\/2026\/04\/30105543\/th-th-a49333143.jpg","datePublished":"2026-04-30T09:06:11+00:00","author":{"@id":"https:\/\/poblenouurbandistrict.com\/#\/schema\/person\/980a2cf34b399d5218205730acd54a7e"},"breadcrumb":{"@id":"https:\/\/poblenouurbandistrict.com\/es\/tarda-performatica-a-lexposicio-un-gran-fracas-de-goncal-sobrer\/#breadcrumb"},"inLanguage":"es","potentialAction":[{"@type":"ReadAction","target":[["https:\/\/poblenouurbandistrict.com\/es\/tarda-performatica-a-lexposicio-un-gran-fracas-de-goncal-sobrer\/"]]}]},{"@type":"ImageObject","inLanguage":"es","@id":"https:\/\/poblenouurbandistrict.com\/es\/tarda-performatica-a-lexposicio-un-gran-fracas-de-goncal-sobrer\/#primaryimage","url":"https:\/\/media.poblenouurbandistrict.com\/2026\/04\/30105543\/th-th-a49333143.jpg","contentUrl":"https:\/\/media.poblenouurbandistrict.com\/2026\/04\/30105543\/th-th-a49333143.jpg","width":900,"height":529},{"@type":"BreadcrumbList","@id":"https:\/\/poblenouurbandistrict.com\/es\/tarda-performatica-a-lexposicio-un-gran-fracas-de-goncal-sobrer\/#breadcrumb","itemListElement":[{"@type":"ListItem","position":1,"name":"Home","item":"https:\/\/poblenouurbandistrict.com\/es\/"},{"@type":"ListItem","position":2,"name":"Tarda perform\u00e0tica a l&#8217;exposici\u00f3 &#8220;Un gran frac\u00e0s&#8221; de Gon\u00e7al Sobrer"}]},{"@type":"WebSite","@id":"https:\/\/poblenouurbandistrict.com\/es\/#website","url":"https:\/\/poblenouurbandistrict.com\/es\/","name":"Poblenou Urban District","description":"Comunidad Creativa","potentialAction":[{"@type":"SearchAction","target":{"@type":"EntryPoint","urlTemplate":"https:\/\/poblenouurbandistrict.com\/es\/?s={search_term_string}"},"query-input":{"@type":"PropertyValueSpecification","valueRequired":true,"valueName":"search_term_string"}}],"inLanguage":"es"},{"@type":"Person","@id":"https:\/\/poblenouurbandistrict.com\/#\/schema\/person\/980a2cf34b399d5218205730acd54a7e","name":"pnud","image":{"@type":"ImageObject","inLanguage":"es","@id":"https:\/\/secure.gravatar.com\/avatar\/67146597b405ee077a24e519f75c3e2031736596d6ce35af3a34c122c93d0d7b?s=96&d=retro&r=g","url":"https:\/\/secure.gravatar.com\/avatar\/67146597b405ee077a24e519f75c3e2031736596d6ce35af3a34c122c93d0d7b?s=96&d=retro&r=g","contentUrl":"https:\/\/secure.gravatar.com\/avatar\/67146597b405ee077a24e519f75c3e2031736596d6ce35af3a34c122c93d0d7b?s=96&d=retro&r=g","caption":"pnud"}}]}},"_links":{"self":[{"href":"https:\/\/poblenouurbandistrict.com\/es\/wp-json\/wp\/v2\/posts\/56013","targetHints":{"allow":["GET"]}}],"collection":[{"href":"https:\/\/poblenouurbandistrict.com\/es\/wp-json\/wp\/v2\/posts"}],"about":[{"href":"https:\/\/poblenouurbandistrict.com\/es\/wp-json\/wp\/v2\/types\/post"}],"author":[{"embeddable":true,"href":"https:\/\/poblenouurbandistrict.com\/es\/wp-json\/wp\/v2\/users\/5"}],"replies":[{"embeddable":true,"href":"https:\/\/poblenouurbandistrict.com\/es\/wp-json\/wp\/v2\/comments?post=56013"}],"version-history":[{"count":9,"href":"https:\/\/poblenouurbandistrict.com\/es\/wp-json\/wp\/v2\/posts\/56013\/revisions"}],"predecessor-version":[{"id":56040,"href":"https:\/\/poblenouurbandistrict.com\/es\/wp-json\/wp\/v2\/posts\/56013\/revisions\/56040"}],"wp:featuredmedia":[{"embeddable":true,"href":"https:\/\/poblenouurbandistrict.com\/es\/wp-json\/wp\/v2\/media\/56033"}],"wp:attachment":[{"href":"https:\/\/poblenouurbandistrict.com\/es\/wp-json\/wp\/v2\/media?parent=56013"}],"wp:term":[{"taxonomy":"category","embeddable":true,"href":"https:\/\/poblenouurbandistrict.com\/es\/wp-json\/wp\/v2\/categories?post=56013"},{"taxonomy":"post_tag","embeddable":true,"href":"https:\/\/poblenouurbandistrict.com\/es\/wp-json\/wp\/v2\/tags?post=56013"}],"curies":[{"name":"wp","href":"https:\/\/api.w.org\/{rel}","templated":true}]}}