{"id":56047,"date":"2026-04-30T12:50:09","date_gmt":"2026-04-30T10:50:09","guid":{"rendered":"https:\/\/poblenouurbandistrict.com\/?p=56047"},"modified":"2026-04-30T12:50:09","modified_gmt":"2026-04-30T10:50:09","slug":"entrevistem-a-marina-company-directora-artistica-de-la-campanya-del-poblenou-open-day-2026","status":"publish","type":"post","link":"https:\/\/poblenouurbandistrict.com\/es\/entrevistem-a-marina-company-directora-artistica-de-la-campanya-del-poblenou-open-day-2026\/","title":{"rendered":"Entrevistamos a Marina Company, directora art\u00edstica de la campa\u00f1a del Poblenou Open Day 2026"},"content":{"rendered":"<p><\/p>\n<p data-start=\"121\" data-end=\"576\">Al frente de <span class=\"hover:entity-accent entity-underline inline cursor-pointer align-baseline\"><span class=\"whitespace-normal\">Mirinda Company<\/span><\/span>, <span class=\"hover:entity-accent entity-underline inline cursor-pointer align-baseline\"><span class=\"whitespace-normal\">Marina Company<\/span><\/span> ha construido una trayectoria marcada por una mirada sensible e intuitiva sobre el dise\u00f1o y la direcci\u00f3n de arte. Su estudio, especializado en proyectos de creatividad e identidad visual, trabaja desde un espacio singular: un antiguo caf\u00e9-teatro de los a\u00f1os veinte, donde el silencio de los techos altos convive con la energ\u00eda de un entorno vivo y cercano al mar.<\/p>\n<p data-start=\"578\" data-end=\"1013\">Desde este contexto, Mirinda Company desarrolla proyectos guiados por la intuici\u00f3n, la pasi\u00f3n y una comprensi\u00f3n profunda de cada encargo, con el objetivo de construir im\u00e1genes honestas, atemporales y con una fuerte carga identitaria. Esta manera de hacer se refleja en la direcci\u00f3n art\u00edstica de la campa\u00f1a del <span class=\"hover:entity-accent entity-underline inline cursor-pointer align-baseline\"><span class=\"whitespace-normal\">Poblenou Open Day 2026<\/span><\/span>, donde Company traslada su universo creativo a uno de los eventos clave del distrito.<\/p>\n<p data-start=\"1015\" data-end=\"1123\">La hemos entrevistado sobre el proceso creativo y la inspiraci\u00f3n de la campa\u00f1a del Poblenou Open Day 2026.<\/p>\n<p data-start=\"1125\" data-end=\"1249\"><strong data-start=\"1125\" data-end=\"1247\">\u00bfQu\u00e9 referencias (visuales, culturales o incluso personales) han influido m\u00e1s en el concepto creativo de esta campa\u00f1a?<\/strong><\/p>\n<p data-start=\"1251\" data-end=\"1483\">Es una mezcla de referencias: fanzines, carteles editoriales y cultura underground, con un punto de iron\u00eda. Buscaba lo casual, lo cercano y lo imperfecto, como un dibujo hecho con bol\u00edgrafo sobre una servilleta de papel en un bar.<\/p>\n<p data-start=\"1485\" data-end=\"1684\">Nos pusimos a trabajar con <span class=\"hover:entity-accent entity-underline inline cursor-pointer align-baseline\"><span class=\"whitespace-normal\">Natalia P\u00e0mies<\/span><\/span>, y empez\u00f3 a hacer bocetos a partir de lo que nos suger\u00edan el mar, el barrio y las sensaciones que transmite este lugar tan especial.<\/p>\n<p data-start=\"1686\" data-end=\"1804\"><strong data-start=\"1686\" data-end=\"1802\">\u00bfCu\u00e1l fue el punto de partida del proyecto y qu\u00e9 decisiones fueron determinantes para llegar al resultado final?<\/strong><\/p>\n<p data-start=\"1806\" data-end=\"1954\">Evitar lo demasiado pulido y comercial para transmitir la conexi\u00f3n de comunidad que hay en Poblenou, as\u00ed como su vertiente alternativa y creativa.<\/p>\n<p data-start=\"1956\" data-end=\"2169\">Quer\u00edamos comunicar una atm\u00f3sfera emocional \u2014m\u00fasica, bebida, comida, fantas\u00eda\u2014 a trav\u00e9s de unas ilustraciones con un punto absurdo y l\u00fadico. Tambi\u00e9n hemos intentado transmitir la espontaneidad propia del barrio.<\/p>\n<p data-start=\"2171\" data-end=\"2311\"><strong data-start=\"2171\" data-end=\"2309\">\u00bfQu\u00e9 te llev\u00f3 a apostar por la dualidad que vemos en la campa\u00f1a, combinando una parte m\u00e1s vinculada al dise\u00f1o y otra a la ilustraci\u00f3n?<\/strong><\/p>\n<p data-start=\"2313\" data-end=\"2515\">La tipograf\u00eda corporativa de <span class=\"hover:entity-accent entity-underline inline cursor-pointer align-baseline\"><span class=\"whitespace-normal\">Poblenou Urban District<\/span><\/span> se utiliza para asegurar que la informaci\u00f3n se entienda r\u00e1pidamente \u2014fecha, horario, lugar\u2014, con un naranja fluorescente que destaca.<\/p>\n<p data-start=\"2517\" data-end=\"2740\">La ilustraci\u00f3n, en cambio, conecta con las emociones y con la experiencia de lo inesperado y divertido. Esta dualidad permite equilibrar claridad y car\u00e1cter, y se construye a partir de la colaboraci\u00f3n entre dos lenguajes.<\/p>\n<p data-start=\"2742\" data-end=\"2894\"><strong data-start=\"2742\" data-end=\"2892\">Poblenou es un barrio en constante transformaci\u00f3n, impulsado por una comunidad creativa muy activa. \u00bfC\u00f3mo se traslada esta identidad a la campa\u00f1a?<\/strong><\/p>\n<p data-start=\"2896\" data-end=\"3117\">La campa\u00f1a quiere capturar esta energ\u00eda de transformaci\u00f3n a trav\u00e9s de im\u00e1genes como un vinilo, una sirena o un plato de pasta. No hay una narrativa \u00fanica ni evidente, y esa diversidad refleja lo que sucede en el barrio.<\/p>\n<p data-start=\"3119\" data-end=\"3245\">Aqu\u00ed conviven ocio, cultura, industria creativa, arte y vida cotidiana, y esa mezcla es precisamente lo que define Poblenou.<\/p>\n<p data-start=\"3247\" data-end=\"3306\">Consulta toda la programaci\u00f3n del Poblenou Open Day 2026.<\/p>\n<p><\/p>","protected":false},"excerpt":{"rendered":"<p>Al frente de Mirinda Company, Marina Company ha construido una trayectoria marcada por una mirada sensible e intuitiva sobre el&#8230; <a href=\"https:\/\/poblenouurbandistrict.com\/es\/entrevistem-a-marina-company-directora-artistica-de-la-campanya-del-poblenou-open-day-2026\/\">M\u00e1s  \u2192<\/a><\/p>\n","protected":false},"author":5,"featured_media":56054,"comment_status":"closed","ping_status":"closed","sticky":false,"template":"","format":"standard","meta":{"_acf_changed":false,"footnotes":""},"categories":[1],"tags":[],"class_list":["post-56047","post","type-post","status-publish","format-standard","has-post-thumbnail","hentry","category-noticias"],"acf":[],"yoast_head":"<!-- This site is optimized with the Yoast SEO plugin v27.5 - https:\/\/yoast.com\/product\/yoast-seo-wordpress\/ -->\n<title>Entrevistamos a Marina Company, directora art\u00edstica de la campa\u00f1a del Poblenou Open Day 2026 &#8211; Poblenou Urban District<\/title>\n<meta name=\"robots\" content=\"index, follow, max-snippet:-1, max-image-preview:large, max-video-preview:-1\" \/>\n<link rel=\"canonical\" href=\"https:\/\/poblenouurbandistrict.com\/es\/entrevistem-a-marina-company-directora-artistica-de-la-campanya-del-poblenou-open-day-2026\/\" \/>\n<meta property=\"og:locale\" content=\"es_ES\" \/>\n<meta property=\"og:type\" content=\"article\" \/>\n<meta property=\"og:title\" content=\"Entrevistamos a Marina Company, directora art\u00edstica de la campa\u00f1a del Poblenou Open Day 2026 &#8211; Poblenou Urban District\" \/>\n<meta property=\"og:description\" content=\"Al frente de Mirinda Company, Marina Company ha construido una trayectoria marcada por una mirada sensible e intuitiva sobre el... M\u00e1s \u2192\" \/>\n<meta property=\"og:url\" content=\"https:\/\/poblenouurbandistrict.com\/es\/entrevistem-a-marina-company-directora-artistica-de-la-campanya-del-poblenou-open-day-2026\/\" \/>\n<meta property=\"og:site_name\" content=\"Poblenou Urban District\" \/>\n<meta property=\"article:published_time\" content=\"2026-04-30T10:50:09+00:00\" \/>\n<meta property=\"og:image\" content=\"https:\/\/media.poblenouurbandistrict.com\/2026\/04\/30124916\/landing-web-1.png\" \/>\n\t<meta property=\"og:image:width\" content=\"2560\" \/>\n\t<meta property=\"og:image:height\" content=\"1723\" \/>\n\t<meta property=\"og:image:type\" content=\"image\/png\" \/>\n<meta name=\"author\" content=\"pnud\" \/>\n<meta name=\"twitter:card\" content=\"summary_large_image\" \/>\n<meta name=\"twitter:label1\" content=\"Escrito por\" \/>\n\t<meta name=\"twitter:data1\" content=\"pnud\" \/>\n\t<meta name=\"twitter:label2\" content=\"Tiempo de lectura\" \/>\n\t<meta name=\"twitter:data2\" content=\"3 minutos\" \/>\n<script type=\"application\/ld+json\" class=\"yoast-schema-graph\">{\"@context\":\"https:\\\/\\\/schema.org\",\"@graph\":[{\"@type\":\"Article\",\"@id\":\"https:\\\/\\\/poblenouurbandistrict.com\\\/entrevistem-a-marina-company-directora-artistica-de-la-campanya-del-poblenou-open-day-2026\\\/#article\",\"isPartOf\":{\"@id\":\"https:\\\/\\\/poblenouurbandistrict.com\\\/entrevistem-a-marina-company-directora-artistica-de-la-campanya-del-poblenou-open-day-2026\\\/\"},\"author\":{\"name\":\"pnud\",\"@id\":\"https:\\\/\\\/poblenouurbandistrict.com\\\/#\\\/schema\\\/person\\\/980a2cf34b399d5218205730acd54a7e\"},\"headline\":\"Entrevistamos a Marina Company, directora art\u00edstica de la campa\u00f1a del Poblenou Open Day 2026\",\"datePublished\":\"2026-04-30T10:50:09+00:00\",\"mainEntityOfPage\":{\"@id\":\"https:\\\/\\\/poblenouurbandistrict.com\\\/entrevistem-a-marina-company-directora-artistica-de-la-campanya-del-poblenou-open-day-2026\\\/\"},\"wordCount\":1553,\"image\":{\"@id\":\"https:\\\/\\\/poblenouurbandistrict.com\\\/entrevistem-a-marina-company-directora-artistica-de-la-campanya-del-poblenou-open-day-2026\\\/#primaryimage\"},\"thumbnailUrl\":\"https:\\\/\\\/media.poblenouurbandistrict.com\\\/2026\\\/04\\\/30124916\\\/landing-web-1.png\",\"articleSection\":[\"Est\u00e1 pasando\"],\"inLanguage\":\"es\"},{\"@type\":\"WebPage\",\"@id\":\"https:\\\/\\\/poblenouurbandistrict.com\\\/es\\\/entrevistem-a-marina-company-directora-artistica-de-la-campanya-del-poblenou-open-day-2026\\\/\",\"url\":\"https:\\\/\\\/poblenouurbandistrict.com\\\/es\\\/entrevistem-a-marina-company-directora-artistica-de-la-campanya-del-poblenou-open-day-2026\\\/\",\"name\":\"Entrevistamos a Marina Company, directora art\u00edstica de la campa\u00f1a del Poblenou Open Day 2026 &#8211; Poblenou Urban District\",\"isPartOf\":{\"@id\":\"https:\\\/\\\/poblenouurbandistrict.com\\\/es\\\/#website\"},\"primaryImageOfPage\":{\"@id\":\"https:\\\/\\\/poblenouurbandistrict.com\\\/es\\\/entrevistem-a-marina-company-directora-artistica-de-la-campanya-del-poblenou-open-day-2026\\\/#primaryimage\"},\"image\":{\"@id\":\"https:\\\/\\\/poblenouurbandistrict.com\\\/entrevistem-a-marina-company-directora-artistica-de-la-campanya-del-poblenou-open-day-2026\\\/#primaryimage\"},\"thumbnailUrl\":\"https:\\\/\\\/media.poblenouurbandistrict.com\\\/2026\\\/04\\\/30124916\\\/landing-web-1.png\",\"datePublished\":\"2026-04-30T10:50:09+00:00\",\"author\":{\"@id\":\"https:\\\/\\\/poblenouurbandistrict.com\\\/#\\\/schema\\\/person\\\/980a2cf34b399d5218205730acd54a7e\"},\"breadcrumb\":{\"@id\":\"https:\\\/\\\/poblenouurbandistrict.com\\\/es\\\/entrevistem-a-marina-company-directora-artistica-de-la-campanya-del-poblenou-open-day-2026\\\/#breadcrumb\"},\"inLanguage\":\"es\",\"potentialAction\":[{\"@type\":\"ReadAction\",\"target\":[[\"https:\\\/\\\/poblenouurbandistrict.com\\\/es\\\/entrevistem-a-marina-company-directora-artistica-de-la-campanya-del-poblenou-open-day-2026\\\/\"]]}]},{\"@type\":\"ImageObject\",\"inLanguage\":\"es\",\"@id\":\"https:\\\/\\\/poblenouurbandistrict.com\\\/es\\\/entrevistem-a-marina-company-directora-artistica-de-la-campanya-del-poblenou-open-day-2026\\\/#primaryimage\",\"url\":\"https:\\\/\\\/media.poblenouurbandistrict.com\\\/2026\\\/04\\\/30124916\\\/landing-web-1.png\",\"contentUrl\":\"https:\\\/\\\/media.poblenouurbandistrict.com\\\/2026\\\/04\\\/30124916\\\/landing-web-1.png\",\"width\":2560,\"height\":1723},{\"@type\":\"BreadcrumbList\",\"@id\":\"https:\\\/\\\/poblenouurbandistrict.com\\\/es\\\/entrevistem-a-marina-company-directora-artistica-de-la-campanya-del-poblenou-open-day-2026\\\/#breadcrumb\",\"itemListElement\":[{\"@type\":\"ListItem\",\"position\":1,\"name\":\"Home\",\"item\":\"https:\\\/\\\/poblenouurbandistrict.com\\\/es\\\/\"},{\"@type\":\"ListItem\",\"position\":2,\"name\":\"Entrevistem a Marina Company, directora art\u00edstica de la campanya del Poblenou Open Day 2026\"}]},{\"@type\":\"WebSite\",\"@id\":\"https:\\\/\\\/poblenouurbandistrict.com\\\/es\\\/#website\",\"url\":\"https:\\\/\\\/poblenouurbandistrict.com\\\/es\\\/\",\"name\":\"Poblenou Urban District\",\"description\":\"Comunidad Creativa\",\"potentialAction\":[{\"@type\":\"SearchAction\",\"target\":{\"@type\":\"EntryPoint\",\"urlTemplate\":\"https:\\\/\\\/poblenouurbandistrict.com\\\/es\\\/?s={search_term_string}\"},\"query-input\":{\"@type\":\"PropertyValueSpecification\",\"valueRequired\":true,\"valueName\":\"search_term_string\"}}],\"inLanguage\":\"es\"},{\"@type\":\"Person\",\"@id\":\"https:\\\/\\\/poblenouurbandistrict.com\\\/#\\\/schema\\\/person\\\/980a2cf34b399d5218205730acd54a7e\",\"name\":\"pnud\",\"image\":{\"@type\":\"ImageObject\",\"inLanguage\":\"es\",\"@id\":\"https:\\\/\\\/secure.gravatar.com\\\/avatar\\\/67146597b405ee077a24e519f75c3e2031736596d6ce35af3a34c122c93d0d7b?s=96&d=retro&r=g\",\"url\":\"https:\\\/\\\/secure.gravatar.com\\\/avatar\\\/67146597b405ee077a24e519f75c3e2031736596d6ce35af3a34c122c93d0d7b?s=96&d=retro&r=g\",\"contentUrl\":\"https:\\\/\\\/secure.gravatar.com\\\/avatar\\\/67146597b405ee077a24e519f75c3e2031736596d6ce35af3a34c122c93d0d7b?s=96&d=retro&r=g\",\"caption\":\"pnud\"}}]}<\/script>\n<!-- \/ Yoast SEO plugin. -->","yoast_head_json":{"title":"Entrevistamos a Marina Company, directora art\u00edstica de la campa\u00f1a del Poblenou Open Day 2026 &#8211; Poblenou Urban District","robots":{"index":"index","follow":"follow","max-snippet":"max-snippet:-1","max-image-preview":"max-image-preview:large","max-video-preview":"max-video-preview:-1"},"canonical":"https:\/\/poblenouurbandistrict.com\/es\/entrevistem-a-marina-company-directora-artistica-de-la-campanya-del-poblenou-open-day-2026\/","og_locale":"es_ES","og_type":"article","og_title":"Entrevistamos a Marina Company, directora art\u00edstica de la campa\u00f1a del Poblenou Open Day 2026 &#8211; Poblenou Urban District","og_description":"Al frente de Mirinda Company, Marina Company ha construido una trayectoria marcada por una mirada sensible e intuitiva sobre el... M\u00e1s \u2192","og_url":"https:\/\/poblenouurbandistrict.com\/es\/entrevistem-a-marina-company-directora-artistica-de-la-campanya-del-poblenou-open-day-2026\/","og_site_name":"Poblenou Urban District","article_published_time":"2026-04-30T10:50:09+00:00","og_image":[{"width":2560,"height":1723,"url":"https:\/\/media.poblenouurbandistrict.com\/2026\/04\/30124916\/landing-web-1.png","type":"image\/png"}],"author":"pnud","twitter_card":"summary_large_image","twitter_misc":{"Escrito por":"pnud","Tiempo de lectura":"3 minutos"},"schema":{"@context":"https:\/\/schema.org","@graph":[{"@type":"Article","@id":"https:\/\/poblenouurbandistrict.com\/entrevistem-a-marina-company-directora-artistica-de-la-campanya-del-poblenou-open-day-2026\/#article","isPartOf":{"@id":"https:\/\/poblenouurbandistrict.com\/entrevistem-a-marina-company-directora-artistica-de-la-campanya-del-poblenou-open-day-2026\/"},"author":{"name":"pnud","@id":"https:\/\/poblenouurbandistrict.com\/#\/schema\/person\/980a2cf34b399d5218205730acd54a7e"},"headline":"Entrevistamos a Marina Company, directora art\u00edstica de la campa\u00f1a del Poblenou Open Day 2026","datePublished":"2026-04-30T10:50:09+00:00","mainEntityOfPage":{"@id":"https:\/\/poblenouurbandistrict.com\/entrevistem-a-marina-company-directora-artistica-de-la-campanya-del-poblenou-open-day-2026\/"},"wordCount":1553,"image":{"@id":"https:\/\/poblenouurbandistrict.com\/entrevistem-a-marina-company-directora-artistica-de-la-campanya-del-poblenou-open-day-2026\/#primaryimage"},"thumbnailUrl":"https:\/\/media.poblenouurbandistrict.com\/2026\/04\/30124916\/landing-web-1.png","articleSection":["Est\u00e1 pasando"],"inLanguage":"es"},{"@type":"WebPage","@id":"https:\/\/poblenouurbandistrict.com\/es\/entrevistem-a-marina-company-directora-artistica-de-la-campanya-del-poblenou-open-day-2026\/","url":"https:\/\/poblenouurbandistrict.com\/es\/entrevistem-a-marina-company-directora-artistica-de-la-campanya-del-poblenou-open-day-2026\/","name":"Entrevistamos a Marina Company, directora art\u00edstica de la campa\u00f1a del Poblenou Open Day 2026 &#8211; Poblenou Urban District","isPartOf":{"@id":"https:\/\/poblenouurbandistrict.com\/es\/#website"},"primaryImageOfPage":{"@id":"https:\/\/poblenouurbandistrict.com\/es\/entrevistem-a-marina-company-directora-artistica-de-la-campanya-del-poblenou-open-day-2026\/#primaryimage"},"image":{"@id":"https:\/\/poblenouurbandistrict.com\/entrevistem-a-marina-company-directora-artistica-de-la-campanya-del-poblenou-open-day-2026\/#primaryimage"},"thumbnailUrl":"https:\/\/media.poblenouurbandistrict.com\/2026\/04\/30124916\/landing-web-1.png","datePublished":"2026-04-30T10:50:09+00:00","author":{"@id":"https:\/\/poblenouurbandistrict.com\/#\/schema\/person\/980a2cf34b399d5218205730acd54a7e"},"breadcrumb":{"@id":"https:\/\/poblenouurbandistrict.com\/es\/entrevistem-a-marina-company-directora-artistica-de-la-campanya-del-poblenou-open-day-2026\/#breadcrumb"},"inLanguage":"es","potentialAction":[{"@type":"ReadAction","target":[["https:\/\/poblenouurbandistrict.com\/es\/entrevistem-a-marina-company-directora-artistica-de-la-campanya-del-poblenou-open-day-2026\/"]]}]},{"@type":"ImageObject","inLanguage":"es","@id":"https:\/\/poblenouurbandistrict.com\/es\/entrevistem-a-marina-company-directora-artistica-de-la-campanya-del-poblenou-open-day-2026\/#primaryimage","url":"https:\/\/media.poblenouurbandistrict.com\/2026\/04\/30124916\/landing-web-1.png","contentUrl":"https:\/\/media.poblenouurbandistrict.com\/2026\/04\/30124916\/landing-web-1.png","width":2560,"height":1723},{"@type":"BreadcrumbList","@id":"https:\/\/poblenouurbandistrict.com\/es\/entrevistem-a-marina-company-directora-artistica-de-la-campanya-del-poblenou-open-day-2026\/#breadcrumb","itemListElement":[{"@type":"ListItem","position":1,"name":"Home","item":"https:\/\/poblenouurbandistrict.com\/es\/"},{"@type":"ListItem","position":2,"name":"Entrevistem a Marina Company, directora art\u00edstica de la campanya del Poblenou Open Day 2026"}]},{"@type":"WebSite","@id":"https:\/\/poblenouurbandistrict.com\/es\/#website","url":"https:\/\/poblenouurbandistrict.com\/es\/","name":"Poblenou Urban District","description":"Comunidad Creativa","potentialAction":[{"@type":"SearchAction","target":{"@type":"EntryPoint","urlTemplate":"https:\/\/poblenouurbandistrict.com\/es\/?s={search_term_string}"},"query-input":{"@type":"PropertyValueSpecification","valueRequired":true,"valueName":"search_term_string"}}],"inLanguage":"es"},{"@type":"Person","@id":"https:\/\/poblenouurbandistrict.com\/#\/schema\/person\/980a2cf34b399d5218205730acd54a7e","name":"pnud","image":{"@type":"ImageObject","inLanguage":"es","@id":"https:\/\/secure.gravatar.com\/avatar\/67146597b405ee077a24e519f75c3e2031736596d6ce35af3a34c122c93d0d7b?s=96&d=retro&r=g","url":"https:\/\/secure.gravatar.com\/avatar\/67146597b405ee077a24e519f75c3e2031736596d6ce35af3a34c122c93d0d7b?s=96&d=retro&r=g","contentUrl":"https:\/\/secure.gravatar.com\/avatar\/67146597b405ee077a24e519f75c3e2031736596d6ce35af3a34c122c93d0d7b?s=96&d=retro&r=g","caption":"pnud"}}]}},"_links":{"self":[{"href":"https:\/\/poblenouurbandistrict.com\/es\/wp-json\/wp\/v2\/posts\/56047","targetHints":{"allow":["GET"]}}],"collection":[{"href":"https:\/\/poblenouurbandistrict.com\/es\/wp-json\/wp\/v2\/posts"}],"about":[{"href":"https:\/\/poblenouurbandistrict.com\/es\/wp-json\/wp\/v2\/types\/post"}],"author":[{"embeddable":true,"href":"https:\/\/poblenouurbandistrict.com\/es\/wp-json\/wp\/v2\/users\/5"}],"replies":[{"embeddable":true,"href":"https:\/\/poblenouurbandistrict.com\/es\/wp-json\/wp\/v2\/comments?post=56047"}],"version-history":[{"count":1,"href":"https:\/\/poblenouurbandistrict.com\/es\/wp-json\/wp\/v2\/posts\/56047\/revisions"}],"predecessor-version":[{"id":56048,"href":"https:\/\/poblenouurbandistrict.com\/es\/wp-json\/wp\/v2\/posts\/56047\/revisions\/56048"}],"wp:featuredmedia":[{"embeddable":true,"href":"https:\/\/poblenouurbandistrict.com\/es\/wp-json\/wp\/v2\/media\/56054"}],"wp:attachment":[{"href":"https:\/\/poblenouurbandistrict.com\/es\/wp-json\/wp\/v2\/media?parent=56047"}],"wp:term":[{"taxonomy":"category","embeddable":true,"href":"https:\/\/poblenouurbandistrict.com\/es\/wp-json\/wp\/v2\/categories?post=56047"},{"taxonomy":"post_tag","embeddable":true,"href":"https:\/\/poblenouurbandistrict.com\/es\/wp-json\/wp\/v2\/tags?post=56047"}],"curies":[{"name":"wp","href":"https:\/\/api.w.org\/{rel}","templated":true}]}}