{"id":5926,"date":"2015-05-04T11:30:51","date_gmt":"2015-05-04T09:30:51","guid":{"rendered":"https:\/\/poblenouurbandistrict.com\/new\/?p=5926"},"modified":"2015-05-04T11:30:51","modified_gmt":"2015-05-04T09:30:51","slug":"taller-organitzacional-practic-valkiria-hub-space","status":"publish","type":"post","link":"https:\/\/poblenouurbandistrict.com\/es\/taller-organitzacional-practic-valkiria-hub-space\/","title":{"rendered":"Taller Organizacional Pr\u00e1ctico en Valkiria Hub Space"},"content":{"rendered":"<p><b><img loading=\"lazy\" decoding=\"async\" class=\"aligncenter size-full wp-image-5927\" alt=\"Taller Organitzacional Pr\u00e0ctic a Vakiria Hub Space\" src=\"https:\/\/media.poblenouurbandistrict.com\/2015\/05\/25005948\/clientes.jpg\" width=\"555\" height=\"313\" \/><\/b><\/p>\n<p><\/p>\n<h1><i>Un taller donde aprender y mejorar para poder dinamizar mejor la organizaci\u00f3n de tu empresa o negocio<\/i><\/h1>\n<p><b>Valkiria Hub Space<\/b> ser\u00e1 la sede \u2013 el pr\u00f3ximo mi\u00e9rcoles 6 de mayo \u2013 del <b><i>Taller sist\u00e9mico organizacional pr\u00e1ctico<\/i><\/b> de <b>INTUIGMA Systemic Solutions<\/b>. Este ir\u00e1 dirigido a todo tipo de empresarios, directivos y profesionales con negocios o empresas creadas o por crear, pretendiendo primeramente ayudar e impulsar su desarrollo y correcto funcionamiento organizativo.<\/p>\n<p>Considerando la empresa como un sistema vivo, la consultor\u00eda estrat\u00e9gica-sist\u00e9mica abre nuevas perspectivas sobre los negocios, las relaciones y las din\u00e1micas, consiguiendo resultados inmediatos a trav\u00e9s de un nuevo proceso innovador, potente, breve, r\u00e1pido e intuitivo. La consultor\u00eda puede ayudar pues en situaciones como: re-orientaci\u00f3n de estrategia de negocio o carrera profesional (nuevos proyectos); problemas en la organizaci\u00f3n o los equipos (conflictos entre socios o personas); cambios organizativos, de estructura, culturales, de liderazgo, etc.; problemas de rol en empresas familiares; u otros. No es necesario que des constancia directa y detallada de tus problemas para aprender, la confidencialidad est\u00e1 asegurada.<\/p>\n<p>La facilitadora del curso ser\u00e1 <b>Francesca Gabetti, <\/b>con m\u00e1s de 15 a\u00f1os de experiencia como directiva \u2013 desde multinacionales l\u00edderes hasta empresas familiares y start-ups \u2013, est\u00e1 certificada en Management y Coaching Sist\u00e9mico, reconocida por la Asociaci\u00f3n Bert Hellinger. Es fundador de INTUIGMA Systemic y Partner de Pinea3 Living Organizations, trabaja como Consultora global para empresarios, emprendedores y empresas apoyando el desarrollo de directivos, organizaciones y equipos seg\u00fan un enfoque centrado en las personas.<\/p>\n<p>Si quieres tener m\u00e1s informaci\u00f3n o reserva ya tu plaza, cons\u00faltales por T. 607824225 o <a href=\"mailto:francesca.gabetti@gmail.com\">e-mail<\/a>.<\/p>\n<p>Sobre<b>\u00a0<\/b><a href=\"http:\/\/www.valkiriahubspace.com\/\">Valkiria Hub Space<\/a><b>:\u00a0<\/b>Una plataforma empresarial enfocada a prestar un asesoramiento de negocio integral, que combinan con la organizaci\u00f3n de eventos corporativos con valor a\u00f1adido. Dentro de la plataforma, tambi\u00e9n promueven formaci\u00f3n y programas de\u00a0<i>mentoring<\/i>\u00a0para emprendedores y\u00a0<i>startups<\/i>.<\/p>\n<hr \/>\n<h3>Taller sist\u00e8mic organitzacional pr\u00e0ctic<br \/>\nVALKIRIA HUB SPACE (C \/ PUJADES 126)<br \/>\nMI\u00c9RCOLES, 6 DE MAYO DE 16H A 20H<\/h3>\n<p><\/p>","protected":false},"excerpt":{"rendered":"<p>Un taller donde aprender y mejorar para poder dinamizar mejor la organizaci\u00f3n de tu empresa o negocio Valkiria Hub Space&#8230; <a href=\"https:\/\/poblenouurbandistrict.com\/es\/taller-organitzacional-practic-valkiria-hub-space\/\">M\u00e1s  \u2192<\/a><\/p>\n","protected":false},"author":5,"featured_media":5927,"comment_status":"closed","ping_status":"closed","sticky":false,"template":"","format":"standard","meta":{"_acf_changed":false,"footnotes":""},"categories":[1],"tags":[1302,1303,317,271],"class_list":["post-5926","post","type-post","status-publish","format-standard","has-post-thumbnail","hentry","category-noticias","tag-francesca-gabetti","tag-intuigma-systemic","tag-taller","tag-valkiria-hub-space"],"acf":[],"yoast_head":"<!-- This site is optimized with the Yoast SEO plugin v27.5 - https:\/\/yoast.com\/product\/yoast-seo-wordpress\/ -->\n<title>Taller Organitzacional Pr\u00e0ctic a Valkiria Hub Space<\/title>\n<meta name=\"description\" content=\"Valkiria Hub Space ser\u00e0 la seu del Taller sist\u00e8mic organitzacional pr\u00e0ctic de INTUIGMA Systemic Solutions. Aquest anir\u00e0 dirigit a tot tipus d\u2019empresaris\" \/>\n<meta name=\"robots\" content=\"index, follow, max-snippet:-1, max-image-preview:large, max-video-preview:-1\" \/>\n<link rel=\"canonical\" href=\"https:\/\/poblenouurbandistrict.com\/es\/taller-organitzacional-practic-valkiria-hub-space\/\" \/>\n<meta property=\"og:locale\" content=\"es_ES\" \/>\n<meta property=\"og:type\" content=\"article\" \/>\n<meta property=\"og:title\" content=\"Taller Organitzacional Pr\u00e0ctic a Valkiria Hub Space\" \/>\n<meta property=\"og:description\" content=\"Valkiria Hub Space ser\u00e0 la seu del Taller sist\u00e8mic organitzacional pr\u00e0ctic de INTUIGMA Systemic Solutions. Aquest anir\u00e0 dirigit a tot tipus d\u2019empresaris\" \/>\n<meta property=\"og:url\" content=\"https:\/\/poblenouurbandistrict.com\/es\/taller-organitzacional-practic-valkiria-hub-space\/\" \/>\n<meta property=\"og:site_name\" content=\"Poblenou Urban District\" \/>\n<meta property=\"article:published_time\" content=\"2015-05-04T09:30:51+00:00\" \/>\n<meta property=\"og:image\" content=\"https:\/\/media.poblenouurbandistrict.com\/2015\/05\/25005948\/clientes.jpg\" \/>\n\t<meta property=\"og:image:width\" content=\"555\" \/>\n\t<meta property=\"og:image:height\" content=\"313\" \/>\n\t<meta property=\"og:image:type\" content=\"image\/jpeg\" \/>\n<meta name=\"author\" content=\"pnud\" \/>\n<meta name=\"twitter:card\" content=\"summary_large_image\" \/>\n<meta name=\"twitter:label1\" content=\"Escrito por\" \/>\n\t<meta name=\"twitter:data1\" content=\"pnud\" \/>\n\t<meta name=\"twitter:label2\" content=\"Tiempo de lectura\" \/>\n\t<meta name=\"twitter:data2\" content=\"3 minutos\" \/>\n<script type=\"application\/ld+json\" class=\"yoast-schema-graph\">{\"@context\":\"https:\\\/\\\/schema.org\",\"@graph\":[{\"@type\":\"Article\",\"@id\":\"https:\\\/\\\/poblenouurbandistrict.com\\\/es\\\/taller-organitzacional-practic-valkiria-hub-space\\\/#article\",\"isPartOf\":{\"@id\":\"https:\\\/\\\/poblenouurbandistrict.com\\\/es\\\/taller-organitzacional-practic-valkiria-hub-space\\\/\"},\"author\":{\"name\":\"pnud\",\"@id\":\"https:\\\/\\\/poblenouurbandistrict.com\\\/#\\\/schema\\\/person\\\/980a2cf34b399d5218205730acd54a7e\"},\"headline\":\"Taller Organizacional Pr\u00e1ctico en Valkiria Hub Space\",\"datePublished\":\"2015-05-04T09:30:51+00:00\",\"mainEntityOfPage\":{\"@id\":\"https:\\\/\\\/poblenouurbandistrict.com\\\/es\\\/taller-organitzacional-practic-valkiria-hub-space\\\/\"},\"wordCount\":704,\"image\":{\"@id\":\"https:\\\/\\\/poblenouurbandistrict.com\\\/es\\\/taller-organitzacional-practic-valkiria-hub-space\\\/#primaryimage\"},\"thumbnailUrl\":\"https:\\\/\\\/media.poblenouurbandistrict.com\\\/2015\\\/05\\\/25005948\\\/clientes.jpg\",\"keywords\":[\"francesca gabetti\",\"intuigma systemic\",\"taller\",\"Valkiria Hub Space\"],\"articleSection\":[\"Est\u00e1 pasando\"],\"inLanguage\":\"es\"},{\"@type\":\"WebPage\",\"@id\":\"https:\\\/\\\/poblenouurbandistrict.com\\\/es\\\/taller-organitzacional-practic-valkiria-hub-space\\\/\",\"url\":\"https:\\\/\\\/poblenouurbandistrict.com\\\/es\\\/taller-organitzacional-practic-valkiria-hub-space\\\/\",\"name\":\"Taller Organitzacional Pr\u00e0ctic a Valkiria Hub Space\",\"isPartOf\":{\"@id\":\"https:\\\/\\\/poblenouurbandistrict.com\\\/es\\\/#website\"},\"primaryImageOfPage\":{\"@id\":\"https:\\\/\\\/poblenouurbandistrict.com\\\/es\\\/taller-organitzacional-practic-valkiria-hub-space\\\/#primaryimage\"},\"image\":{\"@id\":\"https:\\\/\\\/poblenouurbandistrict.com\\\/es\\\/taller-organitzacional-practic-valkiria-hub-space\\\/#primaryimage\"},\"thumbnailUrl\":\"https:\\\/\\\/media.poblenouurbandistrict.com\\\/2015\\\/05\\\/25005948\\\/clientes.jpg\",\"datePublished\":\"2015-05-04T09:30:51+00:00\",\"author\":{\"@id\":\"https:\\\/\\\/poblenouurbandistrict.com\\\/#\\\/schema\\\/person\\\/980a2cf34b399d5218205730acd54a7e\"},\"description\":\"Valkiria Hub Space ser\u00e0 la seu del Taller sist\u00e8mic organitzacional pr\u00e0ctic de INTUIGMA Systemic Solutions. Aquest anir\u00e0 dirigit a tot tipus d\u2019empresaris\",\"breadcrumb\":{\"@id\":\"https:\\\/\\\/poblenouurbandistrict.com\\\/es\\\/taller-organitzacional-practic-valkiria-hub-space\\\/#breadcrumb\"},\"inLanguage\":\"es\",\"potentialAction\":[{\"@type\":\"ReadAction\",\"target\":[[\"https:\\\/\\\/poblenouurbandistrict.com\\\/es\\\/taller-organitzacional-practic-valkiria-hub-space\\\/\"]]}]},{\"@type\":\"ImageObject\",\"inLanguage\":\"es\",\"@id\":\"https:\\\/\\\/poblenouurbandistrict.com\\\/es\\\/taller-organitzacional-practic-valkiria-hub-space\\\/#primaryimage\",\"url\":\"https:\\\/\\\/media.poblenouurbandistrict.com\\\/2015\\\/05\\\/25005948\\\/clientes.jpg\",\"contentUrl\":\"https:\\\/\\\/media.poblenouurbandistrict.com\\\/2015\\\/05\\\/25005948\\\/clientes.jpg\",\"width\":555,\"height\":313,\"caption\":\"Taller Organitzacional Pr\u00e0ctic a Vakiria Hub Space\"},{\"@type\":\"BreadcrumbList\",\"@id\":\"https:\\\/\\\/poblenouurbandistrict.com\\\/es\\\/taller-organitzacional-practic-valkiria-hub-space\\\/#breadcrumb\",\"itemListElement\":[{\"@type\":\"ListItem\",\"position\":1,\"name\":\"Home\",\"item\":\"https:\\\/\\\/poblenouurbandistrict.com\\\/es\\\/\"},{\"@type\":\"ListItem\",\"position\":2,\"name\":\"Taller Organizacional Pr\u00e1ctico en Valkiria Hub Space\"}]},{\"@type\":\"WebSite\",\"@id\":\"https:\\\/\\\/poblenouurbandistrict.com\\\/es\\\/#website\",\"url\":\"https:\\\/\\\/poblenouurbandistrict.com\\\/es\\\/\",\"name\":\"Poblenou Urban District\",\"description\":\"Comunidad Creativa\",\"potentialAction\":[{\"@type\":\"SearchAction\",\"target\":{\"@type\":\"EntryPoint\",\"urlTemplate\":\"https:\\\/\\\/poblenouurbandistrict.com\\\/es\\\/?s={search_term_string}\"},\"query-input\":{\"@type\":\"PropertyValueSpecification\",\"valueRequired\":true,\"valueName\":\"search_term_string\"}}],\"inLanguage\":\"es\"},{\"@type\":\"Person\",\"@id\":\"https:\\\/\\\/poblenouurbandistrict.com\\\/#\\\/schema\\\/person\\\/980a2cf34b399d5218205730acd54a7e\",\"name\":\"pnud\",\"image\":{\"@type\":\"ImageObject\",\"inLanguage\":\"es\",\"@id\":\"https:\\\/\\\/secure.gravatar.com\\\/avatar\\\/67146597b405ee077a24e519f75c3e2031736596d6ce35af3a34c122c93d0d7b?s=96&d=retro&r=g\",\"url\":\"https:\\\/\\\/secure.gravatar.com\\\/avatar\\\/67146597b405ee077a24e519f75c3e2031736596d6ce35af3a34c122c93d0d7b?s=96&d=retro&r=g\",\"contentUrl\":\"https:\\\/\\\/secure.gravatar.com\\\/avatar\\\/67146597b405ee077a24e519f75c3e2031736596d6ce35af3a34c122c93d0d7b?s=96&d=retro&r=g\",\"caption\":\"pnud\"}}]}<\/script>\n<!-- \/ Yoast SEO plugin. -->","yoast_head_json":{"title":"Taller Organitzacional Pr\u00e0ctic a Valkiria Hub Space","description":"Valkiria Hub Space ser\u00e0 la seu del Taller sist\u00e8mic organitzacional pr\u00e0ctic de INTUIGMA Systemic Solutions. Aquest anir\u00e0 dirigit a tot tipus d\u2019empresaris","robots":{"index":"index","follow":"follow","max-snippet":"max-snippet:-1","max-image-preview":"max-image-preview:large","max-video-preview":"max-video-preview:-1"},"canonical":"https:\/\/poblenouurbandistrict.com\/es\/taller-organitzacional-practic-valkiria-hub-space\/","og_locale":"es_ES","og_type":"article","og_title":"Taller Organitzacional Pr\u00e0ctic a Valkiria Hub Space","og_description":"Valkiria Hub Space ser\u00e0 la seu del Taller sist\u00e8mic organitzacional pr\u00e0ctic de INTUIGMA Systemic Solutions. Aquest anir\u00e0 dirigit a tot tipus d\u2019empresaris","og_url":"https:\/\/poblenouurbandistrict.com\/es\/taller-organitzacional-practic-valkiria-hub-space\/","og_site_name":"Poblenou Urban District","article_published_time":"2015-05-04T09:30:51+00:00","og_image":[{"width":555,"height":313,"url":"https:\/\/media.poblenouurbandistrict.com\/2015\/05\/25005948\/clientes.jpg","type":"image\/jpeg"}],"author":"pnud","twitter_card":"summary_large_image","twitter_misc":{"Escrito por":"pnud","Tiempo de lectura":"3 minutos"},"schema":{"@context":"https:\/\/schema.org","@graph":[{"@type":"Article","@id":"https:\/\/poblenouurbandistrict.com\/es\/taller-organitzacional-practic-valkiria-hub-space\/#article","isPartOf":{"@id":"https:\/\/poblenouurbandistrict.com\/es\/taller-organitzacional-practic-valkiria-hub-space\/"},"author":{"name":"pnud","@id":"https:\/\/poblenouurbandistrict.com\/#\/schema\/person\/980a2cf34b399d5218205730acd54a7e"},"headline":"Taller Organizacional Pr\u00e1ctico en Valkiria Hub Space","datePublished":"2015-05-04T09:30:51+00:00","mainEntityOfPage":{"@id":"https:\/\/poblenouurbandistrict.com\/es\/taller-organitzacional-practic-valkiria-hub-space\/"},"wordCount":704,"image":{"@id":"https:\/\/poblenouurbandistrict.com\/es\/taller-organitzacional-practic-valkiria-hub-space\/#primaryimage"},"thumbnailUrl":"https:\/\/media.poblenouurbandistrict.com\/2015\/05\/25005948\/clientes.jpg","keywords":["francesca gabetti","intuigma systemic","taller","Valkiria Hub Space"],"articleSection":["Est\u00e1 pasando"],"inLanguage":"es"},{"@type":"WebPage","@id":"https:\/\/poblenouurbandistrict.com\/es\/taller-organitzacional-practic-valkiria-hub-space\/","url":"https:\/\/poblenouurbandistrict.com\/es\/taller-organitzacional-practic-valkiria-hub-space\/","name":"Taller Organitzacional Pr\u00e0ctic a Valkiria Hub Space","isPartOf":{"@id":"https:\/\/poblenouurbandistrict.com\/es\/#website"},"primaryImageOfPage":{"@id":"https:\/\/poblenouurbandistrict.com\/es\/taller-organitzacional-practic-valkiria-hub-space\/#primaryimage"},"image":{"@id":"https:\/\/poblenouurbandistrict.com\/es\/taller-organitzacional-practic-valkiria-hub-space\/#primaryimage"},"thumbnailUrl":"https:\/\/media.poblenouurbandistrict.com\/2015\/05\/25005948\/clientes.jpg","datePublished":"2015-05-04T09:30:51+00:00","author":{"@id":"https:\/\/poblenouurbandistrict.com\/#\/schema\/person\/980a2cf34b399d5218205730acd54a7e"},"description":"Valkiria Hub Space ser\u00e0 la seu del Taller sist\u00e8mic organitzacional pr\u00e0ctic de INTUIGMA Systemic Solutions. Aquest anir\u00e0 dirigit a tot tipus d\u2019empresaris","breadcrumb":{"@id":"https:\/\/poblenouurbandistrict.com\/es\/taller-organitzacional-practic-valkiria-hub-space\/#breadcrumb"},"inLanguage":"es","potentialAction":[{"@type":"ReadAction","target":[["https:\/\/poblenouurbandistrict.com\/es\/taller-organitzacional-practic-valkiria-hub-space\/"]]}]},{"@type":"ImageObject","inLanguage":"es","@id":"https:\/\/poblenouurbandistrict.com\/es\/taller-organitzacional-practic-valkiria-hub-space\/#primaryimage","url":"https:\/\/media.poblenouurbandistrict.com\/2015\/05\/25005948\/clientes.jpg","contentUrl":"https:\/\/media.poblenouurbandistrict.com\/2015\/05\/25005948\/clientes.jpg","width":555,"height":313,"caption":"Taller Organitzacional Pr\u00e0ctic a Vakiria Hub Space"},{"@type":"BreadcrumbList","@id":"https:\/\/poblenouurbandistrict.com\/es\/taller-organitzacional-practic-valkiria-hub-space\/#breadcrumb","itemListElement":[{"@type":"ListItem","position":1,"name":"Home","item":"https:\/\/poblenouurbandistrict.com\/es\/"},{"@type":"ListItem","position":2,"name":"Taller Organizacional Pr\u00e1ctico en Valkiria Hub Space"}]},{"@type":"WebSite","@id":"https:\/\/poblenouurbandistrict.com\/es\/#website","url":"https:\/\/poblenouurbandistrict.com\/es\/","name":"Poblenou Urban District","description":"Comunidad Creativa","potentialAction":[{"@type":"SearchAction","target":{"@type":"EntryPoint","urlTemplate":"https:\/\/poblenouurbandistrict.com\/es\/?s={search_term_string}"},"query-input":{"@type":"PropertyValueSpecification","valueRequired":true,"valueName":"search_term_string"}}],"inLanguage":"es"},{"@type":"Person","@id":"https:\/\/poblenouurbandistrict.com\/#\/schema\/person\/980a2cf34b399d5218205730acd54a7e","name":"pnud","image":{"@type":"ImageObject","inLanguage":"es","@id":"https:\/\/secure.gravatar.com\/avatar\/67146597b405ee077a24e519f75c3e2031736596d6ce35af3a34c122c93d0d7b?s=96&d=retro&r=g","url":"https:\/\/secure.gravatar.com\/avatar\/67146597b405ee077a24e519f75c3e2031736596d6ce35af3a34c122c93d0d7b?s=96&d=retro&r=g","contentUrl":"https:\/\/secure.gravatar.com\/avatar\/67146597b405ee077a24e519f75c3e2031736596d6ce35af3a34c122c93d0d7b?s=96&d=retro&r=g","caption":"pnud"}}]}},"_links":{"self":[{"href":"https:\/\/poblenouurbandistrict.com\/es\/wp-json\/wp\/v2\/posts\/5926","targetHints":{"allow":["GET"]}}],"collection":[{"href":"https:\/\/poblenouurbandistrict.com\/es\/wp-json\/wp\/v2\/posts"}],"about":[{"href":"https:\/\/poblenouurbandistrict.com\/es\/wp-json\/wp\/v2\/types\/post"}],"author":[{"embeddable":true,"href":"https:\/\/poblenouurbandistrict.com\/es\/wp-json\/wp\/v2\/users\/5"}],"replies":[{"embeddable":true,"href":"https:\/\/poblenouurbandistrict.com\/es\/wp-json\/wp\/v2\/comments?post=5926"}],"version-history":[{"count":2,"href":"https:\/\/poblenouurbandistrict.com\/es\/wp-json\/wp\/v2\/posts\/5926\/revisions"}],"predecessor-version":[{"id":5929,"href":"https:\/\/poblenouurbandistrict.com\/es\/wp-json\/wp\/v2\/posts\/5926\/revisions\/5929"}],"wp:featuredmedia":[{"embeddable":true,"href":"https:\/\/poblenouurbandistrict.com\/es\/wp-json\/wp\/v2\/media\/5927"}],"wp:attachment":[{"href":"https:\/\/poblenouurbandistrict.com\/es\/wp-json\/wp\/v2\/media?parent=5926"}],"wp:term":[{"taxonomy":"category","embeddable":true,"href":"https:\/\/poblenouurbandistrict.com\/es\/wp-json\/wp\/v2\/categories?post=5926"},{"taxonomy":"post_tag","embeddable":true,"href":"https:\/\/poblenouurbandistrict.com\/es\/wp-json\/wp\/v2\/tags?post=5926"}],"curies":[{"name":"wp","href":"https:\/\/api.w.org\/{rel}","templated":true}]}}