{"id":6283,"date":"2015-06-11T13:42:56","date_gmt":"2015-06-11T11:42:56","guid":{"rendered":"https:\/\/poblenouurbandistrict.com\/new\/?p=6283"},"modified":"2015-06-11T13:42:56","modified_gmt":"2015-06-11T11:42:56","slug":"la-crisi-iraquiana-traves-de-la-fotografia-el-documental-lespai-eterna","status":"publish","type":"post","link":"https:\/\/poblenouurbandistrict.com\/es\/la-crisi-iraquiana-traves-de-la-fotografia-el-documental-lespai-eterna\/","title":{"rendered":"La crisis iraqu\u00ed a trav\u00e9s de la fotograf\u00eda y el documental en el Espacio Eterna"},"content":{"rendered":"<p><img loading=\"lazy\" decoding=\"async\" class=\"aligncenter size-large wp-image-6284\" alt=\"La crisi iraquiana a trav\u00e9s de la fotografia i el documental a l\u2019Espai Eterna\" src=\"https:\/\/poblenouurbandistrict.com\/wp-content\/uploads\/2015\/06\/1425586_10207023223878092_4805301337949916214_n-640x426.jpg\" width=\"640\" height=\"426\" \/><\/p>\n<p><\/p>\n<h1>La <b>crisis iraqu\u00ed<\/b> a trav\u00e9s de la fotograf\u00eda y el documental en el <b>Espacio Eterna<\/b><\/h1>\n<p>Como parte de la programaci\u00f3n de <b>DOCfield>15<\/b> y en el marco de la exposici\u00f3n <b>\u00abVietnam &#8211; Los del Norte\u00bb<\/b>, en el <b>Espacio Eterna<\/b> ofrecen la oportunidad &#8211; el pr\u00f3ximo jueves 11 de junio &#8211; de conocer de primera mano la primera agencia de fotograf\u00eda iraqu\u00ed: <b>Metrography<\/b>.<\/p>\n<p>Foto-periodistas iraqu\u00edes-kurdos que cubren la actual crisis en el norte de Irak. El editor en jefe de Metrography, <b>Stefano Carini<\/b>, se encargar\u00e1 de la presentaci\u00f3n (en ingl\u00e9s) de \u00ab<b>The Irak crisis throught the eyes of local Photographers\u00bb<\/b>. Por v\u00eda Skype, compartir\u00e1 con los asistentes su experiencia como \u00fanica agencia de fotograf\u00eda independiente en la regi\u00f3n, en medio de la poderosa maquinaria de propaganda ISIS y un panorama de medios de comunicaci\u00f3n propiedad del gobierno.<\/p>\n<p>La proyecci\u00f3n incluye trabajo de los primeros 10 meses de la guerra en el norte de Irak con los fot\u00f2grafsHalwat Azad, Bnar Sardar, bandana Atta, Hawre Khalid, Aram Karim, Zmnako Ismael, Hawre Mhammad y Pazhar Mohamed.<\/p>\n<p><strong>Eterna<\/strong>\u00a0es tracta d\u2019un continent dedicat a la creaci\u00f3, l\u2019art i el disseny, que combina tres activitats alhora: un espai de\u00a0<em>coworking<\/em>\u00a0amb professionals del disseny, un espai d\u2019art o galeria que oferir\u00e0 diferents propostes relacionades amb aquest \u00e0mbit i l\u2018espai-<em>showroom<\/em>\u00a0de productes \u2018Modelo\u2019, marca que es dedica a la recuperaci\u00f3 de models industrials i d\u2019altres productes\u00a0<em>vintage<\/em>\u00a0per a la decoraci\u00f3.<\/p>\n<hr \/>\n<h3>&#8216;THE IRAQ CRISIS THROUGH THE EYES OF LOCAL PHOTOGRAPHERS&#8217;<br \/>\n<b>ESPACIO ETERNA (C\/ ROC BORONAT, 68)<\/b><br \/>\n<b>JUEVES, 11 DE JUNIO A LAS 17.30H<\/b><\/h3>\n<p><\/p>","protected":false},"excerpt":{"rendered":"<p>La crisis iraqu\u00ed a trav\u00e9s de la fotograf\u00eda y el documental en el Espacio Eterna Como parte de la programaci\u00f3n&#8230; <a href=\"https:\/\/poblenouurbandistrict.com\/es\/la-crisi-iraquiana-traves-de-la-fotografia-el-documental-lespai-eterna\/\">M\u00e1s  \u2192<\/a><\/p>\n","protected":false},"author":5,"featured_media":6284,"comment_status":"closed","ping_status":"closed","sticky":false,"template":"","format":"standard","meta":{"_acf_changed":false,"footnotes":""},"categories":[1],"tags":[746,482,1443,576,443,444,483,1451],"class_list":["post-6283","post","type-post","status-publish","format-standard","has-post-thumbnail","hentry","category-noticias","tag-conferencia","tag-docfield","tag-docfield-15","tag-espacio-eterna","tag-exposicion","tag-fotografia","tag-fotografia-documental","tag-stefano-carini"],"acf":[],"yoast_head":"<!-- This site is optimized with the Yoast SEO plugin v27.5 - https:\/\/yoast.com\/product\/yoast-seo-wordpress\/ -->\n<title>La crisi iraquiana a trav\u00e9s de la fotografia i el documental<\/title>\n<meta name=\"description\" content=\"L\u2019Espai Eterna ofereixen l\u2019oportunitat \u2013 el proper dijous 11 de juny \u2013de con\u00e8ixer de primera m\u00e0 la primera ag\u00e8ncia de fotografia iraquiana: Metrography\" \/>\n<meta name=\"robots\" content=\"index, follow, max-snippet:-1, max-image-preview:large, max-video-preview:-1\" \/>\n<link rel=\"canonical\" href=\"https:\/\/poblenouurbandistrict.com\/es\/la-crisi-iraquiana-traves-de-la-fotografia-el-documental-lespai-eterna\/\" \/>\n<meta property=\"og:locale\" content=\"es_ES\" \/>\n<meta property=\"og:type\" content=\"article\" \/>\n<meta property=\"og:title\" content=\"La crisi iraquiana a trav\u00e9s de la fotografia i el documental\" \/>\n<meta property=\"og:description\" content=\"L\u2019Espai Eterna ofereixen l\u2019oportunitat \u2013 el proper dijous 11 de juny \u2013de con\u00e8ixer de primera m\u00e0 la primera ag\u00e8ncia de fotografia iraquiana: Metrography\" \/>\n<meta property=\"og:url\" content=\"https:\/\/poblenouurbandistrict.com\/es\/la-crisi-iraquiana-traves-de-la-fotografia-el-documental-lespai-eterna\/\" \/>\n<meta property=\"og:site_name\" content=\"Poblenou Urban District\" \/>\n<meta property=\"article:published_time\" content=\"2015-06-11T11:42:56+00:00\" \/>\n<meta property=\"og:image\" content=\"https:\/\/media.poblenouurbandistrict.com\/2015\/06\/25010413\/1425586_10207023223878092_4805301337949916214_n.jpg\" \/>\n\t<meta property=\"og:image:width\" content=\"960\" \/>\n\t<meta property=\"og:image:height\" content=\"640\" \/>\n\t<meta property=\"og:image:type\" content=\"image\/jpeg\" \/>\n<meta name=\"author\" content=\"pnud\" \/>\n<meta name=\"twitter:card\" content=\"summary_large_image\" \/>\n<meta name=\"twitter:label1\" content=\"Escrito por\" \/>\n\t<meta name=\"twitter:data1\" content=\"pnud\" \/>\n\t<meta name=\"twitter:label2\" content=\"Tiempo de lectura\" \/>\n\t<meta name=\"twitter:data2\" content=\"2 minutos\" \/>\n<script type=\"application\/ld+json\" class=\"yoast-schema-graph\">{\"@context\":\"https:\\\/\\\/schema.org\",\"@graph\":[{\"@type\":\"Article\",\"@id\":\"https:\\\/\\\/poblenouurbandistrict.com\\\/es\\\/la-crisi-iraquiana-traves-de-la-fotografia-el-documental-lespai-eterna\\\/#article\",\"isPartOf\":{\"@id\":\"https:\\\/\\\/poblenouurbandistrict.com\\\/es\\\/la-crisi-iraquiana-traves-de-la-fotografia-el-documental-lespai-eterna\\\/\"},\"author\":{\"name\":\"pnud\",\"@id\":\"https:\\\/\\\/poblenouurbandistrict.com\\\/#\\\/schema\\\/person\\\/980a2cf34b399d5218205730acd54a7e\"},\"headline\":\"La crisis iraqu\u00ed a trav\u00e9s de la fotograf\u00eda y el documental en el Espacio Eterna\",\"datePublished\":\"2015-06-11T11:42:56+00:00\",\"mainEntityOfPage\":{\"@id\":\"https:\\\/\\\/poblenouurbandistrict.com\\\/es\\\/la-crisi-iraquiana-traves-de-la-fotografia-el-documental-lespai-eterna\\\/\"},\"wordCount\":507,\"image\":{\"@id\":\"https:\\\/\\\/poblenouurbandistrict.com\\\/es\\\/la-crisi-iraquiana-traves-de-la-fotografia-el-documental-lespai-eterna\\\/#primaryimage\"},\"thumbnailUrl\":\"https:\\\/\\\/media.poblenouurbandistrict.com\\\/2015\\\/06\\\/25010413\\\/1425586_10207023223878092_4805301337949916214_n.jpg\",\"keywords\":[\"conferencia\",\"docfield\",\"docfield 15\",\"espacio eterna\",\"exposici\u00f3n\",\"fotograf\u00eda\",\"fotografia documental\",\"stefano carini\"],\"articleSection\":[\"Est\u00e1 pasando\"],\"inLanguage\":\"es\"},{\"@type\":\"WebPage\",\"@id\":\"https:\\\/\\\/poblenouurbandistrict.com\\\/es\\\/la-crisi-iraquiana-traves-de-la-fotografia-el-documental-lespai-eterna\\\/\",\"url\":\"https:\\\/\\\/poblenouurbandistrict.com\\\/es\\\/la-crisi-iraquiana-traves-de-la-fotografia-el-documental-lespai-eterna\\\/\",\"name\":\"La crisi iraquiana a trav\u00e9s de la fotografia i el documental\",\"isPartOf\":{\"@id\":\"https:\\\/\\\/poblenouurbandistrict.com\\\/es\\\/#website\"},\"primaryImageOfPage\":{\"@id\":\"https:\\\/\\\/poblenouurbandistrict.com\\\/es\\\/la-crisi-iraquiana-traves-de-la-fotografia-el-documental-lespai-eterna\\\/#primaryimage\"},\"image\":{\"@id\":\"https:\\\/\\\/poblenouurbandistrict.com\\\/es\\\/la-crisi-iraquiana-traves-de-la-fotografia-el-documental-lespai-eterna\\\/#primaryimage\"},\"thumbnailUrl\":\"https:\\\/\\\/media.poblenouurbandistrict.com\\\/2015\\\/06\\\/25010413\\\/1425586_10207023223878092_4805301337949916214_n.jpg\",\"datePublished\":\"2015-06-11T11:42:56+00:00\",\"author\":{\"@id\":\"https:\\\/\\\/poblenouurbandistrict.com\\\/#\\\/schema\\\/person\\\/980a2cf34b399d5218205730acd54a7e\"},\"description\":\"L\u2019Espai Eterna ofereixen l\u2019oportunitat \u2013 el proper dijous 11 de juny \u2013de con\u00e8ixer de primera m\u00e0 la primera ag\u00e8ncia de fotografia iraquiana: Metrography\",\"breadcrumb\":{\"@id\":\"https:\\\/\\\/poblenouurbandistrict.com\\\/es\\\/la-crisi-iraquiana-traves-de-la-fotografia-el-documental-lespai-eterna\\\/#breadcrumb\"},\"inLanguage\":\"es\",\"potentialAction\":[{\"@type\":\"ReadAction\",\"target\":[[\"https:\\\/\\\/poblenouurbandistrict.com\\\/es\\\/la-crisi-iraquiana-traves-de-la-fotografia-el-documental-lespai-eterna\\\/\"]]}]},{\"@type\":\"ImageObject\",\"inLanguage\":\"es\",\"@id\":\"https:\\\/\\\/poblenouurbandistrict.com\\\/es\\\/la-crisi-iraquiana-traves-de-la-fotografia-el-documental-lespai-eterna\\\/#primaryimage\",\"url\":\"https:\\\/\\\/media.poblenouurbandistrict.com\\\/2015\\\/06\\\/25010413\\\/1425586_10207023223878092_4805301337949916214_n.jpg\",\"contentUrl\":\"https:\\\/\\\/media.poblenouurbandistrict.com\\\/2015\\\/06\\\/25010413\\\/1425586_10207023223878092_4805301337949916214_n.jpg\",\"width\":960,\"height\":640,\"caption\":\"La crisi iraquiana a trav\u00e9s de la fotografia i el documental a l\u2019Espai Eterna\"},{\"@type\":\"BreadcrumbList\",\"@id\":\"https:\\\/\\\/poblenouurbandistrict.com\\\/es\\\/la-crisi-iraquiana-traves-de-la-fotografia-el-documental-lespai-eterna\\\/#breadcrumb\",\"itemListElement\":[{\"@type\":\"ListItem\",\"position\":1,\"name\":\"Home\",\"item\":\"https:\\\/\\\/poblenouurbandistrict.com\\\/es\\\/\"},{\"@type\":\"ListItem\",\"position\":2,\"name\":\"La crisis iraqu\u00ed a trav\u00e9s de la fotograf\u00eda y el documental en el Espacio Eterna\"}]},{\"@type\":\"WebSite\",\"@id\":\"https:\\\/\\\/poblenouurbandistrict.com\\\/es\\\/#website\",\"url\":\"https:\\\/\\\/poblenouurbandistrict.com\\\/es\\\/\",\"name\":\"Poblenou Urban District\",\"description\":\"Comunidad Creativa\",\"potentialAction\":[{\"@type\":\"SearchAction\",\"target\":{\"@type\":\"EntryPoint\",\"urlTemplate\":\"https:\\\/\\\/poblenouurbandistrict.com\\\/es\\\/?s={search_term_string}\"},\"query-input\":{\"@type\":\"PropertyValueSpecification\",\"valueRequired\":true,\"valueName\":\"search_term_string\"}}],\"inLanguage\":\"es\"},{\"@type\":\"Person\",\"@id\":\"https:\\\/\\\/poblenouurbandistrict.com\\\/#\\\/schema\\\/person\\\/980a2cf34b399d5218205730acd54a7e\",\"name\":\"pnud\",\"image\":{\"@type\":\"ImageObject\",\"inLanguage\":\"es\",\"@id\":\"https:\\\/\\\/secure.gravatar.com\\\/avatar\\\/67146597b405ee077a24e519f75c3e2031736596d6ce35af3a34c122c93d0d7b?s=96&d=retro&r=g\",\"url\":\"https:\\\/\\\/secure.gravatar.com\\\/avatar\\\/67146597b405ee077a24e519f75c3e2031736596d6ce35af3a34c122c93d0d7b?s=96&d=retro&r=g\",\"contentUrl\":\"https:\\\/\\\/secure.gravatar.com\\\/avatar\\\/67146597b405ee077a24e519f75c3e2031736596d6ce35af3a34c122c93d0d7b?s=96&d=retro&r=g\",\"caption\":\"pnud\"}}]}<\/script>\n<!-- \/ Yoast SEO plugin. -->","yoast_head_json":{"title":"La crisi iraquiana a trav\u00e9s de la fotografia i el documental","description":"L\u2019Espai Eterna ofereixen l\u2019oportunitat \u2013 el proper dijous 11 de juny \u2013de con\u00e8ixer de primera m\u00e0 la primera ag\u00e8ncia de fotografia iraquiana: Metrography","robots":{"index":"index","follow":"follow","max-snippet":"max-snippet:-1","max-image-preview":"max-image-preview:large","max-video-preview":"max-video-preview:-1"},"canonical":"https:\/\/poblenouurbandistrict.com\/es\/la-crisi-iraquiana-traves-de-la-fotografia-el-documental-lespai-eterna\/","og_locale":"es_ES","og_type":"article","og_title":"La crisi iraquiana a trav\u00e9s de la fotografia i el documental","og_description":"L\u2019Espai Eterna ofereixen l\u2019oportunitat \u2013 el proper dijous 11 de juny \u2013de con\u00e8ixer de primera m\u00e0 la primera ag\u00e8ncia de fotografia iraquiana: Metrography","og_url":"https:\/\/poblenouurbandistrict.com\/es\/la-crisi-iraquiana-traves-de-la-fotografia-el-documental-lespai-eterna\/","og_site_name":"Poblenou Urban District","article_published_time":"2015-06-11T11:42:56+00:00","og_image":[{"width":960,"height":640,"url":"https:\/\/media.poblenouurbandistrict.com\/2015\/06\/25010413\/1425586_10207023223878092_4805301337949916214_n.jpg","type":"image\/jpeg"}],"author":"pnud","twitter_card":"summary_large_image","twitter_misc":{"Escrito por":"pnud","Tiempo de lectura":"2 minutos"},"schema":{"@context":"https:\/\/schema.org","@graph":[{"@type":"Article","@id":"https:\/\/poblenouurbandistrict.com\/es\/la-crisi-iraquiana-traves-de-la-fotografia-el-documental-lespai-eterna\/#article","isPartOf":{"@id":"https:\/\/poblenouurbandistrict.com\/es\/la-crisi-iraquiana-traves-de-la-fotografia-el-documental-lespai-eterna\/"},"author":{"name":"pnud","@id":"https:\/\/poblenouurbandistrict.com\/#\/schema\/person\/980a2cf34b399d5218205730acd54a7e"},"headline":"La crisis iraqu\u00ed a trav\u00e9s de la fotograf\u00eda y el documental en el Espacio Eterna","datePublished":"2015-06-11T11:42:56+00:00","mainEntityOfPage":{"@id":"https:\/\/poblenouurbandistrict.com\/es\/la-crisi-iraquiana-traves-de-la-fotografia-el-documental-lespai-eterna\/"},"wordCount":507,"image":{"@id":"https:\/\/poblenouurbandistrict.com\/es\/la-crisi-iraquiana-traves-de-la-fotografia-el-documental-lespai-eterna\/#primaryimage"},"thumbnailUrl":"https:\/\/media.poblenouurbandistrict.com\/2015\/06\/25010413\/1425586_10207023223878092_4805301337949916214_n.jpg","keywords":["conferencia","docfield","docfield 15","espacio eterna","exposici\u00f3n","fotograf\u00eda","fotografia documental","stefano carini"],"articleSection":["Est\u00e1 pasando"],"inLanguage":"es"},{"@type":"WebPage","@id":"https:\/\/poblenouurbandistrict.com\/es\/la-crisi-iraquiana-traves-de-la-fotografia-el-documental-lespai-eterna\/","url":"https:\/\/poblenouurbandistrict.com\/es\/la-crisi-iraquiana-traves-de-la-fotografia-el-documental-lespai-eterna\/","name":"La crisi iraquiana a trav\u00e9s de la fotografia i el documental","isPartOf":{"@id":"https:\/\/poblenouurbandistrict.com\/es\/#website"},"primaryImageOfPage":{"@id":"https:\/\/poblenouurbandistrict.com\/es\/la-crisi-iraquiana-traves-de-la-fotografia-el-documental-lespai-eterna\/#primaryimage"},"image":{"@id":"https:\/\/poblenouurbandistrict.com\/es\/la-crisi-iraquiana-traves-de-la-fotografia-el-documental-lespai-eterna\/#primaryimage"},"thumbnailUrl":"https:\/\/media.poblenouurbandistrict.com\/2015\/06\/25010413\/1425586_10207023223878092_4805301337949916214_n.jpg","datePublished":"2015-06-11T11:42:56+00:00","author":{"@id":"https:\/\/poblenouurbandistrict.com\/#\/schema\/person\/980a2cf34b399d5218205730acd54a7e"},"description":"L\u2019Espai Eterna ofereixen l\u2019oportunitat \u2013 el proper dijous 11 de juny \u2013de con\u00e8ixer de primera m\u00e0 la primera ag\u00e8ncia de fotografia iraquiana: Metrography","breadcrumb":{"@id":"https:\/\/poblenouurbandistrict.com\/es\/la-crisi-iraquiana-traves-de-la-fotografia-el-documental-lespai-eterna\/#breadcrumb"},"inLanguage":"es","potentialAction":[{"@type":"ReadAction","target":[["https:\/\/poblenouurbandistrict.com\/es\/la-crisi-iraquiana-traves-de-la-fotografia-el-documental-lespai-eterna\/"]]}]},{"@type":"ImageObject","inLanguage":"es","@id":"https:\/\/poblenouurbandistrict.com\/es\/la-crisi-iraquiana-traves-de-la-fotografia-el-documental-lespai-eterna\/#primaryimage","url":"https:\/\/media.poblenouurbandistrict.com\/2015\/06\/25010413\/1425586_10207023223878092_4805301337949916214_n.jpg","contentUrl":"https:\/\/media.poblenouurbandistrict.com\/2015\/06\/25010413\/1425586_10207023223878092_4805301337949916214_n.jpg","width":960,"height":640,"caption":"La crisi iraquiana a trav\u00e9s de la fotografia i el documental a l\u2019Espai Eterna"},{"@type":"BreadcrumbList","@id":"https:\/\/poblenouurbandistrict.com\/es\/la-crisi-iraquiana-traves-de-la-fotografia-el-documental-lespai-eterna\/#breadcrumb","itemListElement":[{"@type":"ListItem","position":1,"name":"Home","item":"https:\/\/poblenouurbandistrict.com\/es\/"},{"@type":"ListItem","position":2,"name":"La crisis iraqu\u00ed a trav\u00e9s de la fotograf\u00eda y el documental en el Espacio Eterna"}]},{"@type":"WebSite","@id":"https:\/\/poblenouurbandistrict.com\/es\/#website","url":"https:\/\/poblenouurbandistrict.com\/es\/","name":"Poblenou Urban District","description":"Comunidad Creativa","potentialAction":[{"@type":"SearchAction","target":{"@type":"EntryPoint","urlTemplate":"https:\/\/poblenouurbandistrict.com\/es\/?s={search_term_string}"},"query-input":{"@type":"PropertyValueSpecification","valueRequired":true,"valueName":"search_term_string"}}],"inLanguage":"es"},{"@type":"Person","@id":"https:\/\/poblenouurbandistrict.com\/#\/schema\/person\/980a2cf34b399d5218205730acd54a7e","name":"pnud","image":{"@type":"ImageObject","inLanguage":"es","@id":"https:\/\/secure.gravatar.com\/avatar\/67146597b405ee077a24e519f75c3e2031736596d6ce35af3a34c122c93d0d7b?s=96&d=retro&r=g","url":"https:\/\/secure.gravatar.com\/avatar\/67146597b405ee077a24e519f75c3e2031736596d6ce35af3a34c122c93d0d7b?s=96&d=retro&r=g","contentUrl":"https:\/\/secure.gravatar.com\/avatar\/67146597b405ee077a24e519f75c3e2031736596d6ce35af3a34c122c93d0d7b?s=96&d=retro&r=g","caption":"pnud"}}]}},"_links":{"self":[{"href":"https:\/\/poblenouurbandistrict.com\/es\/wp-json\/wp\/v2\/posts\/6283","targetHints":{"allow":["GET"]}}],"collection":[{"href":"https:\/\/poblenouurbandistrict.com\/es\/wp-json\/wp\/v2\/posts"}],"about":[{"href":"https:\/\/poblenouurbandistrict.com\/es\/wp-json\/wp\/v2\/types\/post"}],"author":[{"embeddable":true,"href":"https:\/\/poblenouurbandistrict.com\/es\/wp-json\/wp\/v2\/users\/5"}],"replies":[{"embeddable":true,"href":"https:\/\/poblenouurbandistrict.com\/es\/wp-json\/wp\/v2\/comments?post=6283"}],"version-history":[{"count":2,"href":"https:\/\/poblenouurbandistrict.com\/es\/wp-json\/wp\/v2\/posts\/6283\/revisions"}],"predecessor-version":[{"id":6286,"href":"https:\/\/poblenouurbandistrict.com\/es\/wp-json\/wp\/v2\/posts\/6283\/revisions\/6286"}],"wp:featuredmedia":[{"embeddable":true,"href":"https:\/\/poblenouurbandistrict.com\/es\/wp-json\/wp\/v2\/media\/6284"}],"wp:attachment":[{"href":"https:\/\/poblenouurbandistrict.com\/es\/wp-json\/wp\/v2\/media?parent=6283"}],"wp:term":[{"taxonomy":"category","embeddable":true,"href":"https:\/\/poblenouurbandistrict.com\/es\/wp-json\/wp\/v2\/categories?post=6283"},{"taxonomy":"post_tag","embeddable":true,"href":"https:\/\/poblenouurbandistrict.com\/es\/wp-json\/wp\/v2\/tags?post=6283"}],"curies":[{"name":"wp","href":"https:\/\/api.w.org\/{rel}","templated":true}]}}