{"id":6933,"date":"2015-10-16T12:42:59","date_gmt":"2015-10-16T10:42:59","guid":{"rendered":"https:\/\/poblenouurbandistrict.com\/new\/?p=6933"},"modified":"2015-10-16T12:42:59","modified_gmt":"2015-10-16T10:42:59","slug":"escrito-en-el-aire-lespectacle-donair-barcelona","status":"publish","type":"post","link":"https:\/\/poblenouurbandistrict.com\/es\/escrito-en-el-aire-lespectacle-donair-barcelona\/","title":{"rendered":"\u201cEscrito en el Aire\u201d: el espect\u00e1culo de Onair Barcelona"},"content":{"rendered":"<p>&nbsp;<\/p>\n<p class=\"p1\"><img loading=\"lazy\" decoding=\"async\" class=\"aligncenter size-large wp-image-6934\" src=\"https:\/\/media.poblenouurbandistrict.com\/2015\/10\/25011200\/aro1-640x427.jpg\" alt=\"&quot;Escrito en el aire&quot; de Onair Barcelona\" width=\"640\" height=\"427\" \/><\/p>\n<p>&nbsp;<\/p>\n<h1 class=\"p1\">\u201cEscrito en el Aire\u201d: el espect\u00e1culo de Onair en homenaje al Poblenou<\/h1>\n<p class=\"p1\">La escuela\u00a0de danza a\u00e9rea <b>Onair<\/b> presenta <em>Escrito en el Aire<\/em>\u00a0en el marco del\u00a0<b>Festival\u00a0<b>Escena<\/b>\u00a0Poblenou\u00a0<\/b>el pr\u00f3ximo domingo <b>25 de octubre<\/b>. La actuaci\u00f3n la llevar\u00e1n a cabo los alumnes de la escuela en su espacio de la calle Pere IV, y la entrada es gratuita.<\/p>\n<p class=\"p1\">El barrio del <strong>Poblenou<\/strong> ha sido, y sigue siendo, un s\u00edmbolo de la Barcelona m\u00e1s industrial y trabajadora. En una zona en la que tradici\u00f3n y modernidad se funden, y desde la que se llega al mar, siempre inspirador, el <strong>Poblenou<\/strong> ha acogido a artistas desde sus inicios, y por sus calles han paseado personas y personajes de todo tipo. Es por esto que Onair quiere homenajearlos de una manera bien especial. En el espect\u00e1culo <em>Escrito en el Aire<\/em>\u00a0los alumnos de la compa\u00f1\u00eda combinar\u00e1n el espect\u00e1culo a\u00e9reo que les caracteriza y la representaci\u00f3n teatral de testimonios hist\u00f3ricos de antiguos vecinos del barrio, a partir de textos conservados en el Archivo Hist\u00f3rico de <strong>Poblenou<\/strong>.<\/p>\n<p class=\"p1\">Para m\u00e1s informaci\u00f3n sobre el evento, pod\u00e9is visitar <a href=\"http:\/\/www.escenapoblenou.com\/blog\/portfolio\/escrito-en-el-aire\/\">este enlace<\/a>.<\/p>\n<p class=\"p3\"><span class=\"s2\"><strong><a href=\"http:\/\/onairbarcelona.com\/\">Onair Barcelona<\/a><\/strong><\/span><span class=\"s2\">,<span class=\"Apple-converted-space\">\u00a0 <\/span><\/span>la primera escuela de danza vertical de Espa\u00f1a, abre las puertas de su sede en la calle Pere IV en febrero de 2014. M\u00e1s all\u00e1 de sus clases, busca ser un espacio de referencia para exposiciones, talleres y desfiles, actuando como un potente difusor cultural.<\/p>\n<hr \/>\n<h3 class=\"p3\">ESPECT\u00c1CULO \u201cEscrito EN EL AIRE\u201d<\/h3>\n<h3 class=\"p3\">ONAIR (C\/ PERE IV, 99)<\/h3>\n<h3 class=\"p3\">DOMINGO 25 DE OCTUBRE \u2013 A LAS 17H Y A LAS 19H<\/h3>\n<p>&nbsp;<\/p>","protected":false},"excerpt":{"rendered":"<p>&nbsp; &nbsp; \u201cEscrito en el Aire\u201d: el espect\u00e1culo de Onair en homenaje al Poblenou La escuela\u00a0de danza a\u00e9rea Onair presenta&#8230; <a href=\"https:\/\/poblenouurbandistrict.com\/es\/escrito-en-el-aire-lespectacle-donair-barcelona\/\">M\u00e1s  \u2192<\/a><\/p>\n","protected":false},"author":5,"featured_media":6934,"comment_status":"closed","ping_status":"closed","sticky":false,"template":"","format":"standard","meta":{"_acf_changed":false,"footnotes":""},"categories":[1],"tags":[670,49,1692,1680,879,1041],"class_list":["post-6933","post","type-post","status-publish","format-standard","has-post-thumbnail","hentry","category-noticias","tag-danza-aerea","tag-escena-poblenou","tag-escrito-en-el-aire","tag-espectaculo","tag-onair-barcelona","tag-teatro"],"acf":[],"yoast_head":"<!-- This site is optimized with the Yoast SEO plugin v27.5 - https:\/\/yoast.com\/product\/yoast-seo-wordpress\/ -->\n<title>\u201cEscrito en el Aire\u201d: el espect\u00e1culo de Onair Barcelona<\/title>\n<meta name=\"description\" content=\"La escuela de danza a\u00e9rea Onair Barcelona presenta &quot;Escrito en el Aire&quot; dentro del marco del Festival Escena Poblenou el pr\u00f3ximo domingo 25 de octubre\" \/>\n<meta name=\"robots\" content=\"index, follow, max-snippet:-1, max-image-preview:large, max-video-preview:-1\" \/>\n<link rel=\"canonical\" href=\"https:\/\/poblenouurbandistrict.com\/es\/escrito-en-el-aire-lespectacle-donair-barcelona\/\" \/>\n<meta property=\"og:locale\" content=\"es_ES\" \/>\n<meta property=\"og:type\" content=\"article\" \/>\n<meta property=\"og:title\" content=\"\u201cEscrito en el Aire\u201d: el espect\u00e1culo de Onair Barcelona\" \/>\n<meta property=\"og:description\" content=\"La escuela de danza a\u00e9rea Onair Barcelona presenta &quot;Escrito en el Aire&quot; dentro del marco del Festival Escena Poblenou el pr\u00f3ximo domingo 25 de octubre\" \/>\n<meta property=\"og:url\" content=\"https:\/\/poblenouurbandistrict.com\/es\/escrito-en-el-aire-lespectacle-donair-barcelona\/\" \/>\n<meta property=\"og:site_name\" content=\"Poblenou Urban District\" \/>\n<meta property=\"article:published_time\" content=\"2015-10-16T10:42:59+00:00\" \/>\n<meta property=\"og:image\" content=\"https:\/\/media.poblenouurbandistrict.com\/2015\/10\/25011200\/aro1.jpg\" \/>\n\t<meta property=\"og:image:width\" content=\"1200\" \/>\n\t<meta property=\"og:image:height\" content=\"800\" \/>\n\t<meta property=\"og:image:type\" content=\"image\/jpeg\" \/>\n<meta name=\"author\" content=\"pnud\" \/>\n<meta name=\"twitter:card\" content=\"summary_large_image\" \/>\n<meta name=\"twitter:label1\" content=\"Escrito por\" \/>\n\t<meta name=\"twitter:data1\" content=\"pnud\" \/>\n\t<meta name=\"twitter:label2\" content=\"Tiempo de lectura\" \/>\n\t<meta name=\"twitter:data2\" content=\"3 minutos\" \/>\n<script type=\"application\/ld+json\" class=\"yoast-schema-graph\">{\"@context\":\"https:\\\/\\\/schema.org\",\"@graph\":[{\"@type\":\"Article\",\"@id\":\"https:\\\/\\\/poblenouurbandistrict.com\\\/es\\\/escrito-en-el-aire-lespectacle-donair-barcelona\\\/#article\",\"isPartOf\":{\"@id\":\"https:\\\/\\\/poblenouurbandistrict.com\\\/es\\\/escrito-en-el-aire-lespectacle-donair-barcelona\\\/\"},\"author\":{\"name\":\"pnud\",\"@id\":\"https:\\\/\\\/poblenouurbandistrict.com\\\/#\\\/schema\\\/person\\\/980a2cf34b399d5218205730acd54a7e\"},\"headline\":\"\u201cEscrito en el Aire\u201d: el espect\u00e1culo de Onair Barcelona\",\"datePublished\":\"2015-10-16T10:42:59+00:00\",\"mainEntityOfPage\":{\"@id\":\"https:\\\/\\\/poblenouurbandistrict.com\\\/es\\\/escrito-en-el-aire-lespectacle-donair-barcelona\\\/\"},\"wordCount\":557,\"image\":{\"@id\":\"https:\\\/\\\/poblenouurbandistrict.com\\\/es\\\/escrito-en-el-aire-lespectacle-donair-barcelona\\\/#primaryimage\"},\"thumbnailUrl\":\"https:\\\/\\\/media.poblenouurbandistrict.com\\\/2015\\\/10\\\/25011200\\\/aro1.jpg\",\"keywords\":[\"danza \u00e1erea\",\"Escena Poblenou\",\"escrito en el aire\",\"espect\u00e1culo\",\"onair barcelona\",\"teatro\"],\"articleSection\":[\"Est\u00e1 pasando\"],\"inLanguage\":\"es\"},{\"@type\":\"WebPage\",\"@id\":\"https:\\\/\\\/poblenouurbandistrict.com\\\/es\\\/escrito-en-el-aire-lespectacle-donair-barcelona\\\/\",\"url\":\"https:\\\/\\\/poblenouurbandistrict.com\\\/es\\\/escrito-en-el-aire-lespectacle-donair-barcelona\\\/\",\"name\":\"\u201cEscrito en el Aire\u201d: el espect\u00e1culo de Onair Barcelona\",\"isPartOf\":{\"@id\":\"https:\\\/\\\/poblenouurbandistrict.com\\\/es\\\/#website\"},\"primaryImageOfPage\":{\"@id\":\"https:\\\/\\\/poblenouurbandistrict.com\\\/es\\\/escrito-en-el-aire-lespectacle-donair-barcelona\\\/#primaryimage\"},\"image\":{\"@id\":\"https:\\\/\\\/poblenouurbandistrict.com\\\/es\\\/escrito-en-el-aire-lespectacle-donair-barcelona\\\/#primaryimage\"},\"thumbnailUrl\":\"https:\\\/\\\/media.poblenouurbandistrict.com\\\/2015\\\/10\\\/25011200\\\/aro1.jpg\",\"datePublished\":\"2015-10-16T10:42:59+00:00\",\"author\":{\"@id\":\"https:\\\/\\\/poblenouurbandistrict.com\\\/#\\\/schema\\\/person\\\/980a2cf34b399d5218205730acd54a7e\"},\"description\":\"La escuela de danza a\u00e9rea Onair Barcelona presenta \\\"Escrito en el Aire\\\" dentro del marco del Festival Escena Poblenou el pr\u00f3ximo domingo 25 de octubre\",\"breadcrumb\":{\"@id\":\"https:\\\/\\\/poblenouurbandistrict.com\\\/es\\\/escrito-en-el-aire-lespectacle-donair-barcelona\\\/#breadcrumb\"},\"inLanguage\":\"es\",\"potentialAction\":[{\"@type\":\"ReadAction\",\"target\":[[\"https:\\\/\\\/poblenouurbandistrict.com\\\/es\\\/escrito-en-el-aire-lespectacle-donair-barcelona\\\/\"]]}]},{\"@type\":\"ImageObject\",\"inLanguage\":\"es\",\"@id\":\"https:\\\/\\\/poblenouurbandistrict.com\\\/es\\\/escrito-en-el-aire-lespectacle-donair-barcelona\\\/#primaryimage\",\"url\":\"https:\\\/\\\/media.poblenouurbandistrict.com\\\/2015\\\/10\\\/25011200\\\/aro1.jpg\",\"contentUrl\":\"https:\\\/\\\/media.poblenouurbandistrict.com\\\/2015\\\/10\\\/25011200\\\/aro1.jpg\",\"width\":1200,\"height\":800,\"caption\":\"\\\"Escrito en el aire\\\" de Onair Barcelona\"},{\"@type\":\"BreadcrumbList\",\"@id\":\"https:\\\/\\\/poblenouurbandistrict.com\\\/es\\\/escrito-en-el-aire-lespectacle-donair-barcelona\\\/#breadcrumb\",\"itemListElement\":[{\"@type\":\"ListItem\",\"position\":1,\"name\":\"Home\",\"item\":\"https:\\\/\\\/poblenouurbandistrict.com\\\/es\\\/\"},{\"@type\":\"ListItem\",\"position\":2,\"name\":\"\u201cEscrito en el Aire\u201d: el espect\u00e1culo de Onair Barcelona\"}]},{\"@type\":\"WebSite\",\"@id\":\"https:\\\/\\\/poblenouurbandistrict.com\\\/es\\\/#website\",\"url\":\"https:\\\/\\\/poblenouurbandistrict.com\\\/es\\\/\",\"name\":\"Poblenou Urban District\",\"description\":\"Comunidad Creativa\",\"potentialAction\":[{\"@type\":\"SearchAction\",\"target\":{\"@type\":\"EntryPoint\",\"urlTemplate\":\"https:\\\/\\\/poblenouurbandistrict.com\\\/es\\\/?s={search_term_string}\"},\"query-input\":{\"@type\":\"PropertyValueSpecification\",\"valueRequired\":true,\"valueName\":\"search_term_string\"}}],\"inLanguage\":\"es\"},{\"@type\":\"Person\",\"@id\":\"https:\\\/\\\/poblenouurbandistrict.com\\\/#\\\/schema\\\/person\\\/980a2cf34b399d5218205730acd54a7e\",\"name\":\"pnud\",\"image\":{\"@type\":\"ImageObject\",\"inLanguage\":\"es\",\"@id\":\"https:\\\/\\\/secure.gravatar.com\\\/avatar\\\/67146597b405ee077a24e519f75c3e2031736596d6ce35af3a34c122c93d0d7b?s=96&d=retro&r=g\",\"url\":\"https:\\\/\\\/secure.gravatar.com\\\/avatar\\\/67146597b405ee077a24e519f75c3e2031736596d6ce35af3a34c122c93d0d7b?s=96&d=retro&r=g\",\"contentUrl\":\"https:\\\/\\\/secure.gravatar.com\\\/avatar\\\/67146597b405ee077a24e519f75c3e2031736596d6ce35af3a34c122c93d0d7b?s=96&d=retro&r=g\",\"caption\":\"pnud\"}}]}<\/script>\n<!-- \/ Yoast SEO plugin. -->","yoast_head_json":{"title":"\u201cEscrito en el Aire\u201d: el espect\u00e1culo de Onair Barcelona","description":"La escuela de danza a\u00e9rea Onair Barcelona presenta \"Escrito en el Aire\" dentro del marco del Festival Escena Poblenou el pr\u00f3ximo domingo 25 de octubre","robots":{"index":"index","follow":"follow","max-snippet":"max-snippet:-1","max-image-preview":"max-image-preview:large","max-video-preview":"max-video-preview:-1"},"canonical":"https:\/\/poblenouurbandistrict.com\/es\/escrito-en-el-aire-lespectacle-donair-barcelona\/","og_locale":"es_ES","og_type":"article","og_title":"\u201cEscrito en el Aire\u201d: el espect\u00e1culo de Onair Barcelona","og_description":"La escuela de danza a\u00e9rea Onair Barcelona presenta \"Escrito en el Aire\" dentro del marco del Festival Escena Poblenou el pr\u00f3ximo domingo 25 de octubre","og_url":"https:\/\/poblenouurbandistrict.com\/es\/escrito-en-el-aire-lespectacle-donair-barcelona\/","og_site_name":"Poblenou Urban District","article_published_time":"2015-10-16T10:42:59+00:00","og_image":[{"width":1200,"height":800,"url":"https:\/\/media.poblenouurbandistrict.com\/2015\/10\/25011200\/aro1.jpg","type":"image\/jpeg"}],"author":"pnud","twitter_card":"summary_large_image","twitter_misc":{"Escrito por":"pnud","Tiempo de lectura":"3 minutos"},"schema":{"@context":"https:\/\/schema.org","@graph":[{"@type":"Article","@id":"https:\/\/poblenouurbandistrict.com\/es\/escrito-en-el-aire-lespectacle-donair-barcelona\/#article","isPartOf":{"@id":"https:\/\/poblenouurbandistrict.com\/es\/escrito-en-el-aire-lespectacle-donair-barcelona\/"},"author":{"name":"pnud","@id":"https:\/\/poblenouurbandistrict.com\/#\/schema\/person\/980a2cf34b399d5218205730acd54a7e"},"headline":"\u201cEscrito en el Aire\u201d: el espect\u00e1culo de Onair Barcelona","datePublished":"2015-10-16T10:42:59+00:00","mainEntityOfPage":{"@id":"https:\/\/poblenouurbandistrict.com\/es\/escrito-en-el-aire-lespectacle-donair-barcelona\/"},"wordCount":557,"image":{"@id":"https:\/\/poblenouurbandistrict.com\/es\/escrito-en-el-aire-lespectacle-donair-barcelona\/#primaryimage"},"thumbnailUrl":"https:\/\/media.poblenouurbandistrict.com\/2015\/10\/25011200\/aro1.jpg","keywords":["danza \u00e1erea","Escena Poblenou","escrito en el aire","espect\u00e1culo","onair barcelona","teatro"],"articleSection":["Est\u00e1 pasando"],"inLanguage":"es"},{"@type":"WebPage","@id":"https:\/\/poblenouurbandistrict.com\/es\/escrito-en-el-aire-lespectacle-donair-barcelona\/","url":"https:\/\/poblenouurbandistrict.com\/es\/escrito-en-el-aire-lespectacle-donair-barcelona\/","name":"\u201cEscrito en el Aire\u201d: el espect\u00e1culo de Onair Barcelona","isPartOf":{"@id":"https:\/\/poblenouurbandistrict.com\/es\/#website"},"primaryImageOfPage":{"@id":"https:\/\/poblenouurbandistrict.com\/es\/escrito-en-el-aire-lespectacle-donair-barcelona\/#primaryimage"},"image":{"@id":"https:\/\/poblenouurbandistrict.com\/es\/escrito-en-el-aire-lespectacle-donair-barcelona\/#primaryimage"},"thumbnailUrl":"https:\/\/media.poblenouurbandistrict.com\/2015\/10\/25011200\/aro1.jpg","datePublished":"2015-10-16T10:42:59+00:00","author":{"@id":"https:\/\/poblenouurbandistrict.com\/#\/schema\/person\/980a2cf34b399d5218205730acd54a7e"},"description":"La escuela de danza a\u00e9rea Onair Barcelona presenta \"Escrito en el Aire\" dentro del marco del Festival Escena Poblenou el pr\u00f3ximo domingo 25 de octubre","breadcrumb":{"@id":"https:\/\/poblenouurbandistrict.com\/es\/escrito-en-el-aire-lespectacle-donair-barcelona\/#breadcrumb"},"inLanguage":"es","potentialAction":[{"@type":"ReadAction","target":[["https:\/\/poblenouurbandistrict.com\/es\/escrito-en-el-aire-lespectacle-donair-barcelona\/"]]}]},{"@type":"ImageObject","inLanguage":"es","@id":"https:\/\/poblenouurbandistrict.com\/es\/escrito-en-el-aire-lespectacle-donair-barcelona\/#primaryimage","url":"https:\/\/media.poblenouurbandistrict.com\/2015\/10\/25011200\/aro1.jpg","contentUrl":"https:\/\/media.poblenouurbandistrict.com\/2015\/10\/25011200\/aro1.jpg","width":1200,"height":800,"caption":"\"Escrito en el aire\" de Onair Barcelona"},{"@type":"BreadcrumbList","@id":"https:\/\/poblenouurbandistrict.com\/es\/escrito-en-el-aire-lespectacle-donair-barcelona\/#breadcrumb","itemListElement":[{"@type":"ListItem","position":1,"name":"Home","item":"https:\/\/poblenouurbandistrict.com\/es\/"},{"@type":"ListItem","position":2,"name":"\u201cEscrito en el Aire\u201d: el espect\u00e1culo de Onair Barcelona"}]},{"@type":"WebSite","@id":"https:\/\/poblenouurbandistrict.com\/es\/#website","url":"https:\/\/poblenouurbandistrict.com\/es\/","name":"Poblenou Urban District","description":"Comunidad Creativa","potentialAction":[{"@type":"SearchAction","target":{"@type":"EntryPoint","urlTemplate":"https:\/\/poblenouurbandistrict.com\/es\/?s={search_term_string}"},"query-input":{"@type":"PropertyValueSpecification","valueRequired":true,"valueName":"search_term_string"}}],"inLanguage":"es"},{"@type":"Person","@id":"https:\/\/poblenouurbandistrict.com\/#\/schema\/person\/980a2cf34b399d5218205730acd54a7e","name":"pnud","image":{"@type":"ImageObject","inLanguage":"es","@id":"https:\/\/secure.gravatar.com\/avatar\/67146597b405ee077a24e519f75c3e2031736596d6ce35af3a34c122c93d0d7b?s=96&d=retro&r=g","url":"https:\/\/secure.gravatar.com\/avatar\/67146597b405ee077a24e519f75c3e2031736596d6ce35af3a34c122c93d0d7b?s=96&d=retro&r=g","contentUrl":"https:\/\/secure.gravatar.com\/avatar\/67146597b405ee077a24e519f75c3e2031736596d6ce35af3a34c122c93d0d7b?s=96&d=retro&r=g","caption":"pnud"}}]}},"_links":{"self":[{"href":"https:\/\/poblenouurbandistrict.com\/es\/wp-json\/wp\/v2\/posts\/6933","targetHints":{"allow":["GET"]}}],"collection":[{"href":"https:\/\/poblenouurbandistrict.com\/es\/wp-json\/wp\/v2\/posts"}],"about":[{"href":"https:\/\/poblenouurbandistrict.com\/es\/wp-json\/wp\/v2\/types\/post"}],"author":[{"embeddable":true,"href":"https:\/\/poblenouurbandistrict.com\/es\/wp-json\/wp\/v2\/users\/5"}],"replies":[{"embeddable":true,"href":"https:\/\/poblenouurbandistrict.com\/es\/wp-json\/wp\/v2\/comments?post=6933"}],"version-history":[{"count":1,"href":"https:\/\/poblenouurbandistrict.com\/es\/wp-json\/wp\/v2\/posts\/6933\/revisions"}],"predecessor-version":[{"id":6935,"href":"https:\/\/poblenouurbandistrict.com\/es\/wp-json\/wp\/v2\/posts\/6933\/revisions\/6935"}],"wp:featuredmedia":[{"embeddable":true,"href":"https:\/\/poblenouurbandistrict.com\/es\/wp-json\/wp\/v2\/media\/6934"}],"wp:attachment":[{"href":"https:\/\/poblenouurbandistrict.com\/es\/wp-json\/wp\/v2\/media?parent=6933"}],"wp:term":[{"taxonomy":"category","embeddable":true,"href":"https:\/\/poblenouurbandistrict.com\/es\/wp-json\/wp\/v2\/categories?post=6933"},{"taxonomy":"post_tag","embeddable":true,"href":"https:\/\/poblenouurbandistrict.com\/es\/wp-json\/wp\/v2\/tags?post=6933"}],"curies":[{"name":"wp","href":"https:\/\/api.w.org\/{rel}","templated":true}]}}