{"id":7994,"date":"2016-04-06T12:42:12","date_gmt":"2016-04-06T10:42:12","guid":{"rendered":"https:\/\/poblenouurbandistrict.com\/new\/?p=7994"},"modified":"2016-04-14T12:34:12","modified_gmt":"2016-04-14T10:34:12","slug":"forum-danimacio-recuperacio-del-patrimoni-historic","status":"publish","type":"post","link":"https:\/\/poblenouurbandistrict.com\/es\/forum-danimacio-recuperacio-del-patrimoni-historic\/","title":{"rendered":"F\u00f3rum de animaci\u00f3n: recuperaci\u00f3n del patrimonio hist\u00f3rico"},"content":{"rendered":"<p><\/p>\n<p class=\"p1\"><span class=\"s1\"><img loading=\"lazy\" decoding=\"async\" class=\"aligncenter size-large wp-image-7995\" src=\"https:\/\/media.poblenouurbandistrict.com\/2016\/04\/25013021\/esc_fantasm-2-640x296.jpg\" alt=\"esc_fantasm\" width=\"640\" height=\"296\" \/><\/span><\/p>\n<p class=\"p1\"><span class=\"s1\">\u00a0<\/span><\/p>\n<h1 class=\"p1\"><span class=\"s1\">F\u00f3rum de animaci\u00f3n sobre la recuperaci\u00f3n del patrimonio hist\u00f3rico<\/span><\/h1>\n<p class=\"p1\"><span class=\"s1\">El equipo de GREDITS (Grup de Recerca en Disseny i en Transformaci\u00f3 Social) ha programado para el pr\u00f3ximo jueves 14 de abril el F\u00f3rum de Animaci\u00f3n 2016. La edici\u00f3n de este a\u00f1o pretende reflexionar sobre la incidencia de la ilustraci\u00f3n y del mundo editorial en el cine de animaci\u00f3n, o sobre las posibilidades que ofrecen las nuevas t\u00e9cnicas digitales. Se celebrar\u00e1 en el espacio polivalente A de <b>BAU, Centro Universitario de Dise\u00f1o.<\/b> <\/span><\/p>\n<p class=\"p1\"><span class=\"s1\">EL f\u00f3rum, que se celebrar\u00e1 de 12.30h a 18.30h, ofrecer\u00e1, mesas redondas con un tema espec\u00edfico cada uno: la perspectiva hist\u00f3rica transversal del dibujo animado (aspectos econ\u00f3micos, hist\u00f3ricos, pol\u00edticos y culturales), las t\u00e9cnicas digitales de restauraci\u00f3n, y la relaci\u00f3n existente entre ilustraci\u00f3n, animaci\u00f3n y sector editorial. Entre los ponentes, destacan figuras como la de Jaume Duran, profesor doctor de animaci\u00f3n y cine digital de la UB; Rosa Cardona, conservadora de la Filmoteca de Catalunya; y Maria Pag\u00e8s, ilustradora, investigadora de cine de animaci\u00f3n y colaboradora de GREDITS.<\/span><\/p>\n<p class=\"p1\"><span class=\"s1\">La entrada es libre pero se necesita inscripci\u00f3n previa. Para m\u00e1s informaci\u00f3n y reservar plaza, visita la <a href=\"http:\/\/www.gredits.org\/es\/forum-de-animacion-2016\/\"><span class=\"s2\">p\u00e1gina web<\/span><\/a> de GREDITS o la <a href=\"http:\/\/www.baued.es\/blogdebau\/2016\/03\/15\/forum-danimacio-2016\/\"><span class=\"s2\">p\u00e1gina web<\/span><\/a> de BAU. <\/span><\/p>\n<p class=\"p3\"><span class=\"s3\"><a href=\"http:\/\/www.baued.es\/\"><b>Bau, centro universitario de dise\u00f1o<\/b><\/a><\/span> <span class=\"s1\">un centro que imparte estudios universitarios en el \u00e1mbito del dise\u00f1o. Emplazado en el distrito 22@ de Barcelona, ciudad conocida en todo el mundo por el dise\u00f1o,\u00a0<b>Bau<\/b>\u00a0se ubica en un recinto industrial de m\u00e1s de 6.000 m2 habilitado con espacios espec\u00edficos para la docencia y espacios polivalentes pensados para fomentar la creaci\u00f3n y la investigaci\u00f3n.<\/span><\/p>\n<hr \/>\n<h3 class=\"p3\"><span style=\"line-height: 1.5;\">F\u00d3RUM DE ANIMACI\u00d3N<\/span><\/h3>\n<h3 class=\"p1\"><span class=\"s1\">BAU, CENTRO UNIVERSITARIO DE DISE\u00d1O (C\/ PUJADES, 118)<\/span><\/h3>\n<h3 class=\"p1\"><span class=\"s1\">JUEVES 14 DE ABRIL 2016 \u2013 DE 12.30H A 18.30H <\/span><\/h3>\n<p><span class=\"s1\">\u00a0<\/span><\/p>","protected":false},"excerpt":{"rendered":"<p>\u00a0 F\u00f3rum de animaci\u00f3n sobre la recuperaci\u00f3n del patrimonio hist\u00f3rico El equipo de GREDITS (Grup de Recerca en Disseny i&#8230; <a href=\"https:\/\/poblenouurbandistrict.com\/es\/forum-danimacio-recuperacio-del-patrimoni-historic\/\">M\u00e1s  \u2192<\/a><\/p>\n","protected":false},"author":5,"featured_media":7995,"comment_status":"closed","ping_status":"closed","sticky":false,"template":"","format":"standard","meta":{"_acf_changed":false,"footnotes":""},"categories":[1],"tags":[649,9,625,2048,2047,1264],"class_list":["post-7994","post","type-post","status-publish","format-standard","has-post-thumbnail","hentry","category-noticias","tag-animacion","tag-bau","tag-charlas","tag-forum","tag-forum-danimacio","tag-xerrades"],"acf":[],"yoast_head":"<!-- This site is optimized with the Yoast SEO plugin v27.5 - https:\/\/yoast.com\/product\/yoast-seo-wordpress\/ -->\n<title>F\u00f2rum d\u2019animaci\u00f3: recuperaci\u00f3 del patrimoni hist\u00f2ric<\/title>\n<meta name=\"description\" content=\"El F\u00f2rum d\u2019animaci\u00f3 2016: L\u2019edici\u00f3 d\u2019enguany pret\u00e9n reflexionar sobre la incid\u00e8ncia de la il\u00b7lustraci\u00f3 i el m\u00f3n editorial en el cinema d\u2019animaci\u00f3\" \/>\n<meta name=\"robots\" content=\"index, follow, max-snippet:-1, max-image-preview:large, max-video-preview:-1\" \/>\n<link rel=\"canonical\" href=\"https:\/\/poblenouurbandistrict.com\/es\/forum-danimacio-recuperacio-del-patrimoni-historic\/\" \/>\n<meta property=\"og:locale\" content=\"es_ES\" \/>\n<meta property=\"og:type\" content=\"article\" \/>\n<meta property=\"og:title\" content=\"F\u00f2rum d\u2019animaci\u00f3: recuperaci\u00f3 del patrimoni hist\u00f2ric\" \/>\n<meta property=\"og:description\" content=\"El F\u00f2rum d\u2019animaci\u00f3 2016: L\u2019edici\u00f3 d\u2019enguany pret\u00e9n reflexionar sobre la incid\u00e8ncia de la il\u00b7lustraci\u00f3 i el m\u00f3n editorial en el cinema d\u2019animaci\u00f3\" \/>\n<meta property=\"og:url\" content=\"https:\/\/poblenouurbandistrict.com\/es\/forum-danimacio-recuperacio-del-patrimoni-historic\/\" \/>\n<meta property=\"og:site_name\" content=\"Poblenou Urban District\" \/>\n<meta property=\"article:published_time\" content=\"2016-04-06T10:42:12+00:00\" \/>\n<meta property=\"article:modified_time\" content=\"2016-04-14T10:34:12+00:00\" \/>\n<meta property=\"og:image\" content=\"https:\/\/media.poblenouurbandistrict.com\/2016\/04\/25013021\/esc_fantasm-2.jpg\" \/>\n\t<meta property=\"og:image:width\" content=\"1000\" \/>\n\t<meta property=\"og:image:height\" content=\"463\" \/>\n\t<meta property=\"og:image:type\" content=\"image\/jpeg\" \/>\n<meta name=\"author\" content=\"pnud\" \/>\n<meta name=\"twitter:card\" content=\"summary_large_image\" \/>\n<meta name=\"twitter:label1\" content=\"Escrito por\" \/>\n\t<meta name=\"twitter:data1\" content=\"pnud\" \/>\n\t<meta name=\"twitter:label2\" content=\"Tiempo de lectura\" \/>\n\t<meta name=\"twitter:data2\" content=\"3 minutos\" \/>\n<script type=\"application\/ld+json\" class=\"yoast-schema-graph\">{\"@context\":\"https:\\\/\\\/schema.org\",\"@graph\":[{\"@type\":\"Article\",\"@id\":\"https:\\\/\\\/poblenouurbandistrict.com\\\/es\\\/forum-danimacio-recuperacio-del-patrimoni-historic\\\/#article\",\"isPartOf\":{\"@id\":\"https:\\\/\\\/poblenouurbandistrict.com\\\/es\\\/forum-danimacio-recuperacio-del-patrimoni-historic\\\/\"},\"author\":{\"name\":\"pnud\",\"@id\":\"https:\\\/\\\/poblenouurbandistrict.com\\\/#\\\/schema\\\/person\\\/980a2cf34b399d5218205730acd54a7e\"},\"headline\":\"F\u00f3rum de animaci\u00f3n: recuperaci\u00f3n del patrimonio hist\u00f3rico\",\"datePublished\":\"2016-04-06T10:42:12+00:00\",\"dateModified\":\"2016-04-14T10:34:12+00:00\",\"mainEntityOfPage\":{\"@id\":\"https:\\\/\\\/poblenouurbandistrict.com\\\/es\\\/forum-danimacio-recuperacio-del-patrimoni-historic\\\/\"},\"wordCount\":634,\"image\":{\"@id\":\"https:\\\/\\\/poblenouurbandistrict.com\\\/es\\\/forum-danimacio-recuperacio-del-patrimoni-historic\\\/#primaryimage\"},\"thumbnailUrl\":\"https:\\\/\\\/media.poblenouurbandistrict.com\\\/2016\\\/04\\\/25013021\\\/esc_fantasm-2.jpg\",\"keywords\":[\"animaci\u00f3n\",\"BAU\",\"charlas\",\"forum\",\"f\u00f2rum d'animaci\u00f3\",\"xerrades\"],\"articleSection\":[\"Est\u00e1 pasando\"],\"inLanguage\":\"es\"},{\"@type\":\"WebPage\",\"@id\":\"https:\\\/\\\/poblenouurbandistrict.com\\\/es\\\/forum-danimacio-recuperacio-del-patrimoni-historic\\\/\",\"url\":\"https:\\\/\\\/poblenouurbandistrict.com\\\/es\\\/forum-danimacio-recuperacio-del-patrimoni-historic\\\/\",\"name\":\"F\u00f2rum d\u2019animaci\u00f3: recuperaci\u00f3 del patrimoni hist\u00f2ric\",\"isPartOf\":{\"@id\":\"https:\\\/\\\/poblenouurbandistrict.com\\\/es\\\/#website\"},\"primaryImageOfPage\":{\"@id\":\"https:\\\/\\\/poblenouurbandistrict.com\\\/es\\\/forum-danimacio-recuperacio-del-patrimoni-historic\\\/#primaryimage\"},\"image\":{\"@id\":\"https:\\\/\\\/poblenouurbandistrict.com\\\/es\\\/forum-danimacio-recuperacio-del-patrimoni-historic\\\/#primaryimage\"},\"thumbnailUrl\":\"https:\\\/\\\/media.poblenouurbandistrict.com\\\/2016\\\/04\\\/25013021\\\/esc_fantasm-2.jpg\",\"datePublished\":\"2016-04-06T10:42:12+00:00\",\"dateModified\":\"2016-04-14T10:34:12+00:00\",\"author\":{\"@id\":\"https:\\\/\\\/poblenouurbandistrict.com\\\/#\\\/schema\\\/person\\\/980a2cf34b399d5218205730acd54a7e\"},\"description\":\"El F\u00f2rum d\u2019animaci\u00f3 2016: L\u2019edici\u00f3 d\u2019enguany pret\u00e9n reflexionar sobre la incid\u00e8ncia de la il\u00b7lustraci\u00f3 i el m\u00f3n editorial en el cinema d\u2019animaci\u00f3\",\"breadcrumb\":{\"@id\":\"https:\\\/\\\/poblenouurbandistrict.com\\\/es\\\/forum-danimacio-recuperacio-del-patrimoni-historic\\\/#breadcrumb\"},\"inLanguage\":\"es\",\"potentialAction\":[{\"@type\":\"ReadAction\",\"target\":[[\"https:\\\/\\\/poblenouurbandistrict.com\\\/es\\\/forum-danimacio-recuperacio-del-patrimoni-historic\\\/\"]]}]},{\"@type\":\"ImageObject\",\"inLanguage\":\"es\",\"@id\":\"https:\\\/\\\/poblenouurbandistrict.com\\\/es\\\/forum-danimacio-recuperacio-del-patrimoni-historic\\\/#primaryimage\",\"url\":\"https:\\\/\\\/media.poblenouurbandistrict.com\\\/2016\\\/04\\\/25013021\\\/esc_fantasm-2.jpg\",\"contentUrl\":\"https:\\\/\\\/media.poblenouurbandistrict.com\\\/2016\\\/04\\\/25013021\\\/esc_fantasm-2.jpg\",\"width\":1000,\"height\":463},{\"@type\":\"BreadcrumbList\",\"@id\":\"https:\\\/\\\/poblenouurbandistrict.com\\\/es\\\/forum-danimacio-recuperacio-del-patrimoni-historic\\\/#breadcrumb\",\"itemListElement\":[{\"@type\":\"ListItem\",\"position\":1,\"name\":\"Home\",\"item\":\"https:\\\/\\\/poblenouurbandistrict.com\\\/es\\\/\"},{\"@type\":\"ListItem\",\"position\":2,\"name\":\"F\u00f3rum de animaci\u00f3n: recuperaci\u00f3n del patrimonio hist\u00f3rico\"}]},{\"@type\":\"WebSite\",\"@id\":\"https:\\\/\\\/poblenouurbandistrict.com\\\/es\\\/#website\",\"url\":\"https:\\\/\\\/poblenouurbandistrict.com\\\/es\\\/\",\"name\":\"Poblenou Urban District\",\"description\":\"Comunidad Creativa\",\"potentialAction\":[{\"@type\":\"SearchAction\",\"target\":{\"@type\":\"EntryPoint\",\"urlTemplate\":\"https:\\\/\\\/poblenouurbandistrict.com\\\/es\\\/?s={search_term_string}\"},\"query-input\":{\"@type\":\"PropertyValueSpecification\",\"valueRequired\":true,\"valueName\":\"search_term_string\"}}],\"inLanguage\":\"es\"},{\"@type\":\"Person\",\"@id\":\"https:\\\/\\\/poblenouurbandistrict.com\\\/#\\\/schema\\\/person\\\/980a2cf34b399d5218205730acd54a7e\",\"name\":\"pnud\",\"image\":{\"@type\":\"ImageObject\",\"inLanguage\":\"es\",\"@id\":\"https:\\\/\\\/secure.gravatar.com\\\/avatar\\\/67146597b405ee077a24e519f75c3e2031736596d6ce35af3a34c122c93d0d7b?s=96&d=retro&r=g\",\"url\":\"https:\\\/\\\/secure.gravatar.com\\\/avatar\\\/67146597b405ee077a24e519f75c3e2031736596d6ce35af3a34c122c93d0d7b?s=96&d=retro&r=g\",\"contentUrl\":\"https:\\\/\\\/secure.gravatar.com\\\/avatar\\\/67146597b405ee077a24e519f75c3e2031736596d6ce35af3a34c122c93d0d7b?s=96&d=retro&r=g\",\"caption\":\"pnud\"}}]}<\/script>\n<!-- \/ Yoast SEO plugin. -->","yoast_head_json":{"title":"F\u00f2rum d\u2019animaci\u00f3: recuperaci\u00f3 del patrimoni hist\u00f2ric","description":"El F\u00f2rum d\u2019animaci\u00f3 2016: L\u2019edici\u00f3 d\u2019enguany pret\u00e9n reflexionar sobre la incid\u00e8ncia de la il\u00b7lustraci\u00f3 i el m\u00f3n editorial en el cinema d\u2019animaci\u00f3","robots":{"index":"index","follow":"follow","max-snippet":"max-snippet:-1","max-image-preview":"max-image-preview:large","max-video-preview":"max-video-preview:-1"},"canonical":"https:\/\/poblenouurbandistrict.com\/es\/forum-danimacio-recuperacio-del-patrimoni-historic\/","og_locale":"es_ES","og_type":"article","og_title":"F\u00f2rum d\u2019animaci\u00f3: recuperaci\u00f3 del patrimoni hist\u00f2ric","og_description":"El F\u00f2rum d\u2019animaci\u00f3 2016: L\u2019edici\u00f3 d\u2019enguany pret\u00e9n reflexionar sobre la incid\u00e8ncia de la il\u00b7lustraci\u00f3 i el m\u00f3n editorial en el cinema d\u2019animaci\u00f3","og_url":"https:\/\/poblenouurbandistrict.com\/es\/forum-danimacio-recuperacio-del-patrimoni-historic\/","og_site_name":"Poblenou Urban District","article_published_time":"2016-04-06T10:42:12+00:00","article_modified_time":"2016-04-14T10:34:12+00:00","og_image":[{"width":1000,"height":463,"url":"https:\/\/media.poblenouurbandistrict.com\/2016\/04\/25013021\/esc_fantasm-2.jpg","type":"image\/jpeg"}],"author":"pnud","twitter_card":"summary_large_image","twitter_misc":{"Escrito por":"pnud","Tiempo de lectura":"3 minutos"},"schema":{"@context":"https:\/\/schema.org","@graph":[{"@type":"Article","@id":"https:\/\/poblenouurbandistrict.com\/es\/forum-danimacio-recuperacio-del-patrimoni-historic\/#article","isPartOf":{"@id":"https:\/\/poblenouurbandistrict.com\/es\/forum-danimacio-recuperacio-del-patrimoni-historic\/"},"author":{"name":"pnud","@id":"https:\/\/poblenouurbandistrict.com\/#\/schema\/person\/980a2cf34b399d5218205730acd54a7e"},"headline":"F\u00f3rum de animaci\u00f3n: recuperaci\u00f3n del patrimonio hist\u00f3rico","datePublished":"2016-04-06T10:42:12+00:00","dateModified":"2016-04-14T10:34:12+00:00","mainEntityOfPage":{"@id":"https:\/\/poblenouurbandistrict.com\/es\/forum-danimacio-recuperacio-del-patrimoni-historic\/"},"wordCount":634,"image":{"@id":"https:\/\/poblenouurbandistrict.com\/es\/forum-danimacio-recuperacio-del-patrimoni-historic\/#primaryimage"},"thumbnailUrl":"https:\/\/media.poblenouurbandistrict.com\/2016\/04\/25013021\/esc_fantasm-2.jpg","keywords":["animaci\u00f3n","BAU","charlas","forum","f\u00f2rum d'animaci\u00f3","xerrades"],"articleSection":["Est\u00e1 pasando"],"inLanguage":"es"},{"@type":"WebPage","@id":"https:\/\/poblenouurbandistrict.com\/es\/forum-danimacio-recuperacio-del-patrimoni-historic\/","url":"https:\/\/poblenouurbandistrict.com\/es\/forum-danimacio-recuperacio-del-patrimoni-historic\/","name":"F\u00f2rum d\u2019animaci\u00f3: recuperaci\u00f3 del patrimoni hist\u00f2ric","isPartOf":{"@id":"https:\/\/poblenouurbandistrict.com\/es\/#website"},"primaryImageOfPage":{"@id":"https:\/\/poblenouurbandistrict.com\/es\/forum-danimacio-recuperacio-del-patrimoni-historic\/#primaryimage"},"image":{"@id":"https:\/\/poblenouurbandistrict.com\/es\/forum-danimacio-recuperacio-del-patrimoni-historic\/#primaryimage"},"thumbnailUrl":"https:\/\/media.poblenouurbandistrict.com\/2016\/04\/25013021\/esc_fantasm-2.jpg","datePublished":"2016-04-06T10:42:12+00:00","dateModified":"2016-04-14T10:34:12+00:00","author":{"@id":"https:\/\/poblenouurbandistrict.com\/#\/schema\/person\/980a2cf34b399d5218205730acd54a7e"},"description":"El F\u00f2rum d\u2019animaci\u00f3 2016: L\u2019edici\u00f3 d\u2019enguany pret\u00e9n reflexionar sobre la incid\u00e8ncia de la il\u00b7lustraci\u00f3 i el m\u00f3n editorial en el cinema d\u2019animaci\u00f3","breadcrumb":{"@id":"https:\/\/poblenouurbandistrict.com\/es\/forum-danimacio-recuperacio-del-patrimoni-historic\/#breadcrumb"},"inLanguage":"es","potentialAction":[{"@type":"ReadAction","target":[["https:\/\/poblenouurbandistrict.com\/es\/forum-danimacio-recuperacio-del-patrimoni-historic\/"]]}]},{"@type":"ImageObject","inLanguage":"es","@id":"https:\/\/poblenouurbandistrict.com\/es\/forum-danimacio-recuperacio-del-patrimoni-historic\/#primaryimage","url":"https:\/\/media.poblenouurbandistrict.com\/2016\/04\/25013021\/esc_fantasm-2.jpg","contentUrl":"https:\/\/media.poblenouurbandistrict.com\/2016\/04\/25013021\/esc_fantasm-2.jpg","width":1000,"height":463},{"@type":"BreadcrumbList","@id":"https:\/\/poblenouurbandistrict.com\/es\/forum-danimacio-recuperacio-del-patrimoni-historic\/#breadcrumb","itemListElement":[{"@type":"ListItem","position":1,"name":"Home","item":"https:\/\/poblenouurbandistrict.com\/es\/"},{"@type":"ListItem","position":2,"name":"F\u00f3rum de animaci\u00f3n: recuperaci\u00f3n del patrimonio hist\u00f3rico"}]},{"@type":"WebSite","@id":"https:\/\/poblenouurbandistrict.com\/es\/#website","url":"https:\/\/poblenouurbandistrict.com\/es\/","name":"Poblenou Urban District","description":"Comunidad Creativa","potentialAction":[{"@type":"SearchAction","target":{"@type":"EntryPoint","urlTemplate":"https:\/\/poblenouurbandistrict.com\/es\/?s={search_term_string}"},"query-input":{"@type":"PropertyValueSpecification","valueRequired":true,"valueName":"search_term_string"}}],"inLanguage":"es"},{"@type":"Person","@id":"https:\/\/poblenouurbandistrict.com\/#\/schema\/person\/980a2cf34b399d5218205730acd54a7e","name":"pnud","image":{"@type":"ImageObject","inLanguage":"es","@id":"https:\/\/secure.gravatar.com\/avatar\/67146597b405ee077a24e519f75c3e2031736596d6ce35af3a34c122c93d0d7b?s=96&d=retro&r=g","url":"https:\/\/secure.gravatar.com\/avatar\/67146597b405ee077a24e519f75c3e2031736596d6ce35af3a34c122c93d0d7b?s=96&d=retro&r=g","contentUrl":"https:\/\/secure.gravatar.com\/avatar\/67146597b405ee077a24e519f75c3e2031736596d6ce35af3a34c122c93d0d7b?s=96&d=retro&r=g","caption":"pnud"}}]}},"_links":{"self":[{"href":"https:\/\/poblenouurbandistrict.com\/es\/wp-json\/wp\/v2\/posts\/7994","targetHints":{"allow":["GET"]}}],"collection":[{"href":"https:\/\/poblenouurbandistrict.com\/es\/wp-json\/wp\/v2\/posts"}],"about":[{"href":"https:\/\/poblenouurbandistrict.com\/es\/wp-json\/wp\/v2\/types\/post"}],"author":[{"embeddable":true,"href":"https:\/\/poblenouurbandistrict.com\/es\/wp-json\/wp\/v2\/users\/5"}],"replies":[{"embeddable":true,"href":"https:\/\/poblenouurbandistrict.com\/es\/wp-json\/wp\/v2\/comments?post=7994"}],"version-history":[{"count":2,"href":"https:\/\/poblenouurbandistrict.com\/es\/wp-json\/wp\/v2\/posts\/7994\/revisions"}],"predecessor-version":[{"id":7997,"href":"https:\/\/poblenouurbandistrict.com\/es\/wp-json\/wp\/v2\/posts\/7994\/revisions\/7997"}],"wp:featuredmedia":[{"embeddable":true,"href":"https:\/\/poblenouurbandistrict.com\/es\/wp-json\/wp\/v2\/media\/7995"}],"wp:attachment":[{"href":"https:\/\/poblenouurbandistrict.com\/es\/wp-json\/wp\/v2\/media?parent=7994"}],"wp:term":[{"taxonomy":"category","embeddable":true,"href":"https:\/\/poblenouurbandistrict.com\/es\/wp-json\/wp\/v2\/categories?post=7994"},{"taxonomy":"post_tag","embeddable":true,"href":"https:\/\/poblenouurbandistrict.com\/es\/wp-json\/wp\/v2\/tags?post=7994"}],"curies":[{"name":"wp","href":"https:\/\/api.w.org\/{rel}","templated":true}]}}