{"id":8394,"date":"2016-05-12T17:48:29","date_gmt":"2016-05-12T15:48:29","guid":{"rendered":"https:\/\/poblenouurbandistrict.com\/new\/?p=8394"},"modified":"2016-05-12T17:48:29","modified_gmt":"2016-05-12T15:48:29","slug":"peter-bjorn-john-en-razzmatazz","status":"publish","type":"post","link":"https:\/\/poblenouurbandistrict.com\/es\/peter-bjorn-john-en-razzmatazz\/","title":{"rendered":"Peter Bjorn &#038; John aterrizan en Razzmatazz"},"content":{"rendered":"<p><\/p>\n<h1><img loading=\"lazy\" decoding=\"async\" class=\"aligncenter size-full wp-image-8395\" src=\"https:\/\/media.poblenouurbandistrict.com\/2016\/05\/25013411\/PBJ.jpg\" alt=\"PBJ\" width=\"554\" height=\"300\" \/><\/h1>\n<h1><strong>Peter Bjorn &amp; John aterrizan en Razzmatazz<\/strong><\/h1>\n<p>El tr\u00edo originario de Suecia se convirti\u00f3 mundialmente famoso hace justo una d\u00e9cada gracias a \u201cYoung Folks\u201d, una canci\u00f3n pegadiza de silbidos repetitivos f\u00e1cil de trarear. Sin embargo, han seguido produciendo discos y ofreciendo giras mundiales. El pr\u00f3ximo jueves 19 de mayo llegan a <strong>Razzmatazz, <\/strong>una de las salas que m\u00e1s nombres internacionales acoge en conciertos en Barcelona.<\/p>\n<p>&nbsp;<\/p>\n<p>Peter Bjorn &amp; John es un tr\u00edo sueco formado por tres amigos que llevan casi veinte a\u00f1os juntos. Acaba de anunciar el lanzamiento de su s\u00e9ptimo \u00e1lbum \u00ad\u2013el primero tras cinco a\u00f1os de silencio\u2013 el pr\u00f3ximo junio, llamado \u201cBreaking Point\u201d, con el que quieren dar un giro a su carrera musical y abrazar el pop de forma radical. La inspiraci\u00f3n surgi\u00f3 mientras los tres amigos de la infancia escuchaban la m\u00fasica de ABBA, y decidieron que quer\u00edan producir m\u00fasica que pareciera \u201cf\u00e1cil de hacer\u201d. Para conseguirlo, han trabajado con productores como Patrick Berger, Greg Kurstin o Emile Haynie, quienes han trabajado a su vez con grandes figuras musicales como Florence and the Machine, Adele o FKA Twigs.<\/p>\n<p>&nbsp;<\/p>\n<p>Para m\u00e1s informaci\u00f3n y adquirir entradas, visita la <a href=\"http:\/\/www.salarazzmatazz.com\/op\/conciertos\/1531\">p\u00e1gina web<\/a> de Razzmatazz.<\/p>\n<p>&nbsp;<\/p>\n<p><strong>Sobre Razzmatazz<\/strong> (<a href=\"http:\/\/www.salarazzmatazz.com\/\">http:\/\/www.salarazzmatazz.com\/<\/a>): es un referente en el \u00e1mbito musical. Sus cinco salas (Razz Club, The Loft, Rex Room, Pop Bar i Lolita) son espacio de reuni\u00f3n de miles de personas cada semana.<\/p>\n<p>&nbsp;<\/p>\n<h3>PETER BJORN &amp; JOHN<\/h3>\n<h3>SALA RAZZMATAZZ (C\/ ALMOG\u00c0VERS, 122)<\/h3>\n<h3>JUEVES 19 MAYO 2016 \u2013 20H<\/h3>\n<h3><\/h3>\n<p><\/p>","protected":false},"excerpt":{"rendered":"<p>Peter Bjorn &amp; John aterrizan en Razzmatazz El tr\u00edo originario de Suecia se convirti\u00f3 mundialmente famoso hace justo una d\u00e9cada&#8230; <a href=\"https:\/\/poblenouurbandistrict.com\/es\/peter-bjorn-john-en-razzmatazz\/\">M\u00e1s  \u2192<\/a><\/p>\n","protected":false},"author":5,"featured_media":8395,"comment_status":"closed","ping_status":"closed","sticky":false,"template":"","format":"standard","meta":{"_acf_changed":false,"footnotes":""},"categories":[1],"tags":[2134,404,869,2132,147,2133],"class_list":["post-8394","post","type-post","status-publish","format-standard","has-post-thumbnail","hentry","category-noticias","tag-breaking-point","tag-concierto","tag-musica","tag-peter-bjorn-john","tag-razzmatazz","tag-suecia"],"acf":[],"yoast_head":"<!-- This site is optimized with the Yoast SEO plugin v27.5 - https:\/\/yoast.com\/product\/yoast-seo-wordpress\/ -->\n<title>Peter Bjorn &amp; John aterrizan en Razzmatazz<\/title>\n<meta name=\"description\" content=\"El pr\u00f3ximo jueves 19 de mayo llegan a Razzmatazz, una de las salas que m\u00e1s nombres internacionales acoge en conciertos en Barcelona. Trae a Peter Bjorn&amp;John\" \/>\n<meta name=\"robots\" content=\"index, follow, max-snippet:-1, max-image-preview:large, max-video-preview:-1\" \/>\n<link rel=\"canonical\" href=\"https:\/\/poblenouurbandistrict.com\/es\/peter-bjorn-john-en-razzmatazz\/\" \/>\n<meta property=\"og:locale\" content=\"es_ES\" \/>\n<meta property=\"og:type\" content=\"article\" \/>\n<meta property=\"og:title\" content=\"Peter Bjorn &amp; John aterrizan en Razzmatazz\" \/>\n<meta property=\"og:description\" content=\"El pr\u00f3ximo jueves 19 de mayo llegan a Razzmatazz, una de las salas que m\u00e1s nombres internacionales acoge en conciertos en Barcelona. Trae a Peter Bjorn&amp;John\" \/>\n<meta property=\"og:url\" content=\"https:\/\/poblenouurbandistrict.com\/es\/peter-bjorn-john-en-razzmatazz\/\" \/>\n<meta property=\"og:site_name\" content=\"Poblenou Urban District\" \/>\n<meta property=\"article:published_time\" content=\"2016-05-12T15:48:29+00:00\" \/>\n<meta property=\"og:image\" content=\"https:\/\/media.poblenouurbandistrict.com\/2016\/05\/25013411\/PBJ.jpg\" \/>\n\t<meta property=\"og:image:width\" content=\"554\" \/>\n\t<meta property=\"og:image:height\" content=\"300\" \/>\n\t<meta property=\"og:image:type\" content=\"image\/jpeg\" \/>\n<meta name=\"author\" content=\"pnud\" \/>\n<meta name=\"twitter:card\" content=\"summary_large_image\" \/>\n<meta name=\"twitter:label1\" content=\"Escrito por\" \/>\n\t<meta name=\"twitter:data1\" content=\"pnud\" \/>\n\t<meta name=\"twitter:label2\" content=\"Tiempo de lectura\" \/>\n\t<meta name=\"twitter:data2\" content=\"3 minutos\" \/>\n<script type=\"application\/ld+json\" class=\"yoast-schema-graph\">{\"@context\":\"https:\\\/\\\/schema.org\",\"@graph\":[{\"@type\":\"Article\",\"@id\":\"https:\\\/\\\/poblenouurbandistrict.com\\\/es\\\/peter-bjorn-john-en-razzmatazz\\\/#article\",\"isPartOf\":{\"@id\":\"https:\\\/\\\/poblenouurbandistrict.com\\\/es\\\/peter-bjorn-john-en-razzmatazz\\\/\"},\"author\":{\"name\":\"pnud\",\"@id\":\"https:\\\/\\\/poblenouurbandistrict.com\\\/#\\\/schema\\\/person\\\/980a2cf34b399d5218205730acd54a7e\"},\"headline\":\"Peter Bjorn &#038; John aterrizan en Razzmatazz\",\"datePublished\":\"2016-05-12T15:48:29+00:00\",\"mainEntityOfPage\":{\"@id\":\"https:\\\/\\\/poblenouurbandistrict.com\\\/es\\\/peter-bjorn-john-en-razzmatazz\\\/\"},\"wordCount\":552,\"image\":{\"@id\":\"https:\\\/\\\/poblenouurbandistrict.com\\\/es\\\/peter-bjorn-john-en-razzmatazz\\\/#primaryimage\"},\"thumbnailUrl\":\"https:\\\/\\\/media.poblenouurbandistrict.com\\\/2016\\\/05\\\/25013411\\\/PBJ.jpg\",\"keywords\":[\"breaking point\",\"concierto\",\"m\u00fasica\",\"Peter Bjorn &amp; John\",\"Razzmatazz\",\"suecia\"],\"articleSection\":[\"Est\u00e1 pasando\"],\"inLanguage\":\"es\"},{\"@type\":\"WebPage\",\"@id\":\"https:\\\/\\\/poblenouurbandistrict.com\\\/es\\\/peter-bjorn-john-en-razzmatazz\\\/\",\"url\":\"https:\\\/\\\/poblenouurbandistrict.com\\\/es\\\/peter-bjorn-john-en-razzmatazz\\\/\",\"name\":\"Peter Bjorn & John aterrizan en Razzmatazz\",\"isPartOf\":{\"@id\":\"https:\\\/\\\/poblenouurbandistrict.com\\\/es\\\/#website\"},\"primaryImageOfPage\":{\"@id\":\"https:\\\/\\\/poblenouurbandistrict.com\\\/es\\\/peter-bjorn-john-en-razzmatazz\\\/#primaryimage\"},\"image\":{\"@id\":\"https:\\\/\\\/poblenouurbandistrict.com\\\/es\\\/peter-bjorn-john-en-razzmatazz\\\/#primaryimage\"},\"thumbnailUrl\":\"https:\\\/\\\/media.poblenouurbandistrict.com\\\/2016\\\/05\\\/25013411\\\/PBJ.jpg\",\"datePublished\":\"2016-05-12T15:48:29+00:00\",\"author\":{\"@id\":\"https:\\\/\\\/poblenouurbandistrict.com\\\/#\\\/schema\\\/person\\\/980a2cf34b399d5218205730acd54a7e\"},\"description\":\"El pr\u00f3ximo jueves 19 de mayo llegan a Razzmatazz, una de las salas que m\u00e1s nombres internacionales acoge en conciertos en Barcelona. Trae a Peter Bjorn&John\",\"breadcrumb\":{\"@id\":\"https:\\\/\\\/poblenouurbandistrict.com\\\/es\\\/peter-bjorn-john-en-razzmatazz\\\/#breadcrumb\"},\"inLanguage\":\"es\",\"potentialAction\":[{\"@type\":\"ReadAction\",\"target\":[[\"https:\\\/\\\/poblenouurbandistrict.com\\\/es\\\/peter-bjorn-john-en-razzmatazz\\\/\"]]}]},{\"@type\":\"ImageObject\",\"inLanguage\":\"es\",\"@id\":\"https:\\\/\\\/poblenouurbandistrict.com\\\/es\\\/peter-bjorn-john-en-razzmatazz\\\/#primaryimage\",\"url\":\"https:\\\/\\\/media.poblenouurbandistrict.com\\\/2016\\\/05\\\/25013411\\\/PBJ.jpg\",\"contentUrl\":\"https:\\\/\\\/media.poblenouurbandistrict.com\\\/2016\\\/05\\\/25013411\\\/PBJ.jpg\",\"width\":554,\"height\":300},{\"@type\":\"BreadcrumbList\",\"@id\":\"https:\\\/\\\/poblenouurbandistrict.com\\\/es\\\/peter-bjorn-john-en-razzmatazz\\\/#breadcrumb\",\"itemListElement\":[{\"@type\":\"ListItem\",\"position\":1,\"name\":\"Home\",\"item\":\"https:\\\/\\\/poblenouurbandistrict.com\\\/es\\\/\"},{\"@type\":\"ListItem\",\"position\":2,\"name\":\"Peter Bjorn &#038; John aterrizan en Razzmatazz\"}]},{\"@type\":\"WebSite\",\"@id\":\"https:\\\/\\\/poblenouurbandistrict.com\\\/es\\\/#website\",\"url\":\"https:\\\/\\\/poblenouurbandistrict.com\\\/es\\\/\",\"name\":\"Poblenou Urban District\",\"description\":\"Comunidad Creativa\",\"potentialAction\":[{\"@type\":\"SearchAction\",\"target\":{\"@type\":\"EntryPoint\",\"urlTemplate\":\"https:\\\/\\\/poblenouurbandistrict.com\\\/es\\\/?s={search_term_string}\"},\"query-input\":{\"@type\":\"PropertyValueSpecification\",\"valueRequired\":true,\"valueName\":\"search_term_string\"}}],\"inLanguage\":\"es\"},{\"@type\":\"Person\",\"@id\":\"https:\\\/\\\/poblenouurbandistrict.com\\\/#\\\/schema\\\/person\\\/980a2cf34b399d5218205730acd54a7e\",\"name\":\"pnud\",\"image\":{\"@type\":\"ImageObject\",\"inLanguage\":\"es\",\"@id\":\"https:\\\/\\\/secure.gravatar.com\\\/avatar\\\/67146597b405ee077a24e519f75c3e2031736596d6ce35af3a34c122c93d0d7b?s=96&d=retro&r=g\",\"url\":\"https:\\\/\\\/secure.gravatar.com\\\/avatar\\\/67146597b405ee077a24e519f75c3e2031736596d6ce35af3a34c122c93d0d7b?s=96&d=retro&r=g\",\"contentUrl\":\"https:\\\/\\\/secure.gravatar.com\\\/avatar\\\/67146597b405ee077a24e519f75c3e2031736596d6ce35af3a34c122c93d0d7b?s=96&d=retro&r=g\",\"caption\":\"pnud\"}}]}<\/script>\n<!-- \/ Yoast SEO plugin. -->","yoast_head_json":{"title":"Peter Bjorn & John aterrizan en Razzmatazz","description":"El pr\u00f3ximo jueves 19 de mayo llegan a Razzmatazz, una de las salas que m\u00e1s nombres internacionales acoge en conciertos en Barcelona. Trae a Peter Bjorn&John","robots":{"index":"index","follow":"follow","max-snippet":"max-snippet:-1","max-image-preview":"max-image-preview:large","max-video-preview":"max-video-preview:-1"},"canonical":"https:\/\/poblenouurbandistrict.com\/es\/peter-bjorn-john-en-razzmatazz\/","og_locale":"es_ES","og_type":"article","og_title":"Peter Bjorn & John aterrizan en Razzmatazz","og_description":"El pr\u00f3ximo jueves 19 de mayo llegan a Razzmatazz, una de las salas que m\u00e1s nombres internacionales acoge en conciertos en Barcelona. Trae a Peter Bjorn&John","og_url":"https:\/\/poblenouurbandistrict.com\/es\/peter-bjorn-john-en-razzmatazz\/","og_site_name":"Poblenou Urban District","article_published_time":"2016-05-12T15:48:29+00:00","og_image":[{"width":554,"height":300,"url":"https:\/\/media.poblenouurbandistrict.com\/2016\/05\/25013411\/PBJ.jpg","type":"image\/jpeg"}],"author":"pnud","twitter_card":"summary_large_image","twitter_misc":{"Escrito por":"pnud","Tiempo de lectura":"3 minutos"},"schema":{"@context":"https:\/\/schema.org","@graph":[{"@type":"Article","@id":"https:\/\/poblenouurbandistrict.com\/es\/peter-bjorn-john-en-razzmatazz\/#article","isPartOf":{"@id":"https:\/\/poblenouurbandistrict.com\/es\/peter-bjorn-john-en-razzmatazz\/"},"author":{"name":"pnud","@id":"https:\/\/poblenouurbandistrict.com\/#\/schema\/person\/980a2cf34b399d5218205730acd54a7e"},"headline":"Peter Bjorn &#038; John aterrizan en Razzmatazz","datePublished":"2016-05-12T15:48:29+00:00","mainEntityOfPage":{"@id":"https:\/\/poblenouurbandistrict.com\/es\/peter-bjorn-john-en-razzmatazz\/"},"wordCount":552,"image":{"@id":"https:\/\/poblenouurbandistrict.com\/es\/peter-bjorn-john-en-razzmatazz\/#primaryimage"},"thumbnailUrl":"https:\/\/media.poblenouurbandistrict.com\/2016\/05\/25013411\/PBJ.jpg","keywords":["breaking point","concierto","m\u00fasica","Peter Bjorn &amp; John","Razzmatazz","suecia"],"articleSection":["Est\u00e1 pasando"],"inLanguage":"es"},{"@type":"WebPage","@id":"https:\/\/poblenouurbandistrict.com\/es\/peter-bjorn-john-en-razzmatazz\/","url":"https:\/\/poblenouurbandistrict.com\/es\/peter-bjorn-john-en-razzmatazz\/","name":"Peter Bjorn & John aterrizan en Razzmatazz","isPartOf":{"@id":"https:\/\/poblenouurbandistrict.com\/es\/#website"},"primaryImageOfPage":{"@id":"https:\/\/poblenouurbandistrict.com\/es\/peter-bjorn-john-en-razzmatazz\/#primaryimage"},"image":{"@id":"https:\/\/poblenouurbandistrict.com\/es\/peter-bjorn-john-en-razzmatazz\/#primaryimage"},"thumbnailUrl":"https:\/\/media.poblenouurbandistrict.com\/2016\/05\/25013411\/PBJ.jpg","datePublished":"2016-05-12T15:48:29+00:00","author":{"@id":"https:\/\/poblenouurbandistrict.com\/#\/schema\/person\/980a2cf34b399d5218205730acd54a7e"},"description":"El pr\u00f3ximo jueves 19 de mayo llegan a Razzmatazz, una de las salas que m\u00e1s nombres internacionales acoge en conciertos en Barcelona. Trae a Peter Bjorn&John","breadcrumb":{"@id":"https:\/\/poblenouurbandistrict.com\/es\/peter-bjorn-john-en-razzmatazz\/#breadcrumb"},"inLanguage":"es","potentialAction":[{"@type":"ReadAction","target":[["https:\/\/poblenouurbandistrict.com\/es\/peter-bjorn-john-en-razzmatazz\/"]]}]},{"@type":"ImageObject","inLanguage":"es","@id":"https:\/\/poblenouurbandistrict.com\/es\/peter-bjorn-john-en-razzmatazz\/#primaryimage","url":"https:\/\/media.poblenouurbandistrict.com\/2016\/05\/25013411\/PBJ.jpg","contentUrl":"https:\/\/media.poblenouurbandistrict.com\/2016\/05\/25013411\/PBJ.jpg","width":554,"height":300},{"@type":"BreadcrumbList","@id":"https:\/\/poblenouurbandistrict.com\/es\/peter-bjorn-john-en-razzmatazz\/#breadcrumb","itemListElement":[{"@type":"ListItem","position":1,"name":"Home","item":"https:\/\/poblenouurbandistrict.com\/es\/"},{"@type":"ListItem","position":2,"name":"Peter Bjorn &#038; John aterrizan en Razzmatazz"}]},{"@type":"WebSite","@id":"https:\/\/poblenouurbandistrict.com\/es\/#website","url":"https:\/\/poblenouurbandistrict.com\/es\/","name":"Poblenou Urban District","description":"Comunidad Creativa","potentialAction":[{"@type":"SearchAction","target":{"@type":"EntryPoint","urlTemplate":"https:\/\/poblenouurbandistrict.com\/es\/?s={search_term_string}"},"query-input":{"@type":"PropertyValueSpecification","valueRequired":true,"valueName":"search_term_string"}}],"inLanguage":"es"},{"@type":"Person","@id":"https:\/\/poblenouurbandistrict.com\/#\/schema\/person\/980a2cf34b399d5218205730acd54a7e","name":"pnud","image":{"@type":"ImageObject","inLanguage":"es","@id":"https:\/\/secure.gravatar.com\/avatar\/67146597b405ee077a24e519f75c3e2031736596d6ce35af3a34c122c93d0d7b?s=96&d=retro&r=g","url":"https:\/\/secure.gravatar.com\/avatar\/67146597b405ee077a24e519f75c3e2031736596d6ce35af3a34c122c93d0d7b?s=96&d=retro&r=g","contentUrl":"https:\/\/secure.gravatar.com\/avatar\/67146597b405ee077a24e519f75c3e2031736596d6ce35af3a34c122c93d0d7b?s=96&d=retro&r=g","caption":"pnud"}}]}},"_links":{"self":[{"href":"https:\/\/poblenouurbandistrict.com\/es\/wp-json\/wp\/v2\/posts\/8394","targetHints":{"allow":["GET"]}}],"collection":[{"href":"https:\/\/poblenouurbandistrict.com\/es\/wp-json\/wp\/v2\/posts"}],"about":[{"href":"https:\/\/poblenouurbandistrict.com\/es\/wp-json\/wp\/v2\/types\/post"}],"author":[{"embeddable":true,"href":"https:\/\/poblenouurbandistrict.com\/es\/wp-json\/wp\/v2\/users\/5"}],"replies":[{"embeddable":true,"href":"https:\/\/poblenouurbandistrict.com\/es\/wp-json\/wp\/v2\/comments?post=8394"}],"version-history":[{"count":1,"href":"https:\/\/poblenouurbandistrict.com\/es\/wp-json\/wp\/v2\/posts\/8394\/revisions"}],"predecessor-version":[{"id":8396,"href":"https:\/\/poblenouurbandistrict.com\/es\/wp-json\/wp\/v2\/posts\/8394\/revisions\/8396"}],"wp:featuredmedia":[{"embeddable":true,"href":"https:\/\/poblenouurbandistrict.com\/es\/wp-json\/wp\/v2\/media\/8395"}],"wp:attachment":[{"href":"https:\/\/poblenouurbandistrict.com\/es\/wp-json\/wp\/v2\/media?parent=8394"}],"wp:term":[{"taxonomy":"category","embeddable":true,"href":"https:\/\/poblenouurbandistrict.com\/es\/wp-json\/wp\/v2\/categories?post=8394"},{"taxonomy":"post_tag","embeddable":true,"href":"https:\/\/poblenouurbandistrict.com\/es\/wp-json\/wp\/v2\/tags?post=8394"}],"curies":[{"name":"wp","href":"https:\/\/api.w.org\/{rel}","templated":true}]}}